{"id":11402,"date":"2019-07-20T21:41:43","date_gmt":"2019-07-20T21:41:43","guid":{"rendered":"https:\/\/larevistadigital.com.ar\/blog\/?p=11402"},"modified":"2019-07-20T21:41:43","modified_gmt":"2019-07-20T21:41:43","slug":"la-plata-joven-pide-proteccion-porque-su-ex-pareja-intento-matarla-pero-esta-libre","status":"publish","type":"post","link":"https:\/\/larevistadigital.com.ar\/blog\/la-plata-joven-pide-proteccion-porque-su-ex-pareja-intento-matarla-pero-esta-libre\/","title":{"rendered":"LA PLATA: JOVEN PIDE PROTECCI\u00d3N PORQUE SU EX PAREJA INTENT\u00d3 MATARLA PERO EST\u00c1 LIBRE"},"content":{"rendered":"<p><strong>Una joven platense pide protecci\u00f3n, despu\u00e9s de que su ex pareja, que intent\u00f3 matarla en dos oportunidades, quedar\u00e1 en libertad al presentar un pedido de eximici\u00f3n de prisi\u00f3n.<\/strong><\/p>\n<blockquote>\n<h3>La mujer, que denuncio doce veces a su ex pareja por violencia de genero, cont\u00f3 este viernes que el agresor, la volvi\u00f3 a amenazar y pidi\u00f3 protecci\u00f3n para ella y su hija de 7 a\u00f1os, con quien vive en la ciudad de La Plata.<\/h3>\n<\/blockquote>\n<p><strong>Melina Cruz<\/strong>, tuvo una hija con su ex pareja, de quien se separo en 2011,debido a las agresiones. El 25 de junio, la joven de 29 a\u00f1os, fue atacada nuevamente: el agresor la cort\u00f3 con una trincheta, lo cual le provoc\u00f3 lesiones en la cabeza, cuello y mano.<\/p>\n<p><em><strong>\u201cHace tres semanaas estuve al borde de la muerte por culpa de\u00a0Lucas Ezequiel Grippo, y ahora estoy en constante peligro, mi hija y yo\u201d<\/strong><\/em>, denunci\u00f3 Melina.<\/p>\n<blockquote>\n<h3>Sin embargo, a pesar de las denuncias, el agresor sigue en libertad y adem\u00e1s acosa y amenaza a la v\u00edctima. Seg\u00fan la joven, el lunes y este viernes a la madrugada, recibi\u00f3 amenazas de Grippo, quien le advirti\u00f3 que \u201cva a haber mucha sangre\u201d.<\/h3>\n<\/blockquote>\n<p>La joven est\u00e1 completamente asustada y ante esta situacion de peligro para ella y su hija pide que la justicia vuelva a poner a su ex-pareja tras las rejas. Allegados a Melina, comunicaron que organizar\u00e1n una concentraci\u00f3n en los tribunales platenses los pr\u00f3ximos d\u00edas, para que se haga justicia por la muchacha quien \u201ccorre riesgo y est\u00e1 en peligro\u201d.<\/p>\n","protected":false},"excerpt":{"rendered":"<div class=\"mh-excerpt\"><p>Una joven platense pide protecci\u00f3n, despu\u00e9s de que su ex pareja, que intent\u00f3 matarla en dos oportunidades, quedar\u00e1 en libertad al presentar un pedido de eximici\u00f3n de prisi\u00f3n. La mujer, que denuncio doce veces a <a class=\"mh-excerpt-more\" href=\"https:\/\/larevistadigital.com.ar\/blog\/la-plata-joven-pide-proteccion-porque-su-ex-pareja-intento-matarla-pero-esta-libre\/\" title=\"LA PLATA: JOVEN PIDE PROTECCI\u00d3N PORQUE SU EX PAREJA INTENT\u00d3 MATARLA PERO EST\u00c1 LIBRE\">[Leer M\u00e1s]<\/a><\/p>\n<\/div>","protected":false},"author":3,"featured_media":11403,"comment_status":"open","ping_status":"open","sticky":false,"template":"","format":"standard","meta":{"_jetpack_memberships_contains_paid_content":false,"footnotes":"","jetpack_publicize_message":"","jetpack_publicize_feature_enabled":true,"jetpack_social_post_already_shared":true,"jetpack_social_options":{"image_generator_settings":{"template":"highway","default_image_id":0,"font":"","enabled":false},"version":2}},"categories":[51],"tags":[],"class_list":{"0":"post-11402","1":"post","2":"type-post","3":"status-publish","4":"format-standard","5":"has-post-thumbnail","7":"category-regionales"},"jetpack_publicize_connections":[],"jetpack_featured_media_url":"https:\/\/i0.wp.com\/larevistadigital.com.ar\/blog\/wp-content\/uploads\/1561611020212.jpg?fit=1024%2C683&ssl=1","jetpack_sharing_enabled":true,"jetpack_shortlink":"https:\/\/wp.me\/p8qtrQ-2XU","jetpack-related-posts":[{"id":39725,"url":"https:\/\/larevistadigital.com.ar\/blog\/violencia-en-el-hogar-una-madre-intervino-para-proteger-a-su-hija-y-logro-la-detencion-del-agresor\/","url_meta":{"origin":11402,"position":0},"title":"Violencia en el hogar: una madre intervino para proteger a su hija y logr\u00f3 la detenci\u00f3n del agresor","author":"Alejandro Sosa Ruda","date":"10 mayo, 2025","format":false,"excerpt":"La r\u00e1pida reacci\u00f3n de una madre ante un llamado de alerta evit\u00f3 que una situaci\u00f3n de violencia escalara. El agresor fue aprehendido tras amenazar nuevamente a su pareja en presencia de la polic\u00eda. 09 de Mayo de 2025 CHASCOM\u00daS -\u00a0 Un preocupante episodio de violencia dom\u00e9stica tuvo lugar en las\u2026","rel":"","context":"En \u00abINTERES GENERAL\u00bb","block_context":{"text":"INTERES GENERAL","link":"https:\/\/larevistadigital.com.ar\/blog\/category\/interes-general\/"},"img":{"alt_text":"","src":"https:\/\/i0.wp.com\/larevistadigital.com.ar\/blog\/wp-content\/uploads\/2019\/01\/bbx_755050019_comisaria_chasco_01.jpg?fit=800%2C579&ssl=1&resize=350%2C200","width":350,"height":200,"srcset":"https:\/\/i0.wp.com\/larevistadigital.com.ar\/blog\/wp-content\/uploads\/2019\/01\/bbx_755050019_comisaria_chasco_01.jpg?fit=800%2C579&ssl=1&resize=350%2C200 1x, https:\/\/i0.wp.com\/larevistadigital.com.ar\/blog\/wp-content\/uploads\/2019\/01\/bbx_755050019_comisaria_chasco_01.jpg?fit=800%2C579&ssl=1&resize=525%2C300 1.5x, https:\/\/i0.wp.com\/larevistadigital.com.ar\/blog\/wp-content\/uploads\/2019\/01\/bbx_755050019_comisaria_chasco_01.jpg?fit=800%2C579&ssl=1&resize=700%2C400 2x"},"classes":[]},{"id":10609,"url":"https:\/\/larevistadigital.com.ar\/blog\/femicidio-asesino-de-tres-balazos-a-su-ex-pareja-y-luego-se-mato-dentro-del-auto\/","url_meta":{"origin":11402,"position":1},"title":"FEMICIDIO: ASESIN\u00d3 DE TRES BALAZOS A SU EX PAREJA Y LUEGO SE MAT\u00d3 DENTRO DEL AUTO","author":"Alejandro Sosa Ruda","date":"13 junio, 2019","format":false,"excerpt":"Gabriela Scalise ten\u00eda 43 a\u00f1os y fue atacada por su ex cuando intentaba entrar en su casa. Un hombre asesin\u00f3 de tres balazos a su ex pareja\u00a0en la esquina de su casa\u00a0ubicada en\u00a0la ciudad de Chacabuco, provincia de Buenos Aires, y luego de haber cometido el crimen,\u00a0fue hallado sin vida\u2026","rel":"","context":"En \u00abPOLICIALES\u00bb","block_context":{"text":"POLICIALES","link":"https:\/\/larevistadigital.com.ar\/blog\/category\/policiales\/"},"img":{"alt_text":"","src":"https:\/\/i0.wp.com\/larevistadigital.com.ar\/blog\/wp-content\/uploads\/gabi.jpg?fit=461%2C618&ssl=1&resize=350%2C200","width":350,"height":200},"classes":[]},{"id":32899,"url":"https:\/\/larevistadigital.com.ar\/blog\/la-plata-conmocion-discutio-con-el-novio-de-su-hija-y-le-pego-un-tiro\/","url_meta":{"origin":11402,"position":2},"title":"LA PLATA: CONMOCI\u00d3N. DISCUTI\u00d3 CON EL NOVIO DE SU HIJA Y LE PEG\u00d3 UN TIRO.","author":"Alejandro Sosa Ruda","date":"16 agosto, 2023","format":false,"excerpt":"Las autoridades informaron que la bala impact\u00f3 en el muslo derecho de la v\u00edctima de 24 a\u00f1os. El joven fue trasladado a un hospital y est\u00e1 fuera de peligro. 16 de agosto de 2023 LA PLATA -\u00a0 La Polic\u00eda detuvo a un hombre que est\u00e1 acusado de\u00a0balear a la pareja\u2026","rel":"","context":"En \u00abPOLICIALES\u00bb","block_context":{"text":"POLICIALES","link":"https:\/\/larevistadigital.com.ar\/blog\/category\/policiales\/"},"img":{"alt_text":"","src":"https:\/\/i0.wp.com\/larevistadigital.com.ar\/blog\/wp-content\/uploads\/1586465615052.jpg?fit=1200%2C594&ssl=1&resize=350%2C200","width":350,"height":200,"srcset":"https:\/\/i0.wp.com\/larevistadigital.com.ar\/blog\/wp-content\/uploads\/1586465615052.jpg?fit=1200%2C594&ssl=1&resize=350%2C200 1x, https:\/\/i0.wp.com\/larevistadigital.com.ar\/blog\/wp-content\/uploads\/1586465615052.jpg?fit=1200%2C594&ssl=1&resize=525%2C300 1.5x, https:\/\/i0.wp.com\/larevistadigital.com.ar\/blog\/wp-content\/uploads\/1586465615052.jpg?fit=1200%2C594&ssl=1&resize=700%2C400 2x, https:\/\/i0.wp.com\/larevistadigital.com.ar\/blog\/wp-content\/uploads\/1586465615052.jpg?fit=1200%2C594&ssl=1&resize=1050%2C600 3x"},"classes":[]},{"id":21018,"url":"https:\/\/larevistadigital.com.ar\/blog\/denuncian-a-un-hombre-por-violar-a-su-hija-y-el-padre-de-su-ex-lo-baleo-en-la-cara\/","url_meta":{"origin":11402,"position":3},"title":"DENUNCIAN A UN HOMBRE POR VIOLAR A SU HIJA, Y EL PADRE DE SU EX LO BALE\u00d3 EN LA CARA","author":"Alejandro Sosa Ruda","date":"5 julio, 2021","format":false,"excerpt":"El ataqu\u00e9 ocurri\u00f3 ayer a la tarde, en el interior de una verduler\u00eda. La v\u00edctima tiene 28 a\u00f1os y qued\u00f3 internada en el Hospital Interzonal con una herida de arma de fuego en el rostro. El agresor se dio a la fuga y es buscado por la polic\u00eda. La fiscal\u00eda\u2026","rel":"","context":"En \u00abPOLICIALES\u00bb","block_context":{"text":"POLICIALES","link":"https:\/\/larevistadigital.com.ar\/blog\/category\/policiales\/"},"img":{"alt_text":"","src":"https:\/\/i0.wp.com\/larevistadigital.com.ar\/blog\/wp-content\/uploads\/Captura-de-pantalla-2021-07-04-210600.png?fit=1008%2C670&ssl=1&resize=350%2C200","width":350,"height":200,"srcset":"https:\/\/i0.wp.com\/larevistadigital.com.ar\/blog\/wp-content\/uploads\/Captura-de-pantalla-2021-07-04-210600.png?fit=1008%2C670&ssl=1&resize=350%2C200 1x, https:\/\/i0.wp.com\/larevistadigital.com.ar\/blog\/wp-content\/uploads\/Captura-de-pantalla-2021-07-04-210600.png?fit=1008%2C670&ssl=1&resize=525%2C300 1.5x, https:\/\/i0.wp.com\/larevistadigital.com.ar\/blog\/wp-content\/uploads\/Captura-de-pantalla-2021-07-04-210600.png?fit=1008%2C670&ssl=1&resize=700%2C400 2x"},"classes":[]},{"id":3792,"url":"https:\/\/larevistadigital.com.ar\/blog\/tandil-se-escondio-bano-mato-punaladas-ex-pareja\/","url_meta":{"origin":11402,"position":4},"title":"TANDIL: SE ESCONDI\u00d3 EN EL BA\u00d1O, Y MAT\u00d3 A PU\u00d1ALADAS A SU EX PAREJA","author":"Alejandro Sosa Ruda","date":"12 noviembre, 2017","format":false,"excerpt":"Ail\u00edn Torres ten\u00eda 26 a\u00f1os y era due\u00f1a de una peluquer\u00eda canina. Fue atacada en su casa por su ex pareja que intent\u00f3 suicidarse. Una proteccionista de animales de 26 a\u00f1os fue asesinada a pu\u00f1aladas esta madrugada, en Tandil, por su ex pareja, quien hab\u00eda entrado a su departamento y\u00a0la\u2026","rel":"","context":"En \u00abPOLICIALES\u00bb","block_context":{"text":"POLICIALES","link":"https:\/\/larevistadigital.com.ar\/blog\/category\/policiales\/"},"img":{"alt_text":"","src":"https:\/\/i0.wp.com\/larevistadigital.com.ar\/blog\/wp-content\/uploads\/2017\/11\/Sin-t%C3%ADtulo-2.jpg?fit=750%2C484&ssl=1&resize=350%2C200","width":350,"height":200,"srcset":"https:\/\/i0.wp.com\/larevistadigital.com.ar\/blog\/wp-content\/uploads\/2017\/11\/Sin-t%C3%ADtulo-2.jpg?fit=750%2C484&ssl=1&resize=350%2C200 1x, https:\/\/i0.wp.com\/larevistadigital.com.ar\/blog\/wp-content\/uploads\/2017\/11\/Sin-t%C3%ADtulo-2.jpg?fit=750%2C484&ssl=1&resize=525%2C300 1.5x, https:\/\/i0.wp.com\/larevistadigital.com.ar\/blog\/wp-content\/uploads\/2017\/11\/Sin-t%C3%ADtulo-2.jpg?fit=750%2C484&ssl=1&resize=700%2C400 2x"},"classes":[]},{"id":20817,"url":"https:\/\/larevistadigital.com.ar\/blog\/villa-gesell-detienen-a-sujeto-por-abuso-sexual\/","url_meta":{"origin":11402,"position":5},"title":"VILLA GESELL: DETIENEN A SUJETO POR ABUSO SEXUAL","author":"Alejandro Sosa Ruda","date":"22 junio, 2021","format":false,"excerpt":"VILLA GESELL - La madre de una joven de 17 a\u00f1os denunci\u00f3 a su ex pareja por el abuso de la menor en Villa Gesell. Pero, minutos antes de que la mujer realice la denuncia, el hombre de 57 a\u00f1os se present\u00f3 en la dependencia policial expresando que hab\u00eda abusado\u2026","rel":"","context":"En \u00abPOLICIALES\u00bb","block_context":{"text":"POLICIALES","link":"https:\/\/larevistadigital.com.ar\/blog\/category\/policiales\/"},"img":{"alt_text":"","src":"https:\/\/i0.wp.com\/larevistadigital.com.ar\/blog\/wp-content\/uploads\/6293d05cedac45dbdf493a68ef3916bb67d86121.jpg?fit=1140%2C759&ssl=1&resize=350%2C200","width":350,"height":200,"srcset":"https:\/\/i0.wp.com\/larevistadigital.com.ar\/blog\/wp-content\/uploads\/6293d05cedac45dbdf493a68ef3916bb67d86121.jpg?fit=1140%2C759&ssl=1&resize=350%2C200 1x, https:\/\/i0.wp.com\/larevistadigital.com.ar\/blog\/wp-content\/uploads\/6293d05cedac45dbdf493a68ef3916bb67d86121.jpg?fit=1140%2C759&ssl=1&resize=525%2C300 1.5x, https:\/\/i0.wp.com\/larevistadigital.com.ar\/blog\/wp-content\/uploads\/6293d05cedac45dbdf493a68ef3916bb67d86121.jpg?fit=1140%2C759&ssl=1&resize=700%2C400 2x, https:\/\/i0.wp.com\/larevistadigital.com.ar\/blog\/wp-content\/uploads\/6293d05cedac45dbdf493a68ef3916bb67d86121.jpg?fit=1140%2C759&ssl=1&resize=1050%2C600 3x"},"classes":[]}],"_links":{"self":[{"href":"https:\/\/larevistadigital.com.ar\/blog\/wp-json\/wp\/v2\/posts\/11402","targetHints":{"allow":["GET"]}}],"collection":[{"href":"https:\/\/larevistadigital.com.ar\/blog\/wp-json\/wp\/v2\/posts"}],"about":[{"href":"https:\/\/larevistadigital.com.ar\/blog\/wp-json\/wp\/v2\/types\/post"}],"author":[{"embeddable":true,"href":"https:\/\/larevistadigital.com.ar\/blog\/wp-json\/wp\/v2\/users\/3"}],"replies":[{"embeddable":true,"href":"https:\/\/larevistadigital.com.ar\/blog\/wp-json\/wp\/v2\/comments?post=11402"}],"version-history":[{"count":1,"href":"https:\/\/larevistadigital.com.ar\/blog\/wp-json\/wp\/v2\/posts\/11402\/revisions"}],"predecessor-version":[{"id":11404,"href":"https:\/\/larevistadigital.com.ar\/blog\/wp-json\/wp\/v2\/posts\/11402\/revisions\/11404"}],"wp:featuredmedia":[{"embeddable":true,"href":"https:\/\/larevistadigital.com.ar\/blog\/wp-json\/wp\/v2\/media\/11403"}],"wp:attachment":[{"href":"https:\/\/larevistadigital.com.ar\/blog\/wp-json\/wp\/v2\/media?parent=11402"}],"wp:term":[{"taxonomy":"category","embeddable":true,"href":"https:\/\/larevistadigital.com.ar\/blog\/wp-json\/wp\/v2\/categories?post=11402"},{"taxonomy":"post_tag","embeddable":true,"href":"https:\/\/larevistadigital.com.ar\/blog\/wp-json\/wp\/v2\/tags?post=11402"}],"curies":[{"name":"wp","href":"https:\/\/api.w.org\/{rel}","templated":true}]}}