{"id":11405,"date":"2019-07-20T21:50:52","date_gmt":"2019-07-20T21:50:52","guid":{"rendered":"https:\/\/larevistadigital.com.ar\/blog\/?p=11405"},"modified":"2019-07-20T21:50:52","modified_gmt":"2019-07-20T21:50:52","slug":"el-cantante-de-cumbia-el-pepo-se-encuentra-fuera-de-peligro-luego-del-accidente-con-su-camioneta-que-cobro-dos-victimas-fatales","status":"publish","type":"post","link":"https:\/\/larevistadigital.com.ar\/blog\/el-cantante-de-cumbia-el-pepo-se-encuentra-fuera-de-peligro-luego-del-accidente-con-su-camioneta-que-cobro-dos-victimas-fatales\/","title":{"rendered":"EL CANTANTE DE CUMBIA \u00abEL PEPO\u00bb SE ENCUENTRA FUERA DE PELIGRO, LUEGO DEL ACCIDENTE CON SU CAMIONETA QUE COBR\u00d3 DOS V\u00cdCTIMAS FATALES"},"content":{"rendered":"<p>La camioneta era conducida por el cantante, quien se encuentra en estado de shock. Se dirig\u00eda hacia la costa atl\u00e1ntica con cuatro personas a bordo, y la polic\u00eda investiga las causas del tr\u00e1gico accidente que ocurri\u00f3 a la altura de Dolores.<\/p>\n<p>El cantante de cumbia, <strong>Ruben \u201cel Pepo\u201d Casti\u00f1eiras<\/strong>, sufri\u00f3 un grave accidente este s\u00e1bado por la madrugada, cuando iba a bordo de una camioneta H<strong>onda CR-V blanca (dominio JTC 710)<\/strong>junto con\u00a0\u00a0tres personas , de las cuales\u00a0<strong>dos fallecieron y otra sufri\u00f3 fracturas.<\/strong>\u00a0El vuelco de la camioneta tuvo lugar en la ruta 63, kil\u00f3metros 8,5 en sentido hacia la Costa Atl\u00e1ntica.<\/p>\n<blockquote>\n<h3>El siniestro ocurri\u00f3 en la jurisdicci\u00f3n del partido bonaerense de\u00a0Dolores\u00a0y en la camioneta, una Honda CR-V, iban cuatro personas: el cantante, otros dos hombres y una mujer. M\u00e1s tarde, se confirmo\u00a0que el \u201cPepo\u201d manejaba,\u00a0 motivo por el cual est\u00e1 imputado por\u00a0<strong>\u201cdoble homicidio culposo\u201d.<\/strong><\/h3>\n<\/blockquote>\n<p>Las im\u00e1genes del vuelco,\u00a0muestran la magnitud del impacto.. Luego del accidente,<strong> El Pepo<\/strong> fue trasladado al hospital municipal San Roque, de\u00a0Dolores, donde se encuentra internado con algunas lesiones en grave estado, aunque en estado de shock. En tanto, la mujer que iba a bordo del\u00a0rodado sufri\u00f3\u00a0fracturas aunque no corre riesgo su vida. Los otros dos acompa\u00f1antes,\u00a0<strong>Nicol\u00e1s Carabajal\u00a0<\/strong>e<strong>\u00a0Ignacio Abosaleh\u00a0(29)<\/strong>,\u00a0fallecieron en el accidente.<\/p>\n<p><strong>EL PARTE M\u00c9DICO DE \u00abEL PEPO\u00bb<\/strong><\/p>\n<p><strong>Jorge Sepero<\/strong>, el director del hospital<strong>,\u00a0<\/strong>inform\u00f3 que el cantante de 44 a\u00f1os tiene\u00a0<em>\u201c<strong>traumatismos leves\u201d<\/strong><\/em><strong>\u00a0y<em>\u00a0\u201cescoriaciones en el rostro\u201d<\/em><\/strong>, por lo que estaba\u00a0<em><strong>\u201cfuera de peligro\u201d<\/strong>.<\/em><\/p>\n","protected":false},"excerpt":{"rendered":"<div class=\"mh-excerpt\"><p>La camioneta era conducida por el cantante, quien se encuentra en estado de shock. Se dirig\u00eda hacia la costa atl\u00e1ntica con cuatro personas a bordo, y la polic\u00eda investiga las causas del tr\u00e1gico accidente que <a class=\"mh-excerpt-more\" href=\"https:\/\/larevistadigital.com.ar\/blog\/el-cantante-de-cumbia-el-pepo-se-encuentra-fuera-de-peligro-luego-del-accidente-con-su-camioneta-que-cobro-dos-victimas-fatales\/\" title=\"EL CANTANTE DE CUMBIA \u00abEL PEPO\u00bb SE ENCUENTRA FUERA DE PELIGRO, LUEGO DEL ACCIDENTE CON SU CAMIONETA QUE COBR\u00d3 DOS V\u00cdCTIMAS FATALES\">[Leer M\u00e1s]<\/a><\/p>\n<\/div>","protected":false},"author":3,"featured_media":11406,"comment_status":"open","ping_status":"open","sticky":false,"template":"","format":"standard","meta":{"_jetpack_memberships_contains_paid_content":false,"footnotes":"","jetpack_publicize_message":"","jetpack_publicize_feature_enabled":true,"jetpack_social_post_already_shared":true,"jetpack_social_options":{"image_generator_settings":{"template":"highway","default_image_id":0,"font":"","enabled":false},"version":2}},"categories":[50,44],"tags":[],"class_list":{"0":"post-11405","1":"post","2":"type-post","3":"status-publish","4":"format-standard","5":"has-post-thumbnail","7":"category-interes-general","8":"category-policiales"},"jetpack_publicize_connections":[],"jetpack_featured_media_url":"https:\/\/i0.wp.com\/larevistadigital.com.ar\/blog\/wp-content\/uploads\/pepo.jpg?fit=1140%2C641&ssl=1","jetpack_sharing_enabled":true,"jetpack_shortlink":"https:\/\/wp.me\/p8qtrQ-2XX","jetpack-related-posts":[{"id":11623,"url":"https:\/\/larevistadigital.com.ar\/blog\/el-pepo-sera-finalmente-trasladado-a-la-comisaria-1ra-de-chascomus\/","url_meta":{"origin":11405,"position":0},"title":"EL PEPO SER\u00c1 FINALMENTE TRASLADADO A LA COMISAR\u00cdA 1RA. DE CHASCOM\u00daS","author":"Alejandro Sosa Ruda","date":"30 julio, 2019","format":false,"excerpt":"Luego de varias idas y vueltas, el cantante de cumbia \"El Pepo\" ser\u00e1 trasladado a la comisar\u00eda de Chascom\u00fas. Recordemos que el cantante se encontraba internado en Dolores por problemas de salud que le hab\u00edan impedido ser trasladado d\u00edas atr\u00e1s, pero ahora recibi\u00f3 el alta, y aproximadamente a las 11\u2026","rel":"","context":"En \u00abDESTACADAS\u00bb","block_context":{"text":"DESTACADAS","link":"https:\/\/larevistadigital.com.ar\/blog\/category\/destacadas\/"},"img":{"alt_text":"","src":"https:\/\/i0.wp.com\/larevistadigital.com.ar\/blog\/wp-content\/uploads\/63891.jpg?fit=1200%2C674&ssl=1&resize=350%2C200","width":350,"height":200,"srcset":"https:\/\/i0.wp.com\/larevistadigital.com.ar\/blog\/wp-content\/uploads\/63891.jpg?fit=1200%2C674&ssl=1&resize=350%2C200 1x, https:\/\/i0.wp.com\/larevistadigital.com.ar\/blog\/wp-content\/uploads\/63891.jpg?fit=1200%2C674&ssl=1&resize=525%2C300 1.5x, https:\/\/i0.wp.com\/larevistadigital.com.ar\/blog\/wp-content\/uploads\/63891.jpg?fit=1200%2C674&ssl=1&resize=700%2C400 2x, https:\/\/i0.wp.com\/larevistadigital.com.ar\/blog\/wp-content\/uploads\/63891.jpg?fit=1200%2C674&ssl=1&resize=1050%2C600 3x"},"classes":[]},{"id":22576,"url":"https:\/\/larevistadigital.com.ar\/blog\/condenaron-a-el-pepo-a-tres-anos-y-nueve-meses-de-prision-por-el-accidente-fatal-que-protagonizo-en-la-ruta-63\/","url_meta":{"origin":11405,"position":1},"title":"CONDENARON A \u00abEL PEPO\u00bb A TRES A\u00d1OS Y NUEVE MESES DE PRISI\u00d3N POR EL ACCIDENTE FATAL QUE PROTAGONIZ\u00d3 EN LA RUTA 63","author":"Alejandro Sosa Ruda","date":"4 noviembre, 2021","format":false,"excerpt":"La sentencia se dio a conocer luego de que las partes acordaran un juicio abreviado. El cantante estaba imputado en la causa por homicidio culposo agravado. DOLORES -\u00a0 El popular cantante Rub\u00e9n Casti\u00f1eiras, conocido como\u00a0El Pepo, fue condenado a\u00a0cuatro a\u00f1os y nueve meses de prisi\u00f3n\u00a0en el marco de una causa\u2026","rel":"","context":"En \u00abINTERES GENERAL\u00bb","block_context":{"text":"INTERES GENERAL","link":"https:\/\/larevistadigital.com.ar\/blog\/category\/interes-general\/"},"img":{"alt_text":"","src":"https:\/\/i0.wp.com\/larevistadigital.com.ar\/blog\/wp-content\/uploads\/0108b3aaaa8a74f17140f615a2bf186053e74cfd.jpg?fit=1140%2C759&ssl=1&resize=350%2C200","width":350,"height":200,"srcset":"https:\/\/i0.wp.com\/larevistadigital.com.ar\/blog\/wp-content\/uploads\/0108b3aaaa8a74f17140f615a2bf186053e74cfd.jpg?fit=1140%2C759&ssl=1&resize=350%2C200 1x, https:\/\/i0.wp.com\/larevistadigital.com.ar\/blog\/wp-content\/uploads\/0108b3aaaa8a74f17140f615a2bf186053e74cfd.jpg?fit=1140%2C759&ssl=1&resize=525%2C300 1.5x, https:\/\/i0.wp.com\/larevistadigital.com.ar\/blog\/wp-content\/uploads\/0108b3aaaa8a74f17140f615a2bf186053e74cfd.jpg?fit=1140%2C759&ssl=1&resize=700%2C400 2x, https:\/\/i0.wp.com\/larevistadigital.com.ar\/blog\/wp-content\/uploads\/0108b3aaaa8a74f17140f615a2bf186053e74cfd.jpg?fit=1140%2C759&ssl=1&resize=1050%2C600 3x"},"classes":[]},{"id":11633,"url":"https:\/\/larevistadigital.com.ar\/blog\/chascomus-llego-el-pepo-a-la-comisaria-1ra-y-algunos-fueron-a-recibirlo-con-cantitos-y-aplausos\/","url_meta":{"origin":11405,"position":2},"title":"CHASCOM\u00daS: LLEG\u00d3 \u00abEL PEPO\u00bb A LA COMISAR\u00cdA 1RA. Y ALGUNOS FUERON A \u00abRECIBIRLO\u00bb CON CANTITOS Y APLAUSOS","author":"Alejandro Sosa Ruda","date":"31 julio, 2019","format":false,"excerpt":"Rub\u00e9n Casti\u00f1eiras fue dado de alta y qued\u00f3 detenido en la comisar\u00eda primera de Chascom\u00fas. El jueves se conocer\u00e1n los resultados de las pericias toxicol\u00f3gicas en la causa en que se lo investiga por doble homicidio culposo tras un accidente. Rub\u00e9n Dar\u00edo \"El Pepo\" Casti\u00f1eiras arrib\u00f3 esta ma\u00f1ana a Chascom\u00fas,\u2026","rel":"","context":"En \u00abDESTACADAS\u00bb","block_context":{"text":"DESTACADAS","link":"https:\/\/larevistadigital.com.ar\/blog\/category\/destacadas\/"},"img":{"alt_text":"","src":"https:\/\/i0.wp.com\/larevistadigital.com.ar\/blog\/wp-content\/uploads\/Screenshot_3-11.jpg?fit=843%2C473&ssl=1&resize=350%2C200","width":350,"height":200,"srcset":"https:\/\/i0.wp.com\/larevistadigital.com.ar\/blog\/wp-content\/uploads\/Screenshot_3-11.jpg?fit=843%2C473&ssl=1&resize=350%2C200 1x, https:\/\/i0.wp.com\/larevistadigital.com.ar\/blog\/wp-content\/uploads\/Screenshot_3-11.jpg?fit=843%2C473&ssl=1&resize=525%2C300 1.5x, https:\/\/i0.wp.com\/larevistadigital.com.ar\/blog\/wp-content\/uploads\/Screenshot_3-11.jpg?fit=843%2C473&ssl=1&resize=700%2C400 2x"},"classes":[]},{"id":23534,"url":"https:\/\/larevistadigital.com.ar\/blog\/chascomus-ruta-2-cinco-heridos-en-un-accidente\/","url_meta":{"origin":11405,"position":3},"title":"CHASCOM\u00daS, RUTA 2: CINCO HERIDOS EN UN ACCIDENTE","author":"Alejandro Sosa Ruda","date":"24 enero, 2022","format":false,"excerpt":"CHASCOM\u00daS -\u00a0 Hace algunas horas, se produjo un fuerte accidente de tr\u00e1nsito a la altura del kil\u00f3metro 117, de la Ruta 2, en jurisdicci\u00f3n de Chascom\u00fas, sobre el carril sentido a la Costa Atl\u00e1ntica. A\u00fan se desconocen los motivos por los cuales un autom\u00f3vil Renault Logan, choc\u00f3 en la parte\u2026","rel":"","context":"En \u00abINTERES GENERAL\u00bb","block_context":{"text":"INTERES GENERAL","link":"https:\/\/larevistadigital.com.ar\/blog\/category\/interes-general\/"},"img":{"alt_text":"","src":"https:\/\/i0.wp.com\/larevistadigital.com.ar\/blog\/wp-content\/uploads\/WhatsApp-Image-2022-01-23-at-23.16.14-737x415-1.jpeg?fit=737%2C415&ssl=1&resize=350%2C200","width":350,"height":200,"srcset":"https:\/\/i0.wp.com\/larevistadigital.com.ar\/blog\/wp-content\/uploads\/WhatsApp-Image-2022-01-23-at-23.16.14-737x415-1.jpeg?fit=737%2C415&ssl=1&resize=350%2C200 1x, https:\/\/i0.wp.com\/larevistadigital.com.ar\/blog\/wp-content\/uploads\/WhatsApp-Image-2022-01-23-at-23.16.14-737x415-1.jpeg?fit=737%2C415&ssl=1&resize=525%2C300 1.5x, https:\/\/i0.wp.com\/larevistadigital.com.ar\/blog\/wp-content\/uploads\/WhatsApp-Image-2022-01-23-at-23.16.14-737x415-1.jpeg?fit=737%2C415&ssl=1&resize=700%2C400 2x"},"classes":[]},{"id":11499,"url":"https:\/\/larevistadigital.com.ar\/blog\/el-pepo-a-punto-de-ser-trasladado-a-la-comisaria-de-chascomus\/","url_meta":{"origin":11405,"position":4},"title":"\u00abEL PEPO\u00bb A PUNTO DE SER TRASLADADO A LA COMISAR\u00cdA DE CHASCOM\u00daS","author":"Alejandro Sosa Ruda","date":"25 julio, 2019","format":false,"excerpt":"El cantante de cumbia\u00a0\"El Pepo\"\u00a0iba a ser trasladado este jueves a la Comisar\u00eda 1ra de Chascom\u00fas, pero\u00a0un cuadro de hipertensi\u00f3n oblig\u00f3 a que permanezca al menos un d\u00eda m\u00e1s en el Hospital San Roque de Dolores, seg\u00fan informaron fuentes judiciales y policiales. Estaba todo dado para que los m\u00e9dicos firmen\u2026","rel":"","context":"En \u00abINTERES GENERAL\u00bb","block_context":{"text":"INTERES GENERAL","link":"https:\/\/larevistadigital.com.ar\/blog\/category\/interes-general\/"},"img":{"alt_text":"","src":"https:\/\/i0.wp.com\/larevistadigital.com.ar\/blog\/wp-content\/uploads\/tmb1_pepo-se-encuentra-siendo-investigado-accidente-termino-dos-muertes-foto-tomada-de-instagramcom-rubendariocastineiras-813192-201117.jpg?fit=641%2C363&ssl=1&resize=350%2C200","width":350,"height":200,"srcset":"https:\/\/i0.wp.com\/larevistadigital.com.ar\/blog\/wp-content\/uploads\/tmb1_pepo-se-encuentra-siendo-investigado-accidente-termino-dos-muertes-foto-tomada-de-instagramcom-rubendariocastineiras-813192-201117.jpg?fit=641%2C363&ssl=1&resize=350%2C200 1x, https:\/\/i0.wp.com\/larevistadigital.com.ar\/blog\/wp-content\/uploads\/tmb1_pepo-se-encuentra-siendo-investigado-accidente-termino-dos-muertes-foto-tomada-de-instagramcom-rubendariocastineiras-813192-201117.jpg?fit=641%2C363&ssl=1&resize=525%2C300 1.5x"},"classes":[]},{"id":32892,"url":"https:\/\/larevistadigital.com.ar\/blog\/ruta-2-choco-contra-una-vaca-y-se-salvo\/","url_meta":{"origin":11405,"position":5},"title":"RUTA 2: CHOC\u00d3 CONTRA UNA VACA Y SE SALV\u00d3","author":"Alejandro Sosa Ruda","date":"16 agosto, 2023","format":false,"excerpt":"Si bien el veh\u00edculo sufri\u00f3 da\u00f1os de consideraci\u00f3n, el conductor salv\u00f3 su vida y no result\u00f3 herido. 16 de agosto de 2023 DOLORES -\u00a0 Un impactante accidente\u00a0tuvo lugar en la\u00a0ruta 2\u00a0cuando un hombre que circulaba en una camioneta\u00a0choc\u00f3 contra un animal\u00a0vacuno. Todo ocurri\u00f3 a la altura del kil\u00f3metro 218, en\u2026","rel":"","context":"En \u00abSin categor\u00eda\u00bb","block_context":{"text":"Sin categor\u00eda","link":"https:\/\/larevistadigital.com.ar\/blog\/category\/sin-categoria\/"},"img":{"alt_text":"","src":"https:\/\/i0.wp.com\/larevistadigital.com.ar\/blog\/wp-content\/uploads\/VUELCO-EN-DOLORES.jpeg?fit=1140%2C636&ssl=1&resize=350%2C200","width":350,"height":200,"srcset":"https:\/\/i0.wp.com\/larevistadigital.com.ar\/blog\/wp-content\/uploads\/VUELCO-EN-DOLORES.jpeg?fit=1140%2C636&ssl=1&resize=350%2C200 1x, https:\/\/i0.wp.com\/larevistadigital.com.ar\/blog\/wp-content\/uploads\/VUELCO-EN-DOLORES.jpeg?fit=1140%2C636&ssl=1&resize=525%2C300 1.5x, https:\/\/i0.wp.com\/larevistadigital.com.ar\/blog\/wp-content\/uploads\/VUELCO-EN-DOLORES.jpeg?fit=1140%2C636&ssl=1&resize=700%2C400 2x, https:\/\/i0.wp.com\/larevistadigital.com.ar\/blog\/wp-content\/uploads\/VUELCO-EN-DOLORES.jpeg?fit=1140%2C636&ssl=1&resize=1050%2C600 3x"},"classes":[]}],"_links":{"self":[{"href":"https:\/\/larevistadigital.com.ar\/blog\/wp-json\/wp\/v2\/posts\/11405","targetHints":{"allow":["GET"]}}],"collection":[{"href":"https:\/\/larevistadigital.com.ar\/blog\/wp-json\/wp\/v2\/posts"}],"about":[{"href":"https:\/\/larevistadigital.com.ar\/blog\/wp-json\/wp\/v2\/types\/post"}],"author":[{"embeddable":true,"href":"https:\/\/larevistadigital.com.ar\/blog\/wp-json\/wp\/v2\/users\/3"}],"replies":[{"embeddable":true,"href":"https:\/\/larevistadigital.com.ar\/blog\/wp-json\/wp\/v2\/comments?post=11405"}],"version-history":[{"count":1,"href":"https:\/\/larevistadigital.com.ar\/blog\/wp-json\/wp\/v2\/posts\/11405\/revisions"}],"predecessor-version":[{"id":11407,"href":"https:\/\/larevistadigital.com.ar\/blog\/wp-json\/wp\/v2\/posts\/11405\/revisions\/11407"}],"wp:featuredmedia":[{"embeddable":true,"href":"https:\/\/larevistadigital.com.ar\/blog\/wp-json\/wp\/v2\/media\/11406"}],"wp:attachment":[{"href":"https:\/\/larevistadigital.com.ar\/blog\/wp-json\/wp\/v2\/media?parent=11405"}],"wp:term":[{"taxonomy":"category","embeddable":true,"href":"https:\/\/larevistadigital.com.ar\/blog\/wp-json\/wp\/v2\/categories?post=11405"},{"taxonomy":"post_tag","embeddable":true,"href":"https:\/\/larevistadigital.com.ar\/blog\/wp-json\/wp\/v2\/tags?post=11405"}],"curies":[{"name":"wp","href":"https:\/\/api.w.org\/{rel}","templated":true}]}}