{"id":11408,"date":"2019-07-20T22:03:43","date_gmt":"2019-07-20T22:03:43","guid":{"rendered":"https:\/\/larevistadigital.com.ar\/blog\/?p=11408"},"modified":"2019-07-20T22:03:43","modified_gmt":"2019-07-20T22:03:43","slug":"dolores-dos-accidentes-de-transito-con-danos-materiales","status":"publish","type":"post","link":"https:\/\/larevistadigital.com.ar\/blog\/dolores-dos-accidentes-de-transito-con-danos-materiales\/","title":{"rendered":"DOLORES: DOS ACCIDENTES DE TRANSITO CON DA\u00d1OS MATERIALES"},"content":{"rendered":"<p>Un choque en el que solo se produjeron da\u00f1os materiales se registr\u00f3 este s\u00e1bado en la intersecci\u00f3n de Mitre y Pueyrred\u00f3n de la ciudad de Dolores.<\/p>\n<p>El siniestro vial fue protagonizado por una camioneta Ford Ranger y un autom\u00f3vil Ford Escort, en ambos casos los veh\u00edculos eran conducidos por personas de sexo masculino.<\/p>\n<p><strong>OTRO ACCIDENTE<\/strong><\/p>\n<p>En otro incidente en el cruce de calles Belgrano y M\u00e1rquez, una camioneta Ranger conducida por una mujer, choco con otra camioneta de la misma marca que se encontraba estacionada.<\/p>\n<p>Afortunadamente no hubo que lamentar lesionados, solo da\u00f1os materiales en los dos accidentes.<\/p>\n","protected":false},"excerpt":{"rendered":"<div class=\"mh-excerpt\"><p>Un choque en el que solo se produjeron da\u00f1os materiales se registr\u00f3 este s\u00e1bado en la intersecci\u00f3n de Mitre y Pueyrred\u00f3n de la ciudad de Dolores. El siniestro vial fue protagonizado por una camioneta Ford <a class=\"mh-excerpt-more\" href=\"https:\/\/larevistadigital.com.ar\/blog\/dolores-dos-accidentes-de-transito-con-danos-materiales\/\" title=\"DOLORES: DOS ACCIDENTES DE TRANSITO CON DA\u00d1OS MATERIALES\">[Leer M\u00e1s]<\/a><\/p>\n<\/div>","protected":false},"author":3,"featured_media":11409,"comment_status":"open","ping_status":"open","sticky":false,"template":"","format":"standard","meta":{"_jetpack_memberships_contains_paid_content":false,"footnotes":"","jetpack_publicize_message":"","jetpack_publicize_feature_enabled":true,"jetpack_social_post_already_shared":true,"jetpack_social_options":{"image_generator_settings":{"template":"highway","default_image_id":0,"font":"","enabled":false},"version":2}},"categories":[51],"tags":[],"class_list":{"0":"post-11408","1":"post","2":"type-post","3":"status-publish","4":"format-standard","5":"has-post-thumbnail","7":"category-regionales"},"jetpack_publicize_connections":[],"jetpack_featured_media_url":"https:\/\/i0.wp.com\/larevistadigital.com.ar\/blog\/wp-content\/uploads\/Screenshot_2-23.jpg?fit=864%2C483&ssl=1","jetpack_sharing_enabled":true,"jetpack_shortlink":"https:\/\/wp.me\/p8qtrQ-2Y0","jetpack-related-posts":[{"id":23884,"url":"https:\/\/larevistadigital.com.ar\/blog\/dolores-camioneta-embistio-un-caballo-en-la-ruta-63\/","url_meta":{"origin":11408,"position":0},"title":"DOLORES: CAMIONETA EMBISTI\u00d3 UN CABALLO EN LA RUTA 63","author":"Alejandro Sosa Ruda","date":"7 febrero, 2022","format":false,"excerpt":"Por el fuerte impacto el animal muri\u00f3 de manera instant\u00e1nea. DOLORES -\u00a0 Durante la noche del viernes, se produjo un fuerte accidente de tr\u00e1nsito en el kil\u00f3metro 2,5 de la Ruta 63, en jurisdicci\u00f3n de la localidad de Dolores. Una camioneta Ford Ranger atropell\u00f3 a un caballo, que se encontraba\u2026","rel":"","context":"En \u00abDOLORES\u00bb","block_context":{"text":"DOLORES","link":"https:\/\/larevistadigital.com.ar\/blog\/category\/dolores\/"},"img":{"alt_text":"","src":"https:\/\/i0.wp.com\/larevistadigital.com.ar\/blog\/wp-content\/uploads\/6235cc37b870ce64264af9425857c2caf56e684c.jpg?fit=1140%2C641&ssl=1&resize=350%2C200","width":350,"height":200,"srcset":"https:\/\/i0.wp.com\/larevistadigital.com.ar\/blog\/wp-content\/uploads\/6235cc37b870ce64264af9425857c2caf56e684c.jpg?fit=1140%2C641&ssl=1&resize=350%2C200 1x, https:\/\/i0.wp.com\/larevistadigital.com.ar\/blog\/wp-content\/uploads\/6235cc37b870ce64264af9425857c2caf56e684c.jpg?fit=1140%2C641&ssl=1&resize=525%2C300 1.5x, https:\/\/i0.wp.com\/larevistadigital.com.ar\/blog\/wp-content\/uploads\/6235cc37b870ce64264af9425857c2caf56e684c.jpg?fit=1140%2C641&ssl=1&resize=700%2C400 2x, https:\/\/i0.wp.com\/larevistadigital.com.ar\/blog\/wp-content\/uploads\/6235cc37b870ce64264af9425857c2caf56e684c.jpg?fit=1140%2C641&ssl=1&resize=1050%2C600 3x"},"classes":[]},{"id":11322,"url":"https:\/\/larevistadigital.com.ar\/blog\/dolores-violento-accidente-en-quadri-y-bucetich\/","url_meta":{"origin":11408,"position":1},"title":"DOLORES: VIOLENTO ACCIDENTE EN QUADRI Y BUCETICH","author":"Alejandro Sosa Ruda","date":"16 julio, 2019","format":false,"excerpt":"En la madrugada de ayer se produjo un fuerte accidente de tr\u00e1nsito en la ciudad. En esta oportunidad fue en la esquina de las calles Ing. Quadri y Vucetich; cuando por causas que se tratan de establecer chocaron un Peugeot 408 y una camioneta Ford Ranger. Afortunadamente y pese al\u2026","rel":"","context":"En \u00abREGIONALES\u00bb","block_context":{"text":"REGIONALES","link":"https:\/\/larevistadigital.com.ar\/blog\/category\/regionales\/"},"img":{"alt_text":"","src":"https:\/\/i0.wp.com\/larevistadigital.com.ar\/blog\/wp-content\/uploads\/Accidente1-Noticiero-Diario.jpg?fit=700%2C525&ssl=1&resize=350%2C200","width":350,"height":200,"srcset":"https:\/\/i0.wp.com\/larevistadigital.com.ar\/blog\/wp-content\/uploads\/Accidente1-Noticiero-Diario.jpg?fit=700%2C525&ssl=1&resize=350%2C200 1x, https:\/\/i0.wp.com\/larevistadigital.com.ar\/blog\/wp-content\/uploads\/Accidente1-Noticiero-Diario.jpg?fit=700%2C525&ssl=1&resize=525%2C300 1.5x, https:\/\/i0.wp.com\/larevistadigital.com.ar\/blog\/wp-content\/uploads\/Accidente1-Noticiero-Diario.jpg?fit=700%2C525&ssl=1&resize=700%2C400 2x"},"classes":[]},{"id":13005,"url":"https:\/\/larevistadigital.com.ar\/blog\/choco-un-auto-estacionado-y-se-dio-a-la-fuga\/","url_meta":{"origin":11408,"position":2},"title":"CHOC\u00d3 UN AUTO ESTACIONADO Y SE DIO A LA FUGA","author":"Alejandro Sosa Ruda","date":"3 noviembre, 2019","format":false,"excerpt":"DOLORES - Un autom\u00f3vil marca Peugeot color gris, que se Hallaba estacionado en\u00a0 la calle Buenos Aires al 1150, sufri\u00f3 da\u00f1os cuando un sujeto que manejaba otro veh\u00edculo lo choc\u00f3 y se dio a la fuga. El rodado, que ser\u00eda una camioneta perdi\u00f3 el control e impact\u00f3 la parte trasera\u2026","rel":"","context":"En \u00abDOLORES\u00bb","block_context":{"text":"DOLORES","link":"https:\/\/larevistadigital.com.ar\/blog\/category\/dolores\/"},"img":{"alt_text":"","src":"https:\/\/i0.wp.com\/larevistadigital.com.ar\/blog\/wp-content\/uploads\/Screenshot_2-56.jpg?fit=858%2C513&ssl=1&resize=350%2C200","width":350,"height":200,"srcset":"https:\/\/i0.wp.com\/larevistadigital.com.ar\/blog\/wp-content\/uploads\/Screenshot_2-56.jpg?fit=858%2C513&ssl=1&resize=350%2C200 1x, https:\/\/i0.wp.com\/larevistadigital.com.ar\/blog\/wp-content\/uploads\/Screenshot_2-56.jpg?fit=858%2C513&ssl=1&resize=525%2C300 1.5x, https:\/\/i0.wp.com\/larevistadigital.com.ar\/blog\/wp-content\/uploads\/Screenshot_2-56.jpg?fit=858%2C513&ssl=1&resize=700%2C400 2x"},"classes":[]},{"id":32610,"url":"https:\/\/larevistadigital.com.ar\/blog\/insolito-cayo-un-ternero-sobre-un-auto-en-plena-ruta-nacional-7\/","url_meta":{"origin":11408,"position":3},"title":"INS\u00d3LITO: CAY\u00d3 UN TERNERO SOBRE UN AUTO EN PLENA RUTA NACIONAL 7","author":"Alejandro Sosa Ruda","date":"27 julio, 2023","format":false,"excerpt":"El accidente fue a la altura del km 232 de la Ruta Nacional 7 cuando dos veh\u00edculos circulaban en la misma direcci\u00f3n, Chacabuco-Jun\u00edn. Por delante iba una camioneta Ford Ranger que en la caja llevaba un ternero y por detr\u00e1s el Chevrolet Cruze. 26 de julio de 2023 BUENOS AIRES\u2026","rel":"","context":"En \u00abCURIOSAS\u00bb","block_context":{"text":"CURIOSAS","link":"https:\/\/larevistadigital.com.ar\/blog\/category\/curiosas\/"},"img":{"alt_text":"","src":"https:\/\/i0.wp.com\/larevistadigital.com.ar\/blog\/wp-content\/uploads\/20230726173432_auto.jpg?fit=880%2C512&ssl=1&resize=350%2C200","width":350,"height":200,"srcset":"https:\/\/i0.wp.com\/larevistadigital.com.ar\/blog\/wp-content\/uploads\/20230726173432_auto.jpg?fit=880%2C512&ssl=1&resize=350%2C200 1x, https:\/\/i0.wp.com\/larevistadigital.com.ar\/blog\/wp-content\/uploads\/20230726173432_auto.jpg?fit=880%2C512&ssl=1&resize=525%2C300 1.5x, https:\/\/i0.wp.com\/larevistadigital.com.ar\/blog\/wp-content\/uploads\/20230726173432_auto.jpg?fit=880%2C512&ssl=1&resize=700%2C400 2x"},"classes":[]},{"id":34371,"url":"https:\/\/larevistadigital.com.ar\/blog\/lezama-accidente-que-pudo-terminar-en-tragedia\/","url_meta":{"origin":11408,"position":4},"title":"LEZAMA: ACCIDENTE QUE PUDO TERMINAR EN TRAGEDIA","author":"Alejandro Sosa Ruda","date":"5 noviembre, 2023","format":false,"excerpt":"Seg\u00fan cont\u00f3 el portal Entrel\u00edneas, un auto impacto contra una camioneta y gener\u00f3 importantes da\u00f1os. 5 de Noviembre de 2023 LEZAMA -\u00a0 En las \u00faltimas horas se produjo un fuerte accidente en la intersecci\u00f3n de Ruta 2 y Ruta 57 en Lezama y de milagro no hubo que lamentar heridos.\u2026","rel":"","context":"En \u00abPOLICIALES\u00bb","block_context":{"text":"POLICIALES","link":"https:\/\/larevistadigital.com.ar\/blog\/category\/policiales\/"},"img":{"alt_text":"","src":"https:\/\/i0.wp.com\/larevistadigital.com.ar\/blog\/wp-content\/uploads\/b668f354ca0a5ba2400f1c9843cfa9845c2e2b76.jpg?fit=1140%2C575&ssl=1&resize=350%2C200","width":350,"height":200,"srcset":"https:\/\/i0.wp.com\/larevistadigital.com.ar\/blog\/wp-content\/uploads\/b668f354ca0a5ba2400f1c9843cfa9845c2e2b76.jpg?fit=1140%2C575&ssl=1&resize=350%2C200 1x, https:\/\/i0.wp.com\/larevistadigital.com.ar\/blog\/wp-content\/uploads\/b668f354ca0a5ba2400f1c9843cfa9845c2e2b76.jpg?fit=1140%2C575&ssl=1&resize=525%2C300 1.5x, https:\/\/i0.wp.com\/larevistadigital.com.ar\/blog\/wp-content\/uploads\/b668f354ca0a5ba2400f1c9843cfa9845c2e2b76.jpg?fit=1140%2C575&ssl=1&resize=700%2C400 2x, https:\/\/i0.wp.com\/larevistadigital.com.ar\/blog\/wp-content\/uploads\/b668f354ca0a5ba2400f1c9843cfa9845c2e2b76.jpg?fit=1140%2C575&ssl=1&resize=1050%2C600 3x"},"classes":[]},{"id":3380,"url":"https:\/\/larevistadigital.com.ar\/blog\/castelli-un-herido-tras-un-violento-choque-en-el-acceso-a-la-ciudad\/","url_meta":{"origin":11408,"position":5},"title":"CASTELLI: UN HERIDO, TRAS UN VIOLENTO CHOQUE EN EL ACCESO A LA CIUDAD","author":"Alejandro Sosa Ruda","date":"2 octubre, 2017","format":false,"excerpt":"Una persona result\u00f3 herida tras una colisi\u00f3n que tuvo como protagonistas a una camioneta Chevrolet y un Ford Fiesta. Se\u00a0supo que la camioneta conducida por un vecino de la ciudad habr\u00eda tratado de ingresar a Castelli tomando el retorno de acceso a Castelmar en el Km 180 de la autov\u00eda\u2026","rel":"","context":"En \u00abCASTELLI\u00bb","block_context":{"text":"CASTELLI","link":"https:\/\/larevistadigital.com.ar\/blog\/category\/castelli\/"},"img":{"alt_text":"","src":"https:\/\/i0.wp.com\/larevistadigital.com.ar\/blog\/wp-content\/uploads\/2017\/10\/22172040_666292913555042_1513752497_o-1.jpg?fit=720%2C571&ssl=1&resize=350%2C200","width":350,"height":200,"srcset":"https:\/\/i0.wp.com\/larevistadigital.com.ar\/blog\/wp-content\/uploads\/2017\/10\/22172040_666292913555042_1513752497_o-1.jpg?fit=720%2C571&ssl=1&resize=350%2C200 1x, https:\/\/i0.wp.com\/larevistadigital.com.ar\/blog\/wp-content\/uploads\/2017\/10\/22172040_666292913555042_1513752497_o-1.jpg?fit=720%2C571&ssl=1&resize=525%2C300 1.5x, https:\/\/i0.wp.com\/larevistadigital.com.ar\/blog\/wp-content\/uploads\/2017\/10\/22172040_666292913555042_1513752497_o-1.jpg?fit=720%2C571&ssl=1&resize=700%2C400 2x"},"classes":[]}],"_links":{"self":[{"href":"https:\/\/larevistadigital.com.ar\/blog\/wp-json\/wp\/v2\/posts\/11408","targetHints":{"allow":["GET"]}}],"collection":[{"href":"https:\/\/larevistadigital.com.ar\/blog\/wp-json\/wp\/v2\/posts"}],"about":[{"href":"https:\/\/larevistadigital.com.ar\/blog\/wp-json\/wp\/v2\/types\/post"}],"author":[{"embeddable":true,"href":"https:\/\/larevistadigital.com.ar\/blog\/wp-json\/wp\/v2\/users\/3"}],"replies":[{"embeddable":true,"href":"https:\/\/larevistadigital.com.ar\/blog\/wp-json\/wp\/v2\/comments?post=11408"}],"version-history":[{"count":1,"href":"https:\/\/larevistadigital.com.ar\/blog\/wp-json\/wp\/v2\/posts\/11408\/revisions"}],"predecessor-version":[{"id":11410,"href":"https:\/\/larevistadigital.com.ar\/blog\/wp-json\/wp\/v2\/posts\/11408\/revisions\/11410"}],"wp:featuredmedia":[{"embeddable":true,"href":"https:\/\/larevistadigital.com.ar\/blog\/wp-json\/wp\/v2\/media\/11409"}],"wp:attachment":[{"href":"https:\/\/larevistadigital.com.ar\/blog\/wp-json\/wp\/v2\/media?parent=11408"}],"wp:term":[{"taxonomy":"category","embeddable":true,"href":"https:\/\/larevistadigital.com.ar\/blog\/wp-json\/wp\/v2\/categories?post=11408"},{"taxonomy":"post_tag","embeddable":true,"href":"https:\/\/larevistadigital.com.ar\/blog\/wp-json\/wp\/v2\/tags?post=11408"}],"curies":[{"name":"wp","href":"https:\/\/api.w.org\/{rel}","templated":true}]}}