{"id":115,"date":"2017-02-08T00:54:30","date_gmt":"2017-02-08T00:54:30","guid":{"rendered":"https:\/\/larevistadigital.com.ar\/blog\/?p=115"},"modified":"2017-02-10T13:29:00","modified_gmt":"2017-02-10T13:29:00","slug":"medicos-retiran-una-lombriz-de-casi-dos-metros-del-estomago-de-un-hombre","status":"publish","type":"post","link":"https:\/\/larevistadigital.com.ar\/blog\/medicos-retiran-una-lombriz-de-casi-dos-metros-del-estomago-de-un-hombre\/","title":{"rendered":"M\u00e9dicos retiran una lombriz de casi dos metros del est\u00f3mago de un hombre"},"content":{"rendered":"<p><strong><em>El paciente de 48 a\u00f1os sufr\u00eda por un dolor abdominal y los especialistas hallaron al enorme \u201cintruso\u201d en su cuerpo.<\/em><\/strong><\/p>\n<p>Luego de dos meses de sufrir molestias en la zona abdominal, un hombre de la India decidi\u00f3 que era hora de buscar consejo profesional. El an\u00e1lisis m\u00e9dico detect\u00f3 una leve anemia, por lo que decidieron realizarle ex\u00e1menes m\u00e1s profundos. As\u00ed, durante una colonoscopia, los especialistas lograron dar con la causa: hab\u00eda una presencia movediza, que termin\u00f3 siendo m\u00e1s grande de lo que esperaban.<\/p>\n<p>\u00ab<strong>Era una parte ondulante de la lombriz<\/strong>\u00ab, relat\u00f3 Cyriac Phillips, quien detall\u00f3 el caso al portal especializado\u00a0<strong><em>The New England Journal of Medicine<\/em><\/strong>. Sin embargo, una posterior endoscopia revel\u00f3 que el tama\u00f1o era m\u00e1s considerable del que hab\u00edan previsto.<\/p>\n<p>Los m\u00e9dicos del Hospital Instituto del H\u00edgado y Ciencias Biliares, en Nueva Delhi,\u00a0<strong>sedaron al paciente para extraer al gusano por su boca<\/strong>. Comenzaron a tirar. Y a tirar. Pero el par\u00e1sito no terminaba de salir por completo.<\/p>\n<p><strong>La tenia retirada al paciente\u00a0<\/strong><\/p>\n<p><strong>Finalmente, los especialistas terminaron el procedimiento y pudieron medir a la tenia solitaria:\u00a0la lombriz ten\u00eda un largo de 1,88 metros que merodeaban por el sistema digestivo\u00a0del paciente.<\/strong><\/p>\n<p><strong>\u00abLa jalamos suave y firmemente y al final se complet\u00f3 la operaci\u00f3n despu\u00e9s de aproximadamente 1 hora y 15 minutos.\u00a0Nunca hab\u00eda visto una solitaria de este largo antes de este caso en particular\u00bb, coment\u00f3\u00a0Phillips en su reporte.<\/strong><\/p>\n<p><strong>Este tipo de par\u00e1sito, seg\u00fan enciclopedias m\u00e9dicas,\u00a0puede medir m\u00e1s de 3 metros y alojarse durante a\u00f1os en los intestinos, ya que muchas veces no producen s\u00edntomas importantes que obliguen a visitar al m\u00e9dico. Entre los signos m\u00e1s notorios de su presencia, est\u00e1 el dolor abdominal, que suele ser confundido con otras causas.<\/strong><\/p>\n<p><a href=\"https:\/\/i0.wp.com\/larevistadigital.com.ar\/blog\/wp-content\/uploads\/2017\/02\/registrado-casos-lombrices-solitarias-metros_994711578_121217865_667x375.jpg?ssl=1\"><img data-recalc-dims=\"1\" loading=\"lazy\" decoding=\"async\" class=\"alignnone size-medium wp-image-124\" src=\"https:\/\/i0.wp.com\/larevistadigital.com.ar\/blog\/wp-content\/uploads\/2017\/02\/registrado-casos-lombrices-solitarias-metros_994711578_121217865_667x375.jpg?resize=300%2C169&#038;ssl=1\" alt=\"\" width=\"300\" height=\"169\" srcset=\"https:\/\/i0.wp.com\/larevistadigital.com.ar\/blog\/wp-content\/uploads\/2017\/02\/registrado-casos-lombrices-solitarias-metros_994711578_121217865_667x375.jpg?resize=300%2C169&amp;ssl=1 300w, https:\/\/i0.wp.com\/larevistadigital.com.ar\/blog\/wp-content\/uploads\/2017\/02\/registrado-casos-lombrices-solitarias-metros_994711578_121217865_667x375.jpg?w=667&amp;ssl=1 667w\" sizes=\"auto, (max-width: 300px) 100vw, 300px\" \/><\/a><\/p>\n","protected":false},"excerpt":{"rendered":"<div class=\"mh-excerpt\"><p>El paciente de 48 a\u00f1os sufr\u00eda por un dolor abdominal y los especialistas hallaron al enorme \u201cintruso\u201d en su cuerpo. Luego de dos meses de sufrir molestias en la zona abdominal, un hombre de la <a class=\"mh-excerpt-more\" href=\"https:\/\/larevistadigital.com.ar\/blog\/medicos-retiran-una-lombriz-de-casi-dos-metros-del-estomago-de-un-hombre\/\" title=\"M\u00e9dicos retiran una lombriz de casi dos metros del est\u00f3mago de un hombre\">[Leer M\u00e1s]<\/a><\/p>\n<\/div>","protected":false},"author":2,"featured_media":124,"comment_status":"open","ping_status":"open","sticky":false,"template":"","format":"standard","meta":{"_jetpack_memberships_contains_paid_content":false,"footnotes":"","jetpack_publicize_message":"","jetpack_publicize_feature_enabled":true,"jetpack_social_post_already_shared":false,"jetpack_social_options":{"image_generator_settings":{"template":"highway","default_image_id":0,"font":"","enabled":false},"version":2}},"categories":[11],"tags":[],"class_list":{"0":"post-115","1":"post","2":"type-post","3":"status-publish","4":"format-standard","5":"has-post-thumbnail","7":"category-curiosas"},"jetpack_publicize_connections":[],"jetpack_featured_media_url":"https:\/\/i0.wp.com\/larevistadigital.com.ar\/blog\/wp-content\/uploads\/2017\/02\/registrado-casos-lombrices-solitarias-metros_994711578_121217865_667x375.jpg?fit=667%2C375&ssl=1","jetpack_sharing_enabled":true,"jetpack_shortlink":"https:\/\/wp.me\/p8qtrQ-1R","jetpack-related-posts":[{"id":33109,"url":"https:\/\/larevistadigital.com.ar\/blog\/de-terror-extraen-un-gusano-de-8cm-del-cerebro-de-una-mujer\/","url_meta":{"origin":115,"position":0},"title":"\u00a1DE TERROR!: EXTRAEN UN GUSANO DE 8CM. DEL CEREBRO DE UNA MUJER.","author":"Alejandro Sosa Ruda","date":"29 agosto, 2023","format":false,"excerpt":"La paciente, de 64 a\u00f1os, se someti\u00f3 a una cirug\u00eda tras detect\u00e1rsele\u00a0una lesi\u00f3n en uno de sus\u00a0l\u00f3bulos frontales y los m\u00e9dicos se toparon con el sorprendente hallazgo. El gusano estaba \"vivo y retorci\u00e9ndose\".\u00a0Cu\u00e1les fueron sus s\u00edntomas. 29 de agosto de 2023 Un asombroso e in\u00e9dito caso m\u00e9dico ha dejado a\u2026","rel":"","context":"En \u00abCURIOSAS\u00bb","block_context":{"text":"CURIOSAS","link":"https:\/\/larevistadigital.com.ar\/blog\/category\/curiosas\/"},"img":{"alt_text":"","src":"https:\/\/i0.wp.com\/larevistadigital.com.ar\/blog\/wp-content\/uploads\/Captura-de-pantalla-2023-08-29-135858.jpg?fit=823%2C461&ssl=1&resize=350%2C200","width":350,"height":200,"srcset":"https:\/\/i0.wp.com\/larevistadigital.com.ar\/blog\/wp-content\/uploads\/Captura-de-pantalla-2023-08-29-135858.jpg?fit=823%2C461&ssl=1&resize=350%2C200 1x, https:\/\/i0.wp.com\/larevistadigital.com.ar\/blog\/wp-content\/uploads\/Captura-de-pantalla-2023-08-29-135858.jpg?fit=823%2C461&ssl=1&resize=525%2C300 1.5x, https:\/\/i0.wp.com\/larevistadigital.com.ar\/blog\/wp-content\/uploads\/Captura-de-pantalla-2023-08-29-135858.jpg?fit=823%2C461&ssl=1&resize=700%2C400 2x"},"classes":[]},{"id":6374,"url":"https:\/\/larevistadigital.com.ar\/blog\/chascomus-aseguran-que-el-medico-que-reemplazo-a-dos-santos-era-el-recaudador-de-los-medicos-truchos-en-canuelas\/","url_meta":{"origin":115,"position":1},"title":"CHASCOM\u00daS: ASEGURAN QUE EL M\u00c9DICO QUE REEMPLAZ\u00d3 A DOS SANTOS ERA EL RECAUDADOR DE LOS M\u00c9DICOS TRUCHOS EN CA\u00d1UELAS","author":"Alejandro Sosa Ruda","date":"23 agosto, 2018","format":false,"excerpt":"Una nueva complicaci\u00f3n le surgi\u00f3 en las \u00faltimas horas al Intendente de Chascom\u00fas, Javier Gast\u00f3n y est\u00e1 relacionada al m\u00e9dico cirujano que designaron en reemplazo del Dr. Santiago Dos Santos, el cu\u00e1l renunci\u00f3 denunciando una persecuci\u00f3n ideol\u00f3gica por parte de la Secretaria de Salud, Dra. Arias, que recientemente fuera sancionada\u2026","rel":"","context":"En \u00abDESTACADAS\u00bb","block_context":{"text":"DESTACADAS","link":"https:\/\/larevistadigital.com.ar\/blog\/category\/destacadas\/"},"img":{"alt_text":"","src":"https:\/\/i0.wp.com\/larevistadigital.com.ar\/blog\/wp-content\/uploads\/2018\/08\/jefe-de-emergencias-canuelas.jpg?fit=793%2C439&ssl=1&resize=350%2C200","width":350,"height":200,"srcset":"https:\/\/i0.wp.com\/larevistadigital.com.ar\/blog\/wp-content\/uploads\/2018\/08\/jefe-de-emergencias-canuelas.jpg?fit=793%2C439&ssl=1&resize=350%2C200 1x, https:\/\/i0.wp.com\/larevistadigital.com.ar\/blog\/wp-content\/uploads\/2018\/08\/jefe-de-emergencias-canuelas.jpg?fit=793%2C439&ssl=1&resize=525%2C300 1.5x, https:\/\/i0.wp.com\/larevistadigital.com.ar\/blog\/wp-content\/uploads\/2018\/08\/jefe-de-emergencias-canuelas.jpg?fit=793%2C439&ssl=1&resize=700%2C400 2x"},"classes":[]},{"id":9012,"url":"https:\/\/larevistadigital.com.ar\/blog\/mar-del-plata-ataque-a-tiros-en-la-calle-un-muerto-y-dos-heridos\/","url_meta":{"origin":115,"position":2},"title":"MAR DEL PLATA: ATAQUE A TIROS EN LA CALLE. UN MUERTO Y DOS HERIDOS","author":"Alejandro Sosa Ruda","date":"12 marzo, 2019","format":false,"excerpt":"El ataque ocurri\u00f3 el domingo a la madrugada en el barrio General San Mart\u00edn. Omar Romad\u00e1n muri\u00f3 en el HIGA y otras dos personas quedaron\u00a0internadas. El noveno homicidio del a\u00f1o en Mar del Plata se confirm\u00f3 el domingo en el Hospital Interzonal General de Agudos (HIGA) cuando m\u00e1s all\u00e1 de\u2026","rel":"","context":"En \u00abPOLICIALES\u00bb","block_context":{"text":"POLICIALES","link":"https:\/\/larevistadigital.com.ar\/blog\/category\/policiales\/"},"img":{"alt_text":"","src":"https:\/\/i0.wp.com\/larevistadigital.com.ar\/blog\/wp-content\/uploads\/2019\/03\/1447176298971.jpg?fit=800%2C488&ssl=1&resize=350%2C200","width":350,"height":200,"srcset":"https:\/\/i0.wp.com\/larevistadigital.com.ar\/blog\/wp-content\/uploads\/2019\/03\/1447176298971.jpg?fit=800%2C488&ssl=1&resize=350%2C200 1x, https:\/\/i0.wp.com\/larevistadigital.com.ar\/blog\/wp-content\/uploads\/2019\/03\/1447176298971.jpg?fit=800%2C488&ssl=1&resize=525%2C300 1.5x, https:\/\/i0.wp.com\/larevistadigital.com.ar\/blog\/wp-content\/uploads\/2019\/03\/1447176298971.jpg?fit=800%2C488&ssl=1&resize=700%2C400 2x"},"classes":[]},{"id":9831,"url":"https:\/\/larevistadigital.com.ar\/blog\/detienen-hombre-acusado-de-violar-a-sus-hijastros-durante-14-anos-en-chascomus\/","url_meta":{"origin":115,"position":3},"title":"DETIENEN HOMBRE ACUSADO DE VIOLAR A SUS HIJASTROS DURANTE 14 A\u00d1OS EN CHASCOM\u00daS","author":"Alejandro Sosa Ruda","date":"25 abril, 2019","format":false,"excerpt":"El arrestado estuvo dos a\u00f1os pr\u00f3fugo, pero la Polic\u00eda bonaerense lo localiz\u00f3 en San Mart\u00edn. Un hombre de 59 a\u00f1os llamado Miguel \u00c1ngel Frecini esperaba a que su pareja se fuera a trabajar para atacar a sus hijastros, en ese momento de 3 y 5 a\u00f1os, a los que violaba\u2026","rel":"","context":"En \u00abDESTACADAS\u00bb","block_context":{"text":"DESTACADAS","link":"https:\/\/larevistadigital.com.ar\/blog\/category\/destacadas\/"},"img":{"alt_text":"","src":"https:\/\/i0.wp.com\/larevistadigital.com.ar\/blog\/wp-content\/uploads\/2019\/04\/detenido_25deabrilde2019_elfuerte.jpg?fit=737%2C415&ssl=1&resize=350%2C200","width":350,"height":200,"srcset":"https:\/\/i0.wp.com\/larevistadigital.com.ar\/blog\/wp-content\/uploads\/2019\/04\/detenido_25deabrilde2019_elfuerte.jpg?fit=737%2C415&ssl=1&resize=350%2C200 1x, https:\/\/i0.wp.com\/larevistadigital.com.ar\/blog\/wp-content\/uploads\/2019\/04\/detenido_25deabrilde2019_elfuerte.jpg?fit=737%2C415&ssl=1&resize=525%2C300 1.5x, https:\/\/i0.wp.com\/larevistadigital.com.ar\/blog\/wp-content\/uploads\/2019\/04\/detenido_25deabrilde2019_elfuerte.jpg?fit=737%2C415&ssl=1&resize=700%2C400 2x"},"classes":[]},{"id":38646,"url":"https:\/\/larevistadigital.com.ar\/blog\/psiquiatras-vendian-certificados-medicos-falsos-por-hasta-80-mil-pesos\/","url_meta":{"origin":115,"position":4},"title":"Psiquiatras vend\u00edan certificados m\u00e9dicos falsos por hasta 80 mil pesos","author":"Alejandro Sosa Ruda","date":"8 febrero, 2025","format":false,"excerpt":"Una investigaci\u00f3n period\u00edstica revel\u00f3 que tres psiquiatras de Bah\u00eda Blanca emit\u00edan certificados falsos de salud mental a trabajadores por sumas de entre 60.000 y 80.000 pesos. 08 de Febrero de 2025 BAH\u00cdA BLANCA -\u00a0 \u00a0En grabaciones obtenidas mediante c\u00e1maras ocultas, por el sitio bahiense, La Br\u00fajula 24, se observa c\u00f3mo\u2026","rel":"","context":"En \u00abPOLICIALES\u00bb","block_context":{"text":"POLICIALES","link":"https:\/\/larevistadigital.com.ar\/blog\/category\/policiales\/"},"img":{"alt_text":"","src":"https:\/\/i0.wp.com\/larevistadigital.com.ar\/blog\/wp-content\/uploads\/20250208122234_psiquiatras-certificados-medicos-falsos-bahia.jpg?fit=880%2C512&ssl=1&resize=350%2C200","width":350,"height":200,"srcset":"https:\/\/i0.wp.com\/larevistadigital.com.ar\/blog\/wp-content\/uploads\/20250208122234_psiquiatras-certificados-medicos-falsos-bahia.jpg?fit=880%2C512&ssl=1&resize=350%2C200 1x, https:\/\/i0.wp.com\/larevistadigital.com.ar\/blog\/wp-content\/uploads\/20250208122234_psiquiatras-certificados-medicos-falsos-bahia.jpg?fit=880%2C512&ssl=1&resize=525%2C300 1.5x, https:\/\/i0.wp.com\/larevistadigital.com.ar\/blog\/wp-content\/uploads\/20250208122234_psiquiatras-certificados-medicos-falsos-bahia.jpg?fit=880%2C512&ssl=1&resize=700%2C400 2x"},"classes":[]},{"id":22218,"url":"https:\/\/larevistadigital.com.ar\/blog\/fatal-accidente-por-choque-entre-camiones\/","url_meta":{"origin":115,"position":5},"title":"FATAL ACCIDENTE POR CHOQUE ENTRE CAMIONES","author":"Alejandro Sosa Ruda","date":"1 octubre, 2021","format":false,"excerpt":"GRAL. ALVEAR\u00a0 -\u00a0 Un tr\u00e1gico accidente se produjo en Ruta Nacional 205 donde colisionaron dos camiones, uno con productos qu\u00edmicos y el otro con animales. El impactante choque ocurri\u00f3 en la tarde de este mi\u00e9rcoles 29 de setiembre en la Ruta Nacional 205, Km 245, entre General Alvear y Bolivar.\u2026","rel":"","context":"En \u00abPOLICIALES\u00bb","block_context":{"text":"POLICIALES","link":"https:\/\/larevistadigital.com.ar\/blog\/category\/policiales\/"},"img":{"alt_text":"","src":"https:\/\/i0.wp.com\/larevistadigital.com.ar\/blog\/wp-content\/uploads\/camion-incendiado.jpg?fit=720%2C456&ssl=1&resize=350%2C200","width":350,"height":200,"srcset":"https:\/\/i0.wp.com\/larevistadigital.com.ar\/blog\/wp-content\/uploads\/camion-incendiado.jpg?fit=720%2C456&ssl=1&resize=350%2C200 1x, https:\/\/i0.wp.com\/larevistadigital.com.ar\/blog\/wp-content\/uploads\/camion-incendiado.jpg?fit=720%2C456&ssl=1&resize=525%2C300 1.5x, https:\/\/i0.wp.com\/larevistadigital.com.ar\/blog\/wp-content\/uploads\/camion-incendiado.jpg?fit=720%2C456&ssl=1&resize=700%2C400 2x"},"classes":[]}],"_links":{"self":[{"href":"https:\/\/larevistadigital.com.ar\/blog\/wp-json\/wp\/v2\/posts\/115","targetHints":{"allow":["GET"]}}],"collection":[{"href":"https:\/\/larevistadigital.com.ar\/blog\/wp-json\/wp\/v2\/posts"}],"about":[{"href":"https:\/\/larevistadigital.com.ar\/blog\/wp-json\/wp\/v2\/types\/post"}],"author":[{"embeddable":true,"href":"https:\/\/larevistadigital.com.ar\/blog\/wp-json\/wp\/v2\/users\/2"}],"replies":[{"embeddable":true,"href":"https:\/\/larevistadigital.com.ar\/blog\/wp-json\/wp\/v2\/comments?post=115"}],"version-history":[{"count":3,"href":"https:\/\/larevistadigital.com.ar\/blog\/wp-json\/wp\/v2\/posts\/115\/revisions"}],"predecessor-version":[{"id":126,"href":"https:\/\/larevistadigital.com.ar\/blog\/wp-json\/wp\/v2\/posts\/115\/revisions\/126"}],"wp:featuredmedia":[{"embeddable":true,"href":"https:\/\/larevistadigital.com.ar\/blog\/wp-json\/wp\/v2\/media\/124"}],"wp:attachment":[{"href":"https:\/\/larevistadigital.com.ar\/blog\/wp-json\/wp\/v2\/media?parent=115"}],"wp:term":[{"taxonomy":"category","embeddable":true,"href":"https:\/\/larevistadigital.com.ar\/blog\/wp-json\/wp\/v2\/categories?post=115"},{"taxonomy":"post_tag","embeddable":true,"href":"https:\/\/larevistadigital.com.ar\/blog\/wp-json\/wp\/v2\/tags?post=115"}],"curies":[{"name":"wp","href":"https:\/\/api.w.org\/{rel}","templated":true}]}}