{"id":11564,"date":"2019-07-28T17:50:56","date_gmt":"2019-07-28T17:50:56","guid":{"rendered":"https:\/\/larevistadigital.com.ar\/blog\/?p=11564"},"modified":"2019-07-28T17:51:21","modified_gmt":"2019-07-28T17:51:21","slug":"chascomus-acto-por-el-67-aniversario-del-fallecimiento-de-eva-duarte-de-peron","status":"publish","type":"post","link":"https:\/\/larevistadigital.com.ar\/blog\/chascomus-acto-por-el-67-aniversario-del-fallecimiento-de-eva-duarte-de-peron\/","title":{"rendered":"CHASCOM\u00daS: ACTO POR EL 67\u00b0 ANIVERSARIO DEL FALLECIMIENTO DE EVA DUARTE DE PER\u00d3N"},"content":{"rendered":"<p>El presidente del Partido Justicialista de Chascom\u00fas, <strong>Gabriel Macchi<\/strong> participo junto a dirigentes y militantes del acto por el 67\u00b0 aniversario del fallecimiento de <strong>Eva Duarte de Per\u00f3n<\/strong>, la recordada \u00abEvita\u00bb.<\/p>\n<blockquote>\n<h3>Entre otros, lo acompa\u00f1aron \u00a0<strong>Norberto Liwski<\/strong>, la precandidata a concejal <strong>Mar\u00eda Eugenia Ludue\u00f1a<\/strong>, <strong>Lorena Herrera<\/strong>, y militantes peronistas.<\/h3>\n<\/blockquote>\n<p>Macchi subray\u00f3 que <em><strong>\u201c\u2026la figura de Eva, es de alguien que ha dejado un legado importante, con la lucha por los derechos de la mujer que hoy en d\u00eda son reivindicados\u2026\u201d<\/strong><\/em>.<\/p>\n","protected":false},"excerpt":{"rendered":"<div class=\"mh-excerpt\"><p>El presidente del Partido Justicialista de Chascom\u00fas, Gabriel Macchi participo junto a dirigentes y militantes del acto por el 67\u00b0 aniversario del fallecimiento de Eva Duarte de Per\u00f3n, la recordada \u00abEvita\u00bb. Entre otros, lo acompa\u00f1aron <a class=\"mh-excerpt-more\" href=\"https:\/\/larevistadigital.com.ar\/blog\/chascomus-acto-por-el-67-aniversario-del-fallecimiento-de-eva-duarte-de-peron\/\" title=\"CHASCOM\u00daS: ACTO POR EL 67\u00b0 ANIVERSARIO DEL FALLECIMIENTO DE EVA DUARTE DE PER\u00d3N\">[Leer M\u00e1s]<\/a><\/p>\n<\/div>","protected":false},"author":3,"featured_media":11565,"comment_status":"open","ping_status":"open","sticky":false,"template":"","format":"standard","meta":{"_jetpack_memberships_contains_paid_content":false,"footnotes":"","jetpack_publicize_message":"","jetpack_publicize_feature_enabled":true,"jetpack_social_post_already_shared":true,"jetpack_social_options":{"image_generator_settings":{"template":"highway","default_image_id":0,"font":"","enabled":false},"version":2}},"categories":[50,12],"tags":[],"class_list":{"0":"post-11564","1":"post","2":"type-post","3":"status-publish","4":"format-standard","5":"has-post-thumbnail","7":"category-interes-general","8":"category-politica"},"jetpack_publicize_connections":[],"jetpack_featured_media_url":"https:\/\/i0.wp.com\/larevistadigital.com.ar\/blog\/wp-content\/uploads\/bbx_35647273_1_monumento_evita.jpg?fit=800%2C579&ssl=1","jetpack_sharing_enabled":true,"jetpack_shortlink":"https:\/\/wp.me\/p8qtrQ-30w","jetpack-related-posts":[{"id":40636,"url":"https:\/\/larevistadigital.com.ar\/blog\/el-pj-chascomus-realizo-un-acto-en-homenaje-a-eva-peron-al-conmemorarse-73-anos-de-su-fallecimiento\/","url_meta":{"origin":11564,"position":0},"title":"El PJ Chascomus realiz\u00f3 un acto en homenaje a Eva Per\u00f3n al conmemorarse 73 a\u00f1os de su fallecimiento.","author":"Alejandro Sosa Ruda","date":"27 julio, 2025","format":false,"excerpt":"Pese al fr\u00edo, dirigentes y militantes se reunieron en un emotivo acto frente a la figura de Evita 27 de Julio de 2025 CHASCOM\u00daS -\u00a0 \u00a0Durante la tarde del s\u00e1bado 26 de julio se llev\u00f3 a cabo un acto conmemorativo a la figura de Evita, emblema del justicialismo en Argentina.\u2026","rel":"","context":"En \u00abCHASCOM\u00daS\u00bb","block_context":{"text":"CHASCOM\u00daS","link":"https:\/\/larevistadigital.com.ar\/blog\/category\/chascomus\/"},"img":{"alt_text":"","src":"https:\/\/i0.wp.com\/larevistadigital.com.ar\/blog\/wp-content\/uploads\/homenaje-a-Evita.jpg?fit=1200%2C900&ssl=1&resize=350%2C200","width":350,"height":200,"srcset":"https:\/\/i0.wp.com\/larevistadigital.com.ar\/blog\/wp-content\/uploads\/homenaje-a-Evita.jpg?fit=1200%2C900&ssl=1&resize=350%2C200 1x, https:\/\/i0.wp.com\/larevistadigital.com.ar\/blog\/wp-content\/uploads\/homenaje-a-Evita.jpg?fit=1200%2C900&ssl=1&resize=525%2C300 1.5x, https:\/\/i0.wp.com\/larevistadigital.com.ar\/blog\/wp-content\/uploads\/homenaje-a-Evita.jpg?fit=1200%2C900&ssl=1&resize=700%2C400 2x, https:\/\/i0.wp.com\/larevistadigital.com.ar\/blog\/wp-content\/uploads\/homenaje-a-Evita.jpg?fit=1200%2C900&ssl=1&resize=1050%2C600 3x"},"classes":[]},{"id":32592,"url":"https:\/\/larevistadigital.com.ar\/blog\/chascomus-el-partido-justicialista-homenajeara-manana-a-eva-peron\/","url_meta":{"origin":11564,"position":1},"title":"CHASCOM\u00daS: EL PARTIDO JUSTICIALISTA HOMENAJEAR\u00c1 MA\u00d1ANA A EVA PERON","author":"Alejandro Sosa Ruda","date":"26 julio, 2023","format":false,"excerpt":"El acto se llevar\u00e1 a cabo a las 16,30 horas. 25 de julio de 2023 CHASCOM\u00daS -\u00a0 El d\u00eda de ma\u00f1ana, mi\u00e9rcoles 26 de julio de 2023 se cumplir\u00e1n 71 a\u00f1os del fallecimiento de Eva Per\u00f3n, y el Partido Justicialista de Chascom\u00fas realizar\u00e1 un homenaje a la l\u00edder de los\u2026","rel":"","context":"En \u00abINTERES GENERAL\u00bb","block_context":{"text":"INTERES GENERAL","link":"https:\/\/larevistadigital.com.ar\/blog\/category\/interes-general\/"},"img":{"alt_text":"","src":"https:\/\/i0.wp.com\/larevistadigital.com.ar\/blog\/wp-content\/uploads\/363441014_666857208808069_6647322409174583381_n.jpg?fit=675%2C1200&ssl=1&resize=350%2C200","width":350,"height":200,"srcset":"https:\/\/i0.wp.com\/larevistadigital.com.ar\/blog\/wp-content\/uploads\/363441014_666857208808069_6647322409174583381_n.jpg?fit=675%2C1200&ssl=1&resize=350%2C200 1x, https:\/\/i0.wp.com\/larevistadigital.com.ar\/blog\/wp-content\/uploads\/363441014_666857208808069_6647322409174583381_n.jpg?fit=675%2C1200&ssl=1&resize=525%2C300 1.5x"},"classes":[]},{"id":46702,"url":"https:\/\/larevistadigital.com.ar\/blog\/el-peronismo-de-chascomus-homenajeo-a-eva-peron-con-un-acto-e-inauguro-una-nueva-senalizacion-en-el-paseo-que-lleva-su-nombre\/","url_meta":{"origin":11564,"position":2},"title":"El peronismo de Chascom\u00fas homenaje\u00f3 a Eva Per\u00f3n con un acto e inaugur\u00f3 una nueva se\u00f1alizaci\u00f3n en el paseo que lleva su nombre","author":"Alejandro Sosa Ruda","date":"26 julio, 2026","format":false,"excerpt":"En un nuevo aniversario del paso a la inmortalidad de Eva Per\u00f3n, el Partido Justicialista de Chascom\u00fas realiz\u00f3 un acto conmemorativo en la Costanera. Durante la jornada se inaugur\u00f3 una nueva se\u00f1alizaci\u00f3n del paseo que lleva el nombre de \"Evita\" y participaron representantes de los distintos sectores del peronismo local.\u2026","rel":"","context":"En \u00abDESTACADAS\u00bb","block_context":{"text":"DESTACADAS","link":"https:\/\/larevistadigital.com.ar\/blog\/category\/destacadas\/"},"img":{"alt_text":"","src":"https:\/\/i0.wp.com\/larevistadigital.com.ar\/blog\/wp-content\/uploads\/3-10.jpg?fit=853%2C568&ssl=1&resize=350%2C200","width":350,"height":200,"srcset":"https:\/\/i0.wp.com\/larevistadigital.com.ar\/blog\/wp-content\/uploads\/3-10.jpg?fit=853%2C568&ssl=1&resize=350%2C200 1x, https:\/\/i0.wp.com\/larevistadigital.com.ar\/blog\/wp-content\/uploads\/3-10.jpg?fit=853%2C568&ssl=1&resize=525%2C300 1.5x, https:\/\/i0.wp.com\/larevistadigital.com.ar\/blog\/wp-content\/uploads\/3-10.jpg?fit=853%2C568&ssl=1&resize=700%2C400 2x"},"classes":[]},{"id":11208,"url":"https:\/\/larevistadigital.com.ar\/blog\/castelli-comenzo-la-apertura-de-calles-en-el-barrio-eva-duarte-de-peron\/","url_meta":{"origin":11564,"position":3},"title":"CASTELLI: COMENZ\u00d3 LA APERTURA DE CALLES EN EL BARRIO EVA DUARTE DE PER\u00d3N","author":"Alejandro Sosa Ruda","date":"11 julio, 2019","format":false,"excerpt":"Este fin de semana, se inici\u00f3 el trabajo con las m\u00e1quinas y retro excavadoras para realizar la demarcaci\u00f3n de las calles y la apertura del paso en lo que ser\u00e1 el futuro Barrio Eva Duarte de Per\u00f3n. All\u00ed se construir\u00e1n viviendas para m\u00e1s de 100 familias de Castelli y se\u2026","rel":"","context":"En \u00abCASTELLI\u00bb","block_context":{"text":"CASTELLI","link":"https:\/\/larevistadigital.com.ar\/blog\/category\/castelli\/"},"img":{"alt_text":"","src":"https:\/\/i0.wp.com\/larevistadigital.com.ar\/blog\/wp-content\/uploads\/66582648_1210025609167139_440251460853170176_o.jpg?fit=1200%2C800&ssl=1&resize=350%2C200","width":350,"height":200,"srcset":"https:\/\/i0.wp.com\/larevistadigital.com.ar\/blog\/wp-content\/uploads\/66582648_1210025609167139_440251460853170176_o.jpg?fit=1200%2C800&ssl=1&resize=350%2C200 1x, https:\/\/i0.wp.com\/larevistadigital.com.ar\/blog\/wp-content\/uploads\/66582648_1210025609167139_440251460853170176_o.jpg?fit=1200%2C800&ssl=1&resize=525%2C300 1.5x, https:\/\/i0.wp.com\/larevistadigital.com.ar\/blog\/wp-content\/uploads\/66582648_1210025609167139_440251460853170176_o.jpg?fit=1200%2C800&ssl=1&resize=700%2C400 2x, https:\/\/i0.wp.com\/larevistadigital.com.ar\/blog\/wp-content\/uploads\/66582648_1210025609167139_440251460853170176_o.jpg?fit=1200%2C800&ssl=1&resize=1050%2C600 3x"},"classes":[]},{"id":36809,"url":"https:\/\/larevistadigital.com.ar\/blog\/kicillof-participo-de-la-marcha-de-las-antorchas-en-homenaje-a-evita\/","url_meta":{"origin":11564,"position":4},"title":"KICILLOF PARTICIP\u00d3 DE LA MARCHA DE LAS ANTORCHAS EN HOMENAJE A EVITA","author":"Alejandro Sosa Ruda","date":"28 julio, 2024","format":false,"excerpt":"Con motivo del 72\u00b0 aniversario del fallecimiento de Eva Per\u00f3n, el gobernador de la provincia de Buenos Aires, Axel Kicillof, asisti\u00f3 este viernes en Moreno junto a la intendenta Mariel Fern\u00e1ndez a un acto de homenaje que incluy\u00f3 la tradicional \u201cMarcha de las Antorchas\u201d, que se desarroll\u00f3 desde el Palacio\u2026","rel":"","context":"En \u00abINTERES GENERAL\u00bb","block_context":{"text":"INTERES GENERAL","link":"https:\/\/larevistadigital.com.ar\/blog\/category\/interes-general\/"},"img":{"alt_text":"","src":"https:\/\/i0.wp.com\/larevistadigital.com.ar\/blog\/wp-content\/uploads\/20240727171746_kicillof-marcha-antorchaas-moreno.jpg?fit=880%2C512&ssl=1&resize=350%2C200","width":350,"height":200,"srcset":"https:\/\/i0.wp.com\/larevistadigital.com.ar\/blog\/wp-content\/uploads\/20240727171746_kicillof-marcha-antorchaas-moreno.jpg?fit=880%2C512&ssl=1&resize=350%2C200 1x, https:\/\/i0.wp.com\/larevistadigital.com.ar\/blog\/wp-content\/uploads\/20240727171746_kicillof-marcha-antorchaas-moreno.jpg?fit=880%2C512&ssl=1&resize=525%2C300 1.5x, https:\/\/i0.wp.com\/larevistadigital.com.ar\/blog\/wp-content\/uploads\/20240727171746_kicillof-marcha-antorchaas-moreno.jpg?fit=880%2C512&ssl=1&resize=700%2C400 2x"},"classes":[]},{"id":6912,"url":"https:\/\/larevistadigital.com.ar\/blog\/javier-gaston-encabezo-el-acto-de-emplazamiento-del-busto-de-evita\/","url_meta":{"origin":11564,"position":5},"title":"JAVIER GAST\u00d3N ENCABEZ\u00d3 EL ACTO DE EMPLAZAMIENTO DEL BUSTO DE EVITA","author":"Alejandro Sosa Ruda","date":"18 octubre, 2018","format":false,"excerpt":"En el marco de la conmemoraci\u00f3n por el d\u00eda de la Lealtad, el intendente municipal particip\u00f3 de un emotivo acto en el que se restituy\u00f3 a su atril original el busto de Eva Duarte de Per\u00f3n. Acompa\u00f1ado por el ex jefe comunal, Miguel \u00c1ngel Tocci, y en una clara expresi\u00f3n\u2026","rel":"","context":"En \u00abPOLITICA\u00bb","block_context":{"text":"POLITICA","link":"https:\/\/larevistadigital.com.ar\/blog\/category\/politica\/"},"img":{"alt_text":"","src":"https:\/\/i0.wp.com\/larevistadigital.com.ar\/blog\/wp-content\/uploads\/2018\/10\/44283502_2109452362408971_6528249779095339008_o.jpg?fit=1200%2C800&ssl=1&resize=350%2C200","width":350,"height":200,"srcset":"https:\/\/i0.wp.com\/larevistadigital.com.ar\/blog\/wp-content\/uploads\/2018\/10\/44283502_2109452362408971_6528249779095339008_o.jpg?fit=1200%2C800&ssl=1&resize=350%2C200 1x, https:\/\/i0.wp.com\/larevistadigital.com.ar\/blog\/wp-content\/uploads\/2018\/10\/44283502_2109452362408971_6528249779095339008_o.jpg?fit=1200%2C800&ssl=1&resize=525%2C300 1.5x, https:\/\/i0.wp.com\/larevistadigital.com.ar\/blog\/wp-content\/uploads\/2018\/10\/44283502_2109452362408971_6528249779095339008_o.jpg?fit=1200%2C800&ssl=1&resize=700%2C400 2x, https:\/\/i0.wp.com\/larevistadigital.com.ar\/blog\/wp-content\/uploads\/2018\/10\/44283502_2109452362408971_6528249779095339008_o.jpg?fit=1200%2C800&ssl=1&resize=1050%2C600 3x"},"classes":[]}],"_links":{"self":[{"href":"https:\/\/larevistadigital.com.ar\/blog\/wp-json\/wp\/v2\/posts\/11564","targetHints":{"allow":["GET"]}}],"collection":[{"href":"https:\/\/larevistadigital.com.ar\/blog\/wp-json\/wp\/v2\/posts"}],"about":[{"href":"https:\/\/larevistadigital.com.ar\/blog\/wp-json\/wp\/v2\/types\/post"}],"author":[{"embeddable":true,"href":"https:\/\/larevistadigital.com.ar\/blog\/wp-json\/wp\/v2\/users\/3"}],"replies":[{"embeddable":true,"href":"https:\/\/larevistadigital.com.ar\/blog\/wp-json\/wp\/v2\/comments?post=11564"}],"version-history":[{"count":1,"href":"https:\/\/larevistadigital.com.ar\/blog\/wp-json\/wp\/v2\/posts\/11564\/revisions"}],"predecessor-version":[{"id":11566,"href":"https:\/\/larevistadigital.com.ar\/blog\/wp-json\/wp\/v2\/posts\/11564\/revisions\/11566"}],"wp:featuredmedia":[{"embeddable":true,"href":"https:\/\/larevistadigital.com.ar\/blog\/wp-json\/wp\/v2\/media\/11565"}],"wp:attachment":[{"href":"https:\/\/larevistadigital.com.ar\/blog\/wp-json\/wp\/v2\/media?parent=11564"}],"wp:term":[{"taxonomy":"category","embeddable":true,"href":"https:\/\/larevistadigital.com.ar\/blog\/wp-json\/wp\/v2\/categories?post=11564"},{"taxonomy":"post_tag","embeddable":true,"href":"https:\/\/larevistadigital.com.ar\/blog\/wp-json\/wp\/v2\/tags?post=11564"}],"curies":[{"name":"wp","href":"https:\/\/api.w.org\/{rel}","templated":true}]}}