{"id":11649,"date":"2019-07-31T07:27:32","date_gmt":"2019-07-31T07:27:32","guid":{"rendered":"https:\/\/larevistadigital.com.ar\/blog\/?p=11649"},"modified":"2019-07-31T07:27:32","modified_gmt":"2019-07-31T07:27:32","slug":"brandsen-la-lista-de-zarlenga-no-podra-participar-de-las-paso","status":"publish","type":"post","link":"https:\/\/larevistadigital.com.ar\/blog\/brandsen-la-lista-de-zarlenga-no-podra-participar-de-las-paso\/","title":{"rendered":"BRANDSEN: LA LISTA DE ZARLENGA NO PODR\u00c1 PARTICIPAR DE LAS PASO"},"content":{"rendered":"<p><strong>COMUNICADO DE LA LISTA DE MARCELO ZARLENGA<\/strong><\/p>\n<p>\u00abHoy sali\u00f3 publicado el fallo del juzgado en lo civil y comercial N\u00b020 de La Plata dirigido por la Dra Luciana Tedesco del Rivero rechazando la acci\u00f3n de amparo presentado por nosotros. Nos vemos impedidos de presentarnos en las PASO. Fue vulnerado tanto nuestro derecho a participar como el de los ciudadanos a elegir libremente al candidato que conduzca al\u00a0<strong>FRENTE DE TODOS\u00a0<\/strong>de cara a las elecciones de octubre. Nacimos con un compromiso de defender el Proyecto Nacional y Popular para aportar nuestras miradas y construir una alternativa para las y los brandse\u00f1os. En este tiempo hemos conformado un grupo humano consolidado, que puso el alma en cada una de las acciones. Puso su convicci\u00f3n, sus ideales y cuerpo en los recorridos por las calles, d\u00eda y noche. Gracias a cada uno de las y los vecinos, comerciantes, instituciones, organizaciones y referentes que nos recibieron y por manifestarnos su apoyo. Llegamos para quedarnos y sabemos que el adversario es el modelo de pa\u00eds para unos pocos.\u00a0<strong>SEGUIREMOS LUCHANDO PORQUE QUEREMOS Y SABEMOS QUE UN\u00a0<a title=\"Brandsen\" href=\"https:\/\/detrasdelanoticia.com.ar\/ciudad\/brandsen\/\" target=\"_blank\" rel=\"noopener noreferrer\" data-seo-automated-link-building=\"1\" data-title=\"Brandsen\">BRANDSEN<\/a>\u00a0MEJOR ES POSIBLE\u201d<\/strong>. Finalizaron<\/p>\n","protected":false},"excerpt":{"rendered":"<div class=\"mh-excerpt\"><p>COMUNICADO DE LA LISTA DE MARCELO ZARLENGA \u00abHoy sali\u00f3 publicado el fallo del juzgado en lo civil y comercial N\u00b020 de La Plata dirigido por la Dra Luciana Tedesco del Rivero rechazando la acci\u00f3n de <a class=\"mh-excerpt-more\" href=\"https:\/\/larevistadigital.com.ar\/blog\/brandsen-la-lista-de-zarlenga-no-podra-participar-de-las-paso\/\" title=\"BRANDSEN: LA LISTA DE ZARLENGA NO PODR\u00c1 PARTICIPAR DE LAS PASO\">[Leer M\u00e1s]<\/a><\/p>\n<\/div>","protected":false},"author":3,"featured_media":11650,"comment_status":"open","ping_status":"open","sticky":false,"template":"","format":"standard","meta":{"_jetpack_memberships_contains_paid_content":false,"footnotes":"","jetpack_publicize_message":"","jetpack_publicize_feature_enabled":true,"jetpack_social_post_already_shared":true,"jetpack_social_options":{"image_generator_settings":{"template":"highway","default_image_id":0,"font":"","enabled":false},"version":2}},"categories":[51],"tags":[],"class_list":{"0":"post-11649","1":"post","2":"type-post","3":"status-publish","4":"format-standard","5":"has-post-thumbnail","7":"category-regionales"},"jetpack_publicize_connections":[],"jetpack_featured_media_url":"https:\/\/i0.wp.com\/larevistadigital.com.ar\/blog\/wp-content\/uploads\/IMG-20190730-WA0028.jpg?fit=1242%2C720&ssl=1","jetpack_sharing_enabled":true,"jetpack_shortlink":"https:\/\/wp.me\/p8qtrQ-31T","jetpack-related-posts":[{"id":21993,"url":"https:\/\/larevistadigital.com.ar\/blog\/luego-de-la-derrota-de-las-paso-el-gabinete-bonaerense-puso-a-disposicion-su-renuncia-ante-kicillof\/","url_meta":{"origin":11649,"position":0},"title":"LUEGO DE LA DERROTA DE LAS PASO, EL GABINETE BONAERENSE PUSO A DISPOSICI\u00d3N SU RENUNCIA ANTE KICILLOF","author":"Alejandro Sosa Ruda","date":"15 septiembre, 2021","format":false,"excerpt":"La totalidad de los ministros bonaerenses puso su renuncia a disposici\u00f3n del gobernador Axel Kicillof, como consecuencia de la derrota que sufri\u00f3 el Frente de Todos en las elecciones primarias del pasado domingo, revel\u00f3 la ministra de Gobierno, Teresa Garc\u00eda, quien adem\u00e1s consider\u00f3 que \u201ces lo que corresponde y ahora\u2026","rel":"","context":"En \u00abINTERES GENERAL\u00bb","block_context":{"text":"INTERES GENERAL","link":"https:\/\/larevistadigital.com.ar\/blog\/category\/interes-general\/"},"img":{"alt_text":"","src":"https:\/\/i0.wp.com\/larevistadigital.com.ar\/blog\/wp-content\/uploads\/Captura-de-pantalla-2021-09-15-150756.jpg?fit=1010%2C668&ssl=1&resize=350%2C200","width":350,"height":200,"srcset":"https:\/\/i0.wp.com\/larevistadigital.com.ar\/blog\/wp-content\/uploads\/Captura-de-pantalla-2021-09-15-150756.jpg?fit=1010%2C668&ssl=1&resize=350%2C200 1x, https:\/\/i0.wp.com\/larevistadigital.com.ar\/blog\/wp-content\/uploads\/Captura-de-pantalla-2021-09-15-150756.jpg?fit=1010%2C668&ssl=1&resize=525%2C300 1.5x, https:\/\/i0.wp.com\/larevistadigital.com.ar\/blog\/wp-content\/uploads\/Captura-de-pantalla-2021-09-15-150756.jpg?fit=1010%2C668&ssl=1&resize=700%2C400 2x"},"classes":[]},{"id":2335,"url":"https:\/\/larevistadigital.com.ar\/blog\/randazzo-prepara-su-tropa-y-no-se-deja-amedrentar\/","url_meta":{"origin":11649,"position":1},"title":"RANDAZZO PREPARA SU TROPA Y NO SE DEJA AMEDRENTAR","author":"Alejandro Sosa Ruda","date":"9 junio, 2017","format":false,"excerpt":"Es tiempo de incertidumbre y dudas en el Partido Justicialista. Cristina a\u00fan no confirma su participaci\u00f3n en las pr\u00f3ximas elecciones, pero se especula que ir\u00eda encabezando un frente ciudadano, mientras que Florencio Randazzo no cede en su postura de participar de las PASO. Pese a que algunos kirchneristas supon\u00edan que,\u2026","rel":"","context":"En \u00abCHASCOM\u00daS\u00bb","block_context":{"text":"CHASCOM\u00daS","link":"https:\/\/larevistadigital.com.ar\/blog\/category\/chascomus\/"},"img":{"alt_text":"","src":"https:\/\/i0.wp.com\/larevistadigital.com.ar\/blog\/wp-content\/uploads\/2017\/06\/randazzo.jpg?fit=1200%2C831&ssl=1&resize=350%2C200","width":350,"height":200,"srcset":"https:\/\/i0.wp.com\/larevistadigital.com.ar\/blog\/wp-content\/uploads\/2017\/06\/randazzo.jpg?fit=1200%2C831&ssl=1&resize=350%2C200 1x, https:\/\/i0.wp.com\/larevistadigital.com.ar\/blog\/wp-content\/uploads\/2017\/06\/randazzo.jpg?fit=1200%2C831&ssl=1&resize=525%2C300 1.5x, https:\/\/i0.wp.com\/larevistadigital.com.ar\/blog\/wp-content\/uploads\/2017\/06\/randazzo.jpg?fit=1200%2C831&ssl=1&resize=700%2C400 2x, https:\/\/i0.wp.com\/larevistadigital.com.ar\/blog\/wp-content\/uploads\/2017\/06\/randazzo.jpg?fit=1200%2C831&ssl=1&resize=1050%2C600 3x"},"classes":[]},{"id":38679,"url":"https:\/\/larevistadigital.com.ar\/blog\/hubo-dictamen-en-el-senado-para-la-suspension-de-las-paso\/","url_meta":{"origin":11649,"position":2},"title":"Hubo dictamen en el Senado para la suspensi\u00f3n de las PASO","author":"Alejandro Sosa Ruda","date":"13 febrero, 2025","format":false,"excerpt":"El oficialismo libertario logr\u00f3 avanzar en la suspensi\u00f3n de las PASO. Los senadores kirchneristas no tomaron posici\u00f3n y la votaci\u00f3n promete ser ajustada. 13 de Febrero de 2025 El oficialismo libertario dio un paso clave en el Senado al lograr el dictamen de mayor\u00eda para la suspensi\u00f3n de las\u00a0Elecciones Primarias,\u2026","rel":"","context":"En \u00abDESTACADAS\u00bb","block_context":{"text":"DESTACADAS","link":"https:\/\/larevistadigital.com.ar\/blog\/category\/destacadas\/"},"img":{"alt_text":"","src":"https:\/\/i0.wp.com\/larevistadigital.com.ar\/blog\/wp-content\/uploads\/Captura-de-pantalla-2025-02-13-074554.jpg?fit=891%2C502&ssl=1&resize=350%2C200","width":350,"height":200,"srcset":"https:\/\/i0.wp.com\/larevistadigital.com.ar\/blog\/wp-content\/uploads\/Captura-de-pantalla-2025-02-13-074554.jpg?fit=891%2C502&ssl=1&resize=350%2C200 1x, https:\/\/i0.wp.com\/larevistadigital.com.ar\/blog\/wp-content\/uploads\/Captura-de-pantalla-2025-02-13-074554.jpg?fit=891%2C502&ssl=1&resize=525%2C300 1.5x, https:\/\/i0.wp.com\/larevistadigital.com.ar\/blog\/wp-content\/uploads\/Captura-de-pantalla-2025-02-13-074554.jpg?fit=891%2C502&ssl=1&resize=700%2C400 2x"},"classes":[]},{"id":21970,"url":"https:\/\/larevistadigital.com.ar\/blog\/flavio-ponce-ahora-todos-quieren-salir-en-la-foto-pero-el-radicalismo-fue-la-columna-vertebral-del-triunfo-en-las-paso\/","url_meta":{"origin":11649,"position":3},"title":"FLAVIO PONCE: \u00abAHORA TODOS QUIEREN SALIR EN LA FOTO, PERO EL RADICALISMO FUE LA COLUMNA VERTEBRAL DEL TRI\u00daNFO EN LAS PASO\u00bb","author":"Alejandro Sosa Ruda","date":"14 septiembre, 2021","format":false,"excerpt":"Luego de la victoria en las PASO, apareci\u00f3 la primera pol\u00e9mica, pero en el espacio que menos se pensaba: JUNTOS. CHASCOM\u00daS - \u00a0Sucedi\u00f3 que el Presidente del Comit\u00e9 de la UCR de Chascom\u00fas, Flavio Danilo Ponce, hizo una publicaci\u00f3n en su cuenta personal de facebook, donde efect\u00faa un an\u00e1lisis de\u2026","rel":"","context":"En \u00abINTERES GENERAL\u00bb","block_context":{"text":"INTERES GENERAL","link":"https:\/\/larevistadigital.com.ar\/blog\/category\/interes-general\/"},"img":{"alt_text":"","src":"https:\/\/i0.wp.com\/larevistadigital.com.ar\/blog\/wp-content\/uploads\/FLAVIO-PONCE-1.jpg?fit=1000%2C1195&ssl=1&resize=350%2C200","width":350,"height":200,"srcset":"https:\/\/i0.wp.com\/larevistadigital.com.ar\/blog\/wp-content\/uploads\/FLAVIO-PONCE-1.jpg?fit=1000%2C1195&ssl=1&resize=350%2C200 1x, https:\/\/i0.wp.com\/larevistadigital.com.ar\/blog\/wp-content\/uploads\/FLAVIO-PONCE-1.jpg?fit=1000%2C1195&ssl=1&resize=525%2C300 1.5x, https:\/\/i0.wp.com\/larevistadigital.com.ar\/blog\/wp-content\/uploads\/FLAVIO-PONCE-1.jpg?fit=1000%2C1195&ssl=1&resize=700%2C400 2x"},"classes":[]},{"id":45546,"url":"https:\/\/larevistadigital.com.ar\/blog\/abad-pidio-modernizar-las-paso-y-advirtio-sobre-eliminar-el-sistema\/","url_meta":{"origin":11649,"position":4},"title":"Abad pidi\u00f3 \u201cmodernizar\u201d las PASO y advirti\u00f3 sobre eliminar el sistema","author":"Alejandro Sosa Ruda","date":"7 mayo, 2026","format":false,"excerpt":"El senador sostuvo que cualquier reforma debe mejorar la transparencia, la confianza y la calidad de la representaci\u00f3n, y rechaz\u00f3 volver a un sistema sin primarias. El senador nacional\u00a0Maximiliano Abad\u00a0se pronunci\u00f3 sobre la reforma electoral impulsada por el Gobierno nacional y dej\u00f3 en claro su postura respecto a las Primarias\u2026","rel":"","context":"En \u00abPOLITICA\u00bb","block_context":{"text":"POLITICA","link":"https:\/\/larevistadigital.com.ar\/blog\/category\/politica\/"},"img":{"alt_text":"","src":"https:\/\/i0.wp.com\/larevistadigital.com.ar\/blog\/wp-content\/uploads\/Captura-de-pantalla-2026-05-07-132210.jpg?fit=735%2C498&ssl=1&resize=350%2C200","width":350,"height":200,"srcset":"https:\/\/i0.wp.com\/larevistadigital.com.ar\/blog\/wp-content\/uploads\/Captura-de-pantalla-2026-05-07-132210.jpg?fit=735%2C498&ssl=1&resize=350%2C200 1x, https:\/\/i0.wp.com\/larevistadigital.com.ar\/blog\/wp-content\/uploads\/Captura-de-pantalla-2026-05-07-132210.jpg?fit=735%2C498&ssl=1&resize=525%2C300 1.5x, https:\/\/i0.wp.com\/larevistadigital.com.ar\/blog\/wp-content\/uploads\/Captura-de-pantalla-2026-05-07-132210.jpg?fit=735%2C498&ssl=1&resize=700%2C400 2x"},"classes":[]},{"id":2485,"url":"https:\/\/larevistadigital.com.ar\/blog\/cambiemos-en-las-paso-107-distritos-con-lista-de-unidad-16-con-internas-y-12-en-veremos\/","url_meta":{"origin":11649,"position":5},"title":"CAMBIEMOS EN LAS PASO: 107 DISTRITOS CON LISTA DE UNIDAD, 16 CON INTERNAS Y 12 EN VEREMOS\u2026","author":"Alejandro Sosa Ruda","date":"22 junio, 2017","format":false,"excerpt":"La idea de \u201cCambiemos\u201d es llevar la unidad a todos los distritos que sea posible, pero el panorama se presenta complicado en algunos lugares, mientras que en 16 ciudades, la suerte estar\u00eda echada y habr\u00eda enfrentamiento en las PASO. Seg\u00fan un informe que brinda la revista La Tecla, los distritos\u2026","rel":"","context":"En \u00abCHASCOM\u00daS\u00bb","block_context":{"text":"CHASCOM\u00daS","link":"https:\/\/larevistadigital.com.ar\/blog\/category\/chascomus\/"},"img":{"alt_text":"","src":"https:\/\/i0.wp.com\/larevistadigital.com.ar\/blog\/wp-content\/uploads\/2017\/06\/elecciones.jpg?fit=800%2C520&ssl=1&resize=350%2C200","width":350,"height":200,"srcset":"https:\/\/i0.wp.com\/larevistadigital.com.ar\/blog\/wp-content\/uploads\/2017\/06\/elecciones.jpg?fit=800%2C520&ssl=1&resize=350%2C200 1x, https:\/\/i0.wp.com\/larevistadigital.com.ar\/blog\/wp-content\/uploads\/2017\/06\/elecciones.jpg?fit=800%2C520&ssl=1&resize=525%2C300 1.5x, https:\/\/i0.wp.com\/larevistadigital.com.ar\/blog\/wp-content\/uploads\/2017\/06\/elecciones.jpg?fit=800%2C520&ssl=1&resize=700%2C400 2x"},"classes":[]}],"_links":{"self":[{"href":"https:\/\/larevistadigital.com.ar\/blog\/wp-json\/wp\/v2\/posts\/11649","targetHints":{"allow":["GET"]}}],"collection":[{"href":"https:\/\/larevistadigital.com.ar\/blog\/wp-json\/wp\/v2\/posts"}],"about":[{"href":"https:\/\/larevistadigital.com.ar\/blog\/wp-json\/wp\/v2\/types\/post"}],"author":[{"embeddable":true,"href":"https:\/\/larevistadigital.com.ar\/blog\/wp-json\/wp\/v2\/users\/3"}],"replies":[{"embeddable":true,"href":"https:\/\/larevistadigital.com.ar\/blog\/wp-json\/wp\/v2\/comments?post=11649"}],"version-history":[{"count":1,"href":"https:\/\/larevistadigital.com.ar\/blog\/wp-json\/wp\/v2\/posts\/11649\/revisions"}],"predecessor-version":[{"id":11651,"href":"https:\/\/larevistadigital.com.ar\/blog\/wp-json\/wp\/v2\/posts\/11649\/revisions\/11651"}],"wp:featuredmedia":[{"embeddable":true,"href":"https:\/\/larevistadigital.com.ar\/blog\/wp-json\/wp\/v2\/media\/11650"}],"wp:attachment":[{"href":"https:\/\/larevistadigital.com.ar\/blog\/wp-json\/wp\/v2\/media?parent=11649"}],"wp:term":[{"taxonomy":"category","embeddable":true,"href":"https:\/\/larevistadigital.com.ar\/blog\/wp-json\/wp\/v2\/categories?post=11649"},{"taxonomy":"post_tag","embeddable":true,"href":"https:\/\/larevistadigital.com.ar\/blog\/wp-json\/wp\/v2\/tags?post=11649"}],"curies":[{"name":"wp","href":"https:\/\/api.w.org\/{rel}","templated":true}]}}