{"id":11659,"date":"2019-07-31T08:36:14","date_gmt":"2019-07-31T08:36:14","guid":{"rendered":"https:\/\/larevistadigital.com.ar\/blog\/?p=11659"},"modified":"2019-07-31T08:36:14","modified_gmt":"2019-07-31T08:36:14","slug":"desde-el-jueves-nuevo-aumento-de-la-nafta-sera-entre-un-2-y-un-25","status":"publish","type":"post","link":"https:\/\/larevistadigital.com.ar\/blog\/desde-el-jueves-nuevo-aumento-de-la-nafta-sera-entre-un-2-y-un-25\/","title":{"rendered":"DESDE EL JUEVES, NUEVO AUMENTO DE LA NAFTA: SER\u00c1 ENTRE UN 2 Y UN 2,5%"},"content":{"rendered":"<p>En el inicio de agosto, las\u00a0<strong>petroleras\u00a0<\/strong>volver\u00e1n a aplicar un aumento en los precios de los\u00a0<strong>combustibles<\/strong>, luego del \u00faltimo incremento que se registr\u00f3 a principios de julio.\u00a0<strong>La suba est\u00e1 estimada entre el 2% y el 2,5%.<\/strong><\/p>\n<p>El incremento tiene que ver con la aplicaci\u00f3n del\u00a0<strong>impuesto a los combustibles<\/strong>, que sube en funci\u00f3n de la inflaci\u00f3n del primer trimestre. En Julio, el Gobierno nacional decidi\u00f3 desdoblarlo -era un 5% en total- para moderar el impacto en los bolsillos. En ese momento, las petroleras aumentaron un 2,5% los valores de las naftas y un 1,75% el precio del gasoil. Entonces, con los primeros d\u00edas de agosto se aplicar\u00e1 el porcentaje restante.<\/p>\n<blockquote>\n<h3>Desde el sector estiman que las petroleras tambi\u00e9n actualizar\u00e1n el importe no s\u00f3lo por el factor impositivo, sino adem\u00e1s buscar\u00e1n recomponer las tarifas ya que las compa\u00f1\u00edas consideran que los precios est\u00e1n atrasados un 10% en relaci\u00f3n a la variaci\u00f3n del tipo de cambio y el precio internacional del petr\u00f3leo en lo que va del a\u00f1o.<\/h3>\n<\/blockquote>\n<p>PUBLICADO EN 0223<\/p>\n","protected":false},"excerpt":{"rendered":"<div class=\"mh-excerpt\"><p>En el inicio de agosto, las\u00a0petroleras\u00a0volver\u00e1n a aplicar un aumento en los precios de los\u00a0combustibles, luego del \u00faltimo incremento que se registr\u00f3 a principios de julio.\u00a0La suba est\u00e1 estimada entre el 2% y el 2,5%. <a class=\"mh-excerpt-more\" href=\"https:\/\/larevistadigital.com.ar\/blog\/desde-el-jueves-nuevo-aumento-de-la-nafta-sera-entre-un-2-y-un-25\/\" title=\"DESDE EL JUEVES, NUEVO AUMENTO DE LA NAFTA: SER\u00c1 ENTRE UN 2 Y UN 2,5%\">[Leer M\u00e1s]<\/a><\/p>\n<\/div>","protected":false},"author":3,"featured_media":11660,"comment_status":"open","ping_status":"open","sticky":false,"template":"","format":"standard","meta":{"_jetpack_memberships_contains_paid_content":false,"footnotes":"","jetpack_publicize_message":"","jetpack_publicize_feature_enabled":true,"jetpack_social_post_already_shared":true,"jetpack_social_options":{"image_generator_settings":{"template":"highway","default_image_id":0,"font":"","enabled":false},"version":2}},"categories":[50],"tags":[],"class_list":{"0":"post-11659","1":"post","2":"type-post","3":"status-publish","4":"format-standard","5":"has-post-thumbnail","7":"category-interes-general"},"jetpack_publicize_connections":[],"jetpack_featured_media_url":"https:\/\/i0.wp.com\/larevistadigital.com.ar\/blog\/wp-content\/uploads\/1564574582133.jpeg?fit=1174%2C716&ssl=1","jetpack_sharing_enabled":true,"jetpack_shortlink":"https:\/\/wp.me\/p8qtrQ-323","jetpack-related-posts":[{"id":29796,"url":"https:\/\/larevistadigital.com.ar\/blog\/como-lo-habia-hecho-shell-ayer-ypf-aumento-un-4-los-combustibles\/","url_meta":{"origin":11659,"position":0},"title":"COMO LO HAB\u00cdA HECHO SHELL, AYER YPF AUMENT\u00d3 UN 4% LOS COMBUSTIBLES.","author":"Alejandro Sosa Ruda","date":"17 enero, 2023","format":false,"excerpt":"La compa\u00f1\u00eda de mayor\u00eda estatal tambi\u00e9n aplic\u00f3 el incremento autorizado por el acuerdo con el Gobierno. 17 de enero de 2023 La petrolera\u00a0YPF increment\u00f3 el 4%\u00a0en promedio para todos los combustibles desde las 0 horas de este lunes, lo que se sum\u00f3 al ajuste que hab\u00eda puesto en marcha\u00a0Shell. La\u2026","rel":"","context":"En \u00abECONOMIA\u00bb","block_context":{"text":"ECONOMIA","link":"https:\/\/larevistadigital.com.ar\/blog\/category\/economia\/"},"img":{"alt_text":"","src":"https:\/\/i0.wp.com\/larevistadigital.com.ar\/blog\/wp-content\/uploads\/a9c511aa98ec9c3001817830934a0b650aaf9ea5.jpg?fit=1140%2C759&ssl=1&resize=350%2C200","width":350,"height":200,"srcset":"https:\/\/i0.wp.com\/larevistadigital.com.ar\/blog\/wp-content\/uploads\/a9c511aa98ec9c3001817830934a0b650aaf9ea5.jpg?fit=1140%2C759&ssl=1&resize=350%2C200 1x, https:\/\/i0.wp.com\/larevistadigital.com.ar\/blog\/wp-content\/uploads\/a9c511aa98ec9c3001817830934a0b650aaf9ea5.jpg?fit=1140%2C759&ssl=1&resize=525%2C300 1.5x, https:\/\/i0.wp.com\/larevistadigital.com.ar\/blog\/wp-content\/uploads\/a9c511aa98ec9c3001817830934a0b650aaf9ea5.jpg?fit=1140%2C759&ssl=1&resize=700%2C400 2x, https:\/\/i0.wp.com\/larevistadigital.com.ar\/blog\/wp-content\/uploads\/a9c511aa98ec9c3001817830934a0b650aaf9ea5.jpg?fit=1140%2C759&ssl=1&resize=1050%2C600 3x"},"classes":[]},{"id":29129,"url":"https:\/\/larevistadigital.com.ar\/blog\/los-combustibles-se-sumaran-al-programa-de-precios-justos-y-habra-tope-para-los-aumentos\/","url_meta":{"origin":11659,"position":1},"title":"LOS COMBUSTIBLES SE SUMAR\u00c1N AL PROGRAMA DE \u00abPRECIOS JUSTOS\u00bb Y HABR\u00c1 TOPE PARA LOS AUMENTOS","author":"Alejandro Sosa Ruda","date":"28 noviembre, 2022","format":false,"excerpt":"Lo anunciar\u00e1 este lunes el ministro de Econom\u00eda, Sergio Massa. Durante cuatro meses el valor no podr\u00e1 incrementarse m\u00e1s del 4% para poder reducir la inflaci\u00f3n. 27 de noviembre de 2022 El ministro de Econom\u00eda, Sergio Massa, anunciar\u00e1\u00a0este lunes que\u00a0los combustibles integrar\u00e1n el programa de Precios Justos durante cuatro meses\u2026","rel":"","context":"En \u00abECONOMIA\u00bb","block_context":{"text":"ECONOMIA","link":"https:\/\/larevistadigital.com.ar\/blog\/category\/economia\/"},"img":{"alt_text":"","src":"https:\/\/i0.wp.com\/larevistadigital.com.ar\/blog\/wp-content\/uploads\/6002366297621.jpg?fit=1004%2C565&ssl=1&resize=350%2C200","width":350,"height":200,"srcset":"https:\/\/i0.wp.com\/larevistadigital.com.ar\/blog\/wp-content\/uploads\/6002366297621.jpg?fit=1004%2C565&ssl=1&resize=350%2C200 1x, https:\/\/i0.wp.com\/larevistadigital.com.ar\/blog\/wp-content\/uploads\/6002366297621.jpg?fit=1004%2C565&ssl=1&resize=525%2C300 1.5x, https:\/\/i0.wp.com\/larevistadigital.com.ar\/blog\/wp-content\/uploads\/6002366297621.jpg?fit=1004%2C565&ssl=1&resize=700%2C400 2x"},"classes":[]},{"id":27771,"url":"https:\/\/larevistadigital.com.ar\/blog\/datos-oficiales-la-inflacion-de-agosto-fue-del-7\/","url_meta":{"origin":11659,"position":2},"title":"DATOS OFICIALES: LA INFLACI\u00d3N DE AGOSTO FUE DEL 7%","author":"Alejandro Sosa Ruda","date":"15 septiembre, 2022","format":false,"excerpt":"El Instituto Nacional de Estad\u00edstica y Censos inform\u00f3 que el indicador registr\u00f3 un retroceso del 0,4% respecto de julio, y acumula un alza de 56,4% en los primeros ocho meses del a\u00f1o. La mayor incidencia en todas las regiones la aport\u00f3 el incremento de Alimentos y bebidas no alcoh\u00f3licas, con\u2026","rel":"","context":"En \u00abECONOMIA\u00bb","block_context":{"text":"ECONOMIA","link":"https:\/\/larevistadigital.com.ar\/blog\/category\/economia\/"},"img":{"alt_text":"","src":"https:\/\/i0.wp.com\/larevistadigital.com.ar\/blog\/wp-content\/uploads\/20220914202255_ipc-agosto-indec.jpg?fit=880%2C512&ssl=1&resize=350%2C200","width":350,"height":200,"srcset":"https:\/\/i0.wp.com\/larevistadigital.com.ar\/blog\/wp-content\/uploads\/20220914202255_ipc-agosto-indec.jpg?fit=880%2C512&ssl=1&resize=350%2C200 1x, https:\/\/i0.wp.com\/larevistadigital.com.ar\/blog\/wp-content\/uploads\/20220914202255_ipc-agosto-indec.jpg?fit=880%2C512&ssl=1&resize=525%2C300 1.5x, https:\/\/i0.wp.com\/larevistadigital.com.ar\/blog\/wp-content\/uploads\/20220914202255_ipc-agosto-indec.jpg?fit=880%2C512&ssl=1&resize=700%2C400 2x"},"classes":[]},{"id":46737,"url":"https:\/\/larevistadigital.com.ar\/blog\/colegios-privados-las-cuotas-aumentaran-un-81-entre-agosto-y-septiembre\/","url_meta":{"origin":11659,"position":3},"title":"Colegios privados: las cuotas aumentar\u00e1n un 8,1% entre agosto y septiembre","author":"Alejandro Sosa Ruda","date":"28 julio, 2026","format":false,"excerpt":"La suba ser\u00e1 el dos cuota: 5% el primer mes y 2,5% el segundo. El total da 8,1% porque el aumento del agosto incrementa la base de c\u00e1lculo. Los colegios lo consideran \"!insuficiente\". 28 de julio de 2026 Los colegios privados de la provincia aumentar\u00e1n sus cuotas un 8,1 %\u2026","rel":"","context":"En \u00abINTERES GENERAL\u00bb","block_context":{"text":"INTERES GENERAL","link":"https:\/\/larevistadigital.com.ar\/blog\/category\/interes-general\/"},"img":{"alt_text":"","src":"https:\/\/i0.wp.com\/larevistadigital.com.ar\/blog\/wp-content\/uploads\/Captura-de-pantalla-2026-07-28-162459.jpg?fit=628%2C394&ssl=1&resize=350%2C200","width":350,"height":200,"srcset":"https:\/\/i0.wp.com\/larevistadigital.com.ar\/blog\/wp-content\/uploads\/Captura-de-pantalla-2026-07-28-162459.jpg?fit=628%2C394&ssl=1&resize=350%2C200 1x, https:\/\/i0.wp.com\/larevistadigital.com.ar\/blog\/wp-content\/uploads\/Captura-de-pantalla-2026-07-28-162459.jpg?fit=628%2C394&ssl=1&resize=525%2C300 1.5x"},"classes":[]},{"id":47074,"url":"https:\/\/larevistadigital.com.ar\/blog\/los-colegios-privados-completan-la-suba-de-25-en-septiembre\/","url_meta":{"origin":11659,"position":4},"title":"Los colegios privados completan la suba de 2,5% en septiembre","author":"Alejandro Sosa Ruda","date":"25 agosto, 2026","format":false,"excerpt":"El aumento en los colegios privados bonaerenses ser\u00e1 de 2,5% el pr\u00f3ximo mes, tras el 5% autorizado de agosto. 25 de agossto de 2026 BUENOS AIRES\u00a0 -\u00a0 \u00a0 Los colegios privados de la provincia de Buenos Aires completar\u00e1n desde\u00a0septiembre\u00a0la segunda cuota del\u00a0ajuste en las tarifas\u00a0que hab\u00eda autorizado el Gobierno. Ser\u00e1\u2026","rel":"","context":"En \u00abINTERES GENERAL\u00bb","block_context":{"text":"INTERES GENERAL","link":"https:\/\/larevistadigital.com.ar\/blog\/category\/interes-general\/"},"img":{"alt_text":"","src":"https:\/\/i0.wp.com\/larevistadigital.com.ar\/blog\/wp-content\/uploads\/Captura-de-pantalla-2026-08-25-173428.jpg?fit=630%2C390&ssl=1&resize=350%2C200","width":350,"height":200,"srcset":"https:\/\/i0.wp.com\/larevistadigital.com.ar\/blog\/wp-content\/uploads\/Captura-de-pantalla-2026-08-25-173428.jpg?fit=630%2C390&ssl=1&resize=350%2C200 1x, https:\/\/i0.wp.com\/larevistadigital.com.ar\/blog\/wp-content\/uploads\/Captura-de-pantalla-2026-08-25-173428.jpg?fit=630%2C390&ssl=1&resize=525%2C300 1.5x"},"classes":[]},{"id":20235,"url":"https:\/\/larevistadigital.com.ar\/blog\/otra-vez-este-fin-de-semana-aumentara-la-nafta-un-5\/","url_meta":{"origin":11659,"position":5},"title":"\u00a1OTRA VEZ! ESTE FIN DE SEMANA AUMENTAR\u00c1 LA NAFTA UN 5%","author":"Alejandro Sosa Ruda","date":"13 mayo, 2021","format":false,"excerpt":"As\u00ed lo anunci\u00f3 el presidente de YPF y ser\u00e1 el tercer tramo del incremento anunciado el marzo, con un acumulado promedio del 15%. En las \u00faltimas horas se confirm\u00f3 que\u00a0este fin de semana los precios de la nafta y el gasoil volver\u00e1n a subir, en torno al 5%,\u00a0con lo que\u2026","rel":"","context":"En \u00abDESTACADAS\u00bb","block_context":{"text":"DESTACADAS","link":"https:\/\/larevistadigital.com.ar\/blog\/category\/destacadas\/"},"img":{"alt_text":"","src":"https:\/\/i0.wp.com\/larevistadigital.com.ar\/blog\/wp-content\/uploads\/1619910969934.jpg?fit=1200%2C696&ssl=1&resize=350%2C200","width":350,"height":200,"srcset":"https:\/\/i0.wp.com\/larevistadigital.com.ar\/blog\/wp-content\/uploads\/1619910969934.jpg?fit=1200%2C696&ssl=1&resize=350%2C200 1x, https:\/\/i0.wp.com\/larevistadigital.com.ar\/blog\/wp-content\/uploads\/1619910969934.jpg?fit=1200%2C696&ssl=1&resize=525%2C300 1.5x, https:\/\/i0.wp.com\/larevistadigital.com.ar\/blog\/wp-content\/uploads\/1619910969934.jpg?fit=1200%2C696&ssl=1&resize=700%2C400 2x, https:\/\/i0.wp.com\/larevistadigital.com.ar\/blog\/wp-content\/uploads\/1619910969934.jpg?fit=1200%2C696&ssl=1&resize=1050%2C600 3x"},"classes":[]}],"_links":{"self":[{"href":"https:\/\/larevistadigital.com.ar\/blog\/wp-json\/wp\/v2\/posts\/11659","targetHints":{"allow":["GET"]}}],"collection":[{"href":"https:\/\/larevistadigital.com.ar\/blog\/wp-json\/wp\/v2\/posts"}],"about":[{"href":"https:\/\/larevistadigital.com.ar\/blog\/wp-json\/wp\/v2\/types\/post"}],"author":[{"embeddable":true,"href":"https:\/\/larevistadigital.com.ar\/blog\/wp-json\/wp\/v2\/users\/3"}],"replies":[{"embeddable":true,"href":"https:\/\/larevistadigital.com.ar\/blog\/wp-json\/wp\/v2\/comments?post=11659"}],"version-history":[{"count":1,"href":"https:\/\/larevistadigital.com.ar\/blog\/wp-json\/wp\/v2\/posts\/11659\/revisions"}],"predecessor-version":[{"id":11661,"href":"https:\/\/larevistadigital.com.ar\/blog\/wp-json\/wp\/v2\/posts\/11659\/revisions\/11661"}],"wp:featuredmedia":[{"embeddable":true,"href":"https:\/\/larevistadigital.com.ar\/blog\/wp-json\/wp\/v2\/media\/11660"}],"wp:attachment":[{"href":"https:\/\/larevistadigital.com.ar\/blog\/wp-json\/wp\/v2\/media?parent=11659"}],"wp:term":[{"taxonomy":"category","embeddable":true,"href":"https:\/\/larevistadigital.com.ar\/blog\/wp-json\/wp\/v2\/categories?post=11659"},{"taxonomy":"post_tag","embeddable":true,"href":"https:\/\/larevistadigital.com.ar\/blog\/wp-json\/wp\/v2\/tags?post=11659"}],"curies":[{"name":"wp","href":"https:\/\/api.w.org\/{rel}","templated":true}]}}