{"id":11666,"date":"2019-07-31T11:05:41","date_gmt":"2019-07-31T11:05:41","guid":{"rendered":"https:\/\/larevistadigital.com.ar\/blog\/?p=11666"},"modified":"2019-07-31T11:05:41","modified_gmt":"2019-07-31T11:05:41","slug":"chascomus-el-chapamovil-llego-a-portales-provinciales-por-las-infracciones-que-comete","status":"publish","type":"post","link":"https:\/\/larevistadigital.com.ar\/blog\/chascomus-el-chapamovil-llego-a-portales-provinciales-por-las-infracciones-que-comete\/","title":{"rendered":"CHASCOM\u00daS: EL CHAPAM\u00d3VIL LLEG\u00d3 A PORTALES PROVINCIALES (POR LAS INFRACCIONES QUE COMETE)"},"content":{"rendered":"<p>Luego de sorprender a los vecinos de Chascom\u00fas con su presencia en barrios y calles de la ciudad, el \u00abChapam\u00f3vil\u00bb lleg\u00f3 a un portal provincial, en donde se destaca la presencia del mismo, pero no por lo original, ni por lo pintoresco, sin\u00f3 por la cantidad de infracciones que comete y que varios vecinos hicieron notar en las redes sociales.<\/p>\n<blockquote>\n<h3>Al descontento que provoc\u00f3 en muchos el pacto entre el jefe comunal Javier Gast\u00f3n y La C\u00e1mpora, se sum\u00f3 la bronca de muchos vecinos por las notorias irregularidades del bautizado \u00abChapam\u00f3vil\u00bb, cosa que hacen notar con quejas en sus comentarios en las redes sociales, adem\u00e1s de referirse al hecho que las mencionadas infracciones son controladas con sumo rigor, cuando se trata de \u00abgente com\u00fan\u00bb.<\/h3>\n<\/blockquote>\n<p>Esto trascendi\u00f3 las fronteras chascomunenses, y lleg\u00f3 entre otros al portal www.lanoticia1.com, que public\u00f3 una nota titulada: <em><strong>\u00abDenuncian que el Intendente de Chascom\u00fas hace campa\u00f1a con un veh\u00edculo fuera de regla\u00bb, (<a href=\"https:\/\/www.lanoticia1.com\/noticia\/denuncian-que-el-intendente-de-chascomus-hace-campana-con-un-vehiculo-fuera-de-regla-115974.html\">https:\/\/www.lanoticia1.com\/noticia\/denuncian-que-el-intendente-de-chascomus-hace-campana-con-un-vehiculo-fuera-de-regla-115974.html<\/a>) <\/strong><\/em>donde adem\u00e1s hace menci\u00f3n de las distintas irregularidades que el veh\u00edculo oficialista comete: \u00ab<strong>El \u00abChapam\u00f3vil\u00bb de Javier \u00abChapa\u00bb Gast\u00f3n inclumple las leyes de Tr\u00e1nsito. El cartel del jefe comunal en el que aparece con Alberto Fern\u00e1ndez y Cristina Kirchner es mucho m\u00e1s grande de lo permitido y sobresale para los costados, poniendo en serio riesgo a automovilistas y peatones. Asimismo, el letrero tapa las luces traseras e impide la visi\u00f3n del conductor. Adem\u00e1s posee un gancho de remolque que tambi\u00e9n est\u00e1 prohibido\u00bb.\u00a0<\/strong>Relata el portal.<\/p>\n<p>&nbsp;<\/p>\n<blockquote>\n<h3>Veremos si el \u00abChapam\u00f3vil\u00bb contin\u00faa circulando de esta manera, o habr\u00e1n tomado nota de los \u00abdescuidos\u00bb que cometieron y proceder\u00e1n a corregirlos para seguir haciendo campa\u00f1a, pero de manera \u00ablegal\u00bb.<\/h3>\n<\/blockquote>\n<p>FUENTE: LANOTICIA1.COM<\/p>\n","protected":false},"excerpt":{"rendered":"<div class=\"mh-excerpt\"><p>Luego de sorprender a los vecinos de Chascom\u00fas con su presencia en barrios y calles de la ciudad, el \u00abChapam\u00f3vil\u00bb lleg\u00f3 a un portal provincial, en donde se destaca la presencia del mismo, pero no <a class=\"mh-excerpt-more\" href=\"https:\/\/larevistadigital.com.ar\/blog\/chascomus-el-chapamovil-llego-a-portales-provinciales-por-las-infracciones-que-comete\/\" title=\"CHASCOM\u00daS: EL CHAPAM\u00d3VIL LLEG\u00d3 A PORTALES PROVINCIALES (POR LAS INFRACCIONES QUE COMETE)\">[Leer M\u00e1s]<\/a><\/p>\n<\/div>","protected":false},"author":3,"featured_media":11667,"comment_status":"open","ping_status":"open","sticky":false,"template":"","format":"standard","meta":{"_jetpack_memberships_contains_paid_content":false,"footnotes":"","jetpack_publicize_message":"","jetpack_publicize_feature_enabled":true,"jetpack_social_post_already_shared":true,"jetpack_social_options":{"image_generator_settings":{"template":"highway","default_image_id":0,"font":"","enabled":false},"version":2}},"categories":[41,12],"tags":[],"class_list":{"0":"post-11666","1":"post","2":"type-post","3":"status-publish","4":"format-standard","5":"has-post-thumbnail","7":"category-destacadas","8":"category-politica"},"jetpack_publicize_connections":[],"jetpack_featured_media_url":"https:\/\/i0.wp.com\/larevistadigital.com.ar\/blog\/wp-content\/uploads\/Screenshot_2-29.jpg?fit=902%2C938&ssl=1","jetpack_sharing_enabled":true,"jetpack_shortlink":"https:\/\/wp.me\/p8qtrQ-32a","jetpack-related-posts":[{"id":11600,"url":"https:\/\/larevistadigital.com.ar\/blog\/el-chapamovil-rodo-todo-el-fin-de-semana-en-chascomus-con-carteles-de-javier-gaston-junto-a-cristina-y-alberto\/","url_meta":{"origin":11666,"position":0},"title":"EL \u00abCHAPAM\u00d3VIL\u00bb ROD\u00d3 TODO EL FIN DE SEMANA EN CHASCOM\u00daS CON CARTELES DE JAVIER GASTON, JUNTO A CRISTINA Y ALBERTO","author":"Alejandro Sosa Ruda","date":"28 julio, 2019","format":false,"excerpt":"La campa\u00f1a arranc\u00f3 con mucha fuerza, y el Frente de Todos, comandado por el candidato a intendente Javier Gast\u00f3n y sobre todo la militancia de La Campora, han puesto de manifiesto en las calles de la ciudad de Chascom\u00fas que su arreglo de campa\u00f1a y posterior gobierno no se ha\u2026","rel":"","context":"En \u00abDESTACADAS\u00bb","block_context":{"text":"DESTACADAS","link":"https:\/\/larevistadigital.com.ar\/blog\/category\/destacadas\/"},"img":{"alt_text":"","src":"https:\/\/i0.wp.com\/larevistadigital.com.ar\/blog\/wp-content\/uploads\/chapamovil-chascomus.jpeg?fit=720%2C540&ssl=1&resize=350%2C200","width":350,"height":200,"srcset":"https:\/\/i0.wp.com\/larevistadigital.com.ar\/blog\/wp-content\/uploads\/chapamovil-chascomus.jpeg?fit=720%2C540&ssl=1&resize=350%2C200 1x, https:\/\/i0.wp.com\/larevistadigital.com.ar\/blog\/wp-content\/uploads\/chapamovil-chascomus.jpeg?fit=720%2C540&ssl=1&resize=525%2C300 1.5x, https:\/\/i0.wp.com\/larevistadigital.com.ar\/blog\/wp-content\/uploads\/chapamovil-chascomus.jpeg?fit=720%2C540&ssl=1&resize=700%2C400 2x"},"classes":[]},{"id":19086,"url":"https:\/\/larevistadigital.com.ar\/blog\/los-vecinos-muestran-su-indignacion-en-las-redes-por-los-abusos-de-poder-en-el-hospital-municipal-san-vicente-de-paul\/","url_meta":{"origin":11666,"position":1},"title":"LOS VECINOS MUESTRAN SU INDIGNACI\u00d3N EN LAS REDES, POR LOS ABUSOS DE PODER EN EL HOSPITAL MUNICIPAL SAN VICENTE DE PAUL","author":"Alejandro Sosa Ruda","date":"28 febrero, 2021","format":false,"excerpt":"CHASCOM\u00daS - Luego de las renuncias y despidos ocurridos durante la semana, los vecinos comenzaron a hacer notar cada vez de manera m\u00e1s expl\u00edcita y reiterada diferentes publicaciones en las que muestran su descontento con la gesti\u00f3n de la doctora Marcela Arias al frente de la Secretar\u00eda de Salud de\u2026","rel":"","context":"En \u00abDESTACADAS\u00bb","block_context":{"text":"DESTACADAS","link":"https:\/\/larevistadigital.com.ar\/blog\/category\/destacadas\/"},"img":{"alt_text":"","src":"https:\/\/i0.wp.com\/larevistadigital.com.ar\/blog\/wp-content\/uploads\/WhatsApp-Image-2021-02-27-at-16.38.15.jpeg?fit=1200%2C715&ssl=1&resize=350%2C200","width":350,"height":200,"srcset":"https:\/\/i0.wp.com\/larevistadigital.com.ar\/blog\/wp-content\/uploads\/WhatsApp-Image-2021-02-27-at-16.38.15.jpeg?fit=1200%2C715&ssl=1&resize=350%2C200 1x, https:\/\/i0.wp.com\/larevistadigital.com.ar\/blog\/wp-content\/uploads\/WhatsApp-Image-2021-02-27-at-16.38.15.jpeg?fit=1200%2C715&ssl=1&resize=525%2C300 1.5x, https:\/\/i0.wp.com\/larevistadigital.com.ar\/blog\/wp-content\/uploads\/WhatsApp-Image-2021-02-27-at-16.38.15.jpeg?fit=1200%2C715&ssl=1&resize=700%2C400 2x, https:\/\/i0.wp.com\/larevistadigital.com.ar\/blog\/wp-content\/uploads\/WhatsApp-Image-2021-02-27-at-16.38.15.jpeg?fit=1200%2C715&ssl=1&resize=1050%2C600 3x"},"classes":[]},{"id":18836,"url":"https:\/\/larevistadigital.com.ar\/blog\/chascomus-convocan-a-marcha-contra-inseguridad-por-un-sujeto-al-que-denuncian-de-gran-cantidad-de-ilicitos\/","url_meta":{"origin":11666,"position":2},"title":"CHASCOM\u00daS: CONVOCAN A MARCHA CONTRA INSEGURIDAD POR UN SUJETO AL QUE DENUNCIAN DE GRAN CANTIDAD DE IL\u00cdCITOS","author":"Alejandro Sosa Ruda","date":"12 febrero, 2021","format":false,"excerpt":"Luego de que en la noche de ayer, se produjeron algunos incidentes en donde los vecinos de calles Scalabrini Ort\u00edz e Yrigoyen quisieron linchar a un sujeto, los vecinos convocaron a una marcha en el lugar, para protestar por los continuos y graves hechos de inseguridad que lo sindican como\u2026","rel":"","context":"En \u00abDESTACADAS\u00bb","block_context":{"text":"DESTACADAS","link":"https:\/\/larevistadigital.com.ar\/blog\/category\/destacadas\/"},"img":{"alt_text":"","src":"https:\/\/i0.wp.com\/larevistadigital.com.ar\/blog\/wp-content\/uploads\/Inseguridad-en-tres-de-febrero-reunion-entre-vecinos-de-Ciuadela-y-autoridades-policiales-e1601998408101-696x392-1.jpg?fit=850%2C479&ssl=1&resize=350%2C200","width":350,"height":200,"srcset":"https:\/\/i0.wp.com\/larevistadigital.com.ar\/blog\/wp-content\/uploads\/Inseguridad-en-tres-de-febrero-reunion-entre-vecinos-de-Ciuadela-y-autoridades-policiales-e1601998408101-696x392-1.jpg?fit=850%2C479&ssl=1&resize=350%2C200 1x, https:\/\/i0.wp.com\/larevistadigital.com.ar\/blog\/wp-content\/uploads\/Inseguridad-en-tres-de-febrero-reunion-entre-vecinos-de-Ciuadela-y-autoridades-policiales-e1601998408101-696x392-1.jpg?fit=850%2C479&ssl=1&resize=525%2C300 1.5x, https:\/\/i0.wp.com\/larevistadigital.com.ar\/blog\/wp-content\/uploads\/Inseguridad-en-tres-de-febrero-reunion-entre-vecinos-de-Ciuadela-y-autoridades-policiales-e1601998408101-696x392-1.jpg?fit=850%2C479&ssl=1&resize=700%2C400 2x"},"classes":[]},{"id":46902,"url":"https:\/\/larevistadigital.com.ar\/blog\/chascomus-controles-y-prevencion-permitieron-detectar-casos-de-pesca-furtiva-en-la-laguna\/","url_meta":{"origin":11666,"position":3},"title":"Chascom\u00fas: Controles y prevenci\u00f3n permitieron detectar casos de pesca furtiva en la laguna","author":"Alejandro Sosa Ruda","date":"10 agosto, 2026","format":false,"excerpt":"Los operativos durante el fin de semana incluyeron intervenciones a partir de avisos de vecinos, controles de pesca y asistencia a embarcaciones ante las condiciones clim\u00e1ticas. 10 de agosto de 2026 CHASCOM\u00daS\u00a0 -\u00a0 \u00a0 Una comunicaci\u00f3n recibida a trav\u00e9s del sistema Ojos en Alerta permiti\u00f3 detectar una situaci\u00f3n de pesca\u2026","rel":"","context":"En \u00abDESTACADAS\u00bb","block_context":{"text":"DESTACADAS","link":"https:\/\/larevistadigital.com.ar\/blog\/category\/destacadas\/"},"img":{"alt_text":"","src":"https:\/\/i0.wp.com\/larevistadigital.com.ar\/blog\/wp-content\/uploads\/6a7a0bd2df7b6-e1786414607269.png?fit=668%2C435&ssl=1&resize=350%2C200","width":350,"height":200,"srcset":"https:\/\/i0.wp.com\/larevistadigital.com.ar\/blog\/wp-content\/uploads\/6a7a0bd2df7b6-e1786414607269.png?fit=668%2C435&ssl=1&resize=350%2C200 1x, https:\/\/i0.wp.com\/larevistadigital.com.ar\/blog\/wp-content\/uploads\/6a7a0bd2df7b6-e1786414607269.png?fit=668%2C435&ssl=1&resize=525%2C300 1.5x"},"classes":[]},{"id":24128,"url":"https:\/\/larevistadigital.com.ar\/blog\/24128-2\/","url_meta":{"origin":11666,"position":4},"title":"CHASCOM\u00daS: RETIENEN CUATRICICLOS A INDIVIDUOS QUE DA\u00d1ABAN LAS NUEVAS BICISENDAS","author":"Alejandro Sosa Ruda","date":"21 febrero, 2022","format":false,"excerpt":"CHASCOM\u00daS -\u00a0\u00a0Durante la jornada de ayer, recibimos varios mensajes en nuestra redacci\u00f3n de vecinos indignados denunciando a personas que en dos cuatriciclos se dedicaban a da\u00f1ar las nuevas bicisendas con un total desprecio por el espacio p\u00fablico que es patrimonio de todos los chascomunenses. Gracias al r\u00e1pido accionar de las\u2026","rel":"","context":"En \u00abDESTACADAS\u00bb","block_context":{"text":"DESTACADAS","link":"https:\/\/larevistadigital.com.ar\/blog\/category\/destacadas\/"},"img":{"alt_text":"","src":"https:\/\/i0.wp.com\/larevistadigital.com.ar\/blog\/wp-content\/uploads\/WhatsApp-Image-2022-02-20-at-12.32.13.jpeg?fit=1200%2C900&ssl=1&resize=350%2C200","width":350,"height":200,"srcset":"https:\/\/i0.wp.com\/larevistadigital.com.ar\/blog\/wp-content\/uploads\/WhatsApp-Image-2022-02-20-at-12.32.13.jpeg?fit=1200%2C900&ssl=1&resize=350%2C200 1x, https:\/\/i0.wp.com\/larevistadigital.com.ar\/blog\/wp-content\/uploads\/WhatsApp-Image-2022-02-20-at-12.32.13.jpeg?fit=1200%2C900&ssl=1&resize=525%2C300 1.5x, https:\/\/i0.wp.com\/larevistadigital.com.ar\/blog\/wp-content\/uploads\/WhatsApp-Image-2022-02-20-at-12.32.13.jpeg?fit=1200%2C900&ssl=1&resize=700%2C400 2x, https:\/\/i0.wp.com\/larevistadigital.com.ar\/blog\/wp-content\/uploads\/WhatsApp-Image-2022-02-20-at-12.32.13.jpeg?fit=1200%2C900&ssl=1&resize=1050%2C600 3x"},"classes":[]},{"id":5681,"url":"https:\/\/larevistadigital.com.ar\/blog\/chascomus-vecinos-se-manifestaron-en-la-ruta-contra-los-despidos-en-emepa\/","url_meta":{"origin":11666,"position":5},"title":"CHASCOM\u00daS: VECINOS SE MANIFESTARON  EN LA RUTA CONTRA LOS DESPIDOS EN EMEPA","author":"Alejandro Sosa Ruda","date":"27 mayo, 2018","format":false,"excerpt":"Tal y como se ven\u00eda convocando a trav\u00e9s de las redes sociales, numerosos vecinos de la ciudad de Chascom\u00fas se hicieron presentes a la vera de la ruta 2, para manifestarse en contra de los recientes despidos en la f\u00e1brica EMEPA. Luego de una semana complicada, muchos vecinos se acercaron\u2026","rel":"","context":"En \u00abCHASCOM\u00daS\u00bb","block_context":{"text":"CHASCOM\u00daS","link":"https:\/\/larevistadigital.com.ar\/blog\/category\/chascomus\/"},"img":{"alt_text":"","src":"https:\/\/i0.wp.com\/larevistadigital.com.ar\/blog\/wp-content\/uploads\/2018\/05\/33651442_2060614824260785_6045352351009603584_n.jpg?fit=960%2C720&ssl=1&resize=350%2C200","width":350,"height":200,"srcset":"https:\/\/i0.wp.com\/larevistadigital.com.ar\/blog\/wp-content\/uploads\/2018\/05\/33651442_2060614824260785_6045352351009603584_n.jpg?fit=960%2C720&ssl=1&resize=350%2C200 1x, https:\/\/i0.wp.com\/larevistadigital.com.ar\/blog\/wp-content\/uploads\/2018\/05\/33651442_2060614824260785_6045352351009603584_n.jpg?fit=960%2C720&ssl=1&resize=525%2C300 1.5x, https:\/\/i0.wp.com\/larevistadigital.com.ar\/blog\/wp-content\/uploads\/2018\/05\/33651442_2060614824260785_6045352351009603584_n.jpg?fit=960%2C720&ssl=1&resize=700%2C400 2x"},"classes":[]}],"_links":{"self":[{"href":"https:\/\/larevistadigital.com.ar\/blog\/wp-json\/wp\/v2\/posts\/11666","targetHints":{"allow":["GET"]}}],"collection":[{"href":"https:\/\/larevistadigital.com.ar\/blog\/wp-json\/wp\/v2\/posts"}],"about":[{"href":"https:\/\/larevistadigital.com.ar\/blog\/wp-json\/wp\/v2\/types\/post"}],"author":[{"embeddable":true,"href":"https:\/\/larevistadigital.com.ar\/blog\/wp-json\/wp\/v2\/users\/3"}],"replies":[{"embeddable":true,"href":"https:\/\/larevistadigital.com.ar\/blog\/wp-json\/wp\/v2\/comments?post=11666"}],"version-history":[{"count":2,"href":"https:\/\/larevistadigital.com.ar\/blog\/wp-json\/wp\/v2\/posts\/11666\/revisions"}],"predecessor-version":[{"id":11669,"href":"https:\/\/larevistadigital.com.ar\/blog\/wp-json\/wp\/v2\/posts\/11666\/revisions\/11669"}],"wp:featuredmedia":[{"embeddable":true,"href":"https:\/\/larevistadigital.com.ar\/blog\/wp-json\/wp\/v2\/media\/11667"}],"wp:attachment":[{"href":"https:\/\/larevistadigital.com.ar\/blog\/wp-json\/wp\/v2\/media?parent=11666"}],"wp:term":[{"taxonomy":"category","embeddable":true,"href":"https:\/\/larevistadigital.com.ar\/blog\/wp-json\/wp\/v2\/categories?post=11666"},{"taxonomy":"post_tag","embeddable":true,"href":"https:\/\/larevistadigital.com.ar\/blog\/wp-json\/wp\/v2\/tags?post=11666"}],"curies":[{"name":"wp","href":"https:\/\/api.w.org\/{rel}","templated":true}]}}