{"id":117,"date":"2017-02-08T01:24:06","date_gmt":"2017-02-08T01:24:06","guid":{"rendered":"https:\/\/larevistadigital.com.ar\/blog\/?p=117"},"modified":"2017-02-08T01:24:06","modified_gmt":"2017-02-08T01:24:06","slug":"massismo-creo-juventud-la-renovadora","status":"publish","type":"post","link":"https:\/\/larevistadigital.com.ar\/blog\/massismo-creo-juventud-la-renovadora\/","title":{"rendered":"El Massismo cre\u00f3 su juventud: \u201cLa renovadora\u201d"},"content":{"rendered":"<h2>Desde el 17 de diciembre, se conform\u00f3 oficialmente la juventud massista, denominada \u201cLa Renovadora\u201d una organizaci\u00f3n juvenil en la que se suman militantes sociales, barriales, universitarios y gremiales, de alcance nacional ya que tendr\u00e1 representaci\u00f3n en todas las provincias y distritos.<\/h2>\n<p>Su bautismo fue realizado en General Pacheco con un acto multitudinario, en donde pudo escucharse la palabra de su l\u00edder, <strong>Sergio Massa<\/strong>.<\/p>\n<p>\u201cNos empezamos a organizar desde el 17 de diciembre; mientras tanto, lo que hicimos fue un sistema de mesas en cada secci\u00f3n y localidad de la provincia de Buenos Aires y un sistema de regionalismo en el resto del pa\u00eds\u201d, explic\u00f3 el conductor de La Renovadora a nivel nacional, Felipe Mart\u00ednez Garbino.<\/p>\n<p>Hasta el momento, la organizaci\u00f3n cuenta con representaci\u00f3n en Cuyo, Litoral, la Patagonia, el NEA y el NOA; es decir, en todas las regiones de la Argentina. \u201cLa idea es que vayan surgiendo los referentes a partir de consenso de las mesas\u201d, a\u0144adi\u00f3 Mart\u00ednez Garbino, uno de los conductores ya definidos, adem\u00e1s de Emmanuel S\u00e1nchez, como coordinador en la regi\u00f3n cuyana, y Franco Robledo, en la patag\u00f3nica. Todo esto en un reportaje brindado a <strong>La Tecla<\/strong>.<\/p>\n<p>Luego de las actividades en la zona atl\u00e1ntica, se seguir\u00e1 en La Plata en donde se comenzar\u00e1 a delinear el armado bonaerense, con el principal objetivo de trabajar para llevar a su conductor en el 2019 al sill\u00f3n de Rivadavia.<\/p>\n","protected":false},"excerpt":{"rendered":"<div class=\"mh-excerpt\"><p>Desde el 17 de diciembre, se conform\u00f3 oficialmente la juventud massista, denominada \u201cLa Renovadora\u201d una organizaci\u00f3n juvenil en la que se suman militantes sociales, barriales, universitarios y gremiales, de alcance nacional ya que tendr\u00e1 representaci\u00f3n <a class=\"mh-excerpt-more\" href=\"https:\/\/larevistadigital.com.ar\/blog\/massismo-creo-juventud-la-renovadora\/\" title=\"El Massismo cre\u00f3 su juventud: \u201cLa renovadora\u201d\">[Leer M\u00e1s]<\/a><\/p>\n<\/div>","protected":false},"author":2,"featured_media":118,"comment_status":"open","ping_status":"open","sticky":false,"template":"","format":"standard","meta":{"_jetpack_memberships_contains_paid_content":false,"footnotes":"","jetpack_publicize_message":"","jetpack_publicize_feature_enabled":true,"jetpack_social_post_already_shared":false,"jetpack_social_options":{"image_generator_settings":{"template":"highway","default_image_id":0,"font":"","enabled":false},"version":2}},"categories":[12],"tags":[],"class_list":{"0":"post-117","1":"post","2":"type-post","3":"status-publish","4":"format-standard","5":"has-post-thumbnail","7":"category-politica"},"jetpack_publicize_connections":[],"jetpack_featured_media_url":"https:\/\/i0.wp.com\/larevistadigital.com.ar\/blog\/wp-content\/uploads\/2017\/02\/66256_3.jpg?fit=600%2C413&ssl=1","jetpack_sharing_enabled":true,"jetpack_shortlink":"https:\/\/wp.me\/p8qtrQ-1T","jetpack-related-posts":[{"id":11162,"url":"https:\/\/larevistadigital.com.ar\/blog\/murio-fernando-de-la-rua-el-tercer-presidente-argentino-desde-el-retorno-de-la-democracia\/","url_meta":{"origin":117,"position":0},"title":"MURI\u00d3 FERNANDO DE LA R\u00daA, EL TERCER PRESIDENTE ARGENTINO DESDE EL RETORNO DE LA DEMOCRACIA","author":"Alejandro Sosa Ruda","date":"9 julio, 2019","format":false,"excerpt":"El ex presidente de la Naci\u00f3n,\u00a0Fernando de la R\u00faa, falleci\u00f3 este martes a la edad de 81 a\u00f1os. Estaba internado en una cl\u00ednica de Pilar desde hace varios meses por un grave cuadro de afecciones card\u00edacas y renales. Como se recordar\u00e1, De la R\u00faa ejerci\u00f3 la presidencia de la Naci\u00f3n\u2026","rel":"","context":"En \u00abINTERES GENERAL\u00bb","block_context":{"text":"INTERES GENERAL","link":"https:\/\/larevistadigital.com.ar\/blog\/category\/interes-general\/"},"img":{"alt_text":"","src":"https:\/\/i0.wp.com\/larevistadigital.com.ar\/blog\/wp-content\/uploads\/de_la_rua_jpg_1756841869.jpg_1756841869.jpg?fit=800%2C450&ssl=1&resize=350%2C200","width":350,"height":200,"srcset":"https:\/\/i0.wp.com\/larevistadigital.com.ar\/blog\/wp-content\/uploads\/de_la_rua_jpg_1756841869.jpg_1756841869.jpg?fit=800%2C450&ssl=1&resize=350%2C200 1x, https:\/\/i0.wp.com\/larevistadigital.com.ar\/blog\/wp-content\/uploads\/de_la_rua_jpg_1756841869.jpg_1756841869.jpg?fit=800%2C450&ssl=1&resize=525%2C300 1.5x, https:\/\/i0.wp.com\/larevistadigital.com.ar\/blog\/wp-content\/uploads\/de_la_rua_jpg_1756841869.jpg_1756841869.jpg?fit=800%2C450&ssl=1&resize=700%2C400 2x"},"classes":[]},{"id":41571,"url":"https:\/\/larevistadigital.com.ar\/blog\/upsra-inauguro-su-sede-gremial-en-bahia-blanca-con-obra-social-y-centro-de-formacion-para-trabajadores-de-seguridad\/","url_meta":{"origin":117,"position":1},"title":"UPSRA inaugur\u00f3 su sede gremial en Bah\u00eda Blanca con obra social y centro de formaci\u00f3n para trabajadores de seguridad","author":"Alejandro Sosa Ruda","date":"20 septiembre, 2025","format":false,"excerpt":"El sindicato que nuclea a los trabajadores de seguridad privada abri\u00f3 oficialmente su delegaci\u00f3n en la ciudad, con cobertura m\u00e9dica, capacitaci\u00f3n y representaci\u00f3n sindical. 20 de septiembre de 2025 BAH\u00cdA BLANCA -\u00a0 \u00a0La Uni\u00f3n del Personal de Seguridad de la Rep\u00fablica Argentina (UPSRA) inaugur\u00f3 oficialmente su sede gremial en Bah\u00eda\u2026","rel":"","context":"En \u00abGREMIALES\u00bb","block_context":{"text":"GREMIALES","link":"https:\/\/larevistadigital.com.ar\/blog\/category\/gremiales\/"},"img":{"alt_text":"","src":"https:\/\/i0.wp.com\/larevistadigital.com.ar\/blog\/wp-content\/uploads\/Captura-de-pantalla-2025-09-20-195645.jpg?fit=837%2C601&ssl=1&resize=350%2C200","width":350,"height":200,"srcset":"https:\/\/i0.wp.com\/larevistadigital.com.ar\/blog\/wp-content\/uploads\/Captura-de-pantalla-2025-09-20-195645.jpg?fit=837%2C601&ssl=1&resize=350%2C200 1x, https:\/\/i0.wp.com\/larevistadigital.com.ar\/blog\/wp-content\/uploads\/Captura-de-pantalla-2025-09-20-195645.jpg?fit=837%2C601&ssl=1&resize=525%2C300 1.5x, https:\/\/i0.wp.com\/larevistadigital.com.ar\/blog\/wp-content\/uploads\/Captura-de-pantalla-2025-09-20-195645.jpg?fit=837%2C601&ssl=1&resize=700%2C400 2x"},"classes":[]},{"id":43032,"url":"https:\/\/larevistadigital.com.ar\/blog\/carolina-piparo-fue-designada-directora-del-banco-nacion\/","url_meta":{"origin":117,"position":2},"title":"Carolina P\u00edparo fue designada directora del Banco Naci\u00f3n","author":"Alejandro Sosa Ruda","date":"24 diciembre, 2025","format":false,"excerpt":"El Gobierno nacional oficializ\u00f3 su nombramiento por decreto. Reemplaza a Rodolfo Carvajal y completar\u00e1 el mandato hasta enero de 2028. El Gobierno nacional oficializ\u00f3 la designaci\u00f3n de Carolina P\u00edparo como nueva directora del Banco de la Naci\u00f3n Argentina, en reemplazo de Rodolfo Carvajal, cuya renuncia fue aceptada a partir del\u2026","rel":"","context":"En \u00abINTERES GENERAL\u00bb","block_context":{"text":"INTERES GENERAL","link":"https:\/\/larevistadigital.com.ar\/blog\/category\/interes-general\/"},"img":{"alt_text":"","src":"https:\/\/i0.wp.com\/larevistadigital.com.ar\/blog\/wp-content\/uploads\/CAROLINA-PIPARO.jpg?fit=782%2C429&ssl=1&resize=350%2C200","width":350,"height":200,"srcset":"https:\/\/i0.wp.com\/larevistadigital.com.ar\/blog\/wp-content\/uploads\/CAROLINA-PIPARO.jpg?fit=782%2C429&ssl=1&resize=350%2C200 1x, https:\/\/i0.wp.com\/larevistadigital.com.ar\/blog\/wp-content\/uploads\/CAROLINA-PIPARO.jpg?fit=782%2C429&ssl=1&resize=525%2C300 1.5x, https:\/\/i0.wp.com\/larevistadigital.com.ar\/blog\/wp-content\/uploads\/CAROLINA-PIPARO.jpg?fit=782%2C429&ssl=1&resize=700%2C400 2x"},"classes":[]},{"id":29217,"url":"https:\/\/larevistadigital.com.ar\/blog\/la-necochense-jimena-lopez-es-la-nueva-secretaria-de-transportes-de-la-nacion\/","url_meta":{"origin":117,"position":3},"title":"LA NECOCHENSE JIMENA L\u00d3PEZ ES LA NUEVA SECRETARIA DE TRANSPORTES DE LA NACI\u00d3N","author":"Alejandro Sosa Ruda","date":"2 diciembre, 2022","format":false,"excerpt":"Licenciada en Servicio Social y militante del Frente Renovador, Jimena L\u00f3pez comenz\u00f3 sus pasos en la gesti\u00f3n p\u00fablica como secretaria de Desarrollo Humano y Pol\u00edticas de G\u00e9nero en Necochea. 2 de diciembre de 2022 El presidente Alberto Fern\u00e1ndez le tom\u00f3 este jueves juramento a Diego Giuliano como ministro de Transporte,\u2026","rel":"","context":"En \u00abINTERES GENERAL\u00bb","block_context":{"text":"INTERES GENERAL","link":"https:\/\/larevistadigital.com.ar\/blog\/category\/interes-general\/"},"img":{"alt_text":"","src":"https:\/\/i0.wp.com\/larevistadigital.com.ar\/blog\/wp-content\/uploads\/20221202163434_neco.jpg?fit=880%2C512&ssl=1&resize=350%2C200","width":350,"height":200,"srcset":"https:\/\/i0.wp.com\/larevistadigital.com.ar\/blog\/wp-content\/uploads\/20221202163434_neco.jpg?fit=880%2C512&ssl=1&resize=350%2C200 1x, https:\/\/i0.wp.com\/larevistadigital.com.ar\/blog\/wp-content\/uploads\/20221202163434_neco.jpg?fit=880%2C512&ssl=1&resize=525%2C300 1.5x, https:\/\/i0.wp.com\/larevistadigital.com.ar\/blog\/wp-content\/uploads\/20221202163434_neco.jpg?fit=880%2C512&ssl=1&resize=700%2C400 2x"},"classes":[]},{"id":40843,"url":"https:\/\/larevistadigital.com.ar\/blog\/fuerza-patria-presento-su-lista-en-un-smata-colmado-lucio-alfonsin-la-voz-joven-que-suma-fuerza-y-renovacion\/","url_meta":{"origin":117,"position":4},"title":"Fuerza Patria present\u00f3 su lista en un SMATA colmado: Lucio Alfons\u00edn, la voz joven que suma fuerza y renovaci\u00f3n","author":"Alejandro Sosa Ruda","date":"10 agosto, 2025","format":false,"excerpt":"Con un sal\u00f3n repleto y un clima de entusiasmo que se extendi\u00f3 hasta la vereda, el candidato a concejal Lucio Alfons\u00edn se present\u00f3 oficialmente junto a Fuerza Patria. 10 de Agosto de 2025 CHASCOM\u00daS -\u00a0 \u00a0El pasado viernes por la noche, el hist\u00f3rico sal\u00f3n SMATA fue escenario de un acto\u2026","rel":"","context":"En \u00abCHASCOM\u00daS\u00bb","block_context":{"text":"CHASCOM\u00daS","link":"https:\/\/larevistadigital.com.ar\/blog\/category\/chascomus\/"},"img":{"alt_text":"","src":"https:\/\/i0.wp.com\/larevistadigital.com.ar\/blog\/wp-content\/uploads\/O4A3272-scaled.jpg?fit=1200%2C800&ssl=1&resize=350%2C200","width":350,"height":200,"srcset":"https:\/\/i0.wp.com\/larevistadigital.com.ar\/blog\/wp-content\/uploads\/O4A3272-scaled.jpg?fit=1200%2C800&ssl=1&resize=350%2C200 1x, https:\/\/i0.wp.com\/larevistadigital.com.ar\/blog\/wp-content\/uploads\/O4A3272-scaled.jpg?fit=1200%2C800&ssl=1&resize=525%2C300 1.5x, https:\/\/i0.wp.com\/larevistadigital.com.ar\/blog\/wp-content\/uploads\/O4A3272-scaled.jpg?fit=1200%2C800&ssl=1&resize=700%2C400 2x, https:\/\/i0.wp.com\/larevistadigital.com.ar\/blog\/wp-content\/uploads\/O4A3272-scaled.jpg?fit=1200%2C800&ssl=1&resize=1050%2C600 3x"},"classes":[]},{"id":29685,"url":"https:\/\/larevistadigital.com.ar\/blog\/habra-sirenazo-profundo-repudio-de-los-bomberos-voluntarios-de-todo-el-pais-por-los-dichos-del-viceministro-de-medio-ambiente\/","url_meta":{"origin":117,"position":5},"title":"\u00a1HABR\u00c1 SIRENAZO! PROFUNDO REPUDIO DE LOS BOMBEROS VOLUNTARIOS DE TODO EL PA\u00cdS POR LOS DICHOS DEL VICEMINISTRO DE MEDIO AMBIENTE.","author":"Alejandro Sosa Ruda","date":"29 diciembre, 2022","format":false,"excerpt":"Los dichos televisivos de Sergio Federovisky, viceministro de Ambiente de la Naci\u00f3n, en el programa \u00abPara que Sepas\u00bb en el canal A24 emitido el 27 de diciembre, generaron un gran revuelo en todos los Bomberos Voluntarios y la reacci\u00f3n l\u00f3gica desde el Consejo Nacional de Federaciones de Bomberos Voluntarios de\u2026","rel":"","context":"En \u00abDESTACADAS\u00bb","block_context":{"text":"DESTACADAS","link":"https:\/\/larevistadigital.com.ar\/blog\/category\/destacadas\/"},"img":{"alt_text":"","src":"https:\/\/i0.wp.com\/larevistadigital.com.ar\/blog\/wp-content\/uploads\/1-8.jpg?fit=850%2C503&ssl=1&resize=350%2C200","width":350,"height":200,"srcset":"https:\/\/i0.wp.com\/larevistadigital.com.ar\/blog\/wp-content\/uploads\/1-8.jpg?fit=850%2C503&ssl=1&resize=350%2C200 1x, https:\/\/i0.wp.com\/larevistadigital.com.ar\/blog\/wp-content\/uploads\/1-8.jpg?fit=850%2C503&ssl=1&resize=525%2C300 1.5x, https:\/\/i0.wp.com\/larevistadigital.com.ar\/blog\/wp-content\/uploads\/1-8.jpg?fit=850%2C503&ssl=1&resize=700%2C400 2x"},"classes":[]}],"_links":{"self":[{"href":"https:\/\/larevistadigital.com.ar\/blog\/wp-json\/wp\/v2\/posts\/117","targetHints":{"allow":["GET"]}}],"collection":[{"href":"https:\/\/larevistadigital.com.ar\/blog\/wp-json\/wp\/v2\/posts"}],"about":[{"href":"https:\/\/larevistadigital.com.ar\/blog\/wp-json\/wp\/v2\/types\/post"}],"author":[{"embeddable":true,"href":"https:\/\/larevistadigital.com.ar\/blog\/wp-json\/wp\/v2\/users\/2"}],"replies":[{"embeddable":true,"href":"https:\/\/larevistadigital.com.ar\/blog\/wp-json\/wp\/v2\/comments?post=117"}],"version-history":[{"count":1,"href":"https:\/\/larevistadigital.com.ar\/blog\/wp-json\/wp\/v2\/posts\/117\/revisions"}],"predecessor-version":[{"id":119,"href":"https:\/\/larevistadigital.com.ar\/blog\/wp-json\/wp\/v2\/posts\/117\/revisions\/119"}],"wp:featuredmedia":[{"embeddable":true,"href":"https:\/\/larevistadigital.com.ar\/blog\/wp-json\/wp\/v2\/media\/118"}],"wp:attachment":[{"href":"https:\/\/larevistadigital.com.ar\/blog\/wp-json\/wp\/v2\/media?parent=117"}],"wp:term":[{"taxonomy":"category","embeddable":true,"href":"https:\/\/larevistadigital.com.ar\/blog\/wp-json\/wp\/v2\/categories?post=117"},{"taxonomy":"post_tag","embeddable":true,"href":"https:\/\/larevistadigital.com.ar\/blog\/wp-json\/wp\/v2\/tags?post=117"}],"curies":[{"name":"wp","href":"https:\/\/api.w.org\/{rel}","templated":true}]}}