{"id":11902,"date":"2019-08-20T13:06:37","date_gmt":"2019-08-20T13:06:37","guid":{"rendered":"https:\/\/larevistadigital.com.ar\/blog\/?p=11902"},"modified":"2019-08-20T13:06:37","modified_gmt":"2019-08-20T13:06:37","slug":"brandsen-dolor-por-el-fallecimiento-del-vicepresidente-de-la-comision-directiva-de-bomberos","status":"publish","type":"post","link":"https:\/\/larevistadigital.com.ar\/blog\/brandsen-dolor-por-el-fallecimiento-del-vicepresidente-de-la-comision-directiva-de-bomberos\/","title":{"rendered":"BRANDSEN: DOLOR POR EL FALLECIMIENTO DEL VICEPRESIDENTE DE LA COMISI\u00d3N DIRECTIVA DE BOMBEROS"},"content":{"rendered":"<p>Ocurri\u00f3 el pasado 16 de agosto, y sumi\u00f3 a la comunidad y amigos en un profundo dolor. El cuerpo de Bomberos Voluntarios emiti\u00f3 un comunicado al respecto:<\/p>\n<p><em><strong>COMUNICADO DE BOMBEROS VOLUNTARIOS<\/strong><\/em><\/p>\n<p><em><strong>\u00abLamentamos informar el fallecimiento en el d\u00eda de hoy, del Se\u00f1or Vicepresidente de la Honorable Comisi\u00f3n Directiva, Don Andr\u00e9s Miguel Mackinson\u00bb<\/strong><\/em><\/p>\n<p><em><strong>\u00abAcomp\u00e1\u00f1anos a toda su familia, en tan dif\u00edcil momento para todos ellos, as\u00ed como para nuestra entidad ante tan lamentablemente p\u00e9rdida\u00bb.<\/strong><\/em><\/p>\n<p><em><strong>\u00abQuedar\u00e1n en la memoria los momentos compartidos, las charlas, las an\u00e9cdotas y ese amor por ayudar desinteresadamente al pr\u00f3jimo sin importar el lugar desde donde se est\u00e9\u00bb.<\/strong><\/em><\/p>\n<p><em><strong>Cuerpo Activo y Comisi\u00f3n Directiva<\/strong><\/em><br \/>\n<em><strong>Q.E.P.D.<\/strong><\/em><\/p>\n","protected":false},"excerpt":{"rendered":"<div class=\"mh-excerpt\"><p>Ocurri\u00f3 el pasado 16 de agosto, y sumi\u00f3 a la comunidad y amigos en un profundo dolor. El cuerpo de Bomberos Voluntarios emiti\u00f3 un comunicado al respecto: COMUNICADO DE BOMBEROS VOLUNTARIOS \u00abLamentamos informar el fallecimiento <a class=\"mh-excerpt-more\" href=\"https:\/\/larevistadigital.com.ar\/blog\/brandsen-dolor-por-el-fallecimiento-del-vicepresidente-de-la-comision-directiva-de-bomberos\/\" title=\"BRANDSEN: DOLOR POR EL FALLECIMIENTO DEL VICEPRESIDENTE DE LA COMISI\u00d3N DIRECTIVA DE BOMBEROS\">[Leer M\u00e1s]<\/a><\/p>\n<\/div>","protected":false},"author":3,"featured_media":11904,"comment_status":"open","ping_status":"open","sticky":false,"template":"","format":"standard","meta":{"_jetpack_memberships_contains_paid_content":false,"footnotes":"","jetpack_publicize_message":"","jetpack_publicize_feature_enabled":true,"jetpack_social_post_already_shared":true,"jetpack_social_options":{"image_generator_settings":{"template":"highway","default_image_id":0,"font":"","enabled":false},"version":2}},"categories":[51],"tags":[],"class_list":{"0":"post-11902","1":"post","2":"type-post","3":"status-publish","4":"format-standard","5":"has-post-thumbnail","7":"category-regionales"},"jetpack_publicize_connections":[],"jetpack_featured_media_url":"https:\/\/i0.wp.com\/larevistadigital.com.ar\/blog\/wp-content\/uploads\/BOMBEROS-LUTO.jpg?fit=700%2C700&ssl=1","jetpack_sharing_enabled":true,"jetpack_shortlink":"https:\/\/wp.me\/p8qtrQ-35Y","jetpack-related-posts":[{"id":9139,"url":"https:\/\/larevistadigital.com.ar\/blog\/chascomus-tiro-federal-designo-la-nueva-comision-directiva\/","url_meta":{"origin":11902,"position":0},"title":"CHASCOM\u00daS: TIRO FEDERAL DESIGN\u00d3 LA NUEVA COMISI\u00d3N DIRECTIVA","author":"Alejandro Sosa Ruda","date":"16 marzo, 2019","format":false,"excerpt":"El Club Atl\u00e9tico Tiro Federal concret\u00f3 anoche la anunciada asamblea general ordinaria mediante la cual se dispuso la designaci\u00f3n de la nueva comisi\u00f3n directiva. Con un importante n\u00famero de asociados y simpatizantes presentes en la sede de Estados Unidos 71, la nueva comisi\u00f3n directiva que tiene un mandato por dos\u2026","rel":"","context":"En \u00abCHASCOM\u00daS\u00bb","block_context":{"text":"CHASCOM\u00daS","link":"https:\/\/larevistadigital.com.ar\/blog\/category\/chascomus\/"},"img":{"alt_text":"","src":"https:\/\/i0.wp.com\/larevistadigital.com.ar\/blog\/wp-content\/uploads\/2019\/03\/comisaria_15demarzode2019_elfuerte-1.jpg?fit=737%2C415&ssl=1&resize=350%2C200","width":350,"height":200,"srcset":"https:\/\/i0.wp.com\/larevistadigital.com.ar\/blog\/wp-content\/uploads\/2019\/03\/comisaria_15demarzode2019_elfuerte-1.jpg?fit=737%2C415&ssl=1&resize=350%2C200 1x, https:\/\/i0.wp.com\/larevistadigital.com.ar\/blog\/wp-content\/uploads\/2019\/03\/comisaria_15demarzode2019_elfuerte-1.jpg?fit=737%2C415&ssl=1&resize=525%2C300 1.5x, https:\/\/i0.wp.com\/larevistadigital.com.ar\/blog\/wp-content\/uploads\/2019\/03\/comisaria_15demarzode2019_elfuerte-1.jpg?fit=737%2C415&ssl=1&resize=700%2C400 2x"},"classes":[]},{"id":15466,"url":"https:\/\/larevistadigital.com.ar\/blog\/feliz-dia-queridos-bomberos-voluntarios\/","url_meta":{"origin":11902,"position":1},"title":"\u00a1FELIZ D\u00cdA, QUERIDOS BOMBEROS VOLUNTARIOS!","author":"Alejandro Sosa Ruda","date":"2 junio, 2020","format":false,"excerpt":"En el d\u00eda Nacional del Bombero Voluntario, nuestros queridos Bomberos de Chascom\u00fas, hicieron una publicaci\u00f3n en su p\u00e1gina de facebook, en donde dicen muchas cosas, que queremos compartir. Para Chascom\u00fas, es una de las instituciones m\u00e1s queridas, y que siempre nos llenan de orgullo. Vaya nuestro saludo y todo el\u2026","rel":"","context":"En \u00abDESTACADAS\u00bb","block_context":{"text":"DESTACADAS","link":"https:\/\/larevistadigital.com.ar\/blog\/category\/destacadas\/"},"img":{"alt_text":"","src":"https:\/\/i0.wp.com\/larevistadigital.com.ar\/blog\/wp-content\/uploads\/101082562_2781074852128432_1628752272676618240_n.png?fit=650%2C242&ssl=1&resize=350%2C200","width":350,"height":200,"srcset":"https:\/\/i0.wp.com\/larevistadigital.com.ar\/blog\/wp-content\/uploads\/101082562_2781074852128432_1628752272676618240_n.png?fit=650%2C242&ssl=1&resize=350%2C200 1x, https:\/\/i0.wp.com\/larevistadigital.com.ar\/blog\/wp-content\/uploads\/101082562_2781074852128432_1628752272676618240_n.png?fit=650%2C242&ssl=1&resize=525%2C300 1.5x"},"classes":[]},{"id":36442,"url":"https:\/\/larevistadigital.com.ar\/blog\/la-escuela-secundaria-no-8-lleva-el-nombre-del-bombero-voluntario-jose-aldabe\/","url_meta":{"origin":11902,"position":2},"title":"LA ESCUELA SECUNDARIA N\u00ba 8 LLEVA EL NOMBRE DEL \u201cBOMBERO VOLUNTARIO JOS\u00c9 ALDABE\u201d","author":"Alejandro Sosa Ruda","date":"26 junio, 2024","format":false,"excerpt":"Directivos de la instituci\u00f3n, junto con las autoridades presentes, descubrieron una placa con el nuevo nombre de la instituci\u00f3n. 26 de Junio de 2024 CHASCOM\u00daS\u00a0 -\u00a0 \u00a0El intendente Javier Gast\u00f3n asisti\u00f3 al acto de imposici\u00f3n del nombre \"Bombero Voluntario Jos\u00e9 Aldabe\" a la Escuela Secundaria N\u00ba 8, ubicado en Avellaneda\u2026","rel":"","context":"En \u00abCHASCOM\u00daS\u00bb","block_context":{"text":"CHASCOM\u00daS","link":"https:\/\/larevistadigital.com.ar\/blog\/category\/chascomus\/"},"img":{"alt_text":"","src":"https:\/\/i0.wp.com\/larevistadigital.com.ar\/blog\/wp-content\/uploads\/2024_06_26_01_58_03_1048730.jpg?fit=600%2C400&ssl=1&resize=350%2C200","width":350,"height":200,"srcset":"https:\/\/i0.wp.com\/larevistadigital.com.ar\/blog\/wp-content\/uploads\/2024_06_26_01_58_03_1048730.jpg?fit=600%2C400&ssl=1&resize=350%2C200 1x, https:\/\/i0.wp.com\/larevistadigital.com.ar\/blog\/wp-content\/uploads\/2024_06_26_01_58_03_1048730.jpg?fit=600%2C400&ssl=1&resize=525%2C300 1.5x"},"classes":[]},{"id":35981,"url":"https:\/\/larevistadigital.com.ar\/blog\/nueva-capacitacion-de-la-direccion-de-seguridad-vial\/","url_meta":{"origin":11902,"position":3},"title":"NUEVA CAPACITACI\u00d3N DE LA DIRECCI\u00d3N DE SEGURIDAD VIAL","author":"Alejandro Sosa Ruda","date":"4 mayo, 2024","format":false,"excerpt":"Se llev\u00f3 a cabo en el SUM del cuartel de Bomberos Voluntarios de Chascom\u00fas, dirigida al cuerpo activo de esta instituci\u00f3n, como as\u00ed tambi\u00e9n a la comisi\u00f3n directiva y de reserva, el pasado martes.\u00a0 04 de mayo de 2024 CHASCOM\u00daS -\u00a0 La misma estuvo a cargo de los instructores municipales\u2026","rel":"","context":"En \u00abCHASCOM\u00daS\u00bb","block_context":{"text":"CHASCOM\u00daS","link":"https:\/\/larevistadigital.com.ar\/blog\/category\/chascomus\/"},"img":{"alt_text":"","src":"https:\/\/i0.wp.com\/larevistadigital.com.ar\/blog\/wp-content\/uploads\/2024_05_04_00_15_14_6869165.jpeg?fit=600%2C338&ssl=1&resize=350%2C200","width":350,"height":200,"srcset":"https:\/\/i0.wp.com\/larevistadigital.com.ar\/blog\/wp-content\/uploads\/2024_05_04_00_15_14_6869165.jpeg?fit=600%2C338&ssl=1&resize=350%2C200 1x, https:\/\/i0.wp.com\/larevistadigital.com.ar\/blog\/wp-content\/uploads\/2024_05_04_00_15_14_6869165.jpeg?fit=600%2C338&ssl=1&resize=525%2C300 1.5x"},"classes":[]},{"id":40064,"url":"https:\/\/larevistadigital.com.ar\/blog\/mas-cerca-mas-rapido-san-clemente-tendra-un-nuevo-destacamento-de-bomberos\/","url_meta":{"origin":11902,"position":4},"title":"M\u00e1s cerca, m\u00e1s r\u00e1pido: San Clemente tendr\u00e1 un nuevo destacamento de bomberos","author":"Alejandro Sosa Ruda","date":"12 junio, 2025","format":false,"excerpt":"Con una inversi\u00f3n clave del Municipio, se construir\u00e1 una base operativa en Playa Grande que reducir\u00e1 los tiempos de respuesta ante emergencias. Adem\u00e1s, se firmaron convenios para mejorar el entrenamiento del personal. 12 de Junio de 2025 SAN CLEMENTE\u00a0 -\u00a0 \u00a0El barrio Playa Grande de San Clemente del Tuy\u00fa contar\u00e1\u2026","rel":"","context":"En \u00abREGIONALES\u00bb","block_context":{"text":"REGIONALES","link":"https:\/\/larevistadigital.com.ar\/blog\/category\/regionales\/"},"img":{"alt_text":"","src":"https:\/\/i0.wp.com\/larevistadigital.com.ar\/blog\/wp-content\/uploads\/29073cab3429be858258500669ec835c4e74a9ae.jpeg?fit=1140%2C641&ssl=1&resize=350%2C200","width":350,"height":200,"srcset":"https:\/\/i0.wp.com\/larevistadigital.com.ar\/blog\/wp-content\/uploads\/29073cab3429be858258500669ec835c4e74a9ae.jpeg?fit=1140%2C641&ssl=1&resize=350%2C200 1x, https:\/\/i0.wp.com\/larevistadigital.com.ar\/blog\/wp-content\/uploads\/29073cab3429be858258500669ec835c4e74a9ae.jpeg?fit=1140%2C641&ssl=1&resize=525%2C300 1.5x, https:\/\/i0.wp.com\/larevistadigital.com.ar\/blog\/wp-content\/uploads\/29073cab3429be858258500669ec835c4e74a9ae.jpeg?fit=1140%2C641&ssl=1&resize=700%2C400 2x, https:\/\/i0.wp.com\/larevistadigital.com.ar\/blog\/wp-content\/uploads\/29073cab3429be858258500669ec835c4e74a9ae.jpeg?fit=1140%2C641&ssl=1&resize=1050%2C600 3x"},"classes":[]},{"id":2702,"url":"https:\/\/larevistadigital.com.ar\/blog\/castelli-bomberos-firmaron-boletos-de-fideicomiso-y-echarren-los-bonifico-con-40-mil-pesos-a-cada-uno\/","url_meta":{"origin":11902,"position":5},"title":"CASTELLI: BOMBEROS FIRMARON BOLETOS DE FIDEICOMISO Y ECHARREN LOS BONIFIC\u00d3 CON 40 MIL PESOS A CADA UNO","author":"Alejandro Sosa Ruda","date":"22 julio, 2017","format":false,"excerpt":"14 miembros del cuartel de Bomberos Voluntarios de Castelli firmaron los boletos de compra venta de sus lotes dentro del Fideicomiso P\u00fablico que conform\u00f3 el Municipio. El acto se realiz\u00f3 en el cuartel y fue el propio Intendente Francisco Echarren quien agradeci\u00f3 a los Bomberos por su labor voluntaria y\u2026","rel":"","context":"En \u00abCASTELLI\u00bb","block_context":{"text":"CASTELLI","link":"https:\/\/larevistadigital.com.ar\/blog\/category\/castelli\/"},"img":{"alt_text":"","src":"https:\/\/i0.wp.com\/larevistadigital.com.ar\/blog\/wp-content\/uploads\/2017\/07\/foto-baja-75.jpg?fit=800%2C534&ssl=1&resize=350%2C200","width":350,"height":200,"srcset":"https:\/\/i0.wp.com\/larevistadigital.com.ar\/blog\/wp-content\/uploads\/2017\/07\/foto-baja-75.jpg?fit=800%2C534&ssl=1&resize=350%2C200 1x, https:\/\/i0.wp.com\/larevistadigital.com.ar\/blog\/wp-content\/uploads\/2017\/07\/foto-baja-75.jpg?fit=800%2C534&ssl=1&resize=525%2C300 1.5x, https:\/\/i0.wp.com\/larevistadigital.com.ar\/blog\/wp-content\/uploads\/2017\/07\/foto-baja-75.jpg?fit=800%2C534&ssl=1&resize=700%2C400 2x"},"classes":[]}],"_links":{"self":[{"href":"https:\/\/larevistadigital.com.ar\/blog\/wp-json\/wp\/v2\/posts\/11902","targetHints":{"allow":["GET"]}}],"collection":[{"href":"https:\/\/larevistadigital.com.ar\/blog\/wp-json\/wp\/v2\/posts"}],"about":[{"href":"https:\/\/larevistadigital.com.ar\/blog\/wp-json\/wp\/v2\/types\/post"}],"author":[{"embeddable":true,"href":"https:\/\/larevistadigital.com.ar\/blog\/wp-json\/wp\/v2\/users\/3"}],"replies":[{"embeddable":true,"href":"https:\/\/larevistadigital.com.ar\/blog\/wp-json\/wp\/v2\/comments?post=11902"}],"version-history":[{"count":1,"href":"https:\/\/larevistadigital.com.ar\/blog\/wp-json\/wp\/v2\/posts\/11902\/revisions"}],"predecessor-version":[{"id":11905,"href":"https:\/\/larevistadigital.com.ar\/blog\/wp-json\/wp\/v2\/posts\/11902\/revisions\/11905"}],"wp:featuredmedia":[{"embeddable":true,"href":"https:\/\/larevistadigital.com.ar\/blog\/wp-json\/wp\/v2\/media\/11904"}],"wp:attachment":[{"href":"https:\/\/larevistadigital.com.ar\/blog\/wp-json\/wp\/v2\/media?parent=11902"}],"wp:term":[{"taxonomy":"category","embeddable":true,"href":"https:\/\/larevistadigital.com.ar\/blog\/wp-json\/wp\/v2\/categories?post=11902"},{"taxonomy":"post_tag","embeddable":true,"href":"https:\/\/larevistadigital.com.ar\/blog\/wp-json\/wp\/v2\/tags?post=11902"}],"curies":[{"name":"wp","href":"https:\/\/api.w.org\/{rel}","templated":true}]}}