{"id":11907,"date":"2019-08-20T13:25:05","date_gmt":"2019-08-20T13:25:05","guid":{"rendered":"https:\/\/larevistadigital.com.ar\/blog\/?p=11907"},"modified":"2019-08-20T13:25:05","modified_gmt":"2019-08-20T13:25:05","slug":"monte-golpe-al-narcotrafico-incautan-1-000-kg-de-marihuana","status":"publish","type":"post","link":"https:\/\/larevistadigital.com.ar\/blog\/monte-golpe-al-narcotrafico-incautan-1-000-kg-de-marihuana\/","title":{"rendered":"MONTE: GOLPE AL NARCOTR\u00c1FICO. INCAUTAN 1.000 KG. DE MARIHUANA"},"content":{"rendered":"<h2><em><strong>La polic\u00eda ven\u00eda investigando la banda por venta de estupefacientes. Tras un enfrentamiento con dos narcos y su posterior detenci\u00f3n, lograron incautar la droga distribuida en 4 camionetas.<\/strong><\/em><\/h2>\n<p>En la madrugada de este lunes 19 de agosto, la\u00a0<strong>Polic\u00eda de la ciudad de Buenos Aires<\/strong>, en el marco de una investigaci\u00f3n que ven\u00eda realizando en la regi\u00f3n por venta de estupefacientes, comienza el seguimiento de un cami\u00f3n el cual se ir\u00eda a detener en ruta 6 y ruta 205 de la ciudad de Ca\u00f1uelas -lugar investigado por venta de droga-. Imprevistamente, el cami\u00f3n que se hallaba siendo vigilado, continu\u00f3 su marcha sin detenerse en esta ciudad, e ingres\u00f3 a un campo de la Ruta 41 -de patente M69092- de la ciudad de Monte.<\/p>\n<blockquote>\n<h3>Cuando la polic\u00eda procede a realizar la interceptaci\u00f3n de una de las camionetas que se encontraba dentro del predio, uno de los sujetos que estaba a bordo abri\u00f3 fuego contra los oficiales y tras un tiroteo el mismo result\u00f3 herido.<\/h3>\n<\/blockquote>\n<p>Una vez aprehendidos dos de los narcotraficantes, la polic\u00eda procedi\u00f3 a la requisa de los cuatro rodados que se hallaban en el lugar y logr\u00f3 incautar cerca de 2.000 kilos de Marihuana distribuida en las camionetas. El secuestro est\u00e1 valuado en m\u00e1s de $50.000.000.<\/p>\n<p>PUBLICADO EN DLN<\/p>\n","protected":false},"excerpt":{"rendered":"<div class=\"mh-excerpt\"><p>La polic\u00eda ven\u00eda investigando la banda por venta de estupefacientes. Tras un enfrentamiento con dos narcos y su posterior detenci\u00f3n, lograron incautar la droga distribuida en 4 camionetas. En la madrugada de este lunes 19 <a class=\"mh-excerpt-more\" href=\"https:\/\/larevistadigital.com.ar\/blog\/monte-golpe-al-narcotrafico-incautan-1-000-kg-de-marihuana\/\" title=\"MONTE: GOLPE AL NARCOTR\u00c1FICO. INCAUTAN 1.000 KG. DE MARIHUANA\">[Leer M\u00e1s]<\/a><\/p>\n<\/div>","protected":false},"author":3,"featured_media":11908,"comment_status":"open","ping_status":"open","sticky":false,"template":"","format":"standard","meta":{"_jetpack_memberships_contains_paid_content":false,"footnotes":"","jetpack_publicize_message":"","jetpack_publicize_feature_enabled":true,"jetpack_social_post_already_shared":true,"jetpack_social_options":{"image_generator_settings":{"template":"highway","default_image_id":0,"font":"","enabled":false},"version":2}},"categories":[51],"tags":[],"class_list":{"0":"post-11907","1":"post","2":"type-post","3":"status-publish","4":"format-standard","5":"has-post-thumbnail","7":"category-regionales"},"jetpack_publicize_connections":[],"jetpack_featured_media_url":"https:\/\/i0.wp.com\/larevistadigital.com.ar\/blog\/wp-content\/uploads\/1566251147214_wm-1.jpg?fit=1024%2C575&ssl=1","jetpack_sharing_enabled":true,"jetpack_shortlink":"https:\/\/wp.me\/p8qtrQ-363","jetpack-related-posts":[{"id":12924,"url":"https:\/\/larevistadigital.com.ar\/blog\/monte-choque-entre-un-camion-y-un-auto-en-la-ruta-3\/","url_meta":{"origin":11907,"position":0},"title":"MONTE: CHOQUE ENTRE UN CAMI\u00d3N Y UN AUTO EN LA RUTA 3","author":"Alejandro Sosa Ruda","date":"29 octubre, 2019","format":false,"excerpt":"Un fuerte accidente automovil\u00edstico se produjo esta madrugada a la altura del kil\u00f3metro 107 en la Ruta Nacional 3. El siniestro fue protagonizado por un cami\u00f3n Mercedes Benz 114 y un autom\u00f3vil Fiat Palio Weekend familiar; todav\u00eda no se lograron determinar las causas del impacto. Por su parte, el ocupante\u2026","rel":"","context":"En \u00abPOLICIALES\u00bb","block_context":{"text":"POLICIALES","link":"https:\/\/larevistadigital.com.ar\/blog\/category\/policiales\/"},"img":{"alt_text":"","src":"https:\/\/i0.wp.com\/larevistadigital.com.ar\/blog\/wp-content\/uploads\/76747339_1380789092084848_3087447887953526784_n.jpg?fit=960%2C629&ssl=1&resize=350%2C200","width":350,"height":200,"srcset":"https:\/\/i0.wp.com\/larevistadigital.com.ar\/blog\/wp-content\/uploads\/76747339_1380789092084848_3087447887953526784_n.jpg?fit=960%2C629&ssl=1&resize=350%2C200 1x, https:\/\/i0.wp.com\/larevistadigital.com.ar\/blog\/wp-content\/uploads\/76747339_1380789092084848_3087447887953526784_n.jpg?fit=960%2C629&ssl=1&resize=525%2C300 1.5x, https:\/\/i0.wp.com\/larevistadigital.com.ar\/blog\/wp-content\/uploads\/76747339_1380789092084848_3087447887953526784_n.jpg?fit=960%2C629&ssl=1&resize=700%2C400 2x"},"classes":[]},{"id":42768,"url":"https:\/\/larevistadigital.com.ar\/blog\/secuestran-marihuana-cocaina-y-metanfetamina-en-un-operativo-sobre-ruta-2-dos-personas-oriundas-de-dolores-quedaron-aprehendidas-tras-un-control-vehicular-en-el-km-125\/","url_meta":{"origin":11907,"position":1},"title":"Secuestran marihuana, coca\u00edna y metanfetamina en un operativo sobre Ruta 2 Dos personas oriundas de Dolores quedaron aprehendidas tras un control vehicular en el km 125.","author":"Alejandro Sosa Ruda","date":"5 diciembre, 2025","format":false,"excerpt":"Autoridades policiales informaron que, durante un operativo de Interceptaci\u00f3n Vehicular Selectiva realizado este jueves sobre la Ruta 2 \u2014a la altura del kil\u00f3metro 125\u2014 personal de Polic\u00eda Vial Chascom\u00fas junto a efectivos de la Estaci\u00f3n de Polic\u00eda Comunal detuvo la marcha de un Volkswagen Gol Trend ocupado por un hombre\u2026","rel":"","context":"En \u00abDESTACADAS\u00bb","block_context":{"text":"DESTACADAS","link":"https:\/\/larevistadigital.com.ar\/blog\/category\/destacadas\/"},"img":{"alt_text":"","src":"https:\/\/i0.wp.com\/larevistadigital.com.ar\/blog\/wp-content\/uploads\/WhatsApp-Image-2025-12-05-at-10.25.33.jpeg?fit=1200%2C1196&ssl=1&resize=350%2C200","width":350,"height":200,"srcset":"https:\/\/i0.wp.com\/larevistadigital.com.ar\/blog\/wp-content\/uploads\/WhatsApp-Image-2025-12-05-at-10.25.33.jpeg?fit=1200%2C1196&ssl=1&resize=350%2C200 1x, https:\/\/i0.wp.com\/larevistadigital.com.ar\/blog\/wp-content\/uploads\/WhatsApp-Image-2025-12-05-at-10.25.33.jpeg?fit=1200%2C1196&ssl=1&resize=525%2C300 1.5x, https:\/\/i0.wp.com\/larevistadigital.com.ar\/blog\/wp-content\/uploads\/WhatsApp-Image-2025-12-05-at-10.25.33.jpeg?fit=1200%2C1196&ssl=1&resize=700%2C400 2x, https:\/\/i0.wp.com\/larevistadigital.com.ar\/blog\/wp-content\/uploads\/WhatsApp-Image-2025-12-05-at-10.25.33.jpeg?fit=1200%2C1196&ssl=1&resize=1050%2C600 3x"},"classes":[]},{"id":39046,"url":"https:\/\/larevistadigital.com.ar\/blog\/allanamientos-en-pila-desarticulan-una-red-de-venta-de-marihuana\/","url_meta":{"origin":11907,"position":2},"title":"Allanamientos en Pila: desarticulan una red de venta de marihuana","author":"Alejandro Sosa Ruda","date":"16 marzo, 2025","format":false,"excerpt":"Se investig\u00f3 en Chascom\u00fas, y se lleg\u00f3 a la ciudad de Pila. 16 de Marzo de 2025 PILA -\u00a0 En un importante operativo antidrogas, efectivos de la Subdelegaci\u00f3n de Drogas Il\u00edcitas de Chascom\u00fas llevaron a cabo tres allanamientos simult\u00e1neos en la ciudad de Pila, en el marco de una investigaci\u00f3n\u2026","rel":"","context":"En \u00abINTERES GENERAL\u00bb","block_context":{"text":"INTERES GENERAL","link":"https:\/\/larevistadigital.com.ar\/blog\/category\/interes-general\/"},"img":{"alt_text":"","src":"https:\/\/i0.wp.com\/larevistadigital.com.ar\/blog\/wp-content\/uploads\/6c7c0997641286160d140cb73c28243fdeac6631.jpg?fit=1140%2C641&ssl=1&resize=350%2C200","width":350,"height":200,"srcset":"https:\/\/i0.wp.com\/larevistadigital.com.ar\/blog\/wp-content\/uploads\/6c7c0997641286160d140cb73c28243fdeac6631.jpg?fit=1140%2C641&ssl=1&resize=350%2C200 1x, https:\/\/i0.wp.com\/larevistadigital.com.ar\/blog\/wp-content\/uploads\/6c7c0997641286160d140cb73c28243fdeac6631.jpg?fit=1140%2C641&ssl=1&resize=525%2C300 1.5x, https:\/\/i0.wp.com\/larevistadigital.com.ar\/blog\/wp-content\/uploads\/6c7c0997641286160d140cb73c28243fdeac6631.jpg?fit=1140%2C641&ssl=1&resize=700%2C400 2x, https:\/\/i0.wp.com\/larevistadigital.com.ar\/blog\/wp-content\/uploads\/6c7c0997641286160d140cb73c28243fdeac6631.jpg?fit=1140%2C641&ssl=1&resize=1050%2C600 3x"},"classes":[]},{"id":8375,"url":"https:\/\/larevistadigital.com.ar\/blog\/ranchos-detienen-sujetos-con-droga\/","url_meta":{"origin":11907,"position":3},"title":"RANCHOS: DETIENEN SUJETOS CON DROGA","author":"Alejandro Sosa Ruda","date":"12 febrero, 2019","format":false,"excerpt":"La Polic\u00eda Comunal de\u00a0Ranchos, detuvo\u00a0en las \u00faltimas horas a\u00a0tres sujetos, dos hombres y una mujer.\u00a0Los tres ciudadanos, oriundos de la localidad de Lan\u00fas, fueron interceptados por el personal policial en el ingreso al distrito,\u00a0con drogas prohibidas entre sus pertenencias. Los ocupantes del autom\u00f3vil no convencieron a los efectivos policiales con\u2026","rel":"","context":"En \u00abPOLICIALES\u00bb","block_context":{"text":"POLICIALES","link":"https:\/\/larevistadigital.com.ar\/blog\/category\/policiales\/"},"img":{"alt_text":"","src":"https:\/\/i0.wp.com\/larevistadigital.com.ar\/blog\/wp-content\/uploads\/2019\/02\/WhatsApp-Image-2019-02-11-at-12.18.37.jpeg?fit=1024%2C574&ssl=1&resize=350%2C200","width":350,"height":200,"srcset":"https:\/\/i0.wp.com\/larevistadigital.com.ar\/blog\/wp-content\/uploads\/2019\/02\/WhatsApp-Image-2019-02-11-at-12.18.37.jpeg?fit=1024%2C574&ssl=1&resize=350%2C200 1x, https:\/\/i0.wp.com\/larevistadigital.com.ar\/blog\/wp-content\/uploads\/2019\/02\/WhatsApp-Image-2019-02-11-at-12.18.37.jpeg?fit=1024%2C574&ssl=1&resize=525%2C300 1.5x, https:\/\/i0.wp.com\/larevistadigital.com.ar\/blog\/wp-content\/uploads\/2019\/02\/WhatsApp-Image-2019-02-11-at-12.18.37.jpeg?fit=1024%2C574&ssl=1&resize=700%2C400 2x"},"classes":[]},{"id":3965,"url":"https:\/\/larevistadigital.com.ar\/blog\/accidente-la-ruta-n-41-la-altura-del-establecimiento-rural-san-mariano\/","url_meta":{"origin":11907,"position":4},"title":"Accidente en la ruta N\u00b0 41 a la altura del establecimiento rural \u201cSan Mariano\u201d.","author":"admin","date":"23 noviembre, 2017","format":false,"excerpt":"Siendo 12:10 horas de este mediod\u00eda, personal policial del Comando de Prevenci\u00f3n Rural de Pila dio aviso a la guardia del Cuartel de Bomberos de un accidente en la ruta N\u00b0 41 a la altura del establecimiento rural \u201cSan Mariano\u201d a unos 15 kil\u00f3metros de la Ciudad, bajo alarma p\u00fablica\u2026","rel":"","context":"En \u00abPILA\u00bb","block_context":{"text":"PILA","link":"https:\/\/larevistadigital.com.ar\/blog\/category\/pila\/"},"img":{"alt_text":"","src":"https:\/\/i0.wp.com\/larevistadigital.com.ar\/blog\/wp-content\/uploads\/2017\/11\/WhatsApp-Image-2017-11-23-at-15.00.23-1.jpeg?fit=500%2C281&ssl=1&resize=350%2C200","width":350,"height":200},"classes":[]},{"id":37016,"url":"https:\/\/larevistadigital.com.ar\/blog\/quiso-doblar-y-quedo-con-el-camion-cruzado-en-un-importante-acceso-de-la-ruda-40\/","url_meta":{"origin":11907,"position":5},"title":"QUISO DOBLAR, Y QUED\u00d3 CON EL CAMI\u00d3N CRUZADO EN UN IMPORTANTE ACCESO DE LA RUDA 40","author":"Alejandro Sosa Ruda","date":"20 agosto, 2024","format":false,"excerpt":"La polic\u00eda tuvo que cortar el tr\u00e1nsito, ya que el cami\u00f3n cort\u00f3 la entrada a Avenida Circunvalaci\u00f3n y la entrada a la ciudad. 20 de Agosto de 2024 SAN JUAN -\u00a0 \u00a0Cerca de las 11 horas de este martes se desat\u00f3 un caos en el Acceso Norte de Ruta 40.\u2026","rel":"","context":"En \u00abINTERES GENERAL\u00bb","block_context":{"text":"INTERES GENERAL","link":"https:\/\/larevistadigital.com.ar\/blog\/category\/interes-general\/"},"img":{"alt_text":"","src":"https:\/\/i0.wp.com\/larevistadigital.com.ar\/blog\/wp-content\/uploads\/456184553_925209379644195_4147249237371022068_n.jpg?fit=790%2C526&ssl=1&resize=350%2C200","width":350,"height":200,"srcset":"https:\/\/i0.wp.com\/larevistadigital.com.ar\/blog\/wp-content\/uploads\/456184553_925209379644195_4147249237371022068_n.jpg?fit=790%2C526&ssl=1&resize=350%2C200 1x, https:\/\/i0.wp.com\/larevistadigital.com.ar\/blog\/wp-content\/uploads\/456184553_925209379644195_4147249237371022068_n.jpg?fit=790%2C526&ssl=1&resize=525%2C300 1.5x, https:\/\/i0.wp.com\/larevistadigital.com.ar\/blog\/wp-content\/uploads\/456184553_925209379644195_4147249237371022068_n.jpg?fit=790%2C526&ssl=1&resize=700%2C400 2x"},"classes":[]}],"_links":{"self":[{"href":"https:\/\/larevistadigital.com.ar\/blog\/wp-json\/wp\/v2\/posts\/11907","targetHints":{"allow":["GET"]}}],"collection":[{"href":"https:\/\/larevistadigital.com.ar\/blog\/wp-json\/wp\/v2\/posts"}],"about":[{"href":"https:\/\/larevistadigital.com.ar\/blog\/wp-json\/wp\/v2\/types\/post"}],"author":[{"embeddable":true,"href":"https:\/\/larevistadigital.com.ar\/blog\/wp-json\/wp\/v2\/users\/3"}],"replies":[{"embeddable":true,"href":"https:\/\/larevistadigital.com.ar\/blog\/wp-json\/wp\/v2\/comments?post=11907"}],"version-history":[{"count":1,"href":"https:\/\/larevistadigital.com.ar\/blog\/wp-json\/wp\/v2\/posts\/11907\/revisions"}],"predecessor-version":[{"id":11909,"href":"https:\/\/larevistadigital.com.ar\/blog\/wp-json\/wp\/v2\/posts\/11907\/revisions\/11909"}],"wp:featuredmedia":[{"embeddable":true,"href":"https:\/\/larevistadigital.com.ar\/blog\/wp-json\/wp\/v2\/media\/11908"}],"wp:attachment":[{"href":"https:\/\/larevistadigital.com.ar\/blog\/wp-json\/wp\/v2\/media?parent=11907"}],"wp:term":[{"taxonomy":"category","embeddable":true,"href":"https:\/\/larevistadigital.com.ar\/blog\/wp-json\/wp\/v2\/categories?post=11907"},{"taxonomy":"post_tag","embeddable":true,"href":"https:\/\/larevistadigital.com.ar\/blog\/wp-json\/wp\/v2\/tags?post=11907"}],"curies":[{"name":"wp","href":"https:\/\/api.w.org\/{rel}","templated":true}]}}