{"id":11911,"date":"2019-08-20T13:33:54","date_gmt":"2019-08-20T13:33:54","guid":{"rendered":"https:\/\/larevistadigital.com.ar\/blog\/?p=11911"},"modified":"2019-08-20T13:35:22","modified_gmt":"2019-08-20T13:35:22","slug":"cayo-banda-que-organizaba-rinas-de-gallos-siete-detenidos","status":"publish","type":"post","link":"https:\/\/larevistadigital.com.ar\/blog\/cayo-banda-que-organizaba-rinas-de-gallos-siete-detenidos\/","title":{"rendered":"CAY\u00d3 BANDA QUE ORGANIZABA RI\u00d1AS DE GALLOS. SIETE DETENIDOS"},"content":{"rendered":"<p>La polic\u00eda secuestr\u00f3 m\u00e1s de 50 animales e importantes sumas de dinero luego de desbaratar una banda que operaba en la zona de la Matanza.<\/p>\n<blockquote>\n<h3>La banda se dedicaba a la organizaci\u00f3n de peleas de gallos.Los efectivosde la DDI La Matanza constataron la realizaci\u00f3n de las\u00a0 peleas en un predio ubicado en la calle Montecarlo al 1200 de esa localidad,\u00a0 y sorprendieron a los\u00a0 organizadores en pleno juego.<\/h3>\n<\/blockquote>\n<p>Hasta el momento son siete personas detenidas -entre ellas su organizador-,\u00a0 m\u00e1s de 50 animales secuestrados, dinero en efectivo, y otros elementos afines a la actividad.<\/p>\n<blockquote>\n<h3>Del evento ilegal participaban al menos cien personas que, adem\u00e1s de apostar, deb\u00edan abonar un derecho de ingreso al lugar en el que dispuestos en seis \u00abrings\u00bb se explotaba a cincuenta animales.<\/h3>\n<\/blockquote>\n<p>La banda estaba integrada por siete personas: el organizador (un hombre de 41 a\u00f1os), dos administradoras y cuatro jueces, todos argentinos mayores de edad que fueron puestos a disposici\u00f3n de la justicia.<\/p>\n<p>Como resultado del operativo en cual colabor\u00f3 personal del Instituto provincial de Loter\u00eda y Casinos, la polic\u00eda aprehendi\u00f3 a los siete responsables y se secuestraron\u00a0m\u00e1s de 50 gallos, dinero en efectivo e insumos veterinarios.<\/p>\n<p>publicado en DLN<\/p>\n","protected":false},"excerpt":{"rendered":"<div class=\"mh-excerpt\"><p>La polic\u00eda secuestr\u00f3 m\u00e1s de 50 animales e importantes sumas de dinero luego de desbaratar una banda que operaba en la zona de la Matanza. La banda se dedicaba a la organizaci\u00f3n de peleas de <a class=\"mh-excerpt-more\" href=\"https:\/\/larevistadigital.com.ar\/blog\/cayo-banda-que-organizaba-rinas-de-gallos-siete-detenidos\/\" title=\"CAY\u00d3 BANDA QUE ORGANIZABA RI\u00d1AS DE GALLOS. SIETE DETENIDOS\">[Leer M\u00e1s]<\/a><\/p>\n<\/div>","protected":false},"author":3,"featured_media":11912,"comment_status":"open","ping_status":"open","sticky":false,"template":"","format":"standard","meta":{"_jetpack_memberships_contains_paid_content":false,"footnotes":"","jetpack_publicize_message":"","jetpack_publicize_feature_enabled":true,"jetpack_social_post_already_shared":true,"jetpack_social_options":{"image_generator_settings":{"template":"highway","default_image_id":0,"font":"","enabled":false},"version":2}},"categories":[51],"tags":[],"class_list":{"0":"post-11911","1":"post","2":"type-post","3":"status-publish","4":"format-standard","5":"has-post-thumbnail","7":"category-regionales"},"jetpack_publicize_connections":[],"jetpack_featured_media_url":"https:\/\/i0.wp.com\/larevistadigital.com.ar\/blog\/wp-content\/uploads\/Screenshot_20190819-154406_1.png?fit=1080%2C1229&ssl=1","jetpack_sharing_enabled":true,"jetpack_shortlink":"https:\/\/wp.me\/p8qtrQ-367","jetpack-related-posts":[{"id":32965,"url":"https:\/\/larevistadigital.com.ar\/blog\/desbaratan-una-banda-que-robaba-caballos-de-polo\/","url_meta":{"origin":11911,"position":0},"title":"DESBARATAN UNA BANDA QUE ROBABA CABALLOS DE POLO.","author":"Alejandro Sosa Ruda","date":"21 agosto, 2023","format":false,"excerpt":"Tras una intensa investigaci\u00f3n del Comando de Prevenci\u00f3n Rural con el apoyo de la Polic\u00eda de Pilar, qued\u00f3 desarticulada una organizaci\u00f3n delictiva dedicada al robo de caballos de polo que operaba en la zona norte. Se rescat\u00f3 a nueve equinos que estaban en poder de la banda y se detuvo\u2026","rel":"","context":"En \u00abINTERES GENERAL\u00bb","block_context":{"text":"INTERES GENERAL","link":"https:\/\/larevistadigital.com.ar\/blog\/category\/interes-general\/"},"img":{"alt_text":"","src":"https:\/\/i0.wp.com\/larevistadigital.com.ar\/blog\/wp-content\/uploads\/20230820122819_robo-caballos-polo-pilar.jpg?fit=880%2C512&ssl=1&resize=350%2C200","width":350,"height":200,"srcset":"https:\/\/i0.wp.com\/larevistadigital.com.ar\/blog\/wp-content\/uploads\/20230820122819_robo-caballos-polo-pilar.jpg?fit=880%2C512&ssl=1&resize=350%2C200 1x, https:\/\/i0.wp.com\/larevistadigital.com.ar\/blog\/wp-content\/uploads\/20230820122819_robo-caballos-polo-pilar.jpg?fit=880%2C512&ssl=1&resize=525%2C300 1.5x, https:\/\/i0.wp.com\/larevistadigital.com.ar\/blog\/wp-content\/uploads\/20230820122819_robo-caballos-polo-pilar.jpg?fit=880%2C512&ssl=1&resize=700%2C400 2x"},"classes":[]},{"id":7879,"url":"https:\/\/larevistadigital.com.ar\/blog\/7879-2\/","url_meta":{"origin":11911,"position":1},"title":"DESBARATAN RED NARCO ENTRE CONURBANO, COSTA ATLANTICA Y CARCEL DE DOLORES","author":"Alejandro Sosa Ruda","date":"22 enero, 2019","format":false,"excerpt":"Una banda de narcotraficantes que operaba en la costa atl\u00e1ntica a trav\u00e9s de una red con personas del conurbano bonaerense y presos alojados en la carcel, fue desbaratada en las \u00faltimas horas tras una serie de allanamientos que posibilitaron la aprehensi\u00f3n de 7 delincuentes, y la incautaci\u00f3n de 33 kilos\u2026","rel":"","context":"En \u00abDOLORES\u00bb","block_context":{"text":"DOLORES","link":"https:\/\/larevistadigital.com.ar\/blog\/category\/dolores\/"},"img":{"alt_text":"","src":"https:\/\/i0.wp.com\/larevistadigital.com.ar\/blog\/wp-content\/uploads\/2019\/01\/Screenshot_3-1.jpg?fit=819%2C517&ssl=1&resize=350%2C200","width":350,"height":200,"srcset":"https:\/\/i0.wp.com\/larevistadigital.com.ar\/blog\/wp-content\/uploads\/2019\/01\/Screenshot_3-1.jpg?fit=819%2C517&ssl=1&resize=350%2C200 1x, https:\/\/i0.wp.com\/larevistadigital.com.ar\/blog\/wp-content\/uploads\/2019\/01\/Screenshot_3-1.jpg?fit=819%2C517&ssl=1&resize=525%2C300 1.5x, https:\/\/i0.wp.com\/larevistadigital.com.ar\/blog\/wp-content\/uploads\/2019\/01\/Screenshot_3-1.jpg?fit=819%2C517&ssl=1&resize=700%2C400 2x"},"classes":[]},{"id":44345,"url":"https:\/\/larevistadigital.com.ar\/blog\/desarticulan-banda-narco-en-santa-clara-del-mar-siete-allanamientos-y-tres-hermanos-detenidos\/","url_meta":{"origin":11911,"position":2},"title":"Desarticulan banda narco en Santa Clara del Mar: siete allanamientos y tres hermanos detenidos","author":"Alejandro Sosa Ruda","date":"5 marzo, 2026","format":false,"excerpt":"Un amplio operativo policial permiti\u00f3 desbaratar una organizaci\u00f3n dedicada a la venta de droga que operaba en un complejo habitacional. Secuestraron estupefacientes, balanzas, celulares y veh\u00edculos usados para la distribuci\u00f3n. 05 de marzo de 2026 MAR CHIQUITA -\u00a0 \u00a0Un importante operativo policial permiti\u00f3 desarticular una organizaci\u00f3n dedicada a la comercializaci\u00f3n\u2026","rel":"","context":"En \u00abPOLICIALES\u00bb","block_context":{"text":"POLICIALES","link":"https:\/\/larevistadigital.com.ar\/blog\/category\/policiales\/"},"img":{"alt_text":"","src":"https:\/\/i0.wp.com\/larevistadigital.com.ar\/blog\/wp-content\/uploads\/Captura-de-pantalla-2026-03-05-203107.jpg?fit=812%2C418&ssl=1&resize=350%2C200","width":350,"height":200,"srcset":"https:\/\/i0.wp.com\/larevistadigital.com.ar\/blog\/wp-content\/uploads\/Captura-de-pantalla-2026-03-05-203107.jpg?fit=812%2C418&ssl=1&resize=350%2C200 1x, https:\/\/i0.wp.com\/larevistadigital.com.ar\/blog\/wp-content\/uploads\/Captura-de-pantalla-2026-03-05-203107.jpg?fit=812%2C418&ssl=1&resize=525%2C300 1.5x, https:\/\/i0.wp.com\/larevistadigital.com.ar\/blog\/wp-content\/uploads\/Captura-de-pantalla-2026-03-05-203107.jpg?fit=812%2C418&ssl=1&resize=700%2C400 2x"},"classes":[]},{"id":9519,"url":"https:\/\/larevistadigital.com.ar\/blog\/desbaratan-banda-narco-e-incautan-3100-dosis-de-droga\/","url_meta":{"origin":11911,"position":3},"title":"DESBARATAN BANDA NARCO E INCAUTAN 3100 DOSIS DE DROGA","author":"Alejandro Sosa Ruda","date":"3 abril, 2019","format":false,"excerpt":"IMPORTANTE OPERATIVO QUE DEJ\u00d3 ADEM\u00c1S DE LA DROGA SECUESTRADA, 6 DETENIDOS: 3 HOMBRES Y 3 MUJERES, M\u00c1S DINERO EN EFECTIVO, PASTA BASE Y OTROS ELEMENTOS En las \u00faltimas horas, en la localidad de Villa Centenario en el Partido de\u00a0Lomas de Zamora, la polic\u00eda de la provincia de Buenos Aires desbarat\u00f3\u2026","rel":"","context":"En \u00abPOLICIALES\u00bb","block_context":{"text":"POLICIALES","link":"https:\/\/larevistadigital.com.ar\/blog\/category\/policiales\/"},"img":{"alt_text":"","src":"https:\/\/i0.wp.com\/larevistadigital.com.ar\/blog\/wp-content\/uploads\/2019\/04\/Banda_Manco_centenario.jpg?fit=600%2C401&ssl=1&resize=350%2C200","width":350,"height":200,"srcset":"https:\/\/i0.wp.com\/larevistadigital.com.ar\/blog\/wp-content\/uploads\/2019\/04\/Banda_Manco_centenario.jpg?fit=600%2C401&ssl=1&resize=350%2C200 1x, https:\/\/i0.wp.com\/larevistadigital.com.ar\/blog\/wp-content\/uploads\/2019\/04\/Banda_Manco_centenario.jpg?fit=600%2C401&ssl=1&resize=525%2C300 1.5x"},"classes":[]},{"id":13778,"url":"https:\/\/larevistadigital.com.ar\/blog\/desbaratan-banda-narco-en-azul-liderada-por-un-preso-una-policia-embarazada-y-una-empleada-municipal\/","url_meta":{"origin":11911,"position":4},"title":"DESBARATAN BANDA NARCO EN AZUL LIDERADA POR UN PRESO, UNA POLIC\u00cdA EMBARAZADA Y UNA EMPLEADA MUNICIPAL","author":"Alejandro Sosa Ruda","date":"22 diciembre, 2019","format":false,"excerpt":"Una investigaci\u00f3n de varios meses permiti\u00f3 desbaratar a la banda, secuestrar marihuana que ten\u00edan preparada para fraccionar y vender, y detener a 11 personas. El cabecilla manejaba todo desde una celda de la Unidad Penal 30 de General Alvear. La mujer polic\u00eda, de 29 a\u00f1os,\u00a0fue beneficiada con arresto domiciliario porque\u2026","rel":"","context":"En \u00abREGIONALES\u00bb","block_context":{"text":"REGIONALES","link":"https:\/\/larevistadigital.com.ar\/blog\/category\/regionales\/"},"img":{"alt_text":"","src":"https:\/\/i0.wp.com\/larevistadigital.com.ar\/blog\/wp-content\/uploads\/drogas_azul_detenida.jpg?fit=600%2C375&ssl=1&resize=350%2C200","width":350,"height":200,"srcset":"https:\/\/i0.wp.com\/larevistadigital.com.ar\/blog\/wp-content\/uploads\/drogas_azul_detenida.jpg?fit=600%2C375&ssl=1&resize=350%2C200 1x, https:\/\/i0.wp.com\/larevistadigital.com.ar\/blog\/wp-content\/uploads\/drogas_azul_detenida.jpg?fit=600%2C375&ssl=1&resize=525%2C300 1.5x"},"classes":[]},{"id":35938,"url":"https:\/\/larevistadigital.com.ar\/blog\/desbaratan-banda-que-vendia-drogas-once-allanamientos-y-ocho-detenidos\/","url_meta":{"origin":11911,"position":5},"title":"DESBARATAN BANDA QUE VEND\u00cdA DROGAS: ONCE ALLANAMIENTOS Y OCHO DETENIDOS","author":"Alejandro Sosa Ruda","date":"27 abril, 2024","format":false,"excerpt":"Una banda acusada de comercializar drogas fue desbaratada en las \u00faltimas horas luego de m\u00faltiples allanamientos en Mar del Plata y Miramar: ocho personas fueron detenidas, quienes quedaron a disposici\u00f3n de la Justicia Federal. Durante los operativos, se secuestraron drogas, armas y cuatro veh\u00edculos. 27 de abril de 2024 MAR\u2026","rel":"","context":"En \u00abPOLICIALES\u00bb","block_context":{"text":"POLICIALES","link":"https:\/\/larevistadigital.com.ar\/blog\/category\/policiales\/"},"img":{"alt_text":"","src":"https:\/\/i0.wp.com\/larevistadigital.com.ar\/blog\/wp-content\/uploads\/20240426162930_megaoperativo-mdp.jpg?fit=880%2C512&ssl=1&resize=350%2C200","width":350,"height":200,"srcset":"https:\/\/i0.wp.com\/larevistadigital.com.ar\/blog\/wp-content\/uploads\/20240426162930_megaoperativo-mdp.jpg?fit=880%2C512&ssl=1&resize=350%2C200 1x, https:\/\/i0.wp.com\/larevistadigital.com.ar\/blog\/wp-content\/uploads\/20240426162930_megaoperativo-mdp.jpg?fit=880%2C512&ssl=1&resize=525%2C300 1.5x, https:\/\/i0.wp.com\/larevistadigital.com.ar\/blog\/wp-content\/uploads\/20240426162930_megaoperativo-mdp.jpg?fit=880%2C512&ssl=1&resize=700%2C400 2x"},"classes":[]}],"_links":{"self":[{"href":"https:\/\/larevistadigital.com.ar\/blog\/wp-json\/wp\/v2\/posts\/11911","targetHints":{"allow":["GET"]}}],"collection":[{"href":"https:\/\/larevistadigital.com.ar\/blog\/wp-json\/wp\/v2\/posts"}],"about":[{"href":"https:\/\/larevistadigital.com.ar\/blog\/wp-json\/wp\/v2\/types\/post"}],"author":[{"embeddable":true,"href":"https:\/\/larevistadigital.com.ar\/blog\/wp-json\/wp\/v2\/users\/3"}],"replies":[{"embeddable":true,"href":"https:\/\/larevistadigital.com.ar\/blog\/wp-json\/wp\/v2\/comments?post=11911"}],"version-history":[{"count":2,"href":"https:\/\/larevistadigital.com.ar\/blog\/wp-json\/wp\/v2\/posts\/11911\/revisions"}],"predecessor-version":[{"id":11915,"href":"https:\/\/larevistadigital.com.ar\/blog\/wp-json\/wp\/v2\/posts\/11911\/revisions\/11915"}],"wp:featuredmedia":[{"embeddable":true,"href":"https:\/\/larevistadigital.com.ar\/blog\/wp-json\/wp\/v2\/media\/11912"}],"wp:attachment":[{"href":"https:\/\/larevistadigital.com.ar\/blog\/wp-json\/wp\/v2\/media?parent=11911"}],"wp:term":[{"taxonomy":"category","embeddable":true,"href":"https:\/\/larevistadigital.com.ar\/blog\/wp-json\/wp\/v2\/categories?post=11911"},{"taxonomy":"post_tag","embeddable":true,"href":"https:\/\/larevistadigital.com.ar\/blog\/wp-json\/wp\/v2\/tags?post=11911"}],"curies":[{"name":"wp","href":"https:\/\/api.w.org\/{rel}","templated":true}]}}