{"id":11916,"date":"2019-08-20T13:39:35","date_gmt":"2019-08-20T13:39:35","guid":{"rendered":"https:\/\/larevistadigital.com.ar\/blog\/?p=11916"},"modified":"2019-08-20T13:40:47","modified_gmt":"2019-08-20T13:40:47","slug":"investigan-en-san-vicente-la-muerte-de-unos-35-anos","status":"publish","type":"post","link":"https:\/\/larevistadigital.com.ar\/blog\/investigan-en-san-vicente-la-muerte-de-unos-35-anos\/","title":{"rendered":"INVESTIGAN EN SAN VICENTE LA MUERTE DE UNOS 35 A\u00d1OS"},"content":{"rendered":"<h2><em><strong>Una polic\u00eda de 35 a\u00f1os de edad falleci\u00f3 despu\u00e9s de haber ingreso al hospital Ramo Carrillo con un disparo. A pesar de la actuaci\u00f3n de los m\u00e9dicos falleci\u00f3 esta tarde.<\/strong><\/em><\/h2>\n<p>La mujer, oriunda de San Vicente viv\u00eda sobre la calle Buenos Aires. Seg\u00fan trascendi\u00f3 su marido -tambi\u00e9n polic\u00eda- la habr\u00eda encontrado con el disparo y r\u00e1pidamente la trasladaron de urgencia al hospital en donde muri\u00f3.<\/p>\n<p>Las primeras versiones del hecho indican que se habr\u00eda suicidado aunque no se descartan otras hip\u00f3tesis, ya que el caso est\u00e1 siendo investigado.<\/p>\n<p>publicado en DLN<\/p>\n","protected":false},"excerpt":{"rendered":"<div class=\"mh-excerpt\"><p>Una polic\u00eda de 35 a\u00f1os de edad falleci\u00f3 despu\u00e9s de haber ingreso al hospital Ramo Carrillo con un disparo. A pesar de la actuaci\u00f3n de los m\u00e9dicos falleci\u00f3 esta tarde. La mujer, oriunda de San <a class=\"mh-excerpt-more\" href=\"https:\/\/larevistadigital.com.ar\/blog\/investigan-en-san-vicente-la-muerte-de-unos-35-anos\/\" title=\"INVESTIGAN EN SAN VICENTE LA MUERTE DE UNOS 35 A\u00d1OS\">[Leer M\u00e1s]<\/a><\/p>\n<\/div>","protected":false},"author":3,"featured_media":11917,"comment_status":"open","ping_status":"open","sticky":false,"template":"","format":"standard","meta":{"_jetpack_memberships_contains_paid_content":false,"footnotes":"","jetpack_publicize_message":"","jetpack_publicize_feature_enabled":true,"jetpack_social_post_already_shared":true,"jetpack_social_options":{"image_generator_settings":{"template":"highway","default_image_id":0,"font":"","enabled":false},"version":2}},"categories":[51],"tags":[],"class_list":{"0":"post-11916","1":"post","2":"type-post","3":"status-publish","4":"format-standard","5":"has-post-thumbnail","7":"category-regionales"},"jetpack_publicize_connections":[],"jetpack_featured_media_url":"https:\/\/i0.wp.com\/larevistadigital.com.ar\/blog\/wp-content\/uploads\/1519966099115_wm-1.jpg?fit=1024%2C575&ssl=1","jetpack_sharing_enabled":true,"jetpack_shortlink":"https:\/\/wp.me\/p8qtrQ-36c","jetpack-related-posts":[{"id":12234,"url":"https:\/\/larevistadigital.com.ar\/blog\/muere-un-joven-por-un-disparo-en-confuso-episodio\/","url_meta":{"origin":11916,"position":0},"title":"MUERE UN JOVEN POR UN DISPARO EN CONFUSO EPISODIO","author":"Alejandro Sosa Ruda","date":"22 septiembre, 2019","format":false,"excerpt":"La v\u00edctima fue identificada como Michel Palavecino, de 24 a\u00f1os. Recibi\u00f3 un disparo en la pierna y falleci\u00f3 en el Hospital. Un amigo que lo llev\u00f3 al nosocomio explic\u00f3 que mientras \"jugaban\" con unas armas se les escap\u00f3 el disparo. Mar del Plata - Un joven de 24 a\u00f1os\u00a0falleci\u00f3 esta\u2026","rel":"","context":"En \u00abPOLICIALES\u00bb","block_context":{"text":"POLICIALES","link":"https:\/\/larevistadigital.com.ar\/blog\/category\/policiales\/"},"img":{"alt_text":"","src":"https:\/\/i0.wp.com\/larevistadigital.com.ar\/blog\/wp-content\/uploads\/Screenshot_2-41.jpg?fit=1001%2C575&ssl=1&resize=350%2C200","width":350,"height":200,"srcset":"https:\/\/i0.wp.com\/larevistadigital.com.ar\/blog\/wp-content\/uploads\/Screenshot_2-41.jpg?fit=1001%2C575&ssl=1&resize=350%2C200 1x, https:\/\/i0.wp.com\/larevistadigital.com.ar\/blog\/wp-content\/uploads\/Screenshot_2-41.jpg?fit=1001%2C575&ssl=1&resize=525%2C300 1.5x, https:\/\/i0.wp.com\/larevistadigital.com.ar\/blog\/wp-content\/uploads\/Screenshot_2-41.jpg?fit=1001%2C575&ssl=1&resize=700%2C400 2x"},"classes":[]},{"id":24494,"url":"https:\/\/larevistadigital.com.ar\/blog\/tragedia-un-hombre-le-disparo-en-la-cabeza-a-su-hijo-creyendo-que-era-un-ladron\/","url_meta":{"origin":11916,"position":1},"title":"TRAGEDIA: UN HOMBRE LE DISPAR\u00d3 EN LA CABEZA A SU HIJO, CREYENDO QUE ERA UN LADR\u00d3N","author":"Alejandro Sosa Ruda","date":"11 marzo, 2022","format":false,"excerpt":"Al parecer, habr\u00eda escuchado ruidos en el techo, por lo que tom\u00f3 su carabina calibre 22 y sali\u00f3 al patio y al ver la silueta de una persona, dispar\u00f3. El joven est\u00e1 internado en estado cr\u00edtico. Sucedi\u00f3 en C\u00f3rdoba. CORDOBA -\u00a0 Un hombre le dispar\u00f3 a su hijo de 19\u2026","rel":"","context":"En \u00abINTERES GENERAL\u00bb","block_context":{"text":"INTERES GENERAL","link":"https:\/\/larevistadigital.com.ar\/blog\/category\/interes-general\/"},"img":{"alt_text":"","src":"https:\/\/i0.wp.com\/larevistadigital.com.ar\/blog\/wp-content\/uploads\/21b80301f781bef84033332733f40150f921dc89.jpeg?fit=1140%2C570&ssl=1&resize=350%2C200","width":350,"height":200,"srcset":"https:\/\/i0.wp.com\/larevistadigital.com.ar\/blog\/wp-content\/uploads\/21b80301f781bef84033332733f40150f921dc89.jpeg?fit=1140%2C570&ssl=1&resize=350%2C200 1x, https:\/\/i0.wp.com\/larevistadigital.com.ar\/blog\/wp-content\/uploads\/21b80301f781bef84033332733f40150f921dc89.jpeg?fit=1140%2C570&ssl=1&resize=525%2C300 1.5x, https:\/\/i0.wp.com\/larevistadigital.com.ar\/blog\/wp-content\/uploads\/21b80301f781bef84033332733f40150f921dc89.jpeg?fit=1140%2C570&ssl=1&resize=700%2C400 2x, https:\/\/i0.wp.com\/larevistadigital.com.ar\/blog\/wp-content\/uploads\/21b80301f781bef84033332733f40150f921dc89.jpeg?fit=1140%2C570&ssl=1&resize=1050%2C600 3x"},"classes":[]},{"id":35314,"url":"https:\/\/larevistadigital.com.ar\/blog\/policia-mato-a-un-joven-que-le-apunto-con-el-arma-con-la-que-intentaba-suicidarse\/","url_meta":{"origin":11916,"position":2},"title":"POLIC\u00cdA MAT\u00d3 A UN JOVEN QUE LE APUNT\u00d3 CON EL ARMA CON LA QUE INTENTABA SUICIDARSE","author":"Alejandro Sosa Ruda","date":"22 febrero, 2024","format":false,"excerpt":"Un polic\u00eda bonaerense mat\u00f3 este martes de un disparo en el pecho a un joven de 18 a\u00f1os luego de que \u00e9ste le apuntara con el arma de fuego con la que ya se hab\u00eda pegado un tiro en un pie y amenazaba con suicidarse, tras una pelea con su\u2026","rel":"","context":"En \u00abINTERES GENERAL\u00bb","block_context":{"text":"INTERES GENERAL","link":"https:\/\/larevistadigital.com.ar\/blog\/category\/interes-general\/"},"img":{"alt_text":"","src":"https:\/\/i0.wp.com\/larevistadigital.com.ar\/blog\/wp-content\/uploads\/POLICIA-4.jpg?fit=880%2C512&ssl=1&resize=350%2C200","width":350,"height":200,"srcset":"https:\/\/i0.wp.com\/larevistadigital.com.ar\/blog\/wp-content\/uploads\/POLICIA-4.jpg?fit=880%2C512&ssl=1&resize=350%2C200 1x, https:\/\/i0.wp.com\/larevistadigital.com.ar\/blog\/wp-content\/uploads\/POLICIA-4.jpg?fit=880%2C512&ssl=1&resize=525%2C300 1.5x, https:\/\/i0.wp.com\/larevistadigital.com.ar\/blog\/wp-content\/uploads\/POLICIA-4.jpg?fit=880%2C512&ssl=1&resize=700%2C400 2x"},"classes":[]},{"id":20310,"url":"https:\/\/larevistadigital.com.ar\/blog\/matan-a-policia-que-intento-desbaratar-una-fiesta-clandestina\/","url_meta":{"origin":11916,"position":3},"title":"MATAN A POLIC\u00cdA QUE INTENT\u00d3 DESBARATAR UNA FIESTA CLANDESTINA","author":"Alejandro Sosa Ruda","date":"17 mayo, 2021","format":false,"excerpt":"Por el hecho hay un hombre de 69 a\u00f1os detenido. MAR DEL PLATA - En medio de los fuertes controles que se realizan en Mar del Plata para evitar las fiestas clandestinas en el marco de las restricciones sanitarias por el coronavirus, un oficial de polic\u00eda fue asesinado de un\u2026","rel":"","context":"En \u00abPOLICIALES\u00bb","block_context":{"text":"POLICIALES","link":"https:\/\/larevistadigital.com.ar\/blog\/category\/policiales\/"},"img":{"alt_text":"","src":"https:\/\/i0.wp.com\/larevistadigital.com.ar\/blog\/wp-content\/uploads\/0e3b814f5ca89533f208c5fd5ed329a903abcc77.jpeg?fit=1140%2C855&ssl=1&resize=350%2C200","width":350,"height":200,"srcset":"https:\/\/i0.wp.com\/larevistadigital.com.ar\/blog\/wp-content\/uploads\/0e3b814f5ca89533f208c5fd5ed329a903abcc77.jpeg?fit=1140%2C855&ssl=1&resize=350%2C200 1x, https:\/\/i0.wp.com\/larevistadigital.com.ar\/blog\/wp-content\/uploads\/0e3b814f5ca89533f208c5fd5ed329a903abcc77.jpeg?fit=1140%2C855&ssl=1&resize=525%2C300 1.5x, https:\/\/i0.wp.com\/larevistadigital.com.ar\/blog\/wp-content\/uploads\/0e3b814f5ca89533f208c5fd5ed329a903abcc77.jpeg?fit=1140%2C855&ssl=1&resize=700%2C400 2x, https:\/\/i0.wp.com\/larevistadigital.com.ar\/blog\/wp-content\/uploads\/0e3b814f5ca89533f208c5fd5ed329a903abcc77.jpeg?fit=1140%2C855&ssl=1&resize=1050%2C600 3x"},"classes":[]},{"id":29816,"url":"https:\/\/larevistadigital.com.ar\/blog\/arrecifes-fue-atacado-con-una-molotov-y-mato-a-su-agresor-con-un-rifle-de-aire-comprimido\/","url_meta":{"origin":11916,"position":4},"title":"ARRECIFES: FUE ATACADO CON UNA MOLOTOV, Y MAT\u00d3 A SU AGRESOR CON UN RIFLE DE AIRE COMPRIMIDO","author":"Alejandro Sosa Ruda","date":"18 enero, 2023","format":false,"excerpt":"Un sujeto de 39 a\u00f1os hab\u00eda arrojado una bomba molotov contra la vivienda, cuyo morador, un joven de 24, respondi\u00f3 con un disparo de rifle de aire comprimido, hiriendo mortalmente a uno de los atacantes, quien luego falleci\u00f3 en el hospital local. 18 de enero de 2023 ARRECIFES - En\u2026","rel":"","context":"En \u00abPOLICIALES\u00bb","block_context":{"text":"POLICIALES","link":"https:\/\/larevistadigital.com.ar\/blog\/category\/policiales\/"},"img":{"alt_text":"","src":"https:\/\/i0.wp.com\/larevistadigital.com.ar\/blog\/wp-content\/uploads\/20230117141648_rivadavia-al-800.jpg?fit=880%2C512&ssl=1&resize=350%2C200","width":350,"height":200,"srcset":"https:\/\/i0.wp.com\/larevistadigital.com.ar\/blog\/wp-content\/uploads\/20230117141648_rivadavia-al-800.jpg?fit=880%2C512&ssl=1&resize=350%2C200 1x, https:\/\/i0.wp.com\/larevistadigital.com.ar\/blog\/wp-content\/uploads\/20230117141648_rivadavia-al-800.jpg?fit=880%2C512&ssl=1&resize=525%2C300 1.5x, https:\/\/i0.wp.com\/larevistadigital.com.ar\/blog\/wp-content\/uploads\/20230117141648_rivadavia-al-800.jpg?fit=880%2C512&ssl=1&resize=700%2C400 2x"},"classes":[]},{"id":42462,"url":"https:\/\/larevistadigital.com.ar\/blog\/un-turista-fallecio-tras-descompensarse-mientras-pescaba-en-la-laguna-de-chascomus\/","url_meta":{"origin":11916,"position":5},"title":"Un turista falleci\u00f3 tras descompensarse mientras pescaba en la laguna de Chascom\u00fas","author":"Alejandro Sosa Ruda","date":"14 noviembre, 2025","format":false,"excerpt":"El hombre, de 55 a\u00f1os y oriundo de Florencio Varela, sufri\u00f3 una descompensaci\u00f3n mientras pescaba con amigos. Pese a recibir atenci\u00f3n m\u00e9dica y RCP, falleci\u00f3 en el Hospital Municipal. 14 de Noviembre de 2025 CHASCOM\u00daS -\u00a0 Un turista de 55 a\u00f1os, proveniente de Florencio Varela, falleci\u00f3 este martes en Chascom\u00fas\u2026","rel":"","context":"En \u00abINTERES GENERAL\u00bb","block_context":{"text":"INTERES GENERAL","link":"https:\/\/larevistadigital.com.ar\/blog\/category\/interes-general\/"},"img":{"alt_text":"","src":"https:\/\/i0.wp.com\/larevistadigital.com.ar\/blog\/wp-content\/uploads\/nueva-ambulancia-hospital-bariloche.jpg?fit=915%2C608&ssl=1&resize=350%2C200","width":350,"height":200,"srcset":"https:\/\/i0.wp.com\/larevistadigital.com.ar\/blog\/wp-content\/uploads\/nueva-ambulancia-hospital-bariloche.jpg?fit=915%2C608&ssl=1&resize=350%2C200 1x, https:\/\/i0.wp.com\/larevistadigital.com.ar\/blog\/wp-content\/uploads\/nueva-ambulancia-hospital-bariloche.jpg?fit=915%2C608&ssl=1&resize=525%2C300 1.5x, https:\/\/i0.wp.com\/larevistadigital.com.ar\/blog\/wp-content\/uploads\/nueva-ambulancia-hospital-bariloche.jpg?fit=915%2C608&ssl=1&resize=700%2C400 2x"},"classes":[]}],"_links":{"self":[{"href":"https:\/\/larevistadigital.com.ar\/blog\/wp-json\/wp\/v2\/posts\/11916","targetHints":{"allow":["GET"]}}],"collection":[{"href":"https:\/\/larevistadigital.com.ar\/blog\/wp-json\/wp\/v2\/posts"}],"about":[{"href":"https:\/\/larevistadigital.com.ar\/blog\/wp-json\/wp\/v2\/types\/post"}],"author":[{"embeddable":true,"href":"https:\/\/larevistadigital.com.ar\/blog\/wp-json\/wp\/v2\/users\/3"}],"replies":[{"embeddable":true,"href":"https:\/\/larevistadigital.com.ar\/blog\/wp-json\/wp\/v2\/comments?post=11916"}],"version-history":[{"count":3,"href":"https:\/\/larevistadigital.com.ar\/blog\/wp-json\/wp\/v2\/posts\/11916\/revisions"}],"predecessor-version":[{"id":11920,"href":"https:\/\/larevistadigital.com.ar\/blog\/wp-json\/wp\/v2\/posts\/11916\/revisions\/11920"}],"wp:featuredmedia":[{"embeddable":true,"href":"https:\/\/larevistadigital.com.ar\/blog\/wp-json\/wp\/v2\/media\/11917"}],"wp:attachment":[{"href":"https:\/\/larevistadigital.com.ar\/blog\/wp-json\/wp\/v2\/media?parent=11916"}],"wp:term":[{"taxonomy":"category","embeddable":true,"href":"https:\/\/larevistadigital.com.ar\/blog\/wp-json\/wp\/v2\/categories?post=11916"},{"taxonomy":"post_tag","embeddable":true,"href":"https:\/\/larevistadigital.com.ar\/blog\/wp-json\/wp\/v2\/tags?post=11916"}],"curies":[{"name":"wp","href":"https:\/\/api.w.org\/{rel}","templated":true}]}}