{"id":11921,"date":"2019-08-20T13:48:13","date_gmt":"2019-08-20T13:48:13","guid":{"rendered":"https:\/\/larevistadigital.com.ar\/blog\/?p=11921"},"modified":"2019-08-20T13:48:13","modified_gmt":"2019-08-20T13:48:13","slug":"condenan-a-policia-por-abusar-de-su-hija-menor-de-edad","status":"publish","type":"post","link":"https:\/\/larevistadigital.com.ar\/blog\/condenan-a-policia-por-abusar-de-su-hija-menor-de-edad\/","title":{"rendered":"CONDENAN A POLIC\u00cdA POR ABUSAR DE SU HIJA MENOR DE EDAD"},"content":{"rendered":"<h2><em><strong>En un juicio oral realizado en el Tribunal en lo Criminal n\u00ba 1 Departamental. Los hechos sucedieron tanto en Gral. Belgrano donde viv\u00eda la ni\u00f1a, en la vecina localidad donde viv\u00eda la familia del imputado o en situaciones puntuales como durante viajes. El imputado es nacido en Dolores.<\/strong><\/em><\/h2>\n<p>En el marco de un juicio oral realizado en el Tribunal en lo Criminal n\u00b0 1 Departamental, los jueces Dres. <strong>Claudia Castro<\/strong> (de 1er. Voto), <strong>Carlos Colombo<\/strong> e <strong>In\u00e9s Olmedo<\/strong> condenaron a un polic\u00eda radicado en General Conesa, juzgado por haber abusado de su hija menor de corta edad.<\/p>\n<p>La Dra. <strong>Castro<\/strong> consider\u00f3 legal y plenamente probado que en un domicilio de la ciudad de General Belgrano, un sujeto abus\u00f3 sexualmente de su hija menor de edad mediante tocamientos en las partes \u00edntimas del cuerpo.<\/p>\n<blockquote>\n<h3>La madre de la ni\u00f1a dijo que cuando iniciaron la convivencia como pareja se conoc\u00edan muy poco, que ambos eran funcionarios policiales. Que al poco tiempo de convivir hab\u00eda advertido en su pareja conductas que la perturbaban, tanto el exceso de consumo de pornograf\u00eda como actos de violencia psicol\u00f3gica, f\u00edsica y verbal tanto para con ella como para con las ni\u00f1as, lo que hab\u00eda producido primero un distanciamiento y luego la separaci\u00f3n, derivada esta de una denuncia por violencia familiar.<\/h3>\n<\/blockquote>\n<p>Indic\u00f3 que a poco de iniciada la relaci\u00f3n se hab\u00edan mudado a General. Belgrano, donde hab\u00edan comenzado los hechos de violencia hacia ella y las nenas, particularmente cuando estas lloraban, ya que las met\u00eda en el ropero o les presionaba la cabeza contra el colch\u00f3n. Remarc\u00f3 que el consumo de pornograf\u00eda por parte de su pareja hab\u00eda sido motivo de muchas discusiones, y que a la par de todo esto hab\u00eda comenzado una de sus hijas a tener ataques de angustia, llanto y gritos constantes.<\/p>\n<blockquote>\n<h3>La mujer dijo haber le\u00eddo un afiche donde se describ\u00edan los s\u00edntomas de abuso infantil, algo que la hab\u00eda perturbado porque su hija los ten\u00eda a todos. Indic\u00f3 tambi\u00e9n, que separada la pareja hab\u00edan seguido teniendo trato, que no hab\u00eda r\u00e9gimen de visita para con las hijas, que las llevaba con su familia a Gral. Conesa, precisando un episodio puntual que por los hechos hab\u00eda afectado profundamente a la ni\u00f1a, se\u00f1alando: \u201ceste hombre les robo la infancia a mis hijas\u201d.<\/h3>\n<\/blockquote>\n<p>La Juez precis\u00f3 en el fallo que hasta el presente hab\u00edan intervenido en el caso distintos profesionales, desde pediatras hasta psiquiatras y psic\u00f3logos, quienes hab\u00edan declarado en el juicio junto a personas del entorno familiar y educativo de la ni\u00f1a, resaltando que hab\u00edan surgido de ellos indicadores de abuso sexual infantil.<\/p>\n<blockquote>\n<h3>El Defensor del imputado en su alegato sostuvo que no hab\u00eda pruebas contundentes acerca de actos de abuso sexual, que todos los testigos eran de o\u00eddas ya que la menor no hab\u00eda estado presente en el debate. Que la sintomatolog\u00eda que presentaba la ni\u00f1a seg\u00fan los expertos que hab\u00edan declarado en el juicio, no solo podr\u00edan ser por situaciones de abuso sexual sino tambi\u00e9n resultado de la situaci\u00f3n familiar que atravesaba el grupo.<\/h3>\n<\/blockquote>\n<p>Sin embargo para la Juez aceptar ese razonamiento significaba que la menor ment\u00eda, igual la madre, que la abuela, la t\u00eda, otros familiares y la maestra no hab\u00edan visto o escuchado lo que dijeron conocer, y tener por err\u00f3neos los indicios y las conclusiones a las que hab\u00edan arribado los profesionales que hab\u00edan entrevistado a la ni\u00f1a, que dijeron que hab\u00eda estado expuesta a vivencias impropias a tan corta edad.<\/p>\n<p>Finalmente los jueces por unanimidad resolvieron condenar a\u00a0<strong>J.E.O.<\/strong>, empleado policial, nacido en Dolores y con domicilio en Gral. Conesa, como autor del delito de \u201c<strong>Abuso Sexual agravado por el v\u00ednculo<\/strong>\u201d, imponi\u00e9ndole la pena de\u00a0<strong>Cinco a\u00f1os de prisi\u00f3n<\/strong>.<\/p>\n<p><strong>Nota: se omiten detalles que pudieran permitir identificar a la v\u00edctima.<\/strong><\/p>\n<p>PUBLICADO EN DIARIO COMPROMISO<\/p>\n","protected":false},"excerpt":{"rendered":"<div class=\"mh-excerpt\"><p>En un juicio oral realizado en el Tribunal en lo Criminal n\u00ba 1 Departamental. Los hechos sucedieron tanto en Gral. Belgrano donde viv\u00eda la ni\u00f1a, en la vecina localidad donde viv\u00eda la familia del imputado <a class=\"mh-excerpt-more\" href=\"https:\/\/larevistadigital.com.ar\/blog\/condenan-a-policia-por-abusar-de-su-hija-menor-de-edad\/\" title=\"CONDENAN A POLIC\u00cdA POR ABUSAR DE SU HIJA MENOR DE EDAD\">[Leer M\u00e1s]<\/a><\/p>\n<\/div>","protected":false},"author":3,"featured_media":11922,"comment_status":"open","ping_status":"open","sticky":false,"template":"","format":"standard","meta":{"_jetpack_memberships_contains_paid_content":false,"footnotes":"","jetpack_publicize_message":"","jetpack_publicize_feature_enabled":true,"jetpack_social_post_already_shared":true,"jetpack_social_options":{"image_generator_settings":{"template":"highway","default_image_id":0,"font":"","enabled":false},"version":2}},"categories":[51],"tags":[],"class_list":{"0":"post-11921","1":"post","2":"type-post","3":"status-publish","4":"format-standard","5":"has-post-thumbnail","7":"category-regionales"},"jetpack_publicize_connections":[],"jetpack_featured_media_url":"https:\/\/i0.wp.com\/larevistadigital.com.ar\/blog\/wp-content\/uploads\/Edificio-TRibunales-660x330-1.jpg?fit=660%2C330&ssl=1","jetpack_sharing_enabled":true,"jetpack_shortlink":"https:\/\/wp.me\/p8qtrQ-36h","jetpack-related-posts":[{"id":11814,"url":"https:\/\/larevistadigital.com.ar\/blog\/chascomus-condenan-a-sujeto-por-tocamientos-sexuales-a-su-hija-de-5-anos\/","url_meta":{"origin":11921,"position":0},"title":"CHASCOM\u00daS: CONDENAN A SUJETO POR \u00abTOCAMIENTOS SEXUALES\u00bb A SU HIJA DE 5 A\u00d1OS","author":"Alejandro Sosa Ruda","date":"12 agosto, 2019","format":false,"excerpt":"En el marco de un juicio abreviado la Dra. Claudia Castro actuando como Juez unipersonal del Tribunal en lo Criminal n\u00b0 1 Departamental, conden\u00f3 a un vecino de Chascom\u00fas juzgado por haber abusado sexualmente de su hija de cinco a\u00f1os. El juicio fue consensuado por el Fiscal de Juicio Dr.\u2026","rel":"","context":"En \u00abDESTACADAS\u00bb","block_context":{"text":"DESTACADAS","link":"https:\/\/larevistadigital.com.ar\/blog\/category\/destacadas\/"},"img":{"alt_text":"","src":"https:\/\/i0.wp.com\/larevistadigital.com.ar\/blog\/wp-content\/uploads\/Tribunal-Criminal-11-660x330-1.jpg?fit=660%2C330&ssl=1&resize=350%2C200","width":350,"height":200,"srcset":"https:\/\/i0.wp.com\/larevistadigital.com.ar\/blog\/wp-content\/uploads\/Tribunal-Criminal-11-660x330-1.jpg?fit=660%2C330&ssl=1&resize=350%2C200 1x, https:\/\/i0.wp.com\/larevistadigital.com.ar\/blog\/wp-content\/uploads\/Tribunal-Criminal-11-660x330-1.jpg?fit=660%2C330&ssl=1&resize=525%2C300 1.5x"},"classes":[]},{"id":33941,"url":"https:\/\/larevistadigital.com.ar\/blog\/bahia-blanca-piden-27-anos-de-carcel-para-un-hombre-acusado-de-abusar-de-su-hija-menor-de-edad\/","url_meta":{"origin":11921,"position":1},"title":"BAH\u00cdA BLANCA: PIDEN 27 A\u00d1OS DE CARCEL PARA UN HOMBRE ACUSADO DE ABUSAR DE SU HIJA MENOR DE EDAD","author":"Alejandro Sosa Ruda","date":"8 octubre, 2023","format":false,"excerpt":"Luego de ser declarado culpable por un jurado popular, se llev\u00f3 a cabo la audiencia de cesura en la cual la Fiscal\u00eda y la querella, pidieron 27 a\u00f1os de c\u00e1rcel para un hombre acusado de abusar de su hija menor de edad. 09 de octubre de 2023 BAH\u00cdA BLANCA -\u00a0\u2026","rel":"","context":"En \u00abINTERES GENERAL\u00bb","block_context":{"text":"INTERES GENERAL","link":"https:\/\/larevistadigital.com.ar\/blog\/category\/interes-general\/"},"img":{"alt_text":"","src":"https:\/\/i0.wp.com\/larevistadigital.com.ar\/blog\/wp-content\/uploads\/Captura-de-pantalla-2023-10-08-225011.png?fit=789%2C397&ssl=1&resize=350%2C200","width":350,"height":200,"srcset":"https:\/\/i0.wp.com\/larevistadigital.com.ar\/blog\/wp-content\/uploads\/Captura-de-pantalla-2023-10-08-225011.png?fit=789%2C397&ssl=1&resize=350%2C200 1x, https:\/\/i0.wp.com\/larevistadigital.com.ar\/blog\/wp-content\/uploads\/Captura-de-pantalla-2023-10-08-225011.png?fit=789%2C397&ssl=1&resize=525%2C300 1.5x, https:\/\/i0.wp.com\/larevistadigital.com.ar\/blog\/wp-content\/uploads\/Captura-de-pantalla-2023-10-08-225011.png?fit=789%2C397&ssl=1&resize=700%2C400 2x"},"classes":[]},{"id":2712,"url":"https:\/\/larevistadigital.com.ar\/blog\/dolores-condenan-a-vecino-por-abuso-de-una-menor\/","url_meta":{"origin":11921,"position":2},"title":"DOLORES: CONDENAN A VECINO POR ABUSO DE UNA MENOR","author":"Alejandro Sosa Ruda","date":"22 julio, 2017","format":false,"excerpt":"La v\u00edctima fue la hija de la pareja del procesado. El fallo lo dict\u00f3 el Tribunal Criminal N\u00b0 1 Departamental, registrando el imputado varios antecedentes condenatorios por delitos contra la propiedad. El mencionado Tribunal, est\u00e1 integrado por los jueces Doctores Claudia Castro, In\u00e9s Olmedo (de 1er.voto) y Cristian Gasquet, se\u2026","rel":"","context":"En \u00abDOLORES\u00bb","block_context":{"text":"DOLORES","link":"https:\/\/larevistadigital.com.ar\/blog\/category\/dolores\/"},"img":{"alt_text":"","src":"https:\/\/i0.wp.com\/larevistadigital.com.ar\/blog\/wp-content\/uploads\/2017\/07\/Tribunal-11.jpg?fit=800%2C960&ssl=1&resize=350%2C200","width":350,"height":200,"srcset":"https:\/\/i0.wp.com\/larevistadigital.com.ar\/blog\/wp-content\/uploads\/2017\/07\/Tribunal-11.jpg?fit=800%2C960&ssl=1&resize=350%2C200 1x, https:\/\/i0.wp.com\/larevistadigital.com.ar\/blog\/wp-content\/uploads\/2017\/07\/Tribunal-11.jpg?fit=800%2C960&ssl=1&resize=525%2C300 1.5x, https:\/\/i0.wp.com\/larevistadigital.com.ar\/blog\/wp-content\/uploads\/2017\/07\/Tribunal-11.jpg?fit=800%2C960&ssl=1&resize=700%2C400 2x"},"classes":[]},{"id":33379,"url":"https:\/\/larevistadigital.com.ar\/blog\/un-jurado-popular-declaro-culpable-a-un-hombre-por-abusar-de-su-propia-hija\/","url_meta":{"origin":11921,"position":3},"title":"UN JURADO POPULAR DECLAR\u00d3 CULPABLE A UN HOMBRE POR ABUSAR DE SU PROPIA HIJA","author":"Alejandro Sosa Ruda","date":"11 septiembre, 2023","format":false,"excerpt":"En el marco del juicio por jurados que se llev\u00f3 a cabo esta semana en Bah\u00eda Blanca para analizar la conducta de un hombre acusado de abusar sexualmente de su hija menor de edad, el jurado por unanimidad de votos lo declar\u00f3 culpable. Los hechos se habr\u00edan registrado entre 2011\u2026","rel":"","context":"En \u00abPOLICIALES\u00bb","block_context":{"text":"POLICIALES","link":"https:\/\/larevistadigital.com.ar\/blog\/category\/policiales\/"},"img":{"alt_text":"","src":"https:\/\/i0.wp.com\/larevistadigital.com.ar\/blog\/wp-content\/uploads\/20230910164916_abuso-sexual-infantil.jpg?fit=880%2C512&ssl=1&resize=350%2C200","width":350,"height":200,"srcset":"https:\/\/i0.wp.com\/larevistadigital.com.ar\/blog\/wp-content\/uploads\/20230910164916_abuso-sexual-infantil.jpg?fit=880%2C512&ssl=1&resize=350%2C200 1x, https:\/\/i0.wp.com\/larevistadigital.com.ar\/blog\/wp-content\/uploads\/20230910164916_abuso-sexual-infantil.jpg?fit=880%2C512&ssl=1&resize=525%2C300 1.5x, https:\/\/i0.wp.com\/larevistadigital.com.ar\/blog\/wp-content\/uploads\/20230910164916_abuso-sexual-infantil.jpg?fit=880%2C512&ssl=1&resize=700%2C400 2x"},"classes":[]},{"id":13102,"url":"https:\/\/larevistadigital.com.ar\/blog\/castelli-dura-condena-para-madre-que-prostituia-a-su-hija\/","url_meta":{"origin":11921,"position":4},"title":"CASTELLI: DURA CONDENA PARA MADRE QUE PROSTITU\u00cdA A SU HIJA","author":"Alejandro Sosa Ruda","date":"7 noviembre, 2019","format":false,"excerpt":"Tambi\u00e9n fue condenado un vecino de dicha localidad por tocamientos a la menor. Seg\u00fan el veredicto la mujer contactaba telef\u00f3nicamente a \u201clos clientes\u201d para ofrecerles los servicios sexuales de su hija, siendo la mayor\u00eda de ellos camioneros. En el marco de un juicio oral realizado en el Tribunal en lo\u2026","rel":"","context":"En \u00abCASTELLI\u00bb","block_context":{"text":"CASTELLI","link":"https:\/\/larevistadigital.com.ar\/blog\/category\/castelli\/"},"img":{"alt_text":"","src":"https:\/\/i0.wp.com\/larevistadigital.com.ar\/blog\/wp-content\/uploads\/301139.jpg?fit=1072%2C589&ssl=1&resize=350%2C200","width":350,"height":200,"srcset":"https:\/\/i0.wp.com\/larevistadigital.com.ar\/blog\/wp-content\/uploads\/301139.jpg?fit=1072%2C589&ssl=1&resize=350%2C200 1x, https:\/\/i0.wp.com\/larevistadigital.com.ar\/blog\/wp-content\/uploads\/301139.jpg?fit=1072%2C589&ssl=1&resize=525%2C300 1.5x, https:\/\/i0.wp.com\/larevistadigital.com.ar\/blog\/wp-content\/uploads\/301139.jpg?fit=1072%2C589&ssl=1&resize=700%2C400 2x, https:\/\/i0.wp.com\/larevistadigital.com.ar\/blog\/wp-content\/uploads\/301139.jpg?fit=1072%2C589&ssl=1&resize=1050%2C600 3x"},"classes":[]},{"id":31440,"url":"https:\/\/larevistadigital.com.ar\/blog\/pilar-16-anos-de-prision-para-un-hombre-por-violar-a-su-sobrina\/","url_meta":{"origin":11921,"position":5},"title":"PILAR: 16 A\u00d1OS DE PRISI\u00d3N PARA UN HOMBRE POR VIOLAR A SU SOBRINA","author":"Alejandro Sosa Ruda","date":"8 mayo, 2023","format":false,"excerpt":"El Tribunal Oral en lo Criminal N\u00b01 de San Isidro conden\u00f3 a 16 a\u00f1os de prisi\u00f3n a un hombre que abus\u00f3 sexualmente de su sobrina menor de edad. 8 de Mayo de 2023 PILAR -\u00a0 Se trata de F\u00e9lix Cuenca Machuca quien fue encontrado penalmente responsable del delito de \u201cabuso\u2026","rel":"","context":"En \u00abINTERES GENERAL\u00bb","block_context":{"text":"INTERES GENERAL","link":"https:\/\/larevistadigital.com.ar\/blog\/category\/interes-general\/"},"img":{"alt_text":"","src":"https:\/\/i0.wp.com\/larevistadigital.com.ar\/blog\/wp-content\/uploads\/20230507122950_tribunales-san-isidro.jpg?fit=880%2C512&ssl=1&resize=350%2C200","width":350,"height":200,"srcset":"https:\/\/i0.wp.com\/larevistadigital.com.ar\/blog\/wp-content\/uploads\/20230507122950_tribunales-san-isidro.jpg?fit=880%2C512&ssl=1&resize=350%2C200 1x, https:\/\/i0.wp.com\/larevistadigital.com.ar\/blog\/wp-content\/uploads\/20230507122950_tribunales-san-isidro.jpg?fit=880%2C512&ssl=1&resize=525%2C300 1.5x, https:\/\/i0.wp.com\/larevistadigital.com.ar\/blog\/wp-content\/uploads\/20230507122950_tribunales-san-isidro.jpg?fit=880%2C512&ssl=1&resize=700%2C400 2x"},"classes":[]}],"_links":{"self":[{"href":"https:\/\/larevistadigital.com.ar\/blog\/wp-json\/wp\/v2\/posts\/11921","targetHints":{"allow":["GET"]}}],"collection":[{"href":"https:\/\/larevistadigital.com.ar\/blog\/wp-json\/wp\/v2\/posts"}],"about":[{"href":"https:\/\/larevistadigital.com.ar\/blog\/wp-json\/wp\/v2\/types\/post"}],"author":[{"embeddable":true,"href":"https:\/\/larevistadigital.com.ar\/blog\/wp-json\/wp\/v2\/users\/3"}],"replies":[{"embeddable":true,"href":"https:\/\/larevistadigital.com.ar\/blog\/wp-json\/wp\/v2\/comments?post=11921"}],"version-history":[{"count":1,"href":"https:\/\/larevistadigital.com.ar\/blog\/wp-json\/wp\/v2\/posts\/11921\/revisions"}],"predecessor-version":[{"id":11923,"href":"https:\/\/larevistadigital.com.ar\/blog\/wp-json\/wp\/v2\/posts\/11921\/revisions\/11923"}],"wp:featuredmedia":[{"embeddable":true,"href":"https:\/\/larevistadigital.com.ar\/blog\/wp-json\/wp\/v2\/media\/11922"}],"wp:attachment":[{"href":"https:\/\/larevistadigital.com.ar\/blog\/wp-json\/wp\/v2\/media?parent=11921"}],"wp:term":[{"taxonomy":"category","embeddable":true,"href":"https:\/\/larevistadigital.com.ar\/blog\/wp-json\/wp\/v2\/categories?post=11921"},{"taxonomy":"post_tag","embeddable":true,"href":"https:\/\/larevistadigital.com.ar\/blog\/wp-json\/wp\/v2\/tags?post=11921"}],"curies":[{"name":"wp","href":"https:\/\/api.w.org\/{rel}","templated":true}]}}