{"id":11924,"date":"2019-08-20T13:51:38","date_gmt":"2019-08-20T13:51:38","guid":{"rendered":"https:\/\/larevistadigital.com.ar\/blog\/?p=11924"},"modified":"2019-08-20T13:51:38","modified_gmt":"2019-08-20T13:51:38","slug":"recuperan-moto-robada","status":"publish","type":"post","link":"https:\/\/larevistadigital.com.ar\/blog\/recuperan-moto-robada\/","title":{"rendered":"RECUPERAN MOTO ROBADA"},"content":{"rendered":"<p>DOLORES- Durante la madrugada del s\u00e1bado se produjo el robo de una moto Gilera 110 de una vivienda ubicada en calle Paysand\u00fa al 900.<\/p>\n<p>Al advertir esta situaci\u00f3n, la v\u00edctima de inmediato dio aviso a la Polic\u00eda.<\/p>\n<p>La r\u00e1pida intervenci\u00f3n de los efectivos permiti\u00f3 identificar y aprehender, a unos 300 metros del lugar, al sujeto que intentaba darse a la fuga con la moto robada.<\/p>\n","protected":false},"excerpt":{"rendered":"<div class=\"mh-excerpt\"><p>DOLORES- Durante la madrugada del s\u00e1bado se produjo el robo de una moto Gilera 110 de una vivienda ubicada en calle Paysand\u00fa al 900. Al advertir esta situaci\u00f3n, la v\u00edctima de inmediato dio aviso a <a class=\"mh-excerpt-more\" href=\"https:\/\/larevistadigital.com.ar\/blog\/recuperan-moto-robada\/\" title=\"RECUPERAN MOTO ROBADA\">[Leer M\u00e1s]<\/a><\/p>\n<\/div>","protected":false},"author":3,"featured_media":11925,"comment_status":"open","ping_status":"open","sticky":false,"template":"","format":"standard","meta":{"_jetpack_memberships_contains_paid_content":false,"footnotes":"","jetpack_publicize_message":"","jetpack_publicize_feature_enabled":true,"jetpack_social_post_already_shared":true,"jetpack_social_options":{"image_generator_settings":{"template":"highway","default_image_id":0,"font":"","enabled":false},"version":2}},"categories":[43,51],"tags":[],"class_list":{"0":"post-11924","1":"post","2":"type-post","3":"status-publish","4":"format-standard","5":"has-post-thumbnail","7":"category-dolores","8":"category-regionales"},"jetpack_publicize_connections":[],"jetpack_featured_media_url":"https:\/\/i0.wp.com\/larevistadigital.com.ar\/blog\/wp-content\/uploads\/Incendio-660x330.jpg?fit=660%2C330&ssl=1","jetpack_sharing_enabled":true,"jetpack_shortlink":"https:\/\/wp.me\/p8qtrQ-36k","jetpack-related-posts":[{"id":32726,"url":"https:\/\/larevistadigital.com.ar\/blog\/chascomus-la-policia-recupero-una-moto-que-habia-sido-denunciada-como-robada-a-fin-de-julio\/","url_meta":{"origin":11924,"position":0},"title":"CHASCOM\u00daS: LA POLIC\u00cdA RECUPER\u00d3 UNA MOTO QUE HAB\u00cdA SIDO DENUNCIADA COMO ROBADA A FIN DE JULIO","author":"Alejandro Sosa Ruda","date":"3 agosto, 2023","format":false,"excerpt":"CHASCOM\u00daS -\u00a0 \u00a0D\u00edas atr\u00e1s, una persona de sexo masculino realiz\u00f3 una denuncia en donde mencionaba que del patio lateral de su vivienda le fue sustra\u00edda una motocicleta de su propiedad. La moto robada era una Honda Wave, y a ra\u00edz de la denuncia, la polic\u00eda comunal comenz\u00f3 con tareas investigativas\u2026","rel":"","context":"En \u00abINTERES GENERAL\u00bb","block_context":{"text":"INTERES GENERAL","link":"https:\/\/larevistadigital.com.ar\/blog\/category\/interes-general\/"},"img":{"alt_text":"","src":"https:\/\/i0.wp.com\/larevistadigital.com.ar\/blog\/wp-content\/uploads\/88381adc587fa8a1e6a1dc82a6ca4e1b93ba1bbe-1.jpg?fit=1140%2C757&ssl=1&resize=350%2C200","width":350,"height":200,"srcset":"https:\/\/i0.wp.com\/larevistadigital.com.ar\/blog\/wp-content\/uploads\/88381adc587fa8a1e6a1dc82a6ca4e1b93ba1bbe-1.jpg?fit=1140%2C757&ssl=1&resize=350%2C200 1x, https:\/\/i0.wp.com\/larevistadigital.com.ar\/blog\/wp-content\/uploads\/88381adc587fa8a1e6a1dc82a6ca4e1b93ba1bbe-1.jpg?fit=1140%2C757&ssl=1&resize=525%2C300 1.5x, https:\/\/i0.wp.com\/larevistadigital.com.ar\/blog\/wp-content\/uploads\/88381adc587fa8a1e6a1dc82a6ca4e1b93ba1bbe-1.jpg?fit=1140%2C757&ssl=1&resize=700%2C400 2x, https:\/\/i0.wp.com\/larevistadigital.com.ar\/blog\/wp-content\/uploads\/88381adc587fa8a1e6a1dc82a6ca4e1b93ba1bbe-1.jpg?fit=1140%2C757&ssl=1&resize=1050%2C600 3x"},"classes":[]},{"id":8105,"url":"https:\/\/larevistadigital.com.ar\/blog\/chascomus-se-recupero-moto-robada\/","url_meta":{"origin":11924,"position":1},"title":"CHASCOM\u00daS: SE RECUPER\u00d3 MOTO ROBADA","author":"Alejandro Sosa Ruda","date":"1 febrero, 2019","format":false,"excerpt":"Durante el d\u00eda de ayer y en horas de la tarde personal del GTO de la Estaci\u00f3n de Polic\u00eda comunal Chascom\u00fas en el barrio 30 de mayo intercepta una moto marca guerrero 110 cc conducida por un menor de 13 a\u00f1os. Dicho motovehiculo pose\u00eda pedido de secuestro por Robo la\u2026","rel":"","context":"En \u00abPOLICIALES\u00bb","block_context":{"text":"POLICIALES","link":"https:\/\/larevistadigital.com.ar\/blog\/category\/policiales\/"},"img":{"alt_text":"","src":"https:\/\/i0.wp.com\/larevistadigital.com.ar\/blog\/wp-content\/uploads\/2019\/01\/bbx_755050019_comisaria_chasco_01.jpg?fit=800%2C579&ssl=1&resize=350%2C200","width":350,"height":200,"srcset":"https:\/\/i0.wp.com\/larevistadigital.com.ar\/blog\/wp-content\/uploads\/2019\/01\/bbx_755050019_comisaria_chasco_01.jpg?fit=800%2C579&ssl=1&resize=350%2C200 1x, https:\/\/i0.wp.com\/larevistadigital.com.ar\/blog\/wp-content\/uploads\/2019\/01\/bbx_755050019_comisaria_chasco_01.jpg?fit=800%2C579&ssl=1&resize=525%2C300 1.5x, https:\/\/i0.wp.com\/larevistadigital.com.ar\/blog\/wp-content\/uploads\/2019\/01\/bbx_755050019_comisaria_chasco_01.jpg?fit=800%2C579&ssl=1&resize=700%2C400 2x"},"classes":[]},{"id":25792,"url":"https:\/\/larevistadigital.com.ar\/blog\/aprehendieron-a-un-joven-con-una-moto-robada\/","url_meta":{"origin":11924,"position":2},"title":"APREHENDIERON A UN JOVEN CON UNA MOTO ROBADA","author":"Alejandro Sosa Ruda","date":"12 junio, 2022","format":false,"excerpt":"CHASCOM\u00daS -\u00a0 Personal de la estaci\u00f3n de Polic\u00eda Comunal local, procedi\u00f3 a detener en calle Escribano y Juarez a un muchacho de 18 a\u00f1os de edad, quien circulaba en una moto Zanella 110 cc., con motor con numeraci\u00f3n suprimido, corroborando que el n\u00famero de cuadro posee pedido de SECUESTRO ACTIVO\u2026","rel":"","context":"En \u00abINTERES GENERAL\u00bb","block_context":{"text":"INTERES GENERAL","link":"https:\/\/larevistadigital.com.ar\/blog\/category\/interes-general\/"},"img":{"alt_text":"","src":"https:\/\/i0.wp.com\/larevistadigital.com.ar\/blog\/wp-content\/uploads\/WhatsApp-Image-2022-06-10-at-11.48.25-AM-1.jpeg?fit=1200%2C900&ssl=1&resize=350%2C200","width":350,"height":200,"srcset":"https:\/\/i0.wp.com\/larevistadigital.com.ar\/blog\/wp-content\/uploads\/WhatsApp-Image-2022-06-10-at-11.48.25-AM-1.jpeg?fit=1200%2C900&ssl=1&resize=350%2C200 1x, https:\/\/i0.wp.com\/larevistadigital.com.ar\/blog\/wp-content\/uploads\/WhatsApp-Image-2022-06-10-at-11.48.25-AM-1.jpeg?fit=1200%2C900&ssl=1&resize=525%2C300 1.5x, https:\/\/i0.wp.com\/larevistadigital.com.ar\/blog\/wp-content\/uploads\/WhatsApp-Image-2022-06-10-at-11.48.25-AM-1.jpeg?fit=1200%2C900&ssl=1&resize=700%2C400 2x, https:\/\/i0.wp.com\/larevistadigital.com.ar\/blog\/wp-content\/uploads\/WhatsApp-Image-2022-06-10-at-11.48.25-AM-1.jpeg?fit=1200%2C900&ssl=1&resize=1050%2C600 3x"},"classes":[]},{"id":31917,"url":"https:\/\/larevistadigital.com.ar\/blog\/chascomus-la-policia-comunal-en-tareas-preventivas-intercepto-y-recupero-una-moto-que-resulto-ser-robada-en-castelli\/","url_meta":{"origin":11924,"position":3},"title":"CHASCOM\u00daS: LA POLIC\u00cdA COMUNAL, EN TAREAS PREVENTIVAS INTERCEPT\u00d3 Y RECUPER\u00d3 UNA MOTO QUE RESULT\u00d3 SER ROBADA EN CASTELLI","author":"Alejandro Sosa Ruda","date":"11 junio, 2023","format":false,"excerpt":"La polic\u00eda lo intercept\u00f3 y la sospecha tuvo fundamento. La moto hab\u00eda sido robada en Castelli hace unos d\u00edas. 11 de junio de 2023 CHASCOM\u00daS -\u00a0 \u00a0Durante el d\u00eda de ayer, personal de Polic\u00eda Comunal procedi\u00f3 a interceptar una motocicleta de 110cc, que result\u00f3 sospechosa para los agentes. Una vez\u2026","rel":"","context":"En \u00abINTERES GENERAL\u00bb","block_context":{"text":"INTERES GENERAL","link":"https:\/\/larevistadigital.com.ar\/blog\/category\/interes-general\/"},"img":{"alt_text":"","src":"https:\/\/i0.wp.com\/larevistadigital.com.ar\/blog\/wp-content\/uploads\/WhatsApp-Image-2023-06-10-at-21.05.00.jpeg?fit=1080%2C1084&ssl=1&resize=350%2C200","width":350,"height":200,"srcset":"https:\/\/i0.wp.com\/larevistadigital.com.ar\/blog\/wp-content\/uploads\/WhatsApp-Image-2023-06-10-at-21.05.00.jpeg?fit=1080%2C1084&ssl=1&resize=350%2C200 1x, https:\/\/i0.wp.com\/larevistadigital.com.ar\/blog\/wp-content\/uploads\/WhatsApp-Image-2023-06-10-at-21.05.00.jpeg?fit=1080%2C1084&ssl=1&resize=525%2C300 1.5x, https:\/\/i0.wp.com\/larevistadigital.com.ar\/blog\/wp-content\/uploads\/WhatsApp-Image-2023-06-10-at-21.05.00.jpeg?fit=1080%2C1084&ssl=1&resize=700%2C400 2x, https:\/\/i0.wp.com\/larevistadigital.com.ar\/blog\/wp-content\/uploads\/WhatsApp-Image-2023-06-10-at-21.05.00.jpeg?fit=1080%2C1084&ssl=1&resize=1050%2C600 3x"},"classes":[]},{"id":8236,"url":"https:\/\/larevistadigital.com.ar\/blog\/chascomus-la-policia-comunal-recupero-otra-moto-robada\/","url_meta":{"origin":11924,"position":4},"title":"CHASCOM\u00daS: LA POLIC\u00cdA COMUNAL RECUPER\u00d3 OTRA MOTO ROBADA","author":"Alejandro Sosa Ruda","date":"8 febrero, 2019","format":false,"excerpt":"Anoche personal de la Polic\u00eda Comunal de Chascom\u00fas intercept\u00f3 en la esquina de calles Sarmiento y Cramer una motocicleta Gilera Smash 110cc., que que era conducida por un j\u00f3ven de 21 a\u00f1os de edad. Consultada la base de datos, el mencionado veh\u00edculo pose\u00eda pedido de secuestro activo por hurto en\u2026","rel":"","context":"En \u00abPOLICIALES\u00bb","block_context":{"text":"POLICIALES","link":"https:\/\/larevistadigital.com.ar\/blog\/category\/policiales\/"},"img":{"alt_text":"","src":"https:\/\/i0.wp.com\/larevistadigital.com.ar\/blog\/wp-content\/uploads\/2019\/02\/sdf.jpg?fit=1040%2C585&ssl=1&resize=350%2C200","width":350,"height":200,"srcset":"https:\/\/i0.wp.com\/larevistadigital.com.ar\/blog\/wp-content\/uploads\/2019\/02\/sdf.jpg?fit=1040%2C585&ssl=1&resize=350%2C200 1x, https:\/\/i0.wp.com\/larevistadigital.com.ar\/blog\/wp-content\/uploads\/2019\/02\/sdf.jpg?fit=1040%2C585&ssl=1&resize=525%2C300 1.5x, https:\/\/i0.wp.com\/larevistadigital.com.ar\/blog\/wp-content\/uploads\/2019\/02\/sdf.jpg?fit=1040%2C585&ssl=1&resize=700%2C400 2x"},"classes":[]},{"id":25125,"url":"https:\/\/larevistadigital.com.ar\/blog\/chascomus-policia-de-ronda-detecta-y-detiene-a-dos-menores-que-se-movilizaban-con-moto-robada\/","url_meta":{"origin":11924,"position":5},"title":"CHASCOM\u00daS: POLIC\u00cdA DE RONDA, DETECTA Y DETIENE A DOS MENORES QUE SE MOVILIZABAN CON MOTO ROBADA","author":"Alejandro Sosa Ruda","date":"17 abril, 2022","format":false,"excerpt":"CHASCOM\u00daS -\u00a0 En el d\u00eda de ayer, personal policial detuvo a dos sujetos que se movilizaban en dos motos, llevando a una \"de tiro\", lo que despert\u00f3 las sospechas de los agentes del orden, adem\u00e1s de la falta de pl\u00e1sticos, luces y de patente. Al detener a los muchachos, se\u2026","rel":"","context":"En \u00abINTERES GENERAL\u00bb","block_context":{"text":"INTERES GENERAL","link":"https:\/\/larevistadigital.com.ar\/blog\/category\/interes-general\/"},"img":{"alt_text":"","src":"https:\/\/i0.wp.com\/larevistadigital.com.ar\/blog\/wp-content\/uploads\/WhatsApp-Image-2022-04-16-at-9.42.58-PM.jpeg?fit=1200%2C1200&ssl=1&resize=350%2C200","width":350,"height":200,"srcset":"https:\/\/i0.wp.com\/larevistadigital.com.ar\/blog\/wp-content\/uploads\/WhatsApp-Image-2022-04-16-at-9.42.58-PM.jpeg?fit=1200%2C1200&ssl=1&resize=350%2C200 1x, https:\/\/i0.wp.com\/larevistadigital.com.ar\/blog\/wp-content\/uploads\/WhatsApp-Image-2022-04-16-at-9.42.58-PM.jpeg?fit=1200%2C1200&ssl=1&resize=525%2C300 1.5x, https:\/\/i0.wp.com\/larevistadigital.com.ar\/blog\/wp-content\/uploads\/WhatsApp-Image-2022-04-16-at-9.42.58-PM.jpeg?fit=1200%2C1200&ssl=1&resize=700%2C400 2x, https:\/\/i0.wp.com\/larevistadigital.com.ar\/blog\/wp-content\/uploads\/WhatsApp-Image-2022-04-16-at-9.42.58-PM.jpeg?fit=1200%2C1200&ssl=1&resize=1050%2C600 3x"},"classes":[]}],"_links":{"self":[{"href":"https:\/\/larevistadigital.com.ar\/blog\/wp-json\/wp\/v2\/posts\/11924","targetHints":{"allow":["GET"]}}],"collection":[{"href":"https:\/\/larevistadigital.com.ar\/blog\/wp-json\/wp\/v2\/posts"}],"about":[{"href":"https:\/\/larevistadigital.com.ar\/blog\/wp-json\/wp\/v2\/types\/post"}],"author":[{"embeddable":true,"href":"https:\/\/larevistadigital.com.ar\/blog\/wp-json\/wp\/v2\/users\/3"}],"replies":[{"embeddable":true,"href":"https:\/\/larevistadigital.com.ar\/blog\/wp-json\/wp\/v2\/comments?post=11924"}],"version-history":[{"count":1,"href":"https:\/\/larevistadigital.com.ar\/blog\/wp-json\/wp\/v2\/posts\/11924\/revisions"}],"predecessor-version":[{"id":11926,"href":"https:\/\/larevistadigital.com.ar\/blog\/wp-json\/wp\/v2\/posts\/11924\/revisions\/11926"}],"wp:featuredmedia":[{"embeddable":true,"href":"https:\/\/larevistadigital.com.ar\/blog\/wp-json\/wp\/v2\/media\/11925"}],"wp:attachment":[{"href":"https:\/\/larevistadigital.com.ar\/blog\/wp-json\/wp\/v2\/media?parent=11924"}],"wp:term":[{"taxonomy":"category","embeddable":true,"href":"https:\/\/larevistadigital.com.ar\/blog\/wp-json\/wp\/v2\/categories?post=11924"},{"taxonomy":"post_tag","embeddable":true,"href":"https:\/\/larevistadigital.com.ar\/blog\/wp-json\/wp\/v2\/tags?post=11924"}],"curies":[{"name":"wp","href":"https:\/\/api.w.org\/{rel}","templated":true}]}}