{"id":11927,"date":"2019-08-20T14:27:49","date_gmt":"2019-08-20T14:27:49","guid":{"rendered":"https:\/\/larevistadigital.com.ar\/blog\/?p=11927"},"modified":"2019-08-20T14:39:29","modified_gmt":"2019-08-20T14:39:29","slug":"violento-asalto-a-una-familia-en-una-quinta","status":"publish","type":"post","link":"https:\/\/larevistadigital.com.ar\/blog\/violento-asalto-a-una-familia-en-una-quinta\/","title":{"rendered":"VIOLENTO ASALTO A UNA FAMILIA EN UNA QUINTA"},"content":{"rendered":"<h2 class=\"nota__hero__summary\">Tres hombres armados ingresaron anoche, alrededor de las 22:00, a una vivienda ubicada en la calle Rivadavia al 2400, en las afueras de la ciudad de Dolores.<\/h2>\n<p>Al grito de \u201cpolic\u00eda\u201d, los asaltantes ingresaron a la casa pateando la puerta de la vivienda, en la que se encontraban cinco miembros de una familia, incluyendo un menor de edad.<\/p>\n<blockquote>\n<h3>Seg\u00fan la denuncia radicada, los hombres, vestidos con ropa oscura al estilo de la que suelen usar las fuerzas de seguridad, ataron a los integrantes de la familia, los golpearon, amenazaron con cortarles los dedos y con matarlos.<\/h3>\n<\/blockquote>\n<p>De acuerdo con el testimonio de las v\u00edctimas, hac\u00edan alusi\u00f3n \u201cal matadero\u201d, presuntamente en relaci\u00f3n con el robo del Matadero que se cometi\u00f3 en mayo del a\u00f1o pasado, del que varios asaltantes se llevaron un importante bot\u00edn.<\/p>\n<blockquote>\n<h3>Luego de revisar la casa, se llevaron unos $ 2.000 que sacaron de las pertenencias de los habitantes, que pudieron desatarse y llamar pidiendo auxilio pese a que los asaltantes hab\u00edan puesto los celulares en una olla con agua.<\/h3>\n<\/blockquote>\n<p>Las investigaciones siguen adelante tratando de determinar la identidad de los agresores, para lo cual se solicit\u00f3 el informe de las c\u00e1maras de seguridad de la v\u00eda p\u00fablica.<\/p>\n<p>PUBLICADO EN ENTREL\u00cdNEAS.INFO<\/p>\n","protected":false},"excerpt":{"rendered":"<div class=\"mh-excerpt\"><p>Tres hombres armados ingresaron anoche, alrededor de las 22:00, a una vivienda ubicada en la calle Rivadavia al 2400, en las afueras de la ciudad de Dolores. Al grito de \u201cpolic\u00eda\u201d, los asaltantes ingresaron a <a class=\"mh-excerpt-more\" href=\"https:\/\/larevistadigital.com.ar\/blog\/violento-asalto-a-una-familia-en-una-quinta\/\" title=\"VIOLENTO ASALTO A UNA FAMILIA EN UNA QUINTA\">[Leer M\u00e1s]<\/a><\/p>\n<\/div>","protected":false},"author":3,"featured_media":11929,"comment_status":"open","ping_status":"open","sticky":false,"template":"","format":"standard","meta":{"_jetpack_memberships_contains_paid_content":false,"footnotes":"","jetpack_publicize_message":"","jetpack_publicize_feature_enabled":true,"jetpack_social_post_already_shared":true,"jetpack_social_options":{"image_generator_settings":{"template":"highway","default_image_id":0,"font":"","enabled":false},"version":2}},"categories":[51],"tags":[],"class_list":{"0":"post-11927","1":"post","2":"type-post","3":"status-publish","4":"format-standard","5":"has-post-thumbnail","7":"category-regionales"},"jetpack_publicize_connections":[],"jetpack_featured_media_url":"https:\/\/i0.wp.com\/larevistadigital.com.ar\/blog\/wp-content\/uploads\/16c85ed8201de54ea78bcdb79335bb9530a7a04d.jpeg?fit=1140%2C759&ssl=1","jetpack_sharing_enabled":true,"jetpack_shortlink":"https:\/\/wp.me\/p8qtrQ-36n","jetpack-related-posts":[{"id":44489,"url":"https:\/\/larevistadigital.com.ar\/blog\/violento-asalto-en-ranchos-encapuchados-maniataron-a-una-familia-y-exigieron-dinero\/","url_meta":{"origin":11927,"position":0},"title":"Violento asalto en Ranchos: encapuchados maniataron a una familia y exigieron dinero","author":"Alejandro Sosa Ruda","date":"13 marzo, 2026","format":false,"excerpt":"El hecho ocurri\u00f3 a plena luz del d\u00eda. Al menos cuatro delincuentes participaron del robo y los investigadores no descartan un trasfondo personal. Fu\u00e9 informado por el periodista Ruben Martinez a travez del Grupo Tiempo de Ranchos. 13 de marzo de 2026 RANCHOS -\u00a0 \u00a0Un violento robo sacudi\u00f3 este mi\u00e9rcoles\u2026","rel":"","context":"En \u00abPOLICIALES\u00bb","block_context":{"text":"POLICIALES","link":"https:\/\/larevistadigital.com.ar\/blog\/category\/policiales\/"},"img":{"alt_text":"","src":"https:\/\/i0.wp.com\/larevistadigital.com.ar\/blog\/wp-content\/uploads\/1620734310362.jpg?fit=1200%2C798&ssl=1&resize=350%2C200","width":350,"height":200,"srcset":"https:\/\/i0.wp.com\/larevistadigital.com.ar\/blog\/wp-content\/uploads\/1620734310362.jpg?fit=1200%2C798&ssl=1&resize=350%2C200 1x, https:\/\/i0.wp.com\/larevistadigital.com.ar\/blog\/wp-content\/uploads\/1620734310362.jpg?fit=1200%2C798&ssl=1&resize=525%2C300 1.5x, https:\/\/i0.wp.com\/larevistadigital.com.ar\/blog\/wp-content\/uploads\/1620734310362.jpg?fit=1200%2C798&ssl=1&resize=700%2C400 2x, https:\/\/i0.wp.com\/larevistadigital.com.ar\/blog\/wp-content\/uploads\/1620734310362.jpg?fit=1200%2C798&ssl=1&resize=1050%2C600 3x"},"classes":[]},{"id":24759,"url":"https:\/\/larevistadigital.com.ar\/blog\/ranchos-robaron-y-maniataron-a-una-familia-durante-la-madrugada\/","url_meta":{"origin":11927,"position":1},"title":"RANCHOS: ROBARON Y MANIATARON A UNA FAMILIA DURANTE LA MADRUGADA","author":"Alejandro Sosa Ruda","date":"22 marzo, 2022","format":false,"excerpt":"RANCHOS -\u00a0 Inform\u00f3 el portal \"Multimedio\u00a0 Digital\" que en la madrugada ingresaron ladrones a una casa, mientras la familia se encontraba durmiendo, y se llevaron una importante suma de dinero, y otros elementos. Todo ocurri\u00f3 en una casa quinta de Ranchos, ubicada en Calle 73 al 4000, cuando sus moradores\u2026","rel":"","context":"En \u00abRANCHOS\u00bb","block_context":{"text":"RANCHOS","link":"https:\/\/larevistadigital.com.ar\/blog\/category\/ranchos\/"},"img":{"alt_text":"","src":"https:\/\/i0.wp.com\/larevistadigital.com.ar\/blog\/wp-content\/uploads\/policia-ranchos.png?fit=867%2C573&ssl=1&resize=350%2C200","width":350,"height":200,"srcset":"https:\/\/i0.wp.com\/larevistadigital.com.ar\/blog\/wp-content\/uploads\/policia-ranchos.png?fit=867%2C573&ssl=1&resize=350%2C200 1x, https:\/\/i0.wp.com\/larevistadigital.com.ar\/blog\/wp-content\/uploads\/policia-ranchos.png?fit=867%2C573&ssl=1&resize=525%2C300 1.5x, https:\/\/i0.wp.com\/larevistadigital.com.ar\/blog\/wp-content\/uploads\/policia-ranchos.png?fit=867%2C573&ssl=1&resize=700%2C400 2x"},"classes":[]},{"id":24339,"url":"https:\/\/larevistadigital.com.ar\/blog\/entran-a-casa-de-city-bell-roban-una-camioneta-y-se-tomaron-un-fernet\/","url_meta":{"origin":11927,"position":2},"title":"ENTRAN A CASA DE CITY BELL, ROBAN UNA CAMIONETA Y SE TOMARON UN FERNET","author":"Alejandro Sosa Ruda","date":"4 marzo, 2022","format":false,"excerpt":"Sucedi\u00f3 durante las \u00faltimas horas en la zona de 461 y Camino General Belgrano. Los implicados huyeron con bebidas, un grupo electr\u00f3geno y el veh\u00edculo. 03 de marzo de 2022 Delincuentes ingresaron a robar a la casa de una familia de\u00a0City Bell y se llevaron hasta su\u00a0veh\u00edculo tras una audaz\u2026","rel":"","context":"En \u00abPOLICIALES\u00bb","block_context":{"text":"POLICIALES","link":"https:\/\/larevistadigital.com.ar\/blog\/category\/policiales\/"},"img":{"alt_text":"","src":"https:\/\/i0.wp.com\/larevistadigital.com.ar\/blog\/wp-content\/uploads\/1620734311775.jpg?fit=1200%2C777&ssl=1&resize=350%2C200","width":350,"height":200,"srcset":"https:\/\/i0.wp.com\/larevistadigital.com.ar\/blog\/wp-content\/uploads\/1620734311775.jpg?fit=1200%2C777&ssl=1&resize=350%2C200 1x, https:\/\/i0.wp.com\/larevistadigital.com.ar\/blog\/wp-content\/uploads\/1620734311775.jpg?fit=1200%2C777&ssl=1&resize=525%2C300 1.5x, https:\/\/i0.wp.com\/larevistadigital.com.ar\/blog\/wp-content\/uploads\/1620734311775.jpg?fit=1200%2C777&ssl=1&resize=700%2C400 2x, https:\/\/i0.wp.com\/larevistadigital.com.ar\/blog\/wp-content\/uploads\/1620734311775.jpg?fit=1200%2C777&ssl=1&resize=1050%2C600 3x"},"classes":[]},{"id":40013,"url":"https:\/\/larevistadigital.com.ar\/blog\/mientras-dormian-violento-robo-en-villa-gesell-deja-a-una-familia-sin-nada\/","url_meta":{"origin":11927,"position":3},"title":"Mientras dorm\u00edan: violento robo en Villa Gesell deja a una familia sin nada","author":"Alejandro Sosa Ruda","date":"9 junio, 2025","format":false,"excerpt":"La inseguridad golpea de nuevo en la costa. En plena madrugada, una familia de Villa Gesell fue desvalijada mientras dorm\u00eda. Se llevaron desde electrodom\u00e9sticos hasta comida congelada, sin que nadie escuchara un solo ruido. 09 de Junio de 2025 VILLA GESELL -\u00a0 El episodio ocurri\u00f3 durante el fin de semana,\u2026","rel":"","context":"En \u00abPOLICIALES\u00bb","block_context":{"text":"POLICIALES","link":"https:\/\/larevistadigital.com.ar\/blog\/category\/policiales\/"},"img":{"alt_text":"","src":"https:\/\/i0.wp.com\/larevistadigital.com.ar\/blog\/wp-content\/uploads\/NOTA-2.png?fit=1140%2C636&ssl=1&resize=350%2C200","width":350,"height":200,"srcset":"https:\/\/i0.wp.com\/larevistadigital.com.ar\/blog\/wp-content\/uploads\/NOTA-2.png?fit=1140%2C636&ssl=1&resize=350%2C200 1x, https:\/\/i0.wp.com\/larevistadigital.com.ar\/blog\/wp-content\/uploads\/NOTA-2.png?fit=1140%2C636&ssl=1&resize=525%2C300 1.5x, https:\/\/i0.wp.com\/larevistadigital.com.ar\/blog\/wp-content\/uploads\/NOTA-2.png?fit=1140%2C636&ssl=1&resize=700%2C400 2x, https:\/\/i0.wp.com\/larevistadigital.com.ar\/blog\/wp-content\/uploads\/NOTA-2.png?fit=1140%2C636&ssl=1&resize=1050%2C600 3x"},"classes":[]},{"id":43235,"url":"https:\/\/larevistadigital.com.ar\/blog\/investigan-un-hurto-en-una-vivienda-de-chascomus\/","url_meta":{"origin":11927,"position":4},"title":"Investigan un hurto en una vivienda de Chascom\u00fas","author":"Alejandro Sosa Ruda","date":"9 enero, 2026","format":false,"excerpt":"Autores ignorados ingresaron a una casa durante la madrugada y sustrajeron un tel\u00e9fono celular y documentaci\u00f3n personal. No se registraron da\u00f1os ni signos de violencia. 09 de enero de 2026 CHASCOM\u00daS-\u00a0 \u00a0 Una vecina de Chascom\u00fas denunci\u00f3 un hurto ocurrido durante la madrugada, en un hecho que es investigado por\u2026","rel":"","context":"En \u00abINTERES GENERAL\u00bb","block_context":{"text":"INTERES GENERAL","link":"https:\/\/larevistadigital.com.ar\/blog\/category\/interes-general\/"},"img":{"alt_text":"","src":"https:\/\/i0.wp.com\/larevistadigital.com.ar\/blog\/wp-content\/uploads\/POLICIA.png?fit=1002%2C658&ssl=1&resize=350%2C200","width":350,"height":200,"srcset":"https:\/\/i0.wp.com\/larevistadigital.com.ar\/blog\/wp-content\/uploads\/POLICIA.png?fit=1002%2C658&ssl=1&resize=350%2C200 1x, https:\/\/i0.wp.com\/larevistadigital.com.ar\/blog\/wp-content\/uploads\/POLICIA.png?fit=1002%2C658&ssl=1&resize=525%2C300 1.5x, https:\/\/i0.wp.com\/larevistadigital.com.ar\/blog\/wp-content\/uploads\/POLICIA.png?fit=1002%2C658&ssl=1&resize=700%2C400 2x"},"classes":[]},{"id":15609,"url":"https:\/\/larevistadigital.com.ar\/blog\/balean-a-adolescente-en-asalto-a-una-casa-esta-grave\/","url_meta":{"origin":11927,"position":5},"title":"BALEAN A ADOLESCENTE EN ASALTO A UNA CASA. EST\u00c1 GRAVE","author":"Alejandro Sosa Ruda","date":"11 junio, 2020","format":false,"excerpt":"El hecho ocurri\u00f3 este jueves a la madrugada, cuando tres delincuentes ingresaron a una vivienda del barrio Peralta Ramos Oeste y le dispararon a un joven de 17 a\u00f1os. Los detuvieron a pocas cuadras y la v\u00edctima fue internada. Un\u00a0adolescente de 17 a\u00f1os fue baleado este jueves a la madrugada\u2026","rel":"","context":"En \u00abPOLICIALES\u00bb","block_context":{"text":"POLICIALES","link":"https:\/\/larevistadigital.com.ar\/blog\/category\/policiales\/"},"img":{"alt_text":"","src":"https:\/\/i0.wp.com\/larevistadigital.com.ar\/blog\/wp-content\/uploads\/Screenshot_2-96.jpg?fit=931%2C819&ssl=1&resize=350%2C200","width":350,"height":200,"srcset":"https:\/\/i0.wp.com\/larevistadigital.com.ar\/blog\/wp-content\/uploads\/Screenshot_2-96.jpg?fit=931%2C819&ssl=1&resize=350%2C200 1x, https:\/\/i0.wp.com\/larevistadigital.com.ar\/blog\/wp-content\/uploads\/Screenshot_2-96.jpg?fit=931%2C819&ssl=1&resize=525%2C300 1.5x, https:\/\/i0.wp.com\/larevistadigital.com.ar\/blog\/wp-content\/uploads\/Screenshot_2-96.jpg?fit=931%2C819&ssl=1&resize=700%2C400 2x"},"classes":[]}],"_links":{"self":[{"href":"https:\/\/larevistadigital.com.ar\/blog\/wp-json\/wp\/v2\/posts\/11927","targetHints":{"allow":["GET"]}}],"collection":[{"href":"https:\/\/larevistadigital.com.ar\/blog\/wp-json\/wp\/v2\/posts"}],"about":[{"href":"https:\/\/larevistadigital.com.ar\/blog\/wp-json\/wp\/v2\/types\/post"}],"author":[{"embeddable":true,"href":"https:\/\/larevistadigital.com.ar\/blog\/wp-json\/wp\/v2\/users\/3"}],"replies":[{"embeddable":true,"href":"https:\/\/larevistadigital.com.ar\/blog\/wp-json\/wp\/v2\/comments?post=11927"}],"version-history":[{"count":3,"href":"https:\/\/larevistadigital.com.ar\/blog\/wp-json\/wp\/v2\/posts\/11927\/revisions"}],"predecessor-version":[{"id":11932,"href":"https:\/\/larevistadigital.com.ar\/blog\/wp-json\/wp\/v2\/posts\/11927\/revisions\/11932"}],"wp:featuredmedia":[{"embeddable":true,"href":"https:\/\/larevistadigital.com.ar\/blog\/wp-json\/wp\/v2\/media\/11929"}],"wp:attachment":[{"href":"https:\/\/larevistadigital.com.ar\/blog\/wp-json\/wp\/v2\/media?parent=11927"}],"wp:term":[{"taxonomy":"category","embeddable":true,"href":"https:\/\/larevistadigital.com.ar\/blog\/wp-json\/wp\/v2\/categories?post=11927"},{"taxonomy":"post_tag","embeddable":true,"href":"https:\/\/larevistadigital.com.ar\/blog\/wp-json\/wp\/v2\/tags?post=11927"}],"curies":[{"name":"wp","href":"https:\/\/api.w.org\/{rel}","templated":true}]}}