{"id":11933,"date":"2019-08-20T15:10:22","date_gmt":"2019-08-20T15:10:22","guid":{"rendered":"https:\/\/larevistadigital.com.ar\/blog\/?p=11933"},"modified":"2019-08-20T15:11:58","modified_gmt":"2019-08-20T15:11:58","slug":"reviso-el-telefono-de-su-marido-porque-sospechaba-que-era-infiel-y-descubrio-que-abusaba-de-sus-ahijadas","status":"publish","type":"post","link":"https:\/\/larevistadigital.com.ar\/blog\/reviso-el-telefono-de-su-marido-porque-sospechaba-que-era-infiel-y-descubrio-que-abusaba-de-sus-ahijadas\/","title":{"rendered":"REVIS\u00d3 EL TELEFONO DE SU MARIDO PORQUE SOSPECHABA QUE ERA INFIEL, Y DESCUBRI\u00d3 QUE ABUSABA DE SUS AHIJADAS"},"content":{"rendered":"<h2><em>Tiene 38 a\u00f1os.\u00a0En el celular hallaron filmaciones, fotos y material pornogr\u00e1fico.<\/em><\/h2>\n<p>Un hombre de 38 a\u00f1os fue detenido por abusar a sus dos ahijadas de nueve a\u00f1os en Villa Fiorito, partido de Lomas de Zamora. Fue descubierto por su esposa, que sospechaba que su pareja le era infiel y al revisar el tel\u00e9fono celular descubri\u00f3 grabaciones con las dos nenas.Qued\u00f3 imputado por abuso sexual con acceso carnal agravado.<\/p>\n<blockquote>\n<h3>El caso sali\u00f3 a la luz cuando la esposa del abusador revis\u00f3 su tel\u00e9fono celular con la sospecha de una infidelidad. Cuando accedi\u00f3 a las im\u00e1genes y videos, descubri\u00f3 las filmaciones con sus ahijadas, ambas de nueve a\u00f1os.\u00a0De inmediato la mujer avis\u00f3 a las madres de las dos v\u00edctimas, que realizaron la denuncia en la comisar\u00eda de Fiorito.<\/h3>\n<\/blockquote>\n<p>La causa qued\u00f3 en manos de la Unidad Fiscal de Investigaciones (UFI) N\u00b0 9 de Lomas de Zamora, a cargo de la fiscal\u00a0<strong>Carla Furnigo<\/strong>, que\u00a0orden\u00f3 un allanamiento en la casa del acusado, quien fue detenido de inmediato.\u00a0En su tel\u00e9fono celular hallaron las filmaciones del hombre con las dos nenas; mientras que en una tablet encontraron material pornogr\u00e1fico infantil. Adem\u00e1s, ten\u00eda escondida ropa de nena.<\/p>\n<blockquote>\n<h3>Seg\u00fan inform\u00f3\u00a0<em>Diario Conurbano<\/em>,\u00a0los abusos fueron cometidos este a\u00f1o cuando las dos nenas visitaban a su padrino en su vivienda de Fiorito. De acuerdo a la investigaci\u00f3n en marcha, otro de los lugares donde se cometieron los abusos fue en un taller mec\u00e1nico de la zona. La primera etapa de la investigaci\u00f3n revel\u00f3 adem\u00e1s que el abusador filmaba las violaciones y las fotografiaba desnudas.<\/h3>\n<\/blockquote>\n<p>Por ahora, la causa fue caratulada como \u201cabuso sexual con acceso carnal agravado y producci\u00f3n de representaciones de menores de 18 a\u00f1os dedicada a actividades sexuales\u201d, con intervenci\u00f3n del juez de Garant\u00edas N\u00b0 8,\u00a0<strong>Gabriel<\/strong>\u00a0<strong>Vitale<\/strong>.<\/p>\n<p>publicado en Bigbangnews<\/p>\n","protected":false},"excerpt":{"rendered":"<div class=\"mh-excerpt\"><p>Tiene 38 a\u00f1os.\u00a0En el celular hallaron filmaciones, fotos y material pornogr\u00e1fico. Un hombre de 38 a\u00f1os fue detenido por abusar a sus dos ahijadas de nueve a\u00f1os en Villa Fiorito, partido de Lomas de Zamora. <a class=\"mh-excerpt-more\" href=\"https:\/\/larevistadigital.com.ar\/blog\/reviso-el-telefono-de-su-marido-porque-sospechaba-que-era-infiel-y-descubrio-que-abusaba-de-sus-ahijadas\/\" title=\"REVIS\u00d3 EL TELEFONO DE SU MARIDO PORQUE SOSPECHABA QUE ERA INFIEL, Y DESCUBRI\u00d3 QUE ABUSABA DE SUS AHIJADAS\">[Leer M\u00e1s]<\/a><\/p>\n<\/div>","protected":false},"author":3,"featured_media":11934,"comment_status":"open","ping_status":"open","sticky":false,"template":"","format":"standard","meta":{"_jetpack_memberships_contains_paid_content":false,"footnotes":"","jetpack_publicize_message":"","jetpack_publicize_feature_enabled":true,"jetpack_social_post_already_shared":true,"jetpack_social_options":{"image_generator_settings":{"template":"highway","default_image_id":0,"font":"","enabled":false},"version":2}},"categories":[50],"tags":[],"class_list":{"0":"post-11933","1":"post","2":"type-post","3":"status-publish","4":"format-standard","5":"has-post-thumbnail","7":"category-interes-general"},"jetpack_publicize_connections":[],"jetpack_featured_media_url":"https:\/\/i0.wp.com\/larevistadigital.com.ar\/blog\/wp-content\/uploads\/1566309968483.jpg?fit=735%2C461&ssl=1","jetpack_sharing_enabled":true,"jetpack_shortlink":"https:\/\/wp.me\/p8qtrQ-36t","jetpack-related-posts":[{"id":34228,"url":"https:\/\/larevistadigital.com.ar\/blog\/chascomus-le-robaron-el-celular-amenazandolo-con-un-destornillador-hizo-la-denuncia-y-la-policia-comunal-descubrio-y-detuvo-al-culpable\/","url_meta":{"origin":11933,"position":0},"title":"CHASCOM\u00daS: LE ROBARON EL CELULAR AMENAZ\u00c1NDOLO CON UN DESTORNILLADOR. HIZO LA DENUNCIA Y LA POLIC\u00cdA COMUNAL DESCUBRI\u00d3 Y DETUVO AL CULPABLE","author":"Alejandro Sosa Ruda","date":"27 octubre, 2023","format":false,"excerpt":"La polic\u00eda logr\u00f3 r\u00e1pidamente dar con el responsable y recolectar las pruebas necesarias para conseguir el allanamiento y detenci\u00f3n. 27 de Octubre de 2023 CHASCOM\u00daS -\u00a0 El d\u00eda domingo en horas de la madrugada un joven que caminaba por calle Lastra desde la costanera hacia el centro de ciudad, fue\u2026","rel":"","context":"En \u00abDESTACADAS\u00bb","block_context":{"text":"DESTACADAS","link":"https:\/\/larevistadigital.com.ar\/blog\/category\/destacadas\/"},"img":{"alt_text":"","src":"https:\/\/i0.wp.com\/larevistadigital.com.ar\/blog\/wp-content\/uploads\/WhatsApp-Image-2023-10-26-at-23.11.54-e1698417009606.jpeg?fit=898%2C794&ssl=1&resize=350%2C200","width":350,"height":200,"srcset":"https:\/\/i0.wp.com\/larevistadigital.com.ar\/blog\/wp-content\/uploads\/WhatsApp-Image-2023-10-26-at-23.11.54-e1698417009606.jpeg?fit=898%2C794&ssl=1&resize=350%2C200 1x, https:\/\/i0.wp.com\/larevistadigital.com.ar\/blog\/wp-content\/uploads\/WhatsApp-Image-2023-10-26-at-23.11.54-e1698417009606.jpeg?fit=898%2C794&ssl=1&resize=525%2C300 1.5x, https:\/\/i0.wp.com\/larevistadigital.com.ar\/blog\/wp-content\/uploads\/WhatsApp-Image-2023-10-26-at-23.11.54-e1698417009606.jpeg?fit=898%2C794&ssl=1&resize=700%2C400 2x"},"classes":[]},{"id":14524,"url":"https:\/\/larevistadigital.com.ar\/blog\/exploto-su-celular-mientras-dormia-y-sufrio-quemaduras-en-todo-el-cuerpo\/","url_meta":{"origin":11933,"position":1},"title":"EXPLOT\u00d3 SU CELULAR MIENTRAS DORM\u00cdA Y SUFRI\u00d3 QUEMADURAS EN TODO EL CUERPO","author":"Alejandro Sosa Ruda","date":"2 febrero, 2020","format":false,"excerpt":"Un joven de 22 a\u00f1os sufri\u00f3\u00a0quemaduras en diferentes lugares de su cuerpo al explotarle el tel\u00e9fono celular mientras dorm\u00eda\u00a0en la localidad cordobesa de La Falda, por lo que debi\u00f3 asistir a un centro de salud de la zona para que le quitaran el\u00a0l\u00edquido \u00e1cido\u00a0de la bater\u00eda que le hab\u00eda quedado\u00a0impregnado.\u2026","rel":"","context":"En \u00abINTERES GENERAL\u00bb","block_context":{"text":"INTERES GENERAL","link":"https:\/\/larevistadigital.com.ar\/blog\/category\/interes-general\/"},"img":{"alt_text":"","src":"https:\/\/i0.wp.com\/larevistadigital.com.ar\/blog\/wp-content\/uploads\/Screenshot_2-80.jpg?fit=940%2C529&ssl=1&resize=350%2C200","width":350,"height":200,"srcset":"https:\/\/i0.wp.com\/larevistadigital.com.ar\/blog\/wp-content\/uploads\/Screenshot_2-80.jpg?fit=940%2C529&ssl=1&resize=350%2C200 1x, https:\/\/i0.wp.com\/larevistadigital.com.ar\/blog\/wp-content\/uploads\/Screenshot_2-80.jpg?fit=940%2C529&ssl=1&resize=525%2C300 1.5x, https:\/\/i0.wp.com\/larevistadigital.com.ar\/blog\/wp-content\/uploads\/Screenshot_2-80.jpg?fit=940%2C529&ssl=1&resize=700%2C400 2x"},"classes":[]},{"id":26254,"url":"https:\/\/larevistadigital.com.ar\/blog\/terrible-femicidio-mato-a-su-ex-esposa-y-le-corto-un-dedo-para-desbloquear-el-celular\/","url_meta":{"origin":11933,"position":2},"title":"TERRIBLE FEMICIDIO: MAT\u00d3 A SU EX ESPOSA Y LE CORT\u00d3 UN DEDO PARA DESBLOQUEAR EL CELULAR","author":"Alejandro Sosa Ruda","date":"1 julio, 2022","format":false,"excerpt":"La mujer hab\u00eda denunciado a su ex Luis Fernando Cronenbold, que confes\u00f3 d\u00f3nde dej\u00f3 el cuerpo. R\u00cdO NEGRO -\u00a0 En los \u00faltimos meses, Patricia Rend\u00f3n Rodr\u00edguez\u00a0viv\u00eda la felicidad absoluta y el miedo total. Por un lado, estaba feliz porque a sus 31 a\u00f1os se hab\u00eda enamorado de\u00a0Francesco Nuvolari, un italiano\u2026","rel":"","context":"En \u00abINTERES GENERAL\u00bb","block_context":{"text":"INTERES GENERAL","link":"https:\/\/larevistadigital.com.ar\/blog\/category\/interes-general\/"},"img":{"alt_text":"","src":"https:\/\/i0.wp.com\/larevistadigital.com.ar\/blog\/wp-content\/uploads\/ASESINO.png?fit=697%2C541&ssl=1&resize=350%2C200","width":350,"height":200,"srcset":"https:\/\/i0.wp.com\/larevistadigital.com.ar\/blog\/wp-content\/uploads\/ASESINO.png?fit=697%2C541&ssl=1&resize=350%2C200 1x, https:\/\/i0.wp.com\/larevistadigital.com.ar\/blog\/wp-content\/uploads\/ASESINO.png?fit=697%2C541&ssl=1&resize=525%2C300 1.5x"},"classes":[]},{"id":38139,"url":"https:\/\/larevistadigital.com.ar\/blog\/horror-en-berisso-una-nena-invita-a-sus-amiguitas-a-una-pijamada-y-el-padre-abuso-de-dos-de-ellas\/","url_meta":{"origin":11933,"position":3},"title":"HORROR EN BERISSO: UNA NENA INVITA A SUS AMIGUITAS A UNA PIJAMADA Y EL PADRE ABUS\u00d3 DE DOS DE ELLAS","author":"Alejandro Sosa Ruda","date":"5 diciembre, 2024","format":false,"excerpt":"El abusador fue detenido. Todo sali\u00f3 a la luz, cuando una de las nenas cont\u00f3 a su mam\u00e1 lo sucedido. 05 de Diciembre de 2024 BERISSO -\u00a0 \u00a0Un aberrante hecho, ocurri\u00f3 en el contexto de algo que debi\u00f3 ser una fiesta para los chicos, ya que un individuo de 53\u2026","rel":"","context":"En \u00abPOLICIALES\u00bb","block_context":{"text":"POLICIALES","link":"https:\/\/larevistadigital.com.ar\/blog\/category\/policiales\/"},"img":{"alt_text":"","src":"https:\/\/i0.wp.com\/larevistadigital.com.ar\/blog\/wp-content\/uploads\/Captura-de-pantalla-2024-12-05-210759.png?fit=570%2C334&ssl=1&resize=350%2C200","width":350,"height":200,"srcset":"https:\/\/i0.wp.com\/larevistadigital.com.ar\/blog\/wp-content\/uploads\/Captura-de-pantalla-2024-12-05-210759.png?fit=570%2C334&ssl=1&resize=350%2C200 1x, https:\/\/i0.wp.com\/larevistadigital.com.ar\/blog\/wp-content\/uploads\/Captura-de-pantalla-2024-12-05-210759.png?fit=570%2C334&ssl=1&resize=525%2C300 1.5x"},"classes":[]},{"id":9539,"url":"https:\/\/larevistadigital.com.ar\/blog\/una-mujer-cruzo-las-vias-distraida-con-el-celular-y-murio-atropellada-poe-el-tren\/","url_meta":{"origin":11933,"position":4},"title":"UNA MUJER CRUZ\u00d3 LAS V\u00cdAS DISTRA\u00cdDA CON EL CELULAR, Y MURI\u00d3 ATROPELLADA POE EL TREN","author":"Alejandro Sosa Ruda","date":"4 abril, 2019","format":false,"excerpt":"En las \u00faltimas horas, en las v\u00edas del\u00a0Tren Roca\u00a0en la\u00a0Ciudad de La Plata,\u00a0una\u00a0formaci\u00f3n ferroviaria atropell\u00f3 a una mujer de 52 a\u00f1os, que perdi\u00f3 la vida en el acto.\u00a0Seg\u00fan informaron fuentes policiales, el maquinista indic\u00f3 que\u00a0la v\u00edctima sufri\u00f3 el fatal accidente por mirar el celular. El tr\u00e1gico caso se produjo\u00a0en el\u2026","rel":"","context":"En \u00abPOLICIALES\u00bb","block_context":{"text":"POLICIALES","link":"https:\/\/larevistadigital.com.ar\/blog\/category\/policiales\/"},"img":{"alt_text":"","src":"https:\/\/i0.wp.com\/larevistadigital.com.ar\/blog\/wp-content\/uploads\/2019\/04\/20190404085613_aaa.jpg?fit=887%2C554&ssl=1&resize=350%2C200","width":350,"height":200,"srcset":"https:\/\/i0.wp.com\/larevistadigital.com.ar\/blog\/wp-content\/uploads\/2019\/04\/20190404085613_aaa.jpg?fit=887%2C554&ssl=1&resize=350%2C200 1x, https:\/\/i0.wp.com\/larevistadigital.com.ar\/blog\/wp-content\/uploads\/2019\/04\/20190404085613_aaa.jpg?fit=887%2C554&ssl=1&resize=525%2C300 1.5x, https:\/\/i0.wp.com\/larevistadigital.com.ar\/blog\/wp-content\/uploads\/2019\/04\/20190404085613_aaa.jpg?fit=887%2C554&ssl=1&resize=700%2C400 2x"},"classes":[]},{"id":31440,"url":"https:\/\/larevistadigital.com.ar\/blog\/pilar-16-anos-de-prision-para-un-hombre-por-violar-a-su-sobrina\/","url_meta":{"origin":11933,"position":5},"title":"PILAR: 16 A\u00d1OS DE PRISI\u00d3N PARA UN HOMBRE POR VIOLAR A SU SOBRINA","author":"Alejandro Sosa Ruda","date":"8 mayo, 2023","format":false,"excerpt":"El Tribunal Oral en lo Criminal N\u00b01 de San Isidro conden\u00f3 a 16 a\u00f1os de prisi\u00f3n a un hombre que abus\u00f3 sexualmente de su sobrina menor de edad. 8 de Mayo de 2023 PILAR -\u00a0 Se trata de F\u00e9lix Cuenca Machuca quien fue encontrado penalmente responsable del delito de \u201cabuso\u2026","rel":"","context":"En \u00abINTERES GENERAL\u00bb","block_context":{"text":"INTERES GENERAL","link":"https:\/\/larevistadigital.com.ar\/blog\/category\/interes-general\/"},"img":{"alt_text":"","src":"https:\/\/i0.wp.com\/larevistadigital.com.ar\/blog\/wp-content\/uploads\/20230507122950_tribunales-san-isidro.jpg?fit=880%2C512&ssl=1&resize=350%2C200","width":350,"height":200,"srcset":"https:\/\/i0.wp.com\/larevistadigital.com.ar\/blog\/wp-content\/uploads\/20230507122950_tribunales-san-isidro.jpg?fit=880%2C512&ssl=1&resize=350%2C200 1x, https:\/\/i0.wp.com\/larevistadigital.com.ar\/blog\/wp-content\/uploads\/20230507122950_tribunales-san-isidro.jpg?fit=880%2C512&ssl=1&resize=525%2C300 1.5x, https:\/\/i0.wp.com\/larevistadigital.com.ar\/blog\/wp-content\/uploads\/20230507122950_tribunales-san-isidro.jpg?fit=880%2C512&ssl=1&resize=700%2C400 2x"},"classes":[]}],"_links":{"self":[{"href":"https:\/\/larevistadigital.com.ar\/blog\/wp-json\/wp\/v2\/posts\/11933","targetHints":{"allow":["GET"]}}],"collection":[{"href":"https:\/\/larevistadigital.com.ar\/blog\/wp-json\/wp\/v2\/posts"}],"about":[{"href":"https:\/\/larevistadigital.com.ar\/blog\/wp-json\/wp\/v2\/types\/post"}],"author":[{"embeddable":true,"href":"https:\/\/larevistadigital.com.ar\/blog\/wp-json\/wp\/v2\/users\/3"}],"replies":[{"embeddable":true,"href":"https:\/\/larevistadigital.com.ar\/blog\/wp-json\/wp\/v2\/comments?post=11933"}],"version-history":[{"count":3,"href":"https:\/\/larevistadigital.com.ar\/blog\/wp-json\/wp\/v2\/posts\/11933\/revisions"}],"predecessor-version":[{"id":11937,"href":"https:\/\/larevistadigital.com.ar\/blog\/wp-json\/wp\/v2\/posts\/11933\/revisions\/11937"}],"wp:featuredmedia":[{"embeddable":true,"href":"https:\/\/larevistadigital.com.ar\/blog\/wp-json\/wp\/v2\/media\/11934"}],"wp:attachment":[{"href":"https:\/\/larevistadigital.com.ar\/blog\/wp-json\/wp\/v2\/media?parent=11933"}],"wp:term":[{"taxonomy":"category","embeddable":true,"href":"https:\/\/larevistadigital.com.ar\/blog\/wp-json\/wp\/v2\/categories?post=11933"},{"taxonomy":"post_tag","embeddable":true,"href":"https:\/\/larevistadigital.com.ar\/blog\/wp-json\/wp\/v2\/tags?post=11933"}],"curies":[{"name":"wp","href":"https:\/\/api.w.org\/{rel}","templated":true}]}}