{"id":11938,"date":"2019-08-20T15:49:15","date_gmt":"2019-08-20T15:49:15","guid":{"rendered":"https:\/\/larevistadigital.com.ar\/blog\/?p=11938"},"modified":"2019-08-20T15:49:15","modified_gmt":"2019-08-20T15:49:15","slug":"lacunza-las-definiciones-del-nuevo-ministro-de-hacienda","status":"publish","type":"post","link":"https:\/\/larevistadigital.com.ar\/blog\/lacunza-las-definiciones-del-nuevo-ministro-de-hacienda\/","title":{"rendered":"LACUNZA: LAS DEFINICIONES DEL NUEVO MINISTRO DE HACIENDA"},"content":{"rendered":"<p>El <b>nuevo ministro de Hacienda, Hern\u00e1n Lacunza<\/b>, tom\u00f3 posesi\u00f3n del cargo hoy pasadas las 8 tras la jura con el presidente Mauricio Macri. Minutos despu\u00e9s, ya en su cartera, habl\u00f3 frente a la prensa y defini\u00f3 los principales lineamientos que tendr\u00e1 su gesti\u00f3n. Estos son los puntos sobresalientes:<\/p>\n<h2 id=\"dolar\" class=\"subtitulo-1\">D\u00f3lar<\/h2>\n<ul class=\"lista-desordenada\">\n<li>\u00abEl proceso electoral no es indiferente a la\u00a0<b>inestabilidad cambiaria<\/b>\u00ab.<\/li>\n<li>\u00abNo hace falta un\u00a0<b>tipo de cambio<\/b>\u00a0m\u00e1s alto\u00bb.<\/li>\n<li>\u00abTenemos razones para pensar que el tipo de cambio est\u00e1 por encima de su valor de equilibrio; cualquier alza de la divisa no va a tener razones en fundamentos reales\u00bb.<\/li>\n<li>\u00abEl Presidente me dio un mandato central que es garantizar la estabilidad del tipo de cambio como objetivo de primer orden\u00bb.<\/li>\n<\/ul>\n<h2 id=\"mercados-\" class=\"subtitulo-1\">Mercados:<\/h2>\n<ul class=\"lista-desordenada\">\n<li>\u00abComo el mercado apunta al futuro, a veces es m\u00e1s importante lo que diga la oposici\u00f3n\u00bb.<\/li>\n<li>\u00abEn per\u00edodos de incertidumbre como los\u00a0<b>per\u00edodos electorales<\/b>, la estabilidad es el bien p\u00fablico m\u00e1s importante que debe ofrecer el Ministerio de Econom\u00eda para cuidar a los argentinos\u00bb.<\/li>\n<li>\u00abEstamos en un momento complejo y vamos a tomar todas las medidas para garantizar la tranquilidad a todos los argentinos\u00bb.<\/li>\n<li>\u00abTodo lo que pasa en los mercados termina repercutiendo en los ciudadanos de a pie\u00bb.<\/li>\n<\/ul>\n<h2 id=\"metas-fiscales-y-el-acuerdo-con-el-fmi-\" class=\"subtitulo-1\">Metas fiscales y el acuerdo con el FMI:<\/h2>\n<ul class=\"lista-desordenada\">\n<li>\u00abLas medidas de la semana pasada no ponen en riesgo el alcance de las metas fiscales de este a\u00f1o\u00bb.<\/li>\n<li>\u00abTendremos\u00a0<b>super\u00e1vit fiscal<\/b>\u00a0en agosto\u00bb.<\/li>\n<li>\u00abEl remo fiscal y el remo monetario tienen que remar juntos\u00bb.<\/li>\n<li>\u00abCumpliremos las pautas del acuerdo con el\u00a0<b>FMI<\/b>\u00ab.<\/li>\n<\/ul>\n<h2 id=\"el-futuro-gobierno\" class=\"subtitulo-1\">El futuro gobierno<\/h2>\n<ul class=\"lista-desordenada\">\n<li>\u00abHace ocho a\u00f1os que la econom\u00eda no crece sostenido, y si ampliamos el abanico, hace 50\u00bb<\/li>\n<li>\u00abTrabajaremos para dejar una plataforma econ\u00f3mica s\u00f3lida para el pr\u00f3ximo Gobierno de la Argentina\u00bb<\/li>\n<\/ul>\n<p>PUBLICADO EN LA NACI\u00d3N<\/p>\n","protected":false},"excerpt":{"rendered":"<div class=\"mh-excerpt\"><p>El nuevo ministro de Hacienda, Hern\u00e1n Lacunza, tom\u00f3 posesi\u00f3n del cargo hoy pasadas las 8 tras la jura con el presidente Mauricio Macri. Minutos despu\u00e9s, ya en su cartera, habl\u00f3 frente a la prensa y <a class=\"mh-excerpt-more\" href=\"https:\/\/larevistadigital.com.ar\/blog\/lacunza-las-definiciones-del-nuevo-ministro-de-hacienda\/\" title=\"LACUNZA: LAS DEFINICIONES DEL NUEVO MINISTRO DE HACIENDA\">[Leer M\u00e1s]<\/a><\/p>\n<\/div>","protected":false},"author":3,"featured_media":11939,"comment_status":"open","ping_status":"open","sticky":false,"template":"","format":"standard","meta":{"_jetpack_memberships_contains_paid_content":false,"footnotes":"","jetpack_publicize_message":"","jetpack_publicize_feature_enabled":true,"jetpack_social_post_already_shared":true,"jetpack_social_options":{"image_generator_settings":{"template":"highway","default_image_id":0,"font":"","enabled":false},"version":2}},"categories":[41],"tags":[],"class_list":{"0":"post-11938","1":"post","2":"type-post","3":"status-publish","4":"format-standard","5":"has-post-thumbnail","7":"category-destacadas"},"jetpack_publicize_connections":[],"jetpack_featured_media_url":"https:\/\/i0.wp.com\/larevistadigital.com.ar\/blog\/wp-content\/uploads\/98525464405fe230f99f416f040a3693.jpg_258117318.jpg?fit=829%2C466&ssl=1","jetpack_sharing_enabled":true,"jetpack_shortlink":"https:\/\/wp.me\/p8qtrQ-36y","jetpack-related-posts":[{"id":6045,"url":"https:\/\/larevistadigital.com.ar\/blog\/contundente-fuego-amigo-municipio-radical-pone-en-duda-la-credibilidad-de-cambiemos\/","url_meta":{"origin":11938,"position":0},"title":"Contundente fuego amigo: municipio radical pone en duda la \u00abcredibilidad\u00bb de Cambiemos","author":"admin","date":"16 julio, 2018","format":false,"excerpt":"La cr\u00edtica siempre duele. Y m\u00e1s a\u00fan cuando viene desde adentro. En Balcarce, distrito conducido por el radical Esteban Reino, hay un importante enojo con las decisiones que se toman a nivel nacional y provincial, y lejos de callarse, con bronca, mandan un mensaje para el presidente Macri y la\u2026","rel":"","context":"En \u00abPOLITICA\u00bb","block_context":{"text":"POLITICA","link":"https:\/\/larevistadigital.com.ar\/blog\/category\/politica\/"},"img":{"alt_text":"","src":"https:\/\/i0.wp.com\/larevistadigital.com.ar\/blog\/wp-content\/uploads\/2018\/07\/85978_3.jpg?fit=862%2C558&ssl=1&resize=350%2C200","width":350,"height":200,"srcset":"https:\/\/i0.wp.com\/larevistadigital.com.ar\/blog\/wp-content\/uploads\/2018\/07\/85978_3.jpg?fit=862%2C558&ssl=1&resize=350%2C200 1x, https:\/\/i0.wp.com\/larevistadigital.com.ar\/blog\/wp-content\/uploads\/2018\/07\/85978_3.jpg?fit=862%2C558&ssl=1&resize=525%2C300 1.5x, https:\/\/i0.wp.com\/larevistadigital.com.ar\/blog\/wp-content\/uploads\/2018\/07\/85978_3.jpg?fit=862%2C558&ssl=1&resize=700%2C400 2x"},"classes":[]},{"id":38288,"url":"https:\/\/larevistadigital.com.ar\/blog\/diego-milito-es-el-nuevo-presidente-de-racing-club\/","url_meta":{"origin":11938,"position":1},"title":"Diego Milito es el nuevo presidente de Racing Club","author":"Alejandro Sosa Ruda","date":"15 diciembre, 2024","format":false,"excerpt":"De esta manera, el \"Principe\" vuelve a la academia para presidir el club de sus amores por los pr\u00f3ximos cuatro a\u00f1os. 15 de Diciembre de 2024 BUENOS AIRES -\u00a0 Diego Milito\u00a0fue elegido como el nuevo presidente de\u00a0Racing\u00a0por los pr\u00f3ximos cuatro a\u00f1os luego de ganarle al oficialismo en los comicios durante\u2026","rel":"","context":"En \u00abDEPORTES\u00bb","block_context":{"text":"DEPORTES","link":"https:\/\/larevistadigital.com.ar\/blog\/category\/deportes\/"},"img":{"alt_text":"","src":"https:\/\/i0.wp.com\/larevistadigital.com.ar\/blog\/wp-content\/uploads\/Captura-de-pantalla-2024-12-15-210150.png?fit=754%2C345&ssl=1&resize=350%2C200","width":350,"height":200,"srcset":"https:\/\/i0.wp.com\/larevistadigital.com.ar\/blog\/wp-content\/uploads\/Captura-de-pantalla-2024-12-15-210150.png?fit=754%2C345&ssl=1&resize=350%2C200 1x, https:\/\/i0.wp.com\/larevistadigital.com.ar\/blog\/wp-content\/uploads\/Captura-de-pantalla-2024-12-15-210150.png?fit=754%2C345&ssl=1&resize=525%2C300 1.5x, https:\/\/i0.wp.com\/larevistadigital.com.ar\/blog\/wp-content\/uploads\/Captura-de-pantalla-2024-12-15-210150.png?fit=754%2C345&ssl=1&resize=700%2C400 2x"},"classes":[]},{"id":34743,"url":"https:\/\/larevistadigital.com.ar\/blog\/expectativas-del-campo-para-el-gobierno-de-milei-fin-de-retenciones-y-reglas-claras\/","url_meta":{"origin":11938,"position":2},"title":"EXPECTATIVAS DEL CAMPO PARA EL GOBIERNO DE MILEI: FIN DE RETENCIONES Y REGLAS CLARAS","author":"Alejandro Sosa Ruda","date":"4 diciembre, 2023","format":false,"excerpt":"El agro espera que se cumplan con sus pedidos en el gobierno del libertario. 4 de Diciembre de 2023 Con la inminente asunci\u00f3n de Javier Milei como presidente, los referentes y autoridades de entidades agroindustriales expresan sus expectativas clave, entre ellas, el fin de las retenciones y la eliminaci\u00f3n de\u2026","rel":"","context":"En \u00abPOLITICA\u00bb","block_context":{"text":"POLITICA","link":"https:\/\/larevistadigital.com.ar\/blog\/category\/politica\/"},"img":{"alt_text":"","src":"https:\/\/i0.wp.com\/larevistadigital.com.ar\/blog\/wp-content\/uploads\/Cosechadora-John-Deere-X9.jpg?fit=1200%2C800&ssl=1&resize=350%2C200","width":350,"height":200,"srcset":"https:\/\/i0.wp.com\/larevistadigital.com.ar\/blog\/wp-content\/uploads\/Cosechadora-John-Deere-X9.jpg?fit=1200%2C800&ssl=1&resize=350%2C200 1x, https:\/\/i0.wp.com\/larevistadigital.com.ar\/blog\/wp-content\/uploads\/Cosechadora-John-Deere-X9.jpg?fit=1200%2C800&ssl=1&resize=525%2C300 1.5x, https:\/\/i0.wp.com\/larevistadigital.com.ar\/blog\/wp-content\/uploads\/Cosechadora-John-Deere-X9.jpg?fit=1200%2C800&ssl=1&resize=700%2C400 2x, https:\/\/i0.wp.com\/larevistadigital.com.ar\/blog\/wp-content\/uploads\/Cosechadora-John-Deere-X9.jpg?fit=1200%2C800&ssl=1&resize=1050%2C600 3x"},"classes":[]},{"id":34739,"url":"https:\/\/larevistadigital.com.ar\/blog\/luis-petri-sera-el-ministro-de-defensa-del-gobierno-de-milei\/","url_meta":{"origin":11938,"position":3},"title":"LUIS PETRI SER\u00c1 EL MINISTRO DE DEFENSA DEL GOBIERNO DE MILEI","author":"Alejandro Sosa Ruda","date":"4 diciembre, 2023","format":false,"excerpt":"El presidente electo confirm\u00f3 que el dirigente radical estar\u00e1 al frente de la cartera que hoy conduce Jorge Taiana. \u201cLa f\u00f3rmula completa de Juntos por el Cambio ha quedado integrada al gobierno\u201d, inform\u00f3 la oficina del presidente electo. 4 de Diciembre de 2023 La f\u00f3rmula presidencial de Juntos por el\u2026","rel":"","context":"En \u00abINTERES GENERAL\u00bb","block_context":{"text":"INTERES GENERAL","link":"https:\/\/larevistadigital.com.ar\/blog\/category\/interes-general\/"},"img":{"alt_text":"","src":"https:\/\/i0.wp.com\/larevistadigital.com.ar\/blog\/wp-content\/uploads\/Captura-de-pantalla-2023-12-04-170029.png?fit=800%2C511&ssl=1&resize=350%2C200","width":350,"height":200,"srcset":"https:\/\/i0.wp.com\/larevistadigital.com.ar\/blog\/wp-content\/uploads\/Captura-de-pantalla-2023-12-04-170029.png?fit=800%2C511&ssl=1&resize=350%2C200 1x, https:\/\/i0.wp.com\/larevistadigital.com.ar\/blog\/wp-content\/uploads\/Captura-de-pantalla-2023-12-04-170029.png?fit=800%2C511&ssl=1&resize=525%2C300 1.5x, https:\/\/i0.wp.com\/larevistadigital.com.ar\/blog\/wp-content\/uploads\/Captura-de-pantalla-2023-12-04-170029.png?fit=800%2C511&ssl=1&resize=700%2C400 2x"},"classes":[]},{"id":26857,"url":"https:\/\/larevistadigital.com.ar\/blog\/confirmado-sergio-massa-es-el-nuevo-ministro-de-economia-produccion-y-agricultura\/","url_meta":{"origin":11938,"position":4},"title":"CONFIRMADO: SERGIO MASSA ES EL NUEVO MINISTRO DE ECONOM\u00cdA, PRODUCCI\u00d3N Y AGRICULTURA","author":"Alejandro Sosa Ruda","date":"28 julio, 2022","format":false,"excerpt":"De esta manera, el jefe del Frente Renovador ocupar\u00e1 un super ministerio que unifica Econom\u00eda, Desarrollo productivo y Agricultura. A la tarde se habr\u00eda reunido con Cristina. Finalmente ocurri\u00f3 lo que se ven\u00eda diciendo y gestando hace d\u00edas, Sergio Massa ser\u00e1 el nuevo ministro de econom\u00eda de la Argentina, pero\u2026","rel":"","context":"En \u00abDESTACADAS\u00bb","block_context":{"text":"DESTACADAS","link":"https:\/\/larevistadigital.com.ar\/blog\/category\/destacadas\/"},"img":{"alt_text":"","src":"https:\/\/i0.wp.com\/larevistadigital.com.ar\/blog\/wp-content\/uploads\/sergio-massa-1381225.jpeg?fit=1040%2C780&ssl=1&resize=350%2C200","width":350,"height":200,"srcset":"https:\/\/i0.wp.com\/larevistadigital.com.ar\/blog\/wp-content\/uploads\/sergio-massa-1381225.jpeg?fit=1040%2C780&ssl=1&resize=350%2C200 1x, https:\/\/i0.wp.com\/larevistadigital.com.ar\/blog\/wp-content\/uploads\/sergio-massa-1381225.jpeg?fit=1040%2C780&ssl=1&resize=525%2C300 1.5x, https:\/\/i0.wp.com\/larevistadigital.com.ar\/blog\/wp-content\/uploads\/sergio-massa-1381225.jpeg?fit=1040%2C780&ssl=1&resize=700%2C400 2x"},"classes":[]},{"id":11291,"url":"https:\/\/larevistadigital.com.ar\/blog\/santiago-dos-santos-lanzo-su-candidatura-ante-una-importante-concurrencia\/","url_meta":{"origin":11938,"position":5},"title":"SANTIAGO DOS SANTOS LANZ\u00d3 SU CANDIDATURA ANTE UNA IMPORTANTE CONCURRENCIA","author":"Alejandro Sosa Ruda","date":"15 julio, 2019","format":false,"excerpt":"Como estaba previsto, en el Caf\u00e9 y Restaurante costanero \"Trocadero\" se llev\u00f3 a cabo el \"lanzamiento de campa\u00f1a\" del m\u00e9dico cirujano Santiago Dos Santos, como precandidato a Intendente por el espacio de \"Juntos Por El Cambio\", y de todos los referentes y candidatos que lo acompa\u00f1an en la lista que\u2026","rel":"","context":"En \u00abPOLITICA\u00bb","block_context":{"text":"POLITICA","link":"https:\/\/larevistadigital.com.ar\/blog\/category\/politica\/"},"img":{"alt_text":"","src":"https:\/\/i0.wp.com\/larevistadigital.com.ar\/blog\/wp-content\/uploads\/IMG_20190714_182440875.jpg?fit=1200%2C900&ssl=1&resize=350%2C200","width":350,"height":200,"srcset":"https:\/\/i0.wp.com\/larevistadigital.com.ar\/blog\/wp-content\/uploads\/IMG_20190714_182440875.jpg?fit=1200%2C900&ssl=1&resize=350%2C200 1x, https:\/\/i0.wp.com\/larevistadigital.com.ar\/blog\/wp-content\/uploads\/IMG_20190714_182440875.jpg?fit=1200%2C900&ssl=1&resize=525%2C300 1.5x, https:\/\/i0.wp.com\/larevistadigital.com.ar\/blog\/wp-content\/uploads\/IMG_20190714_182440875.jpg?fit=1200%2C900&ssl=1&resize=700%2C400 2x, https:\/\/i0.wp.com\/larevistadigital.com.ar\/blog\/wp-content\/uploads\/IMG_20190714_182440875.jpg?fit=1200%2C900&ssl=1&resize=1050%2C600 3x"},"classes":[]}],"_links":{"self":[{"href":"https:\/\/larevistadigital.com.ar\/blog\/wp-json\/wp\/v2\/posts\/11938","targetHints":{"allow":["GET"]}}],"collection":[{"href":"https:\/\/larevistadigital.com.ar\/blog\/wp-json\/wp\/v2\/posts"}],"about":[{"href":"https:\/\/larevistadigital.com.ar\/blog\/wp-json\/wp\/v2\/types\/post"}],"author":[{"embeddable":true,"href":"https:\/\/larevistadigital.com.ar\/blog\/wp-json\/wp\/v2\/users\/3"}],"replies":[{"embeddable":true,"href":"https:\/\/larevistadigital.com.ar\/blog\/wp-json\/wp\/v2\/comments?post=11938"}],"version-history":[{"count":1,"href":"https:\/\/larevistadigital.com.ar\/blog\/wp-json\/wp\/v2\/posts\/11938\/revisions"}],"predecessor-version":[{"id":11940,"href":"https:\/\/larevistadigital.com.ar\/blog\/wp-json\/wp\/v2\/posts\/11938\/revisions\/11940"}],"wp:featuredmedia":[{"embeddable":true,"href":"https:\/\/larevistadigital.com.ar\/blog\/wp-json\/wp\/v2\/media\/11939"}],"wp:attachment":[{"href":"https:\/\/larevistadigital.com.ar\/blog\/wp-json\/wp\/v2\/media?parent=11938"}],"wp:term":[{"taxonomy":"category","embeddable":true,"href":"https:\/\/larevistadigital.com.ar\/blog\/wp-json\/wp\/v2\/categories?post=11938"},{"taxonomy":"post_tag","embeddable":true,"href":"https:\/\/larevistadigital.com.ar\/blog\/wp-json\/wp\/v2\/tags?post=11938"}],"curies":[{"name":"wp","href":"https:\/\/api.w.org\/{rel}","templated":true}]}}