{"id":11941,"date":"2019-08-20T16:30:38","date_gmt":"2019-08-20T16:30:38","guid":{"rendered":"https:\/\/larevistadigital.com.ar\/blog\/?p=11941"},"modified":"2019-08-20T16:30:38","modified_gmt":"2019-08-20T16:30:38","slug":"identificaron-a-una-mujer-que-fue-hallada-muerta-en-la-playa","status":"publish","type":"post","link":"https:\/\/larevistadigital.com.ar\/blog\/identificaron-a-una-mujer-que-fue-hallada-muerta-en-la-playa\/","title":{"rendered":"IDENTIFICARON A UNA MUJER QUE FUE HALLADA MUERTA EN LA PLAYA"},"content":{"rendered":"<h2><em>Se trata de Silvia Beatriz Garc\u00eda, de 52 a\u00f1os, quien viv\u00eda en el barrio Coronel Dorrego. La v\u00edctima hab\u00eda dejado una carta para despedirse de su familia, por lo que la principal hip\u00f3tesis es que se trat\u00f3 de un suicidio.<\/em><\/h2>\n<p>La mujer que fue hallada muerta\u00a0en la playa Bah\u00eda Bonita fue identificada como<strong>\u00a0Silvia Beatriz Garc\u00eda<\/strong>, de 52 a\u00f1os, quien viv\u00eda en el barrio\u00a0<strong>Coronel Dorrego<\/strong>.<\/p>\n<blockquote>\n<h3>La hermana de la v\u00edctima, al enterarse de la noticia, fue hasta la playa\u00a0<strong>Bah\u00eda Bonita<\/strong>\u00a0e identific\u00f3 el cuerpo de Garc\u00eda. Adem\u00e1s, le dijo a las autoridades que la mujer hab\u00eda dejado una carta para despedirse de la familia, por lo que la principal hip\u00f3tesis es que se habr\u00eda tratado de un suicidio.<\/h3>\n<\/blockquote>\n<p>Seg\u00fan trascendi\u00f3, la hermana de la v\u00edctima le explic\u00f3 a la polic\u00eda que Silvia Garc\u00eda \u201csufr\u00eda depresi\u00f3n\u201d y que desde el s\u00e1bado que no sab\u00edan nada de ella, pero no hab\u00edan radicado denuncia alguna.<\/p>\n<blockquote>\n<h3>Con este panorama, los investigadores descartar\u00edan la participaci\u00f3n de terceros involucrados en la muerte de Garc\u00eda y entienden que la principal hip\u00f3tesis es que la mujer habr\u00eda tomado la autodeterminaci\u00f3n de quitarse la vida.<\/h3>\n<\/blockquote>\n<p>Las autoridades ordenaron que se realice la autopsia a Garc\u00eda, para poder determinar exactamente la mec\u00e1nica de su muerte y si particip\u00f3 o no otra persona.<\/p>\n<p>publicado en LC<\/p>\n","protected":false},"excerpt":{"rendered":"<div class=\"mh-excerpt\"><p>Se trata de Silvia Beatriz Garc\u00eda, de 52 a\u00f1os, quien viv\u00eda en el barrio Coronel Dorrego. La v\u00edctima hab\u00eda dejado una carta para despedirse de su familia, por lo que la principal hip\u00f3tesis es que <a class=\"mh-excerpt-more\" href=\"https:\/\/larevistadigital.com.ar\/blog\/identificaron-a-una-mujer-que-fue-hallada-muerta-en-la-playa\/\" title=\"IDENTIFICARON A UNA MUJER QUE FUE HALLADA MUERTA EN LA PLAYA\">[Leer M\u00e1s]<\/a><\/p>\n<\/div>","protected":false},"author":3,"featured_media":11942,"comment_status":"open","ping_status":"open","sticky":false,"template":"","format":"standard","meta":{"_jetpack_memberships_contains_paid_content":false,"footnotes":"","jetpack_publicize_message":"","jetpack_publicize_feature_enabled":true,"jetpack_social_post_already_shared":true,"jetpack_social_options":{"image_generator_settings":{"template":"highway","default_image_id":0,"font":"","enabled":false},"version":2}},"categories":[50,44],"tags":[],"class_list":{"0":"post-11941","1":"post","2":"type-post","3":"status-publish","4":"format-standard","5":"has-post-thumbnail","7":"category-interes-general","8":"category-policiales"},"jetpack_publicize_connections":[],"jetpack_featured_media_url":"https:\/\/i0.wp.com\/larevistadigital.com.ar\/blog\/wp-content\/uploads\/Screenshot_1-39.jpg?fit=1010%2C469&ssl=1","jetpack_sharing_enabled":true,"jetpack_shortlink":"https:\/\/wp.me\/p8qtrQ-36B","jetpack-related-posts":[{"id":30749,"url":"https:\/\/larevistadigital.com.ar\/blog\/conmocion-en-mar-de-ajo-encontraron-muerta-a-la-madre-de-un-concejal\/","url_meta":{"origin":11941,"position":0},"title":"CONMOCI\u00d3N EN MAR DE AJ\u00d3: ENCONTRARON MUERTA A LA MADRE DE UN CONCEJAL.","author":"Alejandro Sosa Ruda","date":"28 marzo, 2023","format":false,"excerpt":"Se trata de Beatriz Irma Zaramatti, la mam\u00e1 de Sergio Santana, edil del Pro en el Partido La Costa. Anoche se allanaron domicilios del entorno familiar. 28 de marzo de 2023 MAR DE AJ\u00d3 -\u00a0 El concejal del Partido de La Costa,\u00a0Sergio Santana, encontr\u00f3 ayer lunes 27, aproximadamente a las\u2026","rel":"","context":"En \u00abPOLICIALES\u00bb","block_context":{"text":"POLICIALES","link":"https:\/\/larevistadigital.com.ar\/blog\/category\/policiales\/"},"img":{"alt_text":"","src":"https:\/\/i0.wp.com\/larevistadigital.com.ar\/blog\/wp-content\/uploads\/6408adde0959244b1e638e6fd23aa02d0c2633c6.jpg?fit=1140%2C704&ssl=1&resize=350%2C200","width":350,"height":200,"srcset":"https:\/\/i0.wp.com\/larevistadigital.com.ar\/blog\/wp-content\/uploads\/6408adde0959244b1e638e6fd23aa02d0c2633c6.jpg?fit=1140%2C704&ssl=1&resize=350%2C200 1x, https:\/\/i0.wp.com\/larevistadigital.com.ar\/blog\/wp-content\/uploads\/6408adde0959244b1e638e6fd23aa02d0c2633c6.jpg?fit=1140%2C704&ssl=1&resize=525%2C300 1.5x, https:\/\/i0.wp.com\/larevistadigital.com.ar\/blog\/wp-content\/uploads\/6408adde0959244b1e638e6fd23aa02d0c2633c6.jpg?fit=1140%2C704&ssl=1&resize=700%2C400 2x, https:\/\/i0.wp.com\/larevistadigital.com.ar\/blog\/wp-content\/uploads\/6408adde0959244b1e638e6fd23aa02d0c2633c6.jpg?fit=1140%2C704&ssl=1&resize=1050%2C600 3x"},"classes":[]},{"id":14084,"url":"https:\/\/larevistadigital.com.ar\/blog\/mar-del-plata-mujer-de-52-anos-cayo-de-un-paredon-en-una-playa-de-la-perla\/","url_meta":{"origin":11941,"position":1},"title":"MAR DEL PLATA: MUJER DE 52 A\u00d1OS CAY\u00d3 DE UN PARED\u00d3N EN UNA PLAYA DE LA PERLA","author":"Alejandro Sosa Ruda","date":"8 enero, 2020","format":false,"excerpt":"Ocurri\u00f3 esta tarde en Boulevard Mar\u00edtimo y Ayacucho. La mujer fue traslada inconsciente de urgencia al Hospital Interzonal. Una\u00a0mujer de 52 a\u00f1os\u00a0cay\u00f3 de un pared\u00f3n lindante con la playa ubicada en\u00a0Boulevard Mar\u00edtimo y Ayacucho, en el barrio de\u00a0La\u00a0Perla\u00a0y debido a la considerable altura, fue derivada de urgencia a un centro\u2026","rel":"","context":"En \u00abREGIONALES\u00bb","block_context":{"text":"REGIONALES","link":"https:\/\/larevistadigital.com.ar\/blog\/category\/regionales\/"},"img":{"alt_text":"","src":"https:\/\/i0.wp.com\/larevistadigital.com.ar\/blog\/wp-content\/uploads\/1578515178011.jpg?fit=774%2C435&ssl=1&resize=350%2C200","width":350,"height":200,"srcset":"https:\/\/i0.wp.com\/larevistadigital.com.ar\/blog\/wp-content\/uploads\/1578515178011.jpg?fit=774%2C435&ssl=1&resize=350%2C200 1x, https:\/\/i0.wp.com\/larevistadigital.com.ar\/blog\/wp-content\/uploads\/1578515178011.jpg?fit=774%2C435&ssl=1&resize=525%2C300 1.5x, https:\/\/i0.wp.com\/larevistadigital.com.ar\/blog\/wp-content\/uploads\/1578515178011.jpg?fit=774%2C435&ssl=1&resize=700%2C400 2x"},"classes":[]},{"id":13145,"url":"https:\/\/larevistadigital.com.ar\/blog\/identifican-a-la-mujer-asesinada-en-mar-del-plata-que-fue-hallada-por-unos-ninos\/","url_meta":{"origin":11941,"position":2},"title":"IDENTIFICAN A LA MUJER ASESINADA EN MAR DEL PLATA QUE FUE HALLADA POR UNOS NI\u00d1OS","author":"Alejandro Sosa Ruda","date":"12 noviembre, 2019","format":false,"excerpt":"Se trata de Ana Laura D\u00edaz, de 26 a\u00f1os. No hab\u00eda denuncia de averiguaci\u00f3n de paradero y ahora la Justicia y la polic\u00eda tratan de establecer si el asesinato est\u00e1 vinculado o no a la violencia de g\u00e9nero. La mujer asesinada\u00a0d\u00edas atr\u00e1s y\u00a0cuyo cad\u00e1ver fue hallado este lunes\u00a0por la tarde\u2026","rel":"","context":"En \u00abPOLICIALES\u00bb","block_context":{"text":"POLICIALES","link":"https:\/\/larevistadigital.com.ar\/blog\/category\/policiales\/"},"img":{"alt_text":"","src":"https:\/\/i0.wp.com\/larevistadigital.com.ar\/blog\/wp-content\/uploads\/policia-mardelplata.jpg?fit=1200%2C800&ssl=1&resize=350%2C200","width":350,"height":200,"srcset":"https:\/\/i0.wp.com\/larevistadigital.com.ar\/blog\/wp-content\/uploads\/policia-mardelplata.jpg?fit=1200%2C800&ssl=1&resize=350%2C200 1x, https:\/\/i0.wp.com\/larevistadigital.com.ar\/blog\/wp-content\/uploads\/policia-mardelplata.jpg?fit=1200%2C800&ssl=1&resize=525%2C300 1.5x, https:\/\/i0.wp.com\/larevistadigital.com.ar\/blog\/wp-content\/uploads\/policia-mardelplata.jpg?fit=1200%2C800&ssl=1&resize=700%2C400 2x, https:\/\/i0.wp.com\/larevistadigital.com.ar\/blog\/wp-content\/uploads\/policia-mardelplata.jpg?fit=1200%2C800&ssl=1&resize=1050%2C600 3x"},"classes":[]},{"id":42338,"url":"https:\/\/larevistadigital.com.ar\/blog\/mar-del-plata-detuvieron-a-un-feriante-acusado-de-violar-a-una-mujer\/","url_meta":{"origin":11941,"position":3},"title":"Mar del Plata: detuvieron a un feriante acusado de violar a una mujer","author":"Alejandro Sosa Ruda","date":"1 noviembre, 2025","format":false,"excerpt":"La v\u00edctima, de 47 a\u00f1os, denunci\u00f3 que fue abusada en dos oportunidades por un hombre con antecedentes penales por delitos sexuales. El acusado fue arrestado y qued\u00f3 a disposici\u00f3n de la Justicia. 01 de Noviembre de 2025 MAR DEL PLATA -\u00a0 \u00a0Una mujer de 47 a\u00f1os fue v\u00edctima de una\u2026","rel":"","context":"En \u00abPOLICIALES\u00bb","block_context":{"text":"POLICIALES","link":"https:\/\/larevistadigital.com.ar\/blog\/category\/policiales\/"},"img":{"alt_text":"","src":"https:\/\/i0.wp.com\/larevistadigital.com.ar\/blog\/wp-content\/uploads\/una-mujer-fue-rescatada-la-policia-la-plata.jpg?fit=1200%2C675&ssl=1&resize=350%2C200","width":350,"height":200,"srcset":"https:\/\/i0.wp.com\/larevistadigital.com.ar\/blog\/wp-content\/uploads\/una-mujer-fue-rescatada-la-policia-la-plata.jpg?fit=1200%2C675&ssl=1&resize=350%2C200 1x, https:\/\/i0.wp.com\/larevistadigital.com.ar\/blog\/wp-content\/uploads\/una-mujer-fue-rescatada-la-policia-la-plata.jpg?fit=1200%2C675&ssl=1&resize=525%2C300 1.5x, https:\/\/i0.wp.com\/larevistadigital.com.ar\/blog\/wp-content\/uploads\/una-mujer-fue-rescatada-la-policia-la-plata.jpg?fit=1200%2C675&ssl=1&resize=700%2C400 2x, https:\/\/i0.wp.com\/larevistadigital.com.ar\/blog\/wp-content\/uploads\/una-mujer-fue-rescatada-la-policia-la-plata.jpg?fit=1200%2C675&ssl=1&resize=1050%2C600 3x"},"classes":[]},{"id":16975,"url":"https:\/\/larevistadigital.com.ar\/blog\/encuentran-muerta-a-una-mujer-en-empalme-lobos-investigan-si-se-trato-de-un-femicidio\/","url_meta":{"origin":11941,"position":4},"title":"ENCUENTRAN MUERTA A UNA MUJER EN EMPALME LOBOS. INVESTIGAN SI SE TRAT\u00d3 DE UN FEMICIDIO","author":"Alejandro Sosa Ruda","date":"14 octubre, 2020","format":false,"excerpt":"Se trata de una mujer de unos 50 a\u00f1os. Su cuerpo fue encontrado sobre un mont\u00edculo de tierra, aparentemente sin signos de violencia en el cuerpo. El cuerpo de una mujer de unos 50 a\u00f1os fue encontrado este mir\u00e9coles en la localidad bonaerense de Empalme Lobos y se investigan las\u2026","rel":"","context":"En \u00abPOLICIALES\u00bb","block_context":{"text":"POLICIALES","link":"https:\/\/larevistadigital.com.ar\/blog\/category\/policiales\/"},"img":{"alt_text":"","src":"https:\/\/i0.wp.com\/larevistadigital.com.ar\/blog\/wp-content\/uploads\/0038145406.jpg?fit=1140%2C640&ssl=1&resize=350%2C200","width":350,"height":200,"srcset":"https:\/\/i0.wp.com\/larevistadigital.com.ar\/blog\/wp-content\/uploads\/0038145406.jpg?fit=1140%2C640&ssl=1&resize=350%2C200 1x, https:\/\/i0.wp.com\/larevistadigital.com.ar\/blog\/wp-content\/uploads\/0038145406.jpg?fit=1140%2C640&ssl=1&resize=525%2C300 1.5x, https:\/\/i0.wp.com\/larevistadigital.com.ar\/blog\/wp-content\/uploads\/0038145406.jpg?fit=1140%2C640&ssl=1&resize=700%2C400 2x, https:\/\/i0.wp.com\/larevistadigital.com.ar\/blog\/wp-content\/uploads\/0038145406.jpg?fit=1140%2C640&ssl=1&resize=1050%2C600 3x"},"classes":[]},{"id":29677,"url":"https:\/\/larevistadigital.com.ar\/blog\/29677-2\/","url_meta":{"origin":11941,"position":5},"title":"CONMOCI\u00d3N POR FEMICIDIO SEGUIDO DE SUICIDIO","author":"Alejandro Sosa Ruda","date":"28 diciembre, 2022","format":false,"excerpt":"La v\u00edctima es una mujer de 32 a\u00f1os, mientras que el atacante ten\u00eda 40 a\u00f1os. Conviv\u00edan y ten\u00edan 2 hijos menores. El hecho es investigado por el fiscal Jos\u00e9 Marcos Eguzquiza, a cargo de la Unidad Funcional de Instrucci\u00f3n (UFI) 21 descentralizada en Tandil. 28 de diciembre de 2022 BENITO\u2026","rel":"","context":"En \u00abPOLICIALES\u00bb","block_context":{"text":"POLICIALES","link":"https:\/\/larevistadigital.com.ar\/blog\/category\/policiales\/"},"img":{"alt_text":"","src":"https:\/\/i0.wp.com\/larevistadigital.com.ar\/blog\/wp-content\/uploads\/20221228164746_fe.jpg?fit=880%2C512&ssl=1&resize=350%2C200","width":350,"height":200,"srcset":"https:\/\/i0.wp.com\/larevistadigital.com.ar\/blog\/wp-content\/uploads\/20221228164746_fe.jpg?fit=880%2C512&ssl=1&resize=350%2C200 1x, https:\/\/i0.wp.com\/larevistadigital.com.ar\/blog\/wp-content\/uploads\/20221228164746_fe.jpg?fit=880%2C512&ssl=1&resize=525%2C300 1.5x, https:\/\/i0.wp.com\/larevistadigital.com.ar\/blog\/wp-content\/uploads\/20221228164746_fe.jpg?fit=880%2C512&ssl=1&resize=700%2C400 2x"},"classes":[]}],"_links":{"self":[{"href":"https:\/\/larevistadigital.com.ar\/blog\/wp-json\/wp\/v2\/posts\/11941","targetHints":{"allow":["GET"]}}],"collection":[{"href":"https:\/\/larevistadigital.com.ar\/blog\/wp-json\/wp\/v2\/posts"}],"about":[{"href":"https:\/\/larevistadigital.com.ar\/blog\/wp-json\/wp\/v2\/types\/post"}],"author":[{"embeddable":true,"href":"https:\/\/larevistadigital.com.ar\/blog\/wp-json\/wp\/v2\/users\/3"}],"replies":[{"embeddable":true,"href":"https:\/\/larevistadigital.com.ar\/blog\/wp-json\/wp\/v2\/comments?post=11941"}],"version-history":[{"count":1,"href":"https:\/\/larevistadigital.com.ar\/blog\/wp-json\/wp\/v2\/posts\/11941\/revisions"}],"predecessor-version":[{"id":11943,"href":"https:\/\/larevistadigital.com.ar\/blog\/wp-json\/wp\/v2\/posts\/11941\/revisions\/11943"}],"wp:featuredmedia":[{"embeddable":true,"href":"https:\/\/larevistadigital.com.ar\/blog\/wp-json\/wp\/v2\/media\/11942"}],"wp:attachment":[{"href":"https:\/\/larevistadigital.com.ar\/blog\/wp-json\/wp\/v2\/media?parent=11941"}],"wp:term":[{"taxonomy":"category","embeddable":true,"href":"https:\/\/larevistadigital.com.ar\/blog\/wp-json\/wp\/v2\/categories?post=11941"},{"taxonomy":"post_tag","embeddable":true,"href":"https:\/\/larevistadigital.com.ar\/blog\/wp-json\/wp\/v2\/tags?post=11941"}],"curies":[{"name":"wp","href":"https:\/\/api.w.org\/{rel}","templated":true}]}}