{"id":11944,"date":"2019-08-20T16:37:27","date_gmt":"2019-08-20T16:37:27","guid":{"rendered":"https:\/\/larevistadigital.com.ar\/blog\/?p=11944"},"modified":"2019-08-20T16:37:27","modified_gmt":"2019-08-20T16:37:27","slug":"balearon-a-un-hombre-para-robarle-las-zapatillas","status":"publish","type":"post","link":"https:\/\/larevistadigital.com.ar\/blog\/balearon-a-un-hombre-para-robarle-las-zapatillas\/","title":{"rendered":"BALEARON A UN HOMBRE PARA ROBARLE LAS ZAPATILLAS"},"content":{"rendered":"<div class=\"row\">\n<div class=\"col-12\">\n<div class=\"titulo_bajada\">\n<div class=\"bajada\">\n<h2><em>El hecho ocurri\u00f3 esta ma\u00f1ana en el barrio Fray Luis Beltr\u00e1n de la ciudad de Mar del Plata. La v\u00edctima tiene 36 a\u00f1os y tuvo que ser traslada al Hospital Interzonal con una herida en una pierna.<\/em><\/h2>\n<p>Un hombre de 36 a\u00f1os fue baleado esta ma\u00f1ana en el barrio\u00a0<strong>Fray Luis Beltr\u00e1n<\/strong>\u00a0por dos delincuentes que le robaron las zapatillas y huyeron.<\/p>\n<blockquote>\n<h3>El hecho s<strong>e registr\u00f3 cerca de las 7 de la ma\u00f1ana<\/strong>\u00a0en Vuelta de Obligado al 5600, cuando dos hombres balearon en una pierna a otro para robarle las zapatillas.<\/h3>\n<\/blockquote>\n<p>La v\u00edctima fue traslada\u00a0por una ambulancia de SAME al Hospital Interzonal, donde ingres\u00f3 con una herida de arma de fuego en el muslo derecho, con entrada y salida.<\/p>\n<p>El hecho es investigado por el fiscal<strong> Alejandro Pelegrinel<\/strong><\/p>\n<p>publicado en La Capital<\/p>\n<\/div>\n<\/div>\n<\/div>\n<\/div>\n<div class=\"row\">\n<div class=\"col-xs-12 col-sm-9 col-md-6 col-lg-8\"><\/div>\n<\/div>\n","protected":false},"excerpt":{"rendered":"<div class=\"mh-excerpt\"><p>El hecho ocurri\u00f3 esta ma\u00f1ana en el barrio Fray Luis Beltr\u00e1n de la ciudad de Mar del Plata. La v\u00edctima tiene 36 a\u00f1os y tuvo que ser traslada al Hospital Interzonal con una herida en <a class=\"mh-excerpt-more\" href=\"https:\/\/larevistadigital.com.ar\/blog\/balearon-a-un-hombre-para-robarle-las-zapatillas\/\" title=\"BALEARON A UN HOMBRE PARA ROBARLE LAS ZAPATILLAS\">[Leer M\u00e1s]<\/a><\/p>\n<\/div>","protected":false},"author":3,"featured_media":11946,"comment_status":"open","ping_status":"open","sticky":false,"template":"","format":"standard","meta":{"_jetpack_memberships_contains_paid_content":false,"footnotes":"","jetpack_publicize_message":"","jetpack_publicize_feature_enabled":true,"jetpack_social_post_already_shared":true,"jetpack_social_options":{"image_generator_settings":{"template":"highway","default_image_id":0,"font":"","enabled":false},"version":2}},"categories":[50,44],"tags":[],"class_list":{"0":"post-11944","1":"post","2":"type-post","3":"status-publish","4":"format-standard","5":"has-post-thumbnail","7":"category-interes-general","8":"category-policiales"},"jetpack_publicize_connections":[],"jetpack_featured_media_url":"https:\/\/i0.wp.com\/larevistadigital.com.ar\/blog\/wp-content\/uploads\/Screenshot_2-33.jpg?fit=1005%2C664&ssl=1","jetpack_sharing_enabled":true,"jetpack_shortlink":"https:\/\/wp.me\/p8qtrQ-36E","jetpack-related-posts":[{"id":16509,"url":"https:\/\/larevistadigital.com.ar\/blog\/mar-del-plata-balean-a-mujer-y-esta-se-nego-a-hacer-la-denuncia\/","url_meta":{"origin":11944,"position":0},"title":"MAR DEL PLATA: BALEAN A MUJER Y ESTA, SE NEG\u00d3 A HACER LA DENUNCIA","author":"Alejandro Sosa Ruda","date":"25 septiembre, 2020","format":false,"excerpt":"La v\u00edctima tiene 26 a\u00f1os y qued\u00f3 internada en el Hospital Interzonal. Recibi\u00f3 un disparo en la pierna y otro en el hombre, pero al llegar al nosocomio no quiso aportar datos a la polic\u00eda ni que se iniciara una investigaci\u00f3n penal. Una\u00a0mujer de 26 a\u00f1os\u00a0fue baleada ayer a la\u2026","rel":"","context":"En \u00abPOLICIALES\u00bb","block_context":{"text":"POLICIALES","link":"https:\/\/larevistadigital.com.ar\/blog\/category\/policiales\/"},"img":{"alt_text":"","src":"https:\/\/i0.wp.com\/larevistadigital.com.ar\/blog\/wp-content\/uploads\/Guardia-Higa-0311.jpg?fit=790%2C444&ssl=1&resize=350%2C200","width":350,"height":200,"srcset":"https:\/\/i0.wp.com\/larevistadigital.com.ar\/blog\/wp-content\/uploads\/Guardia-Higa-0311.jpg?fit=790%2C444&ssl=1&resize=350%2C200 1x, https:\/\/i0.wp.com\/larevistadigital.com.ar\/blog\/wp-content\/uploads\/Guardia-Higa-0311.jpg?fit=790%2C444&ssl=1&resize=525%2C300 1.5x, https:\/\/i0.wp.com\/larevistadigital.com.ar\/blog\/wp-content\/uploads\/Guardia-Higa-0311.jpg?fit=790%2C444&ssl=1&resize=700%2C400 2x"},"classes":[]},{"id":25643,"url":"https:\/\/larevistadigital.com.ar\/blog\/mar-del-plata-lo-balearon-en-una-pierna-y-no-quiso-denunciar-que-le-paso\/","url_meta":{"origin":11944,"position":1},"title":"MAR DEL PLATA: LO BALEARON EN UNA PIERNA Y NO QUISO DENUNCIAR QU\u00c9 LE PAS\u00d3","author":"Alejandro Sosa Ruda","date":"6 junio, 2022","format":false,"excerpt":"Sucedi\u00f3 en el barrio Santa Rita el domingo a la noche. El herido de 42 a\u00f1os no quiso instar acci\u00f3n penal alguna ni dar detalles del ataque. MAR DEL PLATA -\u00a0 Un problema de vieja data, pero sin deseo de que se investigue. Esos fueron los \u00fanicos detalles que un\u2026","rel":"","context":"En \u00abINTERES GENERAL\u00bb","block_context":{"text":"INTERES GENERAL","link":"https:\/\/larevistadigital.com.ar\/blog\/category\/interes-general\/"},"img":{"alt_text":"","src":"https:\/\/i0.wp.com\/larevistadigital.com.ar\/blog\/wp-content\/uploads\/higa.jpg?fit=1140%2C708&ssl=1&resize=350%2C200","width":350,"height":200,"srcset":"https:\/\/i0.wp.com\/larevistadigital.com.ar\/blog\/wp-content\/uploads\/higa.jpg?fit=1140%2C708&ssl=1&resize=350%2C200 1x, https:\/\/i0.wp.com\/larevistadigital.com.ar\/blog\/wp-content\/uploads\/higa.jpg?fit=1140%2C708&ssl=1&resize=525%2C300 1.5x, https:\/\/i0.wp.com\/larevistadigital.com.ar\/blog\/wp-content\/uploads\/higa.jpg?fit=1140%2C708&ssl=1&resize=700%2C400 2x, https:\/\/i0.wp.com\/larevistadigital.com.ar\/blog\/wp-content\/uploads\/higa.jpg?fit=1140%2C708&ssl=1&resize=1050%2C600 3x"},"classes":[]},{"id":20607,"url":"https:\/\/larevistadigital.com.ar\/blog\/mar-del-plata-balearon-a-un-joven-en-el-cuello-esta-grave\/","url_meta":{"origin":11944,"position":2},"title":"MAR DEL PLATA: BALEARON A UN JOVEN EN EL CUELLO. EST\u00c1 GRAVE","author":"Alejandro Sosa Ruda","date":"2 junio, 2021","format":false,"excerpt":"Sucedi\u00f3 esta madrugada en el barrio Parque Independencia. El herido tiene 20 a\u00f1os y fue trasladado al hospital por una ambulancia del SAME. MAR DEL PLATA - Un sujeto de 20 a\u00f1os permanece internado en grave estado en el Hospital Interzonal General de Agudos (Higa) a donde fue trasladado de\u2026","rel":"","context":"En \u00abPOLICIALES\u00bb","block_context":{"text":"POLICIALES","link":"https:\/\/larevistadigital.com.ar\/blog\/category\/policiales\/"},"img":{"alt_text":"","src":"https:\/\/i0.wp.com\/larevistadigital.com.ar\/blog\/wp-content\/uploads\/Guardia-Higa-0311.jpg?fit=790%2C444&ssl=1&resize=350%2C200","width":350,"height":200,"srcset":"https:\/\/i0.wp.com\/larevistadigital.com.ar\/blog\/wp-content\/uploads\/Guardia-Higa-0311.jpg?fit=790%2C444&ssl=1&resize=350%2C200 1x, https:\/\/i0.wp.com\/larevistadigital.com.ar\/blog\/wp-content\/uploads\/Guardia-Higa-0311.jpg?fit=790%2C444&ssl=1&resize=525%2C300 1.5x, https:\/\/i0.wp.com\/larevistadigital.com.ar\/blog\/wp-content\/uploads\/Guardia-Higa-0311.jpg?fit=790%2C444&ssl=1&resize=700%2C400 2x"},"classes":[]},{"id":15961,"url":"https:\/\/larevistadigital.com.ar\/blog\/lo-confunden-con-otro-y-le-pegan-un-tiro-en-la-pierna\/","url_meta":{"origin":11944,"position":3},"title":"LO CONFUNDEN CON OTRO Y LE PEGAN UN TIRO EN LA PIERNA","author":"Alejandro Sosa Ruda","date":"12 agosto, 2020","format":false,"excerpt":"El ataque ocurri\u00f3 ayer a la noche en el barrio Fortunato de la Plaza. La v\u00edctima tiene 18 a\u00f1os y fue trasladado de urgencia al Hospital Interzonal. Un\u00a0joven de 18 a\u00f1os fue baleado\u00a0en una pierna ayer a la noche mientras caminaba por el barrio\u00a0Fortunato de la Plaza\u00a0y, seg\u00fan le explic\u00f3\u2026","rel":"","context":"En \u00abPOLICIALES\u00bb","block_context":{"text":"POLICIALES","link":"https:\/\/larevistadigital.com.ar\/blog\/category\/policiales\/"},"img":{"alt_text":"","src":"https:\/\/i0.wp.com\/larevistadigital.com.ar\/blog\/wp-content\/uploads\/Screenshot_1-127.jpg?fit=1008%2C661&ssl=1&resize=350%2C200","width":350,"height":200,"srcset":"https:\/\/i0.wp.com\/larevistadigital.com.ar\/blog\/wp-content\/uploads\/Screenshot_1-127.jpg?fit=1008%2C661&ssl=1&resize=350%2C200 1x, https:\/\/i0.wp.com\/larevistadigital.com.ar\/blog\/wp-content\/uploads\/Screenshot_1-127.jpg?fit=1008%2C661&ssl=1&resize=525%2C300 1.5x, https:\/\/i0.wp.com\/larevistadigital.com.ar\/blog\/wp-content\/uploads\/Screenshot_1-127.jpg?fit=1008%2C661&ssl=1&resize=700%2C400 2x"},"classes":[]},{"id":12234,"url":"https:\/\/larevistadigital.com.ar\/blog\/muere-un-joven-por-un-disparo-en-confuso-episodio\/","url_meta":{"origin":11944,"position":4},"title":"MUERE UN JOVEN POR UN DISPARO EN CONFUSO EPISODIO","author":"Alejandro Sosa Ruda","date":"22 septiembre, 2019","format":false,"excerpt":"La v\u00edctima fue identificada como Michel Palavecino, de 24 a\u00f1os. Recibi\u00f3 un disparo en la pierna y falleci\u00f3 en el Hospital. Un amigo que lo llev\u00f3 al nosocomio explic\u00f3 que mientras \"jugaban\" con unas armas se les escap\u00f3 el disparo. Mar del Plata - Un joven de 24 a\u00f1os\u00a0falleci\u00f3 esta\u2026","rel":"","context":"En \u00abPOLICIALES\u00bb","block_context":{"text":"POLICIALES","link":"https:\/\/larevistadigital.com.ar\/blog\/category\/policiales\/"},"img":{"alt_text":"","src":"https:\/\/i0.wp.com\/larevistadigital.com.ar\/blog\/wp-content\/uploads\/Screenshot_2-41.jpg?fit=1001%2C575&ssl=1&resize=350%2C200","width":350,"height":200,"srcset":"https:\/\/i0.wp.com\/larevistadigital.com.ar\/blog\/wp-content\/uploads\/Screenshot_2-41.jpg?fit=1001%2C575&ssl=1&resize=350%2C200 1x, https:\/\/i0.wp.com\/larevistadigital.com.ar\/blog\/wp-content\/uploads\/Screenshot_2-41.jpg?fit=1001%2C575&ssl=1&resize=525%2C300 1.5x, https:\/\/i0.wp.com\/larevistadigital.com.ar\/blog\/wp-content\/uploads\/Screenshot_2-41.jpg?fit=1001%2C575&ssl=1&resize=700%2C400 2x"},"classes":[]},{"id":23645,"url":"https:\/\/larevistadigital.com.ar\/blog\/mar-del-plata-acordo-la-compra-de-un-celular-y-lo-balearon-en-el-pecho\/","url_meta":{"origin":11944,"position":5},"title":"MAR DEL PLATA: ACORD\u00d3 LA COMPRA DE UN CELULAR Y LO BALEARON EN EL PECHO","author":"Alejandro Sosa Ruda","date":"29 enero, 2022","format":false,"excerpt":"Sucedi\u00f3 el viernes a la tarde en el barrio Florencio S\u00e1nchez. El herido de 40 a\u00f1os fue trasladado en grave estado al hospital. MAR DEL PLATA -\u00a0 Lo que menos pens\u00f3 un hombre de 40 a\u00f1os que fue a comprar un celular en el barrio Florencio S\u00e1nchez\u00a0tras acordar una operaci\u00f3n\u2026","rel":"","context":"En \u00abPOLICIALES\u00bb","block_context":{"text":"POLICIALES","link":"https:\/\/larevistadigital.com.ar\/blog\/category\/policiales\/"},"img":{"alt_text":"","src":"https:\/\/i0.wp.com\/larevistadigital.com.ar\/blog\/wp-content\/uploads\/Captura-de-pantalla-2021-10-20-224747.jpg?fit=992%2C667&ssl=1&resize=350%2C200","width":350,"height":200,"srcset":"https:\/\/i0.wp.com\/larevistadigital.com.ar\/blog\/wp-content\/uploads\/Captura-de-pantalla-2021-10-20-224747.jpg?fit=992%2C667&ssl=1&resize=350%2C200 1x, https:\/\/i0.wp.com\/larevistadigital.com.ar\/blog\/wp-content\/uploads\/Captura-de-pantalla-2021-10-20-224747.jpg?fit=992%2C667&ssl=1&resize=525%2C300 1.5x, https:\/\/i0.wp.com\/larevistadigital.com.ar\/blog\/wp-content\/uploads\/Captura-de-pantalla-2021-10-20-224747.jpg?fit=992%2C667&ssl=1&resize=700%2C400 2x"},"classes":[]}],"_links":{"self":[{"href":"https:\/\/larevistadigital.com.ar\/blog\/wp-json\/wp\/v2\/posts\/11944","targetHints":{"allow":["GET"]}}],"collection":[{"href":"https:\/\/larevistadigital.com.ar\/blog\/wp-json\/wp\/v2\/posts"}],"about":[{"href":"https:\/\/larevistadigital.com.ar\/blog\/wp-json\/wp\/v2\/types\/post"}],"author":[{"embeddable":true,"href":"https:\/\/larevistadigital.com.ar\/blog\/wp-json\/wp\/v2\/users\/3"}],"replies":[{"embeddable":true,"href":"https:\/\/larevistadigital.com.ar\/blog\/wp-json\/wp\/v2\/comments?post=11944"}],"version-history":[{"count":2,"href":"https:\/\/larevistadigital.com.ar\/blog\/wp-json\/wp\/v2\/posts\/11944\/revisions"}],"predecessor-version":[{"id":11947,"href":"https:\/\/larevistadigital.com.ar\/blog\/wp-json\/wp\/v2\/posts\/11944\/revisions\/11947"}],"wp:featuredmedia":[{"embeddable":true,"href":"https:\/\/larevistadigital.com.ar\/blog\/wp-json\/wp\/v2\/media\/11946"}],"wp:attachment":[{"href":"https:\/\/larevistadigital.com.ar\/blog\/wp-json\/wp\/v2\/media?parent=11944"}],"wp:term":[{"taxonomy":"category","embeddable":true,"href":"https:\/\/larevistadigital.com.ar\/blog\/wp-json\/wp\/v2\/categories?post=11944"},{"taxonomy":"post_tag","embeddable":true,"href":"https:\/\/larevistadigital.com.ar\/blog\/wp-json\/wp\/v2\/tags?post=11944"}],"curies":[{"name":"wp","href":"https:\/\/api.w.org\/{rel}","templated":true}]}}