{"id":11954,"date":"2019-08-21T13:58:22","date_gmt":"2019-08-21T13:58:22","guid":{"rendered":"https:\/\/larevistadigital.com.ar\/blog\/?p=11954"},"modified":"2019-08-21T13:58:22","modified_gmt":"2019-08-21T13:58:22","slug":"mato-a-su-vecino-de-un-fierrazo-se-cree-que-en-defensa-propia","status":"publish","type":"post","link":"https:\/\/larevistadigital.com.ar\/blog\/mato-a-su-vecino-de-un-fierrazo-se-cree-que-en-defensa-propia\/","title":{"rendered":"MAT\u00d3 A SU VECINO DE UN FIERRAZO. SE CREE QUE EN DEFENSA PROPIA"},"content":{"rendered":"<h2><em>La v\u00edctima fue identificada como Sebasti\u00e1n Emanuel G\u00f3mez (25), quien habr\u00eda intentado ingresar armado a la casa del agresor, ubicada en Los Granados al 4600 de Camet, en Mar del Plata.<\/em><\/h2>\n<p>Un joven de\u00a0<strong>25 a\u00f1os<\/strong>\u00a0que ingres\u00f3 por la fuerza a la casa de unos vecinos en el barrio\u00a0<strong>Camet <\/strong>muri\u00f3 esta madrugada luego de que el hijo de la due\u00f1a de casa lo\u00a0<strong>golpeara con un fierro en la cabeza<\/strong>. Las actuaciones por homicidio que realiz\u00f3 personal de la comisar\u00eda decimoquinta quedaron a cargo del fiscal\u00a0<strong>Alejandro Pelegrinelli<\/strong>.<\/p>\n<p>Seg\u00fan los datos a los que tuvo acceso\u00a0<strong>0223<\/strong>, el hecho se registr\u00f3 minutos antes de las dos de la madrugada del mi\u00e9rcoles en una vivienda ubicada en inmediaciones de las calles\u00a0<strong>Frenguelli y Los Granados<\/strong>\u00a0a la que\u00a0<strong>Emmanuel Sebasti\u00e1n G\u00f3mez ingres\u00f3 tras forzar la puerta de entrada<\/strong>.<\/p>\n<blockquote>\n<h3>Un hombre de 37 a\u00f1os que estaba en la vivienda junto a su madre y la pareja de esta advirti\u00f3 lo sucedido y tras advertir que el intruso estaba armado,\u00a0golpe\u00f3 con un fierro en la cabeza a G\u00f3mez.\u00a0<strong>\u201cEl joven sali\u00f3 del lugar,\u00a0cay\u00f3 muerto en la puerta y el arma con la que habr\u00eda ingresado no fue recuperada\u201d<\/strong>, confiaron las fuentes consultadas por este medio.<\/h3>\n<\/blockquote>\n<p>M\u00e1s all\u00e1 de que la din\u00e1mica de lo ocurrido se\u00f1ala que se trat\u00f3 de un hecho que\u00a0<strong>podr\u00eda calificarse como leg\u00edtima defensa<\/strong>, el hombre escap\u00f3 del lugar ante la presencia de algunos allegados de la v\u00edctima que viv\u00eda\u00a0enfrente del domicilio.<\/p>\n<p>Personal de la comisar\u00eda decimoquinta realiz\u00f3 las primeras actuaciones en el lugar en el marco de una<strong>\u00a0causa por homicidio<\/strong>\u00a0a cargo del fiscal <strong>Pelegrinelli<\/strong>. Ante la\u00a0<strong>tensi\u00f3n<\/strong>\u00a0l\u00f3gica que se gener\u00f3 por lo sucedido, en el lugar\u00a0<strong>fue necesaria la presencia de efectivos del Grupo de Apoyo Departamental<\/strong>.<\/p>\n<p>A la espera de los resultados de la operaci\u00f3n de autopsia prevista para las pr\u00f3ximas horas y de la declaraci\u00f3n de m\u00e1s testigos, el objetivo de los investigadores es\u00a0<strong>establecer exactamente los momentos previos al ingreso de G\u00f3mez a la casa y si hab\u00eda existido alg\u00fan conflicto anterior<\/strong>.<\/p>\n<p>publicado en 0223<\/p>\n","protected":false},"excerpt":{"rendered":"<div class=\"mh-excerpt\"><p>La v\u00edctima fue identificada como Sebasti\u00e1n Emanuel G\u00f3mez (25), quien habr\u00eda intentado ingresar armado a la casa del agresor, ubicada en Los Granados al 4600 de Camet, en Mar del Plata. Un joven de\u00a025 a\u00f1os\u00a0que <a class=\"mh-excerpt-more\" href=\"https:\/\/larevistadigital.com.ar\/blog\/mato-a-su-vecino-de-un-fierrazo-se-cree-que-en-defensa-propia\/\" title=\"MAT\u00d3 A SU VECINO DE UN FIERRAZO. SE CREE QUE EN DEFENSA PROPIA\">[Leer M\u00e1s]<\/a><\/p>\n<\/div>","protected":false},"author":3,"featured_media":11955,"comment_status":"open","ping_status":"open","sticky":false,"template":"","format":"standard","meta":{"_jetpack_memberships_contains_paid_content":false,"footnotes":"","jetpack_publicize_message":"","jetpack_publicize_feature_enabled":true,"jetpack_social_post_already_shared":true,"jetpack_social_options":{"image_generator_settings":{"template":"highway","default_image_id":0,"font":"","enabled":false},"version":2}},"categories":[51],"tags":[],"class_list":{"0":"post-11954","1":"post","2":"type-post","3":"status-publish","4":"format-standard","5":"has-post-thumbnail","7":"category-regionales"},"jetpack_publicize_connections":[],"jetpack_featured_media_url":"https:\/\/i0.wp.com\/larevistadigital.com.ar\/blog\/wp-content\/uploads\/gacetilla-violencia-mardelplata-1080x675.jpg?fit=1080%2C675&ssl=1","jetpack_sharing_enabled":true,"jetpack_shortlink":"https:\/\/wp.me\/p8qtrQ-36O","jetpack-related-posts":[{"id":18661,"url":"https:\/\/larevistadigital.com.ar\/blog\/grave-accidente-en-la-ruta-deja-un-muerto-y-tres-heridos\/","url_meta":{"origin":11954,"position":0},"title":"GRAVE ACCIDENTE EN LA RUTA DEJA UN MUERTO Y TRES HERIDOS","author":"Alejandro Sosa Ruda","date":"16 enero, 2021","format":false,"excerpt":"Sucedi\u00f3 esta madrugada en la ruta 11, en el acceso al barrio F\u00e9lix U Camet. El conductor muri\u00f3 en el acto y otras cinco personas, entre ellas dos beb\u00e9s, fueron internadas. El conductor de un autom\u00f3vil falleci\u00f3 y el resto de los ocupantes, entre los que hab\u00eda dos beb\u00e9s, sufrieron\u2026","rel":"","context":"En \u00abPOLICIALES\u00bb","block_context":{"text":"POLICIALES","link":"https:\/\/larevistadigital.com.ar\/blog\/category\/policiales\/"},"img":{"alt_text":"","src":"https:\/\/i0.wp.com\/larevistadigital.com.ar\/blog\/wp-content\/uploads\/Screenshot_1-200.jpg?fit=1017%2C760&ssl=1&resize=350%2C200","width":350,"height":200,"srcset":"https:\/\/i0.wp.com\/larevistadigital.com.ar\/blog\/wp-content\/uploads\/Screenshot_1-200.jpg?fit=1017%2C760&ssl=1&resize=350%2C200 1x, https:\/\/i0.wp.com\/larevistadigital.com.ar\/blog\/wp-content\/uploads\/Screenshot_1-200.jpg?fit=1017%2C760&ssl=1&resize=525%2C300 1.5x, https:\/\/i0.wp.com\/larevistadigital.com.ar\/blog\/wp-content\/uploads\/Screenshot_1-200.jpg?fit=1017%2C760&ssl=1&resize=700%2C400 2x"},"classes":[]},{"id":18607,"url":"https:\/\/larevistadigital.com.ar\/blog\/le-tocaron-el-timbre-y-le-pegaron-un-tiro-de-escopeta-tiene-arresto-domiciliario-por-vender-droga\/","url_meta":{"origin":11954,"position":1},"title":"LE TOCARON EL TIMBRE Y LE PEGARON UN TIRO DE ESCOPETA: TIENE ARRESTO DOMICILIARIO POR VENDER DROGA","author":"Alejandro Sosa Ruda","date":"14 enero, 2021","format":false,"excerpt":"Una mujer de 28 a\u00f1os debi\u00f3 ser internada en el Hospital Interzonal General de Agudos luego de sufrir una herida de arma de fuego en su casa de la zona de Camet. Se trata de una convicta que cumple arresto domiciliario y creen que la atacaron en un ajuste de\u2026","rel":"","context":"En \u00abPOLICIALES\u00bb","block_context":{"text":"POLICIALES","link":"https:\/\/larevistadigital.com.ar\/blog\/category\/policiales\/"},"img":{"alt_text":"","src":"https:\/\/i0.wp.com\/larevistadigital.com.ar\/blog\/wp-content\/uploads\/una-mujer-fue-rescatada-la-policia-la-plata.jpg?fit=1200%2C675&ssl=1&resize=350%2C200","width":350,"height":200,"srcset":"https:\/\/i0.wp.com\/larevistadigital.com.ar\/blog\/wp-content\/uploads\/una-mujer-fue-rescatada-la-policia-la-plata.jpg?fit=1200%2C675&ssl=1&resize=350%2C200 1x, https:\/\/i0.wp.com\/larevistadigital.com.ar\/blog\/wp-content\/uploads\/una-mujer-fue-rescatada-la-policia-la-plata.jpg?fit=1200%2C675&ssl=1&resize=525%2C300 1.5x, https:\/\/i0.wp.com\/larevistadigital.com.ar\/blog\/wp-content\/uploads\/una-mujer-fue-rescatada-la-policia-la-plata.jpg?fit=1200%2C675&ssl=1&resize=700%2C400 2x, https:\/\/i0.wp.com\/larevistadigital.com.ar\/blog\/wp-content\/uploads\/una-mujer-fue-rescatada-la-policia-la-plata.jpg?fit=1200%2C675&ssl=1&resize=1050%2C600 3x"},"classes":[]},{"id":9998,"url":"https:\/\/larevistadigital.com.ar\/blog\/mato-de-un-tiro-a-hombre-que-se-metio-en-su-casa\/","url_meta":{"origin":11954,"position":2},"title":"MAT\u00d3 DE UN TIRO A HOMBRE QUE SE METI\u00d3 EN SU CASA","author":"Alejandro Sosa Ruda","date":"4 mayo, 2019","format":false,"excerpt":"Un hombre de 51\u00a0a\u00f1os\u00a0mat\u00f3 esta madrugada de un disparo a un sujeto que hab\u00eda ingresado por la planta alta de su casa\u00a0tras activarse una alarma y forcejear en el patio. El intruso se subi\u00f3 a una silla, salt\u00f3 un pared\u00f3n y cay\u00f3 sin vida al bald\u00edo lindero. Los hechos se\u2026","rel":"","context":"En \u00abPOLICIALES\u00bb","block_context":{"text":"POLICIALES","link":"https:\/\/larevistadigital.com.ar\/blog\/category\/policiales\/"},"img":{"alt_text":"","src":"https:\/\/i0.wp.com\/larevistadigital.com.ar\/blog\/wp-content\/uploads\/2019\/05\/1468595566178.jpg?fit=800%2C488&ssl=1&resize=350%2C200","width":350,"height":200,"srcset":"https:\/\/i0.wp.com\/larevistadigital.com.ar\/blog\/wp-content\/uploads\/2019\/05\/1468595566178.jpg?fit=800%2C488&ssl=1&resize=350%2C200 1x, https:\/\/i0.wp.com\/larevistadigital.com.ar\/blog\/wp-content\/uploads\/2019\/05\/1468595566178.jpg?fit=800%2C488&ssl=1&resize=525%2C300 1.5x, https:\/\/i0.wp.com\/larevistadigital.com.ar\/blog\/wp-content\/uploads\/2019\/05\/1468595566178.jpg?fit=800%2C488&ssl=1&resize=700%2C400 2x"},"classes":[]},{"id":14386,"url":"https:\/\/larevistadigital.com.ar\/blog\/mar-del-plata-asaltan-heladeria-a-mano-armada-fueron-detenidos\/","url_meta":{"origin":11954,"position":3},"title":"MAR DEL PLATA: ASALTAN HELADER\u00cdA A MANO ARMADA. FUERON DETENIDOS","author":"Alejandro Sosa Ruda","date":"26 enero, 2020","format":false,"excerpt":"Tres hombres, de entre 28 y 43 a\u00f1os, fueron detenidos esta madrugada acusados de haber robado a mano armada una helader\u00eda en\u00a0Col\u00f3n y Buenos Aires\u00a0y escapado en dos autos tras una persecuci\u00f3n que termin\u00f3 a metros del\u00a0Parque Camet. El hecho se registr\u00f3 cerca de las 4 de la madrugada, cuando\u2026","rel":"","context":"En \u00abPOLICIALES\u00bb","block_context":{"text":"POLICIALES","link":"https:\/\/larevistadigital.com.ar\/blog\/category\/policiales\/"},"img":{"alt_text":"","src":"https:\/\/i0.wp.com\/larevistadigital.com.ar\/blog\/wp-content\/uploads\/Screenshot_2-74.jpg?fit=1010%2C720&ssl=1&resize=350%2C200","width":350,"height":200,"srcset":"https:\/\/i0.wp.com\/larevistadigital.com.ar\/blog\/wp-content\/uploads\/Screenshot_2-74.jpg?fit=1010%2C720&ssl=1&resize=350%2C200 1x, https:\/\/i0.wp.com\/larevistadigital.com.ar\/blog\/wp-content\/uploads\/Screenshot_2-74.jpg?fit=1010%2C720&ssl=1&resize=525%2C300 1.5x, https:\/\/i0.wp.com\/larevistadigital.com.ar\/blog\/wp-content\/uploads\/Screenshot_2-74.jpg?fit=1010%2C720&ssl=1&resize=700%2C400 2x"},"classes":[]},{"id":21093,"url":"https:\/\/larevistadigital.com.ar\/blog\/mar-del-plata-lo-atacaron-en-su-casa-lo-golpearon-y-lo-balearon-en-las-piernas\/","url_meta":{"origin":11954,"position":4},"title":"MAR DEL PLATA: LO ATACARON EN SU CASA, LO GOLPEARON Y LO BALEARON EN LAS PIERNAS","author":"Alejandro Sosa Ruda","date":"12 julio, 2021","format":false,"excerpt":"Sucedi\u00f3 en el barrio 2 de Abril. El herido de 31 a\u00f1os dijo que no pod\u00eda reconocer a los autores y se sospecha que fue un ajuste de cuentas. Un hombre que estaba en su casa fue atacado a golpes por al menos tres sujetos que lo sorprendieron en su\u2026","rel":"","context":"En \u00abPOLICIALES\u00bb","block_context":{"text":"POLICIALES","link":"https:\/\/larevistadigital.com.ar\/blog\/category\/policiales\/"},"img":{"alt_text":"","src":"https:\/\/i0.wp.com\/larevistadigital.com.ar\/blog\/wp-content\/uploads\/Captura-de-pantalla-2021-07-12-105832.png?fit=1003%2C502&ssl=1&resize=350%2C200","width":350,"height":200,"srcset":"https:\/\/i0.wp.com\/larevistadigital.com.ar\/blog\/wp-content\/uploads\/Captura-de-pantalla-2021-07-12-105832.png?fit=1003%2C502&ssl=1&resize=350%2C200 1x, https:\/\/i0.wp.com\/larevistadigital.com.ar\/blog\/wp-content\/uploads\/Captura-de-pantalla-2021-07-12-105832.png?fit=1003%2C502&ssl=1&resize=525%2C300 1.5x, https:\/\/i0.wp.com\/larevistadigital.com.ar\/blog\/wp-content\/uploads\/Captura-de-pantalla-2021-07-12-105832.png?fit=1003%2C502&ssl=1&resize=700%2C400 2x"},"classes":[]},{"id":17809,"url":"https:\/\/larevistadigital.com.ar\/blog\/mar-del-plata-se-incendio-casa-en-el-bosque-y-quedo-reducida-a-cenizas\/","url_meta":{"origin":11954,"position":5},"title":"MAR DEL PLATA: SE INCENDI\u00d3 CASA EN EL BOSQUE Y QUEDO REDUCIDA A CENIZAS","author":"Alejandro Sosa Ruda","date":"24 noviembre, 2020","format":false,"excerpt":"Sucedi\u00f3 esta madrugada en una vivienda de Los Cha\u00f1ares al 1500. La moradora de la casa result\u00f3 ilesa. Un voraz incendio se desat\u00f3 este martes a la madrugada sobre una vivienda del\u00a0Bosque de Peralta Ramos, que qued\u00f3 reducida a cenizas. Fuentes consultadas por\u00a00223, indicaron que el hecho sucedi\u00f3 alrededor de\u2026","rel":"","context":"En \u00abREGIONALES\u00bb","block_context":{"text":"REGIONALES","link":"https:\/\/larevistadigital.com.ar\/blog\/category\/regionales\/"},"img":{"alt_text":"","src":"https:\/\/i0.wp.com\/larevistadigital.com.ar\/blog\/wp-content\/uploads\/Screenshot_3-61.jpg?fit=1001%2C559&ssl=1&resize=350%2C200","width":350,"height":200,"srcset":"https:\/\/i0.wp.com\/larevistadigital.com.ar\/blog\/wp-content\/uploads\/Screenshot_3-61.jpg?fit=1001%2C559&ssl=1&resize=350%2C200 1x, https:\/\/i0.wp.com\/larevistadigital.com.ar\/blog\/wp-content\/uploads\/Screenshot_3-61.jpg?fit=1001%2C559&ssl=1&resize=525%2C300 1.5x, https:\/\/i0.wp.com\/larevistadigital.com.ar\/blog\/wp-content\/uploads\/Screenshot_3-61.jpg?fit=1001%2C559&ssl=1&resize=700%2C400 2x"},"classes":[]}],"_links":{"self":[{"href":"https:\/\/larevistadigital.com.ar\/blog\/wp-json\/wp\/v2\/posts\/11954","targetHints":{"allow":["GET"]}}],"collection":[{"href":"https:\/\/larevistadigital.com.ar\/blog\/wp-json\/wp\/v2\/posts"}],"about":[{"href":"https:\/\/larevistadigital.com.ar\/blog\/wp-json\/wp\/v2\/types\/post"}],"author":[{"embeddable":true,"href":"https:\/\/larevistadigital.com.ar\/blog\/wp-json\/wp\/v2\/users\/3"}],"replies":[{"embeddable":true,"href":"https:\/\/larevistadigital.com.ar\/blog\/wp-json\/wp\/v2\/comments?post=11954"}],"version-history":[{"count":1,"href":"https:\/\/larevistadigital.com.ar\/blog\/wp-json\/wp\/v2\/posts\/11954\/revisions"}],"predecessor-version":[{"id":11956,"href":"https:\/\/larevistadigital.com.ar\/blog\/wp-json\/wp\/v2\/posts\/11954\/revisions\/11956"}],"wp:featuredmedia":[{"embeddable":true,"href":"https:\/\/larevistadigital.com.ar\/blog\/wp-json\/wp\/v2\/media\/11955"}],"wp:attachment":[{"href":"https:\/\/larevistadigital.com.ar\/blog\/wp-json\/wp\/v2\/media?parent=11954"}],"wp:term":[{"taxonomy":"category","embeddable":true,"href":"https:\/\/larevistadigital.com.ar\/blog\/wp-json\/wp\/v2\/categories?post=11954"},{"taxonomy":"post_tag","embeddable":true,"href":"https:\/\/larevistadigital.com.ar\/blog\/wp-json\/wp\/v2\/tags?post=11954"}],"curies":[{"name":"wp","href":"https:\/\/api.w.org\/{rel}","templated":true}]}}