{"id":11957,"date":"2019-08-21T14:07:03","date_gmt":"2019-08-21T14:07:03","guid":{"rendered":"https:\/\/larevistadigital.com.ar\/blog\/?p=11957"},"modified":"2019-08-21T14:07:03","modified_gmt":"2019-08-21T14:07:03","slug":"reciclan-botellas-de-plastico-para-fabricar-ladrillos","status":"publish","type":"post","link":"https:\/\/larevistadigital.com.ar\/blog\/reciclan-botellas-de-plastico-para-fabricar-ladrillos\/","title":{"rendered":"RECICLAN BOTELLAS DE PL\u00c1STICO PARA FABRICAR LADRILLOS"},"content":{"rendered":"<p>El pl\u00e1stico es una de las grandes problem\u00e1ticas ambientales de nuestra \u00e9poca, se estima que en nuestro pa\u00eds m\u00e1s<strong>\u00a0se desechan 12 millones de botellas pl\u00e1sticas por d\u00eda, de las cuales s\u00f3lo se recicla el 30%<\/strong>. Existen diferentes iniciativas tendientes a combatir este problema y en muchos lugares se los utiliza como materiales constructivos.<\/p>\n<blockquote>\n<h3>La<strong>\u00a0Fundaci\u00f3n Ecoinclusi\u00f3n\u00a0<\/strong>surgi\u00f3 en Alta Gracia con el prop\u00f3sito principal de mejorar las condiciones humanas, econ\u00f3micas y sociales de los sectores m\u00e1s vulnerables de la sociedad y, al mismo tiempo, eliminar la contaminaci\u00f3n de desechos pl\u00e1sticos, transform\u00e1ndolos en soluciones constructivas.<\/h3>\n<\/blockquote>\n<p>As\u00ed surgieron los\u00a0<strong>Eco ladrillos<\/strong>, que tienen el aspecto de un ladrillo convencional de cemento pero son m\u00e1s livianos y aislantes ya que\u00a0<strong>para su fabricaci\u00f3n se necesitan 20 botellas pl\u00e1sticas de litro y medio.<\/strong><\/p>\n<p>El proceso de producci\u00f3n del ladrillo se asemeja al\u00a0utilizado para\u00a0ladrillos convencionales:\u00a0<strong>se tritura el pl\u00e1stico, se realiza una mezcla a\u00f1adiendo arena, cemento y agua, y se transforma en ladrillos con una bloquera<\/strong>. Adem\u00e1s, se curan al aire, por lo cual no hace falta aporte de calor.<\/p>\n<blockquote>\n<h3>Para recolectar el material\u00a0<strong>se instalaron puntos verdes en C\u00f3rdoba<\/strong>, donde los vecinos pueden depositar sus botellas vac\u00edas. Una vez que se realizan los ladrillos, se utilizan en emprendimientos sociales.<\/h3>\n<\/blockquote>\n<p>Desde Fundaci\u00f3n EcoInclusi\u00f3n alientan que esta experiencia se pueda\u00a0<strong>replicar en otras ciudades\u00a0<\/strong>para aportar a otras comunidades.<\/p>\n","protected":false},"excerpt":{"rendered":"<div class=\"mh-excerpt\"><p>El pl\u00e1stico es una de las grandes problem\u00e1ticas ambientales de nuestra \u00e9poca, se estima que en nuestro pa\u00eds m\u00e1s\u00a0se desechan 12 millones de botellas pl\u00e1sticas por d\u00eda, de las cuales s\u00f3lo se recicla el 30%. <a class=\"mh-excerpt-more\" href=\"https:\/\/larevistadigital.com.ar\/blog\/reciclan-botellas-de-plastico-para-fabricar-ladrillos\/\" title=\"RECICLAN BOTELLAS DE PL\u00c1STICO PARA FABRICAR LADRILLOS\">[Leer M\u00e1s]<\/a><\/p>\n<\/div>","protected":false},"author":3,"featured_media":11958,"comment_status":"open","ping_status":"open","sticky":false,"template":"","format":"standard","meta":{"_jetpack_memberships_contains_paid_content":false,"footnotes":"","jetpack_publicize_message":"","jetpack_publicize_feature_enabled":true,"jetpack_social_post_already_shared":true,"jetpack_social_options":{"image_generator_settings":{"template":"highway","default_image_id":0,"font":"","enabled":false},"version":2}},"categories":[33,50,34],"tags":[],"class_list":{"0":"post-11957","1":"post","2":"type-post","3":"status-publish","4":"format-standard","5":"has-post-thumbnail","7":"category-construccion-y-hogar","8":"category-interes-general","9":"category-medio-ambiente"},"jetpack_publicize_connections":[],"jetpack_featured_media_url":"https:\/\/i0.wp.com\/larevistadigital.com.ar\/blog\/wp-content\/uploads\/1565120236700.jpg?fit=800%2C487&ssl=1","jetpack_sharing_enabled":true,"jetpack_shortlink":"https:\/\/wp.me\/p8qtrQ-36R","jetpack-related-posts":[{"id":24818,"url":"https:\/\/larevistadigital.com.ar\/blog\/cientificos-aseguran-haber-encontrado-restos-de-microplasticos-en-la-sangre-humana\/","url_meta":{"origin":11957,"position":0},"title":"CIENT\u00cdFICOS ASEGURAN HABER ENCONTRADO RESTOS DE MICROPL\u00c1STICOS EN LA SANGRE HUMANA","author":"Alejandro Sosa Ruda","date":"26 marzo, 2022","format":false,"excerpt":"La investigaci\u00f3n cient\u00edfica fue publicada en el medio Environment International, que difunde el resultado del an\u00e1lisis de la sangre de 22 donantes, adultos sanos: se hall\u00f3 part\u00edculas de pl\u00e1stico en 17 de ellos, nada menos. Un grupo de cient\u00edficos mostraron los resultados de una investigaci\u00f3n in\u00e9dita en la que se\u2026","rel":"","context":"En \u00abINTERES GENERAL\u00bb","block_context":{"text":"INTERES GENERAL","link":"https:\/\/larevistadigital.com.ar\/blog\/category\/interes-general\/"},"img":{"alt_text":"","src":"https:\/\/i0.wp.com\/larevistadigital.com.ar\/blog\/wp-content\/uploads\/20220325160123_microp.jpg?fit=880%2C512&ssl=1&resize=350%2C200","width":350,"height":200,"srcset":"https:\/\/i0.wp.com\/larevistadigital.com.ar\/blog\/wp-content\/uploads\/20220325160123_microp.jpg?fit=880%2C512&ssl=1&resize=350%2C200 1x, https:\/\/i0.wp.com\/larevistadigital.com.ar\/blog\/wp-content\/uploads\/20220325160123_microp.jpg?fit=880%2C512&ssl=1&resize=525%2C300 1.5x, https:\/\/i0.wp.com\/larevistadigital.com.ar\/blog\/wp-content\/uploads\/20220325160123_microp.jpg?fit=880%2C512&ssl=1&resize=700%2C400 2x"},"classes":[]},{"id":9060,"url":"https:\/\/larevistadigital.com.ar\/blog\/castelli-recicla-en-febrero-mas-de-10-mil-kilos-de-papel-plastico-y-telgopor-ya-no-son-basura\/","url_meta":{"origin":11957,"position":1},"title":"CASTELLI RECICLA. EN FEBRERO M\u00c1S DE 10 MIL KILOS DE PAPEL, PLASTICO Y TELGOPOR YA NO SON BASURA","author":"Alejandro Sosa Ruda","date":"13 marzo, 2019","format":false,"excerpt":"A mediados del mes pasado, se cargaron 10.500kg de materiales recuperados en la Planta de Residuos para su reciclaje. Entre ellos, se recuper\u00f3 cart\u00f3n, papel de revistas, papel de diario, pl\u00e1stico PET de botellas de gaseosas y envases de telgopor. \"En nuestra planta de clasificaci\u00f3n y recuperaci\u00f3n de residuos s\u00f3lidos\u2026","rel":"","context":"En \u00abCASTELLI\u00bb","block_context":{"text":"CASTELLI","link":"https:\/\/larevistadigital.com.ar\/blog\/category\/castelli\/"},"img":{"alt_text":"","src":"https:\/\/i0.wp.com\/larevistadigital.com.ar\/blog\/wp-content\/uploads\/2019\/03\/53596209_1132010483635319_4212402231976132608_n.jpg?fit=960%2C593&ssl=1&resize=350%2C200","width":350,"height":200,"srcset":"https:\/\/i0.wp.com\/larevistadigital.com.ar\/blog\/wp-content\/uploads\/2019\/03\/53596209_1132010483635319_4212402231976132608_n.jpg?fit=960%2C593&ssl=1&resize=350%2C200 1x, https:\/\/i0.wp.com\/larevistadigital.com.ar\/blog\/wp-content\/uploads\/2019\/03\/53596209_1132010483635319_4212402231976132608_n.jpg?fit=960%2C593&ssl=1&resize=525%2C300 1.5x, https:\/\/i0.wp.com\/larevistadigital.com.ar\/blog\/wp-content\/uploads\/2019\/03\/53596209_1132010483635319_4212402231976132608_n.jpg?fit=960%2C593&ssl=1&resize=700%2C400 2x"},"classes":[]},{"id":8343,"url":"https:\/\/larevistadigital.com.ar\/blog\/castelli-casi-7-mil-kilos-de-material-recuperado-dejaron-de-ser-basura-contaminante\/","url_meta":{"origin":11957,"position":2},"title":"CASTELLI: CASI 7 MIL KILOS DE MATERIAL RECUPERADO DEJARON DE SER BASURA CONTAMINANTE","author":"Alejandro Sosa Ruda","date":"11 febrero, 2019","format":false,"excerpt":"En 2019, el Programa de Gesti\u00f3n Integral de Residuos S\u00f3lidos Urbanos contin\u00faa con la reutilizaci\u00f3n de los residuos y el pasado mi\u00e9rcoles 23 de enero se cargaron 6440 kg.\u00a0 de materiales recuperados en la planta para su reciclaje. \u201cEntre ellos, recuperamos papel blanco, pl\u00e1stico de envases de productos de limpieza\u2026","rel":"","context":"En \u00abCASTELLI\u00bb","block_context":{"text":"CASTELLI","link":"https:\/\/larevistadigital.com.ar\/blog\/category\/castelli\/"},"img":{"alt_text":"","src":"https:\/\/i0.wp.com\/larevistadigital.com.ar\/blog\/wp-content\/uploads\/2019\/02\/51733965_1114556182047416_4092664243185254400_n.jpg?fit=960%2C720&ssl=1&resize=350%2C200","width":350,"height":200,"srcset":"https:\/\/i0.wp.com\/larevistadigital.com.ar\/blog\/wp-content\/uploads\/2019\/02\/51733965_1114556182047416_4092664243185254400_n.jpg?fit=960%2C720&ssl=1&resize=350%2C200 1x, https:\/\/i0.wp.com\/larevistadigital.com.ar\/blog\/wp-content\/uploads\/2019\/02\/51733965_1114556182047416_4092664243185254400_n.jpg?fit=960%2C720&ssl=1&resize=525%2C300 1.5x, https:\/\/i0.wp.com\/larevistadigital.com.ar\/blog\/wp-content\/uploads\/2019\/02\/51733965_1114556182047416_4092664243185254400_n.jpg?fit=960%2C720&ssl=1&resize=700%2C400 2x"},"classes":[]},{"id":44032,"url":"https:\/\/larevistadigital.com.ar\/blog\/carnaval-infantil-de-chascomus-un-exito-en-participacion-y-cuidado-del-ambiente\/","url_meta":{"origin":11957,"position":3},"title":"Carnaval Infantil de Chascom\u00fas: un \u00e9xito en participaci\u00f3n y cuidado del ambiente","author":"Alejandro Sosa Ruda","date":"18 febrero, 2026","format":false,"excerpt":"Se juntaron aproximadamente 25 mil unidades de objetos de reciclables entre pomos de espuma, latas y botellas de\u00a0 pl\u00e1stico. 18 de febrero de 2026 CHASCOM\u00daS -\u00a0 \u00a0Desde la Municipalidad de Chascom\u00fas, a trav\u00e9s del \u00e1rea de Ambiente, informan que durante las jornadas de carnaval se recuperaron m\u00e1s de 25.000 materiales\u2026","rel":"","context":"En \u00abCHASCOM\u00daS\u00bb","block_context":{"text":"CHASCOM\u00daS","link":"https:\/\/larevistadigital.com.ar\/blog\/category\/chascomus\/"},"img":{"alt_text":"","src":"https:\/\/i0.wp.com\/larevistadigital.com.ar\/blog\/wp-content\/uploads\/6995f8bfde1d0.png?fit=668%2C445&ssl=1&resize=350%2C200","width":350,"height":200,"srcset":"https:\/\/i0.wp.com\/larevistadigital.com.ar\/blog\/wp-content\/uploads\/6995f8bfde1d0.png?fit=668%2C445&ssl=1&resize=350%2C200 1x, https:\/\/i0.wp.com\/larevistadigital.com.ar\/blog\/wp-content\/uploads\/6995f8bfde1d0.png?fit=668%2C445&ssl=1&resize=525%2C300 1.5x"},"classes":[]},{"id":45052,"url":"https:\/\/larevistadigital.com.ar\/blog\/villa-gesell-lo-detectaron-por-camaras-y-cayo-con-botellas-robadas-en-plena-madrugada\/","url_meta":{"origin":11957,"position":4},"title":"Villa Gesell: Lo detectaron por c\u00e1maras y cay\u00f3 con botellas robadas en plena madrugada","author":"Alejandro Sosa Ruda","date":"10 abril, 2026","format":false,"excerpt":"El hombre llevaba bebidas alcoh\u00f3licas y herramientas que hab\u00eda sustra\u00eddo de un puesto en la playa. No pudo justificar su procedencia. 10 de abril de 2026 VILLA GESELL -\u00a0 \u00a0Un hombre de 36 a\u00f1os fue aprehendido en Villa Gesell tras ser detectado por el sistema de monitoreo cuando circulaba a\u2026","rel":"","context":"En \u00abPOLICIALES\u00bb","block_context":{"text":"POLICIALES","link":"https:\/\/larevistadigital.com.ar\/blog\/category\/policiales\/"},"img":{"alt_text":"","src":"https:\/\/i0.wp.com\/larevistadigital.com.ar\/blog\/wp-content\/uploads\/080621065041_XGy1p4KVTamin.jpg?fit=650%2C370&ssl=1&resize=350%2C200","width":350,"height":200,"srcset":"https:\/\/i0.wp.com\/larevistadigital.com.ar\/blog\/wp-content\/uploads\/080621065041_XGy1p4KVTamin.jpg?fit=650%2C370&ssl=1&resize=350%2C200 1x, https:\/\/i0.wp.com\/larevistadigital.com.ar\/blog\/wp-content\/uploads\/080621065041_XGy1p4KVTamin.jpg?fit=650%2C370&ssl=1&resize=525%2C300 1.5x"},"classes":[]},{"id":16458,"url":"https:\/\/larevistadigital.com.ar\/blog\/robaron-mas-de-200-000-en-el-country-haras-del-sur\/","url_meta":{"origin":11957,"position":5},"title":"ROBARON M\u00c1S DE $200.000.- EN EL COUNTRY \u00abHARAS DEL SUR\u00bb","author":"Alejandro Sosa Ruda","date":"22 septiembre, 2020","format":false,"excerpt":"Los delincuentes maniataron a las v\u00edctimas con precintos de pl\u00e1stico, les sacaron sus pertenencias y huyeron. Cuatro delincuentes armados ingresaron a dos casas del Country Haras del Sur ubicado en el kil\u00f3metro 69 de la Ruta Nacional 2. Los ladrones sorprendieron a sus propietarios, ingresando a punta de pistola a\u2026","rel":"","context":"En \u00abREGIONALES\u00bb","block_context":{"text":"REGIONALES","link":"https:\/\/larevistadigital.com.ar\/blog\/category\/regionales\/"},"img":{"alt_text":"","src":"https:\/\/i0.wp.com\/larevistadigital.com.ar\/blog\/wp-content\/uploads\/haras-1.jpg?fit=1200%2C675&ssl=1&resize=350%2C200","width":350,"height":200,"srcset":"https:\/\/i0.wp.com\/larevistadigital.com.ar\/blog\/wp-content\/uploads\/haras-1.jpg?fit=1200%2C675&ssl=1&resize=350%2C200 1x, https:\/\/i0.wp.com\/larevistadigital.com.ar\/blog\/wp-content\/uploads\/haras-1.jpg?fit=1200%2C675&ssl=1&resize=525%2C300 1.5x, https:\/\/i0.wp.com\/larevistadigital.com.ar\/blog\/wp-content\/uploads\/haras-1.jpg?fit=1200%2C675&ssl=1&resize=700%2C400 2x, https:\/\/i0.wp.com\/larevistadigital.com.ar\/blog\/wp-content\/uploads\/haras-1.jpg?fit=1200%2C675&ssl=1&resize=1050%2C600 3x"},"classes":[]}],"_links":{"self":[{"href":"https:\/\/larevistadigital.com.ar\/blog\/wp-json\/wp\/v2\/posts\/11957","targetHints":{"allow":["GET"]}}],"collection":[{"href":"https:\/\/larevistadigital.com.ar\/blog\/wp-json\/wp\/v2\/posts"}],"about":[{"href":"https:\/\/larevistadigital.com.ar\/blog\/wp-json\/wp\/v2\/types\/post"}],"author":[{"embeddable":true,"href":"https:\/\/larevistadigital.com.ar\/blog\/wp-json\/wp\/v2\/users\/3"}],"replies":[{"embeddable":true,"href":"https:\/\/larevistadigital.com.ar\/blog\/wp-json\/wp\/v2\/comments?post=11957"}],"version-history":[{"count":1,"href":"https:\/\/larevistadigital.com.ar\/blog\/wp-json\/wp\/v2\/posts\/11957\/revisions"}],"predecessor-version":[{"id":11959,"href":"https:\/\/larevistadigital.com.ar\/blog\/wp-json\/wp\/v2\/posts\/11957\/revisions\/11959"}],"wp:featuredmedia":[{"embeddable":true,"href":"https:\/\/larevistadigital.com.ar\/blog\/wp-json\/wp\/v2\/media\/11958"}],"wp:attachment":[{"href":"https:\/\/larevistadigital.com.ar\/blog\/wp-json\/wp\/v2\/media?parent=11957"}],"wp:term":[{"taxonomy":"category","embeddable":true,"href":"https:\/\/larevistadigital.com.ar\/blog\/wp-json\/wp\/v2\/categories?post=11957"},{"taxonomy":"post_tag","embeddable":true,"href":"https:\/\/larevistadigital.com.ar\/blog\/wp-json\/wp\/v2\/tags?post=11957"}],"curies":[{"name":"wp","href":"https:\/\/api.w.org\/{rel}","templated":true}]}}