{"id":11960,"date":"2019-08-21T14:14:04","date_gmt":"2019-08-21T14:14:04","guid":{"rendered":"https:\/\/larevistadigital.com.ar\/blog\/?p=11960"},"modified":"2019-08-21T14:15:13","modified_gmt":"2019-08-21T14:15:13","slug":"lo-mataron-por-tratar-de-defender-a-la-madre-de-un-amigo-que-era-golpeada-por-su-ex","status":"publish","type":"post","link":"https:\/\/larevistadigital.com.ar\/blog\/lo-mataron-por-tratar-de-defender-a-la-madre-de-un-amigo-que-era-golpeada-por-su-ex\/","title":{"rendered":"LO MATARON POR TRATAR DE DEFENDER A LA MADRE DE UN AMIGO, QUE ERA GOLPEADA POR SU EX"},"content":{"rendered":"<p>Un joven de 19 a\u00f1os fue asesinado a pu\u00f1aladas en Villa Fiorito,\u00a0luego de defender a la mam\u00e1 de un amigo de la golpiza\u00a0que le estaba dando su expareja.<\/p>\n<blockquote>\n<h3>El episodio empez\u00f3 en una vivienda ubicada sobre las calles Rivera y Los Hornos, en dicha localidad del partido de Lomas de Zamora, donde la v\u00edctima -identificada como Juan Carlos Salinas Alem\u00e1n- se encontraba con la madre de un amigo que vive all\u00ed.<\/h3>\n<\/blockquote>\n<p>En un determinado momento lleg\u00f3 a la casa el ex marido de la mujer, quien tras discutir con ella comenz\u00f3 a golpearla. Ante esa situaci\u00f3n, Salinas Alem\u00e1n le pidi\u00f3 al hombre que dejara de pegarle a la madre de su amigo y termin\u00f3 \u00e9l agarr\u00e1ndose a pi\u00f1as con el agresor, a quien le propin\u00f3 una paliza.<\/p>\n<p>Tras la pelea, el hombre se retir\u00f3 de la vivienda y le avis\u00f3 a la v\u00edctima que le mandar\u00eda a sus hermanos, quienes llegaron poco despu\u00e9s a bordo de dos motos. Salinas Alem\u00e1n estaba en la vereda y\u00a0al ver a los cuatro hombres comenz\u00f3 a correr, pero lo alcanzaron. All\u00ed empezaron a golpearlo todos juntos y tambi\u00e9n lo apu\u00f1alaron, hasta que finalmente muri\u00f3.<\/p>\n<blockquote>\n<h3>La v\u00edctima fue trasladada igualmente a la Unidad de Pronta Atenci\u00f3n (UPA) de Villa Fiorito, donde se constat\u00f3 su muerte y\u00a0se comprobaron heridas de arma blanca\u00a0en el torso, cerca de la tetilla izquierda y en la espalda, a la altura del om\u00f3plato derecho.<br \/>\nEn la causa interviene la fiscal Silvina Est\u00e9vez, a cargo de la Unidad Funcional de Instrucci\u00f3n (UFI) 4 del Departamento Judicial de Lomas de Zamora, quien se present\u00f3 en la Comisar\u00eda 5ta. de Villa Fiorito y orden\u00f3 tres allanamientos.<\/h3>\n<\/blockquote>\n<p>En uno de los procedimientos realizados sobre el Pasaje R\u00edo (en Lan\u00fas)\u00a0fue detenido uno de los sospechosos, de apellido Acosta, nacionalidad paraguaya y 30 a\u00f1os, a quien adem\u00e1s se le secuestr\u00f3 una moto Gilera Smash y un pantal\u00f3n con manchas de sangre.<\/p>\n<p>En los otros dos operativos (efectuados tambi\u00e9n en Lan\u00fas) no fueron localizados los hermanos del detenido, pero los efectivos incautaron documentaci\u00f3n y una moto Legnano.<\/p>\n<p>fuente dln<\/p>\n","protected":false},"excerpt":{"rendered":"<div class=\"mh-excerpt\"><p>Un joven de 19 a\u00f1os fue asesinado a pu\u00f1aladas en Villa Fiorito,\u00a0luego de defender a la mam\u00e1 de un amigo de la golpiza\u00a0que le estaba dando su expareja. El episodio empez\u00f3 en una vivienda ubicada <a class=\"mh-excerpt-more\" href=\"https:\/\/larevistadigital.com.ar\/blog\/lo-mataron-por-tratar-de-defender-a-la-madre-de-un-amigo-que-era-golpeada-por-su-ex\/\" title=\"LO MATARON POR TRATAR DE DEFENDER A LA MADRE DE UN AMIGO, QUE ERA GOLPEADA POR SU EX\">[Leer M\u00e1s]<\/a><\/p>\n<\/div>","protected":false},"author":3,"featured_media":11961,"comment_status":"open","ping_status":"open","sticky":false,"template":"","format":"standard","meta":{"_jetpack_memberships_contains_paid_content":false,"footnotes":"","jetpack_publicize_message":"","jetpack_publicize_feature_enabled":true,"jetpack_social_post_already_shared":true,"jetpack_social_options":{"image_generator_settings":{"template":"highway","default_image_id":0,"font":"","enabled":false},"version":2}},"categories":[50,44],"tags":[],"class_list":{"0":"post-11960","1":"post","2":"type-post","3":"status-publish","4":"format-standard","5":"has-post-thumbnail","7":"category-interes-general","8":"category-policiales"},"jetpack_publicize_connections":[],"jetpack_featured_media_url":"https:\/\/i0.wp.com\/larevistadigital.com.ar\/blog\/wp-content\/uploads\/multimedia.normal.b9b337f6895dce2f.4c6f6d61735f6e6f726d616c2e676966.gif?fit=1024%2C578&ssl=1","jetpack_sharing_enabled":true,"jetpack_shortlink":"https:\/\/wp.me\/p8qtrQ-36U","jetpack-related-posts":[{"id":31440,"url":"https:\/\/larevistadigital.com.ar\/blog\/pilar-16-anos-de-prision-para-un-hombre-por-violar-a-su-sobrina\/","url_meta":{"origin":11960,"position":0},"title":"PILAR: 16 A\u00d1OS DE PRISI\u00d3N PARA UN HOMBRE POR VIOLAR A SU SOBRINA","author":"Alejandro Sosa Ruda","date":"8 mayo, 2023","format":false,"excerpt":"El Tribunal Oral en lo Criminal N\u00b01 de San Isidro conden\u00f3 a 16 a\u00f1os de prisi\u00f3n a un hombre que abus\u00f3 sexualmente de su sobrina menor de edad. 8 de Mayo de 2023 PILAR -\u00a0 Se trata de F\u00e9lix Cuenca Machuca quien fue encontrado penalmente responsable del delito de \u201cabuso\u2026","rel":"","context":"En \u00abINTERES GENERAL\u00bb","block_context":{"text":"INTERES GENERAL","link":"https:\/\/larevistadigital.com.ar\/blog\/category\/interes-general\/"},"img":{"alt_text":"","src":"https:\/\/i0.wp.com\/larevistadigital.com.ar\/blog\/wp-content\/uploads\/20230507122950_tribunales-san-isidro.jpg?fit=880%2C512&ssl=1&resize=350%2C200","width":350,"height":200,"srcset":"https:\/\/i0.wp.com\/larevistadigital.com.ar\/blog\/wp-content\/uploads\/20230507122950_tribunales-san-isidro.jpg?fit=880%2C512&ssl=1&resize=350%2C200 1x, https:\/\/i0.wp.com\/larevistadigital.com.ar\/blog\/wp-content\/uploads\/20230507122950_tribunales-san-isidro.jpg?fit=880%2C512&ssl=1&resize=525%2C300 1.5x, https:\/\/i0.wp.com\/larevistadigital.com.ar\/blog\/wp-content\/uploads\/20230507122950_tribunales-san-isidro.jpg?fit=880%2C512&ssl=1&resize=700%2C400 2x"},"classes":[]},{"id":42035,"url":"https:\/\/larevistadigital.com.ar\/blog\/impactante-denuncia-por-abuso-sexual-en-santa-teresita-un-joven-fue-detenido-tras-la-declaracion-de-la-victima\/","url_meta":{"origin":11960,"position":1},"title":"Impactante denuncia por abuso sexual en Santa Teresita: un joven fue detenido tras la declaraci\u00f3n de la v\u00edctima","author":"Alejandro Sosa Ruda","date":"16 octubre, 2025","format":false,"excerpt":"Una mujer de 22 a\u00f1os denunci\u00f3 haber sido violada por un amigo en una vivienda del Partido de La Costa. La Justicia allan\u00f3 el domicilio del acusado y avanza en la investigaci\u00f3n. 16 de Octubre de 2025 SANTA TERESITA -\u00a0 Un grave episodio de abuso sexual conmociona a la comunidad\u2026","rel":"","context":"En \u00abPOLICIALES\u00bb","block_context":{"text":"POLICIALES","link":"https:\/\/larevistadigital.com.ar\/blog\/category\/policiales\/"},"img":{"alt_text":"","src":"https:\/\/i0.wp.com\/larevistadigital.com.ar\/blog\/wp-content\/uploads\/fef425bbd71f76ca7b808336ff7ec2cf8418ce6e.jpg?fit=1140%2C690&ssl=1&resize=350%2C200","width":350,"height":200,"srcset":"https:\/\/i0.wp.com\/larevistadigital.com.ar\/blog\/wp-content\/uploads\/fef425bbd71f76ca7b808336ff7ec2cf8418ce6e.jpg?fit=1140%2C690&ssl=1&resize=350%2C200 1x, https:\/\/i0.wp.com\/larevistadigital.com.ar\/blog\/wp-content\/uploads\/fef425bbd71f76ca7b808336ff7ec2cf8418ce6e.jpg?fit=1140%2C690&ssl=1&resize=525%2C300 1.5x, https:\/\/i0.wp.com\/larevistadigital.com.ar\/blog\/wp-content\/uploads\/fef425bbd71f76ca7b808336ff7ec2cf8418ce6e.jpg?fit=1140%2C690&ssl=1&resize=700%2C400 2x, https:\/\/i0.wp.com\/larevistadigital.com.ar\/blog\/wp-content\/uploads\/fef425bbd71f76ca7b808336ff7ec2cf8418ce6e.jpg?fit=1140%2C690&ssl=1&resize=1050%2C600 3x"},"classes":[]},{"id":35091,"url":"https:\/\/larevistadigital.com.ar\/blog\/encontraron-a-la-chica-desaparecida-luego-de-una-cita-por-tik-tok\/","url_meta":{"origin":11960,"position":2},"title":"ENCONTRARON A LA CHICA DESAPARECIDA LUEGO DE UNA CITA POR TIK TOK","author":"Alejandro Sosa Ruda","date":"23 enero, 2024","format":false,"excerpt":"Una mujer de 30 a\u00f1os con retraso madurativo fue encontrada luego de una intensa b\u00fasqueda iniciada d\u00edas atr\u00e1s, cuando se le perdi\u00f3 el rastro despu\u00e9s de haber acordado una cita con un hombre que conoci\u00f3 en Tik Tok. La mujer hab\u00eda pactado un encuentro con una persona, y se retir\u00f3\u2026","rel":"","context":"En \u00abSin categor\u00eda\u00bb","block_context":{"text":"Sin categor\u00eda","link":"https:\/\/larevistadigital.com.ar\/blog\/category\/sin-categoria\/"},"img":{"alt_text":"","src":"https:\/\/i0.wp.com\/larevistadigital.com.ar\/blog\/wp-content\/uploads\/20240120102449_emilce-gonzalez.jpg?fit=880%2C512&ssl=1&resize=350%2C200","width":350,"height":200,"srcset":"https:\/\/i0.wp.com\/larevistadigital.com.ar\/blog\/wp-content\/uploads\/20240120102449_emilce-gonzalez.jpg?fit=880%2C512&ssl=1&resize=350%2C200 1x, https:\/\/i0.wp.com\/larevistadigital.com.ar\/blog\/wp-content\/uploads\/20240120102449_emilce-gonzalez.jpg?fit=880%2C512&ssl=1&resize=525%2C300 1.5x, https:\/\/i0.wp.com\/larevistadigital.com.ar\/blog\/wp-content\/uploads\/20240120102449_emilce-gonzalez.jpg?fit=880%2C512&ssl=1&resize=700%2C400 2x"},"classes":[]},{"id":33242,"url":"https:\/\/larevistadigital.com.ar\/blog\/detienen-a-una-mujer-que-obligaba-a-su-hija-menor-a-prostituirse\/","url_meta":{"origin":11960,"position":3},"title":"DETIENEN A UNA MUJER QUE OBLIGABA A SU HIJA MENOR A PROSTITUIRSE","author":"Alejandro Sosa Ruda","date":"3 septiembre, 2023","format":false,"excerpt":"La v\u00edctima tiene 16 a\u00f1os. Fue encerrada en una vivienda\u00a0 y era obligada a mantener relaciones sexuales con un hombre a cambio de dinero. La madre de la menor y la due\u00f1a de la vivienda, quedaron detenidas. Buscan al abusador que ya est\u00e1 identificado. 3 de septiembre de 2023 PILAR\u2026","rel":"","context":"En \u00abINTERES GENERAL\u00bb","block_context":{"text":"INTERES GENERAL","link":"https:\/\/larevistadigital.com.ar\/blog\/category\/interes-general\/"},"img":{"alt_text":"","src":"https:\/\/i0.wp.com\/larevistadigital.com.ar\/blog\/wp-content\/uploads\/20230903103606_menor-madre-prostituirse.jpg?fit=880%2C512&ssl=1&resize=350%2C200","width":350,"height":200,"srcset":"https:\/\/i0.wp.com\/larevistadigital.com.ar\/blog\/wp-content\/uploads\/20230903103606_menor-madre-prostituirse.jpg?fit=880%2C512&ssl=1&resize=350%2C200 1x, https:\/\/i0.wp.com\/larevistadigital.com.ar\/blog\/wp-content\/uploads\/20230903103606_menor-madre-prostituirse.jpg?fit=880%2C512&ssl=1&resize=525%2C300 1.5x, https:\/\/i0.wp.com\/larevistadigital.com.ar\/blog\/wp-content\/uploads\/20230903103606_menor-madre-prostituirse.jpg?fit=880%2C512&ssl=1&resize=700%2C400 2x"},"classes":[]},{"id":17257,"url":"https:\/\/larevistadigital.com.ar\/blog\/detuvieron-a-un-sacerdote-que-habria-abusado-sexualmente-de-nina-de-10-anos\/","url_meta":{"origin":11960,"position":4},"title":"DETUVIERON A UN SACERDOTE QUE HABR\u00cdA ABUSADO SEXUALMENTE DE NI\u00d1A DE 10 A\u00d1OS","author":"Alejandro Sosa Ruda","date":"27 octubre, 2020","format":false,"excerpt":"Se trata del p\u00e1rroco Ricardo Oscar Quiroga, alias \"Padre Coco\", quien fue detenido e imputado por el delito de abuso sexual con acceso carnal doblemente calificado. Investigan a dos posibles c\u00f3mplices. Un sacerdote que reside en la localidad de El Carmen, en la provincia de Jujuy,\u00a0fue detenido este lunes tras\u2026","rel":"","context":"En \u00abINTERES GENERAL\u00bb","block_context":{"text":"INTERES GENERAL","link":"https:\/\/larevistadigital.com.ar\/blog\/category\/interes-general\/"},"img":{"alt_text":"","src":"https:\/\/i0.wp.com\/larevistadigital.com.ar\/blog\/wp-content\/uploads\/0007079771.jpg?fit=1063%2C603&ssl=1&resize=350%2C200","width":350,"height":200,"srcset":"https:\/\/i0.wp.com\/larevistadigital.com.ar\/blog\/wp-content\/uploads\/0007079771.jpg?fit=1063%2C603&ssl=1&resize=350%2C200 1x, https:\/\/i0.wp.com\/larevistadigital.com.ar\/blog\/wp-content\/uploads\/0007079771.jpg?fit=1063%2C603&ssl=1&resize=525%2C300 1.5x, https:\/\/i0.wp.com\/larevistadigital.com.ar\/blog\/wp-content\/uploads\/0007079771.jpg?fit=1063%2C603&ssl=1&resize=700%2C400 2x, https:\/\/i0.wp.com\/larevistadigital.com.ar\/blog\/wp-content\/uploads\/0007079771.jpg?fit=1063%2C603&ssl=1&resize=1050%2C600 3x"},"classes":[]},{"id":23491,"url":"https:\/\/larevistadigital.com.ar\/blog\/la-plata-sangrienta-entradera-roban-a-un-joven-4000-dolares\/","url_meta":{"origin":11960,"position":5},"title":"LA PLATA: SANGRIENTA ENTRADERA. ROBAN A UN JOVEN 4000.- DOLARES","author":"Alejandro Sosa Ruda","date":"20 enero, 2022","format":false,"excerpt":"Un joven de 22 a\u00f1os fue v\u00edctima de un brutal asalto cuando\u00a0sal\u00eda de su casa para llevar a un amigo y dos ladrones lo sorprendieron y lo golpearon con violencia. LA PLATA -\u00a0 Otro violento asalto perturb\u00f3 la tranquilidad de La Loma, donde un joven de 22 a\u00f1os fue sorprendido\u2026","rel":"","context":"En \u00abPOLICIALES\u00bb","block_context":{"text":"POLICIALES","link":"https:\/\/larevistadigital.com.ar\/blog\/category\/policiales\/"},"img":{"alt_text":"","src":"https:\/\/i0.wp.com\/larevistadigital.com.ar\/blog\/wp-content\/uploads\/1584137435036.jpg?fit=1200%2C797&ssl=1&resize=350%2C200","width":350,"height":200,"srcset":"https:\/\/i0.wp.com\/larevistadigital.com.ar\/blog\/wp-content\/uploads\/1584137435036.jpg?fit=1200%2C797&ssl=1&resize=350%2C200 1x, https:\/\/i0.wp.com\/larevistadigital.com.ar\/blog\/wp-content\/uploads\/1584137435036.jpg?fit=1200%2C797&ssl=1&resize=525%2C300 1.5x, https:\/\/i0.wp.com\/larevistadigital.com.ar\/blog\/wp-content\/uploads\/1584137435036.jpg?fit=1200%2C797&ssl=1&resize=700%2C400 2x, https:\/\/i0.wp.com\/larevistadigital.com.ar\/blog\/wp-content\/uploads\/1584137435036.jpg?fit=1200%2C797&ssl=1&resize=1050%2C600 3x"},"classes":[]}],"_links":{"self":[{"href":"https:\/\/larevistadigital.com.ar\/blog\/wp-json\/wp\/v2\/posts\/11960","targetHints":{"allow":["GET"]}}],"collection":[{"href":"https:\/\/larevistadigital.com.ar\/blog\/wp-json\/wp\/v2\/posts"}],"about":[{"href":"https:\/\/larevistadigital.com.ar\/blog\/wp-json\/wp\/v2\/types\/post"}],"author":[{"embeddable":true,"href":"https:\/\/larevistadigital.com.ar\/blog\/wp-json\/wp\/v2\/users\/3"}],"replies":[{"embeddable":true,"href":"https:\/\/larevistadigital.com.ar\/blog\/wp-json\/wp\/v2\/comments?post=11960"}],"version-history":[{"count":2,"href":"https:\/\/larevistadigital.com.ar\/blog\/wp-json\/wp\/v2\/posts\/11960\/revisions"}],"predecessor-version":[{"id":11963,"href":"https:\/\/larevistadigital.com.ar\/blog\/wp-json\/wp\/v2\/posts\/11960\/revisions\/11963"}],"wp:featuredmedia":[{"embeddable":true,"href":"https:\/\/larevistadigital.com.ar\/blog\/wp-json\/wp\/v2\/media\/11961"}],"wp:attachment":[{"href":"https:\/\/larevistadigital.com.ar\/blog\/wp-json\/wp\/v2\/media?parent=11960"}],"wp:term":[{"taxonomy":"category","embeddable":true,"href":"https:\/\/larevistadigital.com.ar\/blog\/wp-json\/wp\/v2\/categories?post=11960"},{"taxonomy":"post_tag","embeddable":true,"href":"https:\/\/larevistadigital.com.ar\/blog\/wp-json\/wp\/v2\/tags?post=11960"}],"curies":[{"name":"wp","href":"https:\/\/api.w.org\/{rel}","templated":true}]}}