{"id":11964,"date":"2019-08-21T15:50:06","date_gmt":"2019-08-21T15:50:06","guid":{"rendered":"https:\/\/larevistadigital.com.ar\/blog\/?p=11964"},"modified":"2019-08-21T15:50:06","modified_gmt":"2019-08-21T15:50:06","slug":"horroroso-mato-a-su-novia-y-la-enterro-en-el-patio","status":"publish","type":"post","link":"https:\/\/larevistadigital.com.ar\/blog\/horroroso-mato-a-su-novia-y-la-enterro-en-el-patio\/","title":{"rendered":"HORROROSO: MAT\u00d3 A SU NOVIA Y LA ENTERR\u00d3 EN EL PATIO"},"content":{"rendered":"<h2>Mar\u00eda Magdalena Moreira ten\u00eda 16 a\u00f1os. El femicida se sacaba fotos golpe\u00e1ndola.<\/h2>\n<p>CHACO &#8211; Un femicidio m\u00e1s, y van&#8230; El cuerpo de la adolescente chaque\u00f1a de 16 a\u00f1os\u00a0<strong>Mar\u00eda Magdalena Moreira<\/strong>, que estaba desaparecida desde el 12 de agosto, fue hallado enterrado en el patio de la casa de\u00a0su\u00a0novio,\u00a0<strong>Facundo David Narciso<\/strong>, de 20 a\u00f1os. Narciso\u00a0estaba pr\u00f3fugo en el paraje rural Laguna El Muerto, a 50 kil\u00f3metros de su casa. Apenas lo detuvo la polic\u00eda, confes\u00f3 que era el autor del crimen.\u00a0Como suele ocurrir, el asesino ten\u00eda antecedentes de crueldad y de violencia para con su novia y le hab\u00eda dicho que la matar\u00eda.<\/p>\n<p>&nbsp;<\/p>\n<figure id=\"attachment_11968\" aria-describedby=\"caption-attachment-11968\" style=\"width: 600px\" class=\"wp-caption aligncenter\"><img data-recalc-dims=\"1\" loading=\"lazy\" decoding=\"async\" class=\"size-full wp-image-11968\" src=\"https:\/\/i0.wp.com\/larevistadigital.com.ar\/blog\/wp-content\/uploads\/214043w440.jpg?resize=600%2C593&#038;ssl=1\" alt=\"\" width=\"600\" height=\"593\" srcset=\"https:\/\/i0.wp.com\/larevistadigital.com.ar\/blog\/wp-content\/uploads\/214043w440.jpg?w=600&amp;ssl=1 600w, https:\/\/i0.wp.com\/larevistadigital.com.ar\/blog\/wp-content\/uploads\/214043w440.jpg?resize=300%2C297&amp;ssl=1 300w\" sizes=\"auto, (max-width: 600px) 100vw, 600px\" \/><figcaption id=\"caption-attachment-11968\" class=\"wp-caption-text\"><strong>EL FAT\u00cdDICO ASESINO<\/strong><\/figcaption><\/figure>\n<p>Ahora, la polic\u00eda busca evidencias para esclarecer el caso, mientras se esperan los resultados de la autopsia. Despu\u00e9s de un examen m\u00e9dico, <strong>Narciso<\/strong> fue trasladado a la comisar\u00eda de Castelli. El detenido ten\u00eda antecedentes de violencia contra<strong> Mar\u00eda Magdalena<\/strong>.\u00a0Seg\u00fan denunci\u00f3 el Consejo de recuperaci\u00f3n Territorial, de defensa de la poblaci\u00f3n Wich\u00ed, a la joven le hab\u00eda arrancado dos dientes mese atr\u00e1s y hasta se hab\u00eda sacado horrorosas selfies mientras la golpeaba.<\/p>\n<p><strong>EL COMUNICADO DEL CONSEJO ABORIGEN DE RECUPERACION TERRITORIAL<\/strong><\/p>\n<p><strong><em>\u201cEn lo que va de esta lucha, el costo de recuperar lo que de por s\u00ed es nuestro nos ha causado p\u00e9rdidas. Aqu\u00ed otro dolor nos revuelve el alma, las tripas y la coraz\u00f3n. No \u00e9l sino la coraz\u00f3n. Cinco meses atr\u00e1s a la Mar\u00eda le arrancaron dos dientes y le pegaron. Su pareja, un criollo le dijo vos andas con los usurpadores, yo un d\u00eda de estos te voy matar.<\/em><\/strong><\/p>\n<p><strong><em>As\u00ed sucedi\u00f3, \u00bfy qu\u00e9 ocurrir\u00e1 ahora?. Lo de siempre, un cuerpo al que apenas podremos despedir. Una justicia que algo har\u00e1 y mucho dejar\u00e1 por hacer. Y una sociedad que con suerte apenas, dibujar\u00e1 una carita de dolor y llanto en su pantalla.<\/em><\/strong><\/p>\n<p><strong><em>\u00bfSe paralizan las calles? Nop \u00bfSer\u00e1 noticia de primera plana? Nop \u00bfSe la llorar\u00e1, se la pensar\u00e1, se la sentira dolor? Nop. No porque es aborigen y wichi.\u00a0Porque cuando oscura es tu piel, oscuro parece ser\u00e1 tu muerte, tu dolor, tu historia. Pues aqu\u00ed estamos, una vez m\u00e1s en presencia de oscuro dolor\u201d<\/em><\/strong><\/p>\n","protected":false},"excerpt":{"rendered":"<div class=\"mh-excerpt\"><p>Mar\u00eda Magdalena Moreira ten\u00eda 16 a\u00f1os. El femicida se sacaba fotos golpe\u00e1ndola. CHACO &#8211; Un femicidio m\u00e1s, y van&#8230; El cuerpo de la adolescente chaque\u00f1a de 16 a\u00f1os\u00a0Mar\u00eda Magdalena Moreira, que estaba desaparecida desde el <a class=\"mh-excerpt-more\" href=\"https:\/\/larevistadigital.com.ar\/blog\/horroroso-mato-a-su-novia-y-la-enterro-en-el-patio\/\" title=\"HORROROSO: MAT\u00d3 A SU NOVIA Y LA ENTERR\u00d3 EN EL PATIO\">[Leer M\u00e1s]<\/a><\/p>\n<\/div>","protected":false},"author":3,"featured_media":11966,"comment_status":"open","ping_status":"open","sticky":false,"template":"","format":"standard","meta":{"_jetpack_memberships_contains_paid_content":false,"footnotes":"","jetpack_publicize_message":"","jetpack_publicize_feature_enabled":true,"jetpack_social_post_already_shared":true,"jetpack_social_options":{"image_generator_settings":{"template":"highway","default_image_id":0,"font":"","enabled":false},"version":2}},"categories":[50,44],"tags":[],"class_list":{"0":"post-11964","1":"post","2":"type-post","3":"status-publish","4":"format-standard","5":"has-post-thumbnail","7":"category-interes-general","8":"category-policiales"},"jetpack_publicize_connections":[],"jetpack_featured_media_url":"https:\/\/i0.wp.com\/larevistadigital.com.ar\/blog\/wp-content\/uploads\/214042w250.jpg?fit=600%2C562&ssl=1","jetpack_sharing_enabled":true,"jetpack_shortlink":"https:\/\/wp.me\/p8qtrQ-36Y","jetpack-related-posts":[{"id":15318,"url":"https:\/\/larevistadigital.com.ar\/blog\/drama-perito-policial-mato-a-su-novia-a-su-hermana-y-luego-se-quito-la-vida\/","url_meta":{"origin":11964,"position":0},"title":"DRAMA: PERITO POLICIAL MAT\u00d3 A SU NOVIA, A SU HERMANA Y LUEGO SE QUIT\u00d3 LA VIDA","author":"Alejandro Sosa Ruda","date":"25 mayo, 2020","format":false,"excerpt":"El autor del doble crimen se desempe\u00f1aba en la Cient\u00edfica de Trenque Lauquen. Ten\u00eda 29 a\u00f1os. Asesin\u00f3 a balazos a una joven de 19 y a su propio hermano, de 30. Todo ocurri\u00f3 tras compartir un asado. La mujer alcanz\u00f3 a llamar al 911 PEHUAJ\u00d3 - Un perito de Polic\u00eda\u2026","rel":"","context":"En \u00abPOLICIALES\u00bb","block_context":{"text":"POLICIALES","link":"https:\/\/larevistadigital.com.ar\/blog\/category\/policiales\/"},"img":{"alt_text":"","src":"https:\/\/i0.wp.com\/larevistadigital.com.ar\/blog\/wp-content\/uploads\/20200525122017_aaa.jpg?fit=887%2C554&ssl=1&resize=350%2C200","width":350,"height":200,"srcset":"https:\/\/i0.wp.com\/larevistadigital.com.ar\/blog\/wp-content\/uploads\/20200525122017_aaa.jpg?fit=887%2C554&ssl=1&resize=350%2C200 1x, https:\/\/i0.wp.com\/larevistadigital.com.ar\/blog\/wp-content\/uploads\/20200525122017_aaa.jpg?fit=887%2C554&ssl=1&resize=525%2C300 1.5x, https:\/\/i0.wp.com\/larevistadigital.com.ar\/blog\/wp-content\/uploads\/20200525122017_aaa.jpg?fit=887%2C554&ssl=1&resize=700%2C400 2x"},"classes":[]},{"id":19160,"url":"https:\/\/larevistadigital.com.ar\/blog\/madariaga-un-policia-asesino-a-una-mujer-de-41-anos-y-se-suicido\/","url_meta":{"origin":11964,"position":1},"title":"MADARIAGA: UN POLIC\u00cdA ASESIN\u00d3 A UNA MUJER DE 41 A\u00d1OS Y SE SUICID\u00d3","author":"Alejandro Sosa Ruda","date":"4 marzo, 2021","format":false,"excerpt":"Ocurri\u00f3 en durante la madrugada de este mi\u00e9rcoles. La v\u00edctima fue identificada como Graciela Noem\u00ed Funes. Su cuerpo fue hallado con un disparo en la cabeza junto al del presunto autor del femicidio, Franco Mauricio Torres. Una mujer de 41 a\u00f1os fue asesinada este mi\u00e9rcoles a la madrugada por un\u2026","rel":"","context":"En \u00abPOLICIALES\u00bb","block_context":{"text":"POLICIALES","link":"https:\/\/larevistadigital.com.ar\/blog\/category\/policiales\/"},"img":{"alt_text":"","src":"https:\/\/i0.wp.com\/larevistadigital.com.ar\/blog\/wp-content\/uploads\/Captura-21.png?fit=1003%2C560&ssl=1&resize=350%2C200","width":350,"height":200,"srcset":"https:\/\/i0.wp.com\/larevistadigital.com.ar\/blog\/wp-content\/uploads\/Captura-21.png?fit=1003%2C560&ssl=1&resize=350%2C200 1x, https:\/\/i0.wp.com\/larevistadigital.com.ar\/blog\/wp-content\/uploads\/Captura-21.png?fit=1003%2C560&ssl=1&resize=525%2C300 1.5x, https:\/\/i0.wp.com\/larevistadigital.com.ar\/blog\/wp-content\/uploads\/Captura-21.png?fit=1003%2C560&ssl=1&resize=700%2C400 2x"},"classes":[]},{"id":13449,"url":"https:\/\/larevistadigital.com.ar\/blog\/lo-cito-por-tinder-lo-asesino-y-escondio-el-cuerpo-en-una-pileta-confeso-y-quedo-preso\/","url_meta":{"origin":11964,"position":2},"title":"LO CIT\u00d3 POR TINDER, LO ASESIN\u00d3 Y ESCONDI\u00d3 EL CUERPO EN UNA PILETA: CONFES\u00d3 Y QUED\u00d3 PRESO","author":"Alejandro Sosa Ruda","date":"3 diciembre, 2019","format":false,"excerpt":"El crimen ocurri\u00f3 la semana pasada. El hombre asesinado ten\u00eda 35 a\u00f1os y recibi\u00f3 un disparo de una pistola calibre 9 mm. Un hombre de 35 a\u00f1os asesin\u00f3 a balazos a otro y trat\u00f3 de esconder el cad\u00e1ver con una manta en el interior de una pileta en Villa Adelina,\u2026","rel":"","context":"En \u00abINTERES GENERAL\u00bb","block_context":{"text":"INTERES GENERAL","link":"https:\/\/larevistadigital.com.ar\/blog\/category\/interes-general\/"},"img":{"alt_text":"","src":"https:\/\/i0.wp.com\/larevistadigital.com.ar\/blog\/wp-content\/uploads\/72257.jpg?fit=880%2C586&ssl=1&resize=350%2C200","width":350,"height":200,"srcset":"https:\/\/i0.wp.com\/larevistadigital.com.ar\/blog\/wp-content\/uploads\/72257.jpg?fit=880%2C586&ssl=1&resize=350%2C200 1x, https:\/\/i0.wp.com\/larevistadigital.com.ar\/blog\/wp-content\/uploads\/72257.jpg?fit=880%2C586&ssl=1&resize=525%2C300 1.5x, https:\/\/i0.wp.com\/larevistadigital.com.ar\/blog\/wp-content\/uploads\/72257.jpg?fit=880%2C586&ssl=1&resize=700%2C400 2x"},"classes":[]},{"id":38927,"url":"https:\/\/larevistadigital.com.ar\/blog\/tragedia-en-el-talar-joven-de-20-anos-asesino-a-su-novia-en-un-hotel-alojamiento\/","url_meta":{"origin":11964,"position":3},"title":"Tragedia en El Talar: Joven de 20 a\u00f1os asesin\u00f3 a su novia en un hotel alojamiento","author":"Alejandro Sosa Ruda","date":"4 marzo, 2025","format":false,"excerpt":"El crimen ocurri\u00f3 en un hotel ubicado en El Talar de Pacheco. Detalles del estremecedor asesinato. 04 de Marzo de 2025 EL TALAR\u00a0 -\u00a0 Un estremecedor femicidio sacude a la localidad de El Talar de Pacheco. Un joven de 20 a\u00f1os dispar\u00f3 a su pareja a corta distancia en la\u2026","rel":"","context":"En \u00abINTERES GENERAL\u00bb","block_context":{"text":"INTERES GENERAL","link":"https:\/\/larevistadigital.com.ar\/blog\/category\/interes-general\/"},"img":{"alt_text":"","src":"https:\/\/i0.wp.com\/larevistadigital.com.ar\/blog\/wp-content\/uploads\/images-10.jpg?fit=800%2C800&ssl=1&resize=350%2C200","width":350,"height":200,"srcset":"https:\/\/i0.wp.com\/larevistadigital.com.ar\/blog\/wp-content\/uploads\/images-10.jpg?fit=800%2C800&ssl=1&resize=350%2C200 1x, https:\/\/i0.wp.com\/larevistadigital.com.ar\/blog\/wp-content\/uploads\/images-10.jpg?fit=800%2C800&ssl=1&resize=525%2C300 1.5x, https:\/\/i0.wp.com\/larevistadigital.com.ar\/blog\/wp-content\/uploads\/images-10.jpg?fit=800%2C800&ssl=1&resize=700%2C400 2x"},"classes":[]},{"id":34459,"url":"https:\/\/larevistadigital.com.ar\/blog\/femicidio-en-daireaux-asesino-a-punaladas-a-la-madre-de-sus-hijos-y-se-entrego\/","url_meta":{"origin":11964,"position":4},"title":"FEMICIDIO EN DAIREAUX: ASESIN\u00d3 A PU\u00d1ALADAS A LA MADRE DE SUS HIJOS Y SE ENTREG\u00d3","author":"Alejandro Sosa Ruda","date":"8 noviembre, 2023","format":false,"excerpt":"El hecho fue descubierto cuando un hombre identificado como Juan Adriel (40) se present\u00f3 en la guardia de la Estaci\u00f3n Comunal de Polic\u00eda de Daireaux y confes\u00f3 que hab\u00eda asesinado a su expareja, con quien ten\u00eda cuatro hijos en com\u00fan de entre 1 y 9 a\u00f1os. 8 de Noviembre de\u2026","rel":"","context":"En \u00abPOLICIALES\u00bb","block_context":{"text":"POLICIALES","link":"https:\/\/larevistadigital.com.ar\/blog\/category\/policiales\/"},"img":{"alt_text":"","src":"https:\/\/i0.wp.com\/larevistadigital.com.ar\/blog\/wp-content\/uploads\/20231108144811_dero.jpg?fit=880%2C512&ssl=1&resize=350%2C200","width":350,"height":200,"srcset":"https:\/\/i0.wp.com\/larevistadigital.com.ar\/blog\/wp-content\/uploads\/20231108144811_dero.jpg?fit=880%2C512&ssl=1&resize=350%2C200 1x, https:\/\/i0.wp.com\/larevistadigital.com.ar\/blog\/wp-content\/uploads\/20231108144811_dero.jpg?fit=880%2C512&ssl=1&resize=525%2C300 1.5x, https:\/\/i0.wp.com\/larevistadigital.com.ar\/blog\/wp-content\/uploads\/20231108144811_dero.jpg?fit=880%2C512&ssl=1&resize=700%2C400 2x"},"classes":[]},{"id":8842,"url":"https:\/\/larevistadigital.com.ar\/blog\/terrible-pitbull-mato-a-nena-de-2-anos\/","url_meta":{"origin":11964,"position":5},"title":"TERRIBLE:  PITBULL MAT\u00d3 A NENA DE 2 A\u00d1OS","author":"Alejandro Sosa Ruda","date":"3 marzo, 2019","format":false,"excerpt":"Una verdadera tragedia conmocion\u00f3 a los vecinos de todo el barrio. El animal, que ten\u00eda antecedentes de violencia, estaba encadenado en el fondo de la casa y logr\u00f3 atacar a la peque\u00f1a cuando estaba jugando en el patio. Una desgarradora tragedia conmociona a los vecinos de Florencio Varela, donde un\u2026","rel":"","context":"En \u00abPOLICIALES\u00bb","block_context":{"text":"POLICIALES","link":"https:\/\/larevistadigital.com.ar\/blog\/category\/policiales\/"},"img":{"alt_text":"","src":"https:\/\/i0.wp.com\/larevistadigital.com.ar\/blog\/wp-content\/uploads\/2019\/03\/pitbull-terrier.jpg?fit=800%2C445&ssl=1&resize=350%2C200","width":350,"height":200,"srcset":"https:\/\/i0.wp.com\/larevistadigital.com.ar\/blog\/wp-content\/uploads\/2019\/03\/pitbull-terrier.jpg?fit=800%2C445&ssl=1&resize=350%2C200 1x, https:\/\/i0.wp.com\/larevistadigital.com.ar\/blog\/wp-content\/uploads\/2019\/03\/pitbull-terrier.jpg?fit=800%2C445&ssl=1&resize=525%2C300 1.5x, https:\/\/i0.wp.com\/larevistadigital.com.ar\/blog\/wp-content\/uploads\/2019\/03\/pitbull-terrier.jpg?fit=800%2C445&ssl=1&resize=700%2C400 2x"},"classes":[]}],"_links":{"self":[{"href":"https:\/\/larevistadigital.com.ar\/blog\/wp-json\/wp\/v2\/posts\/11964","targetHints":{"allow":["GET"]}}],"collection":[{"href":"https:\/\/larevistadigital.com.ar\/blog\/wp-json\/wp\/v2\/posts"}],"about":[{"href":"https:\/\/larevistadigital.com.ar\/blog\/wp-json\/wp\/v2\/types\/post"}],"author":[{"embeddable":true,"href":"https:\/\/larevistadigital.com.ar\/blog\/wp-json\/wp\/v2\/users\/3"}],"replies":[{"embeddable":true,"href":"https:\/\/larevistadigital.com.ar\/blog\/wp-json\/wp\/v2\/comments?post=11964"}],"version-history":[{"count":1,"href":"https:\/\/larevistadigital.com.ar\/blog\/wp-json\/wp\/v2\/posts\/11964\/revisions"}],"predecessor-version":[{"id":11969,"href":"https:\/\/larevistadigital.com.ar\/blog\/wp-json\/wp\/v2\/posts\/11964\/revisions\/11969"}],"wp:featuredmedia":[{"embeddable":true,"href":"https:\/\/larevistadigital.com.ar\/blog\/wp-json\/wp\/v2\/media\/11966"}],"wp:attachment":[{"href":"https:\/\/larevistadigital.com.ar\/blog\/wp-json\/wp\/v2\/media?parent=11964"}],"wp:term":[{"taxonomy":"category","embeddable":true,"href":"https:\/\/larevistadigital.com.ar\/blog\/wp-json\/wp\/v2\/categories?post=11964"},{"taxonomy":"post_tag","embeddable":true,"href":"https:\/\/larevistadigital.com.ar\/blog\/wp-json\/wp\/v2\/tags?post=11964"}],"curies":[{"name":"wp","href":"https:\/\/api.w.org\/{rel}","templated":true}]}}