{"id":11983,"date":"2019-09-13T15:35:13","date_gmt":"2019-09-13T15:35:13","guid":{"rendered":"https:\/\/larevistadigital.com.ar\/blog\/?p=11983"},"modified":"2019-09-13T15:47:00","modified_gmt":"2019-09-13T15:47:00","slug":"fotos-que-demostrarian-que-un-submarino-derribo-ovnis","status":"publish","type":"post","link":"https:\/\/larevistadigital.com.ar\/blog\/fotos-que-demostrarian-que-un-submarino-derribo-ovnis\/","title":{"rendered":"FOTOS QUE DEMOSTRAR\u00cdAN QUE UN SUBMARINO DERRIB\u00d3 OVNIS"},"content":{"rendered":"<h2><em>Una serie de impresionantes fotograf\u00edas tomadas desde un submarino y tomadas en 1971 sorprendieron al mundo entero y cuestionaron la posibilidad de que Objeto Sumergibles No Identificados realmente tuvieron un encuentro con tecnolog\u00eda nuestra en el pasado.<\/em><\/h2>\n<p>Las im\u00e1genes fueron tomadas desde el USS Trepang (SSN-674), un submarino de ataque de clase Sturgeon, de la Armada de EE.UU. Este caso fue difundido por el investigador John Greenewald en su sitio web \u00abThe Black Vault\u00bb, quien a su vez recibi\u00f3 las incre\u00edbles im\u00e1genes del investigador Alex Mistretta.<\/p>\n<p>En este art\u00edculo mostraremos im\u00e1genes en alta resoluci\u00f3n de un \u00abencuentro cercano\u00bb entre las Fuerza de la Marina de EE.UU. y objetos voladores no identificados, en las cercan\u00edas del Oc\u00e9ano \u00c1rtico en 1971. Las fotograf\u00edas fueron obtenidas mediante escaneos completos de la revista \u00abTop Secret\u00bb, gracias al usuario de Reddit SquizCat.<\/p>\n<h3>Las fotograf\u00edas<\/h3>\n<p>Sin duda, esta es una de las mejores im\u00e1genes obtenidas, y muestra una especie de artefacto triangular de gran tama\u00f1o flotando sobre el oc\u00e9ano. \u00bfAcaso se trata de un OSNI (Objeto Sumergible No Identificado) que sali\u00f3 del agua y se dispone a volar? Se debe tener en cuenta que la revista no brinda mayor informaci\u00f3n al respecto.<\/p>\n<p><img data-recalc-dims=\"1\" loading=\"lazy\" decoding=\"async\" class=\"size-full wp-image-11985 aligncenter\" src=\"https:\/\/i0.wp.com\/larevistadigital.com.ar\/blog\/wp-content\/uploads\/uss-trepang-1.jpg?resize=768%2C646&#038;ssl=1\" alt=\"\" width=\"768\" height=\"646\" srcset=\"https:\/\/i0.wp.com\/larevistadigital.com.ar\/blog\/wp-content\/uploads\/uss-trepang-1.jpg?w=768&amp;ssl=1 768w, https:\/\/i0.wp.com\/larevistadigital.com.ar\/blog\/wp-content\/uploads\/uss-trepang-1.jpg?resize=300%2C252&amp;ssl=1 300w\" sizes=\"auto, (max-width: 768px) 100vw, 768px\" \/><\/p>\n<p>La siguiente imagen muestra un artefacto con forma de cigarro, y tan solo esa palabra hace que imaginemos en un posible OVNI. Se puede ver que el artefacto ha sido alcanzado por un misil o simplemente est\u00e1 saliendo del agua. Una de esas dos opciones es lo que ocurri\u00f3 en realidad. Se debe tener en cuenta que la revista no brinda mayor informaci\u00f3n al respecto.<\/p>\n<p><img data-recalc-dims=\"1\" loading=\"lazy\" decoding=\"async\" class=\"alignnone size-full wp-image-11986\" src=\"https:\/\/i0.wp.com\/larevistadigital.com.ar\/blog\/wp-content\/uploads\/uss-trepang-2.jpg?resize=1024%2C556&#038;ssl=1\" alt=\"\" width=\"1024\" height=\"556\" srcset=\"https:\/\/i0.wp.com\/larevistadigital.com.ar\/blog\/wp-content\/uploads\/uss-trepang-2.jpg?w=1024&amp;ssl=1 1024w, https:\/\/i0.wp.com\/larevistadigital.com.ar\/blog\/wp-content\/uploads\/uss-trepang-2.jpg?resize=300%2C163&amp;ssl=1 300w, https:\/\/i0.wp.com\/larevistadigital.com.ar\/blog\/wp-content\/uploads\/uss-trepang-2.jpg?resize=768%2C417&amp;ssl=1 768w\" sizes=\"auto, (max-width: 1000px) 100vw, 1000px\" \/><\/p>\n<p><strong>Las siguientes im\u00e1genes muestra objetos de menor tama\u00f1o. \u00bfObjetos con forma de tri\u00e1ngulo? Por la forma de vuelo, parece que se encontraran en problemas para estabilizarse. \u00bfFueron estos objetos derribados por misiles?<\/strong><\/p>\n<p><img data-recalc-dims=\"1\" loading=\"lazy\" decoding=\"async\" class=\"size-full wp-image-11987 aligncenter\" src=\"https:\/\/i0.wp.com\/larevistadigital.com.ar\/blog\/wp-content\/uploads\/uss-trepang-3.jpg?resize=768%2C1087&#038;ssl=1\" alt=\"\" width=\"768\" height=\"1087\" srcset=\"https:\/\/i0.wp.com\/larevistadigital.com.ar\/blog\/wp-content\/uploads\/uss-trepang-3.jpg?w=768&amp;ssl=1 768w, https:\/\/i0.wp.com\/larevistadigital.com.ar\/blog\/wp-content\/uploads\/uss-trepang-3.jpg?resize=212%2C300&amp;ssl=1 212w, https:\/\/i0.wp.com\/larevistadigital.com.ar\/blog\/wp-content\/uploads\/uss-trepang-3.jpg?resize=723%2C1024&amp;ssl=1 723w\" sizes=\"auto, (max-width: 768px) 100vw, 768px\" \/><\/p>\n<p>En las im\u00e1genes siguientes, cabe resaltar que son impresionante, se observa al artefacto con forma de cigarro que parece haber sido bombardeado, derribado y ca\u00eddo en el oc\u00e9ano. \u00bfSe trata de una nave derribada o simplemente de un globo de pruebas para entrenamiento b\u00e9lico? V\u00e9alas usted mismo:<\/p>\n<p><img data-recalc-dims=\"1\" loading=\"lazy\" decoding=\"async\" class=\"size-full wp-image-11988 aligncenter\" src=\"https:\/\/i0.wp.com\/larevistadigital.com.ar\/blog\/wp-content\/uploads\/uss-trepang-4.jpg?resize=768%2C1090&#038;ssl=1\" alt=\"\" width=\"768\" height=\"1090\" srcset=\"https:\/\/i0.wp.com\/larevistadigital.com.ar\/blog\/wp-content\/uploads\/uss-trepang-4.jpg?w=768&amp;ssl=1 768w, https:\/\/i0.wp.com\/larevistadigital.com.ar\/blog\/wp-content\/uploads\/uss-trepang-4.jpg?resize=211%2C300&amp;ssl=1 211w, https:\/\/i0.wp.com\/larevistadigital.com.ar\/blog\/wp-content\/uploads\/uss-trepang-4.jpg?resize=721%2C1024&amp;ssl=1 721w\" sizes=\"auto, (max-width: 768px) 100vw, 768px\" \/><\/p>\n<p><strong>El objeto cigarro cae al oc\u00e9ano y se sumerge. Extra\u00f1amente cae en posici\u00f3n vertical, con uno de sus extremos que se hunde primero, dando la apariencia que se trata de un objeto pesado y s\u00f3lido. Vean la imagen:<\/strong><\/p>\n<p><img data-recalc-dims=\"1\" loading=\"lazy\" decoding=\"async\" class=\"size-full wp-image-11989 aligncenter\" src=\"https:\/\/i0.wp.com\/larevistadigital.com.ar\/blog\/wp-content\/uploads\/uss-trepang-5.jpg?resize=773%2C1024&#038;ssl=1\" alt=\"\" width=\"773\" height=\"1024\" srcset=\"https:\/\/i0.wp.com\/larevistadigital.com.ar\/blog\/wp-content\/uploads\/uss-trepang-5.jpg?w=773&amp;ssl=1 773w, https:\/\/i0.wp.com\/larevistadigital.com.ar\/blog\/wp-content\/uploads\/uss-trepang-5.jpg?resize=226%2C300&amp;ssl=1 226w, https:\/\/i0.wp.com\/larevistadigital.com.ar\/blog\/wp-content\/uploads\/uss-trepang-5.jpg?resize=768%2C1017&amp;ssl=1 768w\" sizes=\"auto, (max-width: 773px) 100vw, 773px\" \/><\/p>\n<p><strong>Datos adicionales Como mencion\u00e9 al inicio, estas fotograf\u00edas fueron entregadas a Greenewald . El informante dio a conocer lo siguiente: <\/strong><\/p>\n<p><strong>1) Las fotos fueron tomadas desde un submarino de la Armada de los Estados Unidos. <\/strong><\/p>\n<p><strong>2) La ubicaci\u00f3n era entre la isla de Islandia y Jan Mayen en el Oc\u00e9ano Atl\u00e1ntico. (Jan Mayen pertenece a Noruega, y s\u00f3lo est\u00e1 habitada por el Instituto Meteorol\u00f3gico de Noruega y el ej\u00e9rcito noruego.) <\/strong><\/p>\n<p><strong>3) Las im\u00e1genes fueron tomadas en marzo del 1971. <\/strong><\/p>\n<p><strong>4) El submarino era el USS Trepang de la Armada (SSN 674) y el almirante a bordo era Dean Reynolds Sackett. Obviamente, el siguiente paso es tratar de localizar a este Almirante, si es que existe. <\/strong><\/p>\n<p><strong>5) El Submarino se encontr\u00f3 con el OVNI por \u00abaccidente\u00bb, durante una expedici\u00f3n militar y cient\u00edfica conjunta de rutina. El Oficial John Kilika fue el que inicialmente vio el objeto con el periscopio. Obviamente, esto no explica los diferentes objetos que se ven en las fotos. Esta es una fotograf\u00eda del submarino USS Trepang (SSN-674)<\/strong><\/p>\n<p><img data-recalc-dims=\"1\" loading=\"lazy\" decoding=\"async\" class=\"size-full wp-image-11990 aligncenter\" src=\"https:\/\/i0.wp.com\/larevistadigital.com.ar\/blog\/wp-content\/uploads\/USS_Trepang0867402.jpg?resize=640%2C448&#038;ssl=1\" alt=\"\" width=\"640\" height=\"448\" srcset=\"https:\/\/i0.wp.com\/larevistadigital.com.ar\/blog\/wp-content\/uploads\/USS_Trepang0867402.jpg?w=640&amp;ssl=1 640w, https:\/\/i0.wp.com\/larevistadigital.com.ar\/blog\/wp-content\/uploads\/USS_Trepang0867402.jpg?resize=300%2C210&amp;ssl=1 300w\" sizes=\"auto, (max-width: 640px) 100vw, 640px\" \/><\/p>\n<p>Se dijo que los artefactos eran globos de entrenamiento, sin embargo muchos han refutado esa idea, basados en las fotograf\u00edas y la vista notoria que difiere de ser simples globos. Como ven estas son de las mejores evidencias que se tienen a la fecha y que siguen estando en el misterio.<\/p>\n","protected":false},"excerpt":{"rendered":"<div class=\"mh-excerpt\"><p>Una serie de impresionantes fotograf\u00edas tomadas desde un submarino y tomadas en 1971 sorprendieron al mundo entero y cuestionaron la posibilidad de que Objeto Sumergibles No Identificados realmente tuvieron un encuentro con tecnolog\u00eda nuestra en <a class=\"mh-excerpt-more\" href=\"https:\/\/larevistadigital.com.ar\/blog\/fotos-que-demostrarian-que-un-submarino-derribo-ovnis\/\" title=\"FOTOS QUE DEMOSTRAR\u00cdAN QUE UN SUBMARINO DERRIB\u00d3 OVNIS\">[Leer M\u00e1s]<\/a><\/p>\n<\/div>","protected":false},"author":3,"featured_media":11984,"comment_status":"open","ping_status":"open","sticky":false,"template":"","format":"standard","meta":{"_jetpack_memberships_contains_paid_content":false,"footnotes":"","jetpack_publicize_message":"","jetpack_publicize_feature_enabled":true,"jetpack_social_post_already_shared":true,"jetpack_social_options":{"image_generator_settings":{"template":"highway","default_image_id":0,"font":"","enabled":false},"version":2}},"categories":[11,45],"tags":[],"class_list":{"0":"post-11983","1":"post","2":"type-post","3":"status-publish","4":"format-standard","5":"has-post-thumbnail","7":"category-curiosas","8":"category-lo-vi-en-internet"},"jetpack_publicize_connections":[],"jetpack_featured_media_url":"https:\/\/i0.wp.com\/larevistadigital.com.ar\/blog\/wp-content\/uploads\/submarino-contra-un-ovni-fotografias-del-uss-trepang-muestran-posible-bombardeo-a-ovni-en-el-artico-portada-1024x576.jpg?fit=1024%2C576&ssl=1","jetpack_sharing_enabled":true,"jetpack_shortlink":"https:\/\/wp.me\/p8qtrQ-37h","jetpack-related-posts":[{"id":3861,"url":"https:\/\/larevistadigital.com.ar\/blog\/3861-2\/","url_meta":{"origin":11983,"position":0},"title":"SUBMARINO PERDIDO: DESDE EL GOBIERNO ASEGURAN QUE DESDE LA NAVE, HUBIERON SIETE INTENTOS FALLIDOS DE COMUNICACI\u00d3N EL S\u00c1BADO","author":"Alejandro Sosa Ruda","date":"19 noviembre, 2017","format":false,"excerpt":"Desde el Ministerio de Defensa, se inform\u00f3 que el d\u00eda s\u00e1bado hubo siete intentos de comunicaci\u00f3n que seg\u00fan dijeron, ser\u00edan del submarino perdido ARA San Juan. Seg\u00fan creen las autoridades, las comunicaciones no llegaron a concretarse por las malas condiciones meteorol\u00f3gicas reinantes. Las llamadas\u00a0llegaron desde un tel\u00e9fono satelital que hay\u2026","rel":"","context":"En \u00abDESTACADAS\u00bb","block_context":{"text":"DESTACADAS","link":"https:\/\/larevistadigital.com.ar\/blog\/category\/destacadas\/"},"img":{"alt_text":"","src":"https:\/\/i0.wp.com\/larevistadigital.com.ar\/blog\/wp-content\/uploads\/2017\/11\/ara_1.jpg?fit=1020%2C560&ssl=1&resize=350%2C200","width":350,"height":200,"srcset":"https:\/\/i0.wp.com\/larevistadigital.com.ar\/blog\/wp-content\/uploads\/2017\/11\/ara_1.jpg?fit=1020%2C560&ssl=1&resize=350%2C200 1x, https:\/\/i0.wp.com\/larevistadigital.com.ar\/blog\/wp-content\/uploads\/2017\/11\/ara_1.jpg?fit=1020%2C560&ssl=1&resize=525%2C300 1.5x, https:\/\/i0.wp.com\/larevistadigital.com.ar\/blog\/wp-content\/uploads\/2017\/11\/ara_1.jpg?fit=1020%2C560&ssl=1&resize=700%2C400 2x"},"classes":[]},{"id":3857,"url":"https:\/\/larevistadigital.com.ar\/blog\/exclusivo-lrd-submarino-perdido-fuentes-la-investigacion-esperan-lo-peor\/","url_meta":{"origin":11983,"position":1},"title":"\u00a1EXCLUSIVO DE LRD! SUBMARINO PERDIDO: FUENTES DE LA INVESTIGACI\u00d3N \u201cESPERAN LO PEOR\u201d","author":"Alejandro Sosa Ruda","date":"18 noviembre, 2017","format":false,"excerpt":"La Revista Digital tuvo acceso a informaci\u00f3n de primera mano por parte de fuentes vinculadas a la b\u00fasqueda del submarino ARA San Juan que se encuentra perdido y del cual hasta ahora no hay noticias. Lo primero que nos contaron, es que la orden que se habr\u00eda emanado desde \u201carriba\u201d,\u2026","rel":"","context":"En \u00abPOLITICA\u00bb","block_context":{"text":"POLITICA","link":"https:\/\/larevistadigital.com.ar\/blog\/category\/politica\/"},"img":{"alt_text":"","src":"https:\/\/i0.wp.com\/larevistadigital.com.ar\/blog\/wp-content\/uploads\/2017\/11\/submarino-ara-san-juan-tecno.jpg?fit=1200%2C672&ssl=1&resize=350%2C200","width":350,"height":200,"srcset":"https:\/\/i0.wp.com\/larevistadigital.com.ar\/blog\/wp-content\/uploads\/2017\/11\/submarino-ara-san-juan-tecno.jpg?fit=1200%2C672&ssl=1&resize=350%2C200 1x, https:\/\/i0.wp.com\/larevistadigital.com.ar\/blog\/wp-content\/uploads\/2017\/11\/submarino-ara-san-juan-tecno.jpg?fit=1200%2C672&ssl=1&resize=525%2C300 1.5x, https:\/\/i0.wp.com\/larevistadigital.com.ar\/blog\/wp-content\/uploads\/2017\/11\/submarino-ara-san-juan-tecno.jpg?fit=1200%2C672&ssl=1&resize=700%2C400 2x, https:\/\/i0.wp.com\/larevistadigital.com.ar\/blog\/wp-content\/uploads\/2017\/11\/submarino-ara-san-juan-tecno.jpg?fit=1200%2C672&ssl=1&resize=1050%2C600 3x"},"classes":[]},{"id":6589,"url":"https:\/\/larevistadigital.com.ar\/blog\/ara-san-juan-el-ministro-aguad-aseguro-que-detectaron-una-senal-muy-importante\/","url_meta":{"origin":11983,"position":2},"title":"ARA SAN JUAN: EL MINISTRO AGUAD ASEGUR\u00d3 QUE DETECTARON UNA SE\u00d1AL MUY IMPORTANTE","author":"Alejandro Sosa Ruda","date":"21 septiembre, 2018","format":false,"excerpt":"Se trata de un contacto ubicado a 280 metros del que hasta ahora no hab\u00eda indicios. El ministro de Defensa,\u00a0Oscar Aguad, calific\u00f3 como \"una se\u00f1al importante\" el contacto informado anoche por la empresa Ocean Infinity, a cargo de la b\u00fasqueda del submarino ARA San Juan. \"Lo que sorprende es que\u2026","rel":"","context":"En \u00abDESTACADAS\u00bb","block_context":{"text":"DESTACADAS","link":"https:\/\/larevistadigital.com.ar\/blog\/category\/destacadas\/"},"img":{"alt_text":"","src":"https:\/\/i0.wp.com\/larevistadigital.com.ar\/blog\/wp-content\/uploads\/2018\/09\/463813.jpg?fit=1200%2C679&ssl=1&resize=350%2C200","width":350,"height":200,"srcset":"https:\/\/i0.wp.com\/larevistadigital.com.ar\/blog\/wp-content\/uploads\/2018\/09\/463813.jpg?fit=1200%2C679&ssl=1&resize=350%2C200 1x, https:\/\/i0.wp.com\/larevistadigital.com.ar\/blog\/wp-content\/uploads\/2018\/09\/463813.jpg?fit=1200%2C679&ssl=1&resize=525%2C300 1.5x, https:\/\/i0.wp.com\/larevistadigital.com.ar\/blog\/wp-content\/uploads\/2018\/09\/463813.jpg?fit=1200%2C679&ssl=1&resize=700%2C400 2x, https:\/\/i0.wp.com\/larevistadigital.com.ar\/blog\/wp-content\/uploads\/2018\/09\/463813.jpg?fit=1200%2C679&ssl=1&resize=1050%2C600 3x"},"classes":[]},{"id":3869,"url":"https:\/\/larevistadigital.com.ar\/blog\/submarino-ara-san-juan-diario-americano-plantea-la-hipotesis-podria-haber-atacado\/","url_meta":{"origin":11983,"position":3},"title":"SUBMARINO ARA SAN JUAN: UN DIARIO AMERICANO PLANTEA LA HIP\u00d3TESIS DE QUE PODR\u00cdA HABER SIDO ATACADO.","author":"Alejandro Sosa Ruda","date":"23 noviembre, 2017","format":false,"excerpt":"El diario estadounidense Foreign Policy (Pol\u00edtica Exterior) hace una lectura de lo ocurrido con el submarino desaparecido ARA San Juan, en la que plantea una hipot\u00e9tica confrontaci\u00f3n con fuerzas chinas. En su edici\u00f3n, el diario se pregunta algunas cuestiones realmente inquietantes, como por ejemplo \u00bfqu\u00e9 hac\u00eda tan lejos el submarino\u2026","rel":"","context":"En \u00abDESTACADAS\u00bb","block_context":{"text":"DESTACADAS","link":"https:\/\/larevistadigital.com.ar\/blog\/category\/destacadas\/"},"img":{"alt_text":"","src":"https:\/\/i0.wp.com\/larevistadigital.com.ar\/blog\/wp-content\/uploads\/2017\/11\/arasanjuan2-1.jpg?fit=1200%2C720&ssl=1&resize=350%2C200","width":350,"height":200,"srcset":"https:\/\/i0.wp.com\/larevistadigital.com.ar\/blog\/wp-content\/uploads\/2017\/11\/arasanjuan2-1.jpg?fit=1200%2C720&ssl=1&resize=350%2C200 1x, https:\/\/i0.wp.com\/larevistadigital.com.ar\/blog\/wp-content\/uploads\/2017\/11\/arasanjuan2-1.jpg?fit=1200%2C720&ssl=1&resize=525%2C300 1.5x, https:\/\/i0.wp.com\/larevistadigital.com.ar\/blog\/wp-content\/uploads\/2017\/11\/arasanjuan2-1.jpg?fit=1200%2C720&ssl=1&resize=700%2C400 2x, https:\/\/i0.wp.com\/larevistadigital.com.ar\/blog\/wp-content\/uploads\/2017\/11\/arasanjuan2-1.jpg?fit=1200%2C720&ssl=1&resize=1050%2C600 3x"},"classes":[]},{"id":28505,"url":"https:\/\/larevistadigital.com.ar\/blog\/necochea-encontraron-posibles-restos-de-un-submarino-nazi-cerca-de-la-costa\/","url_meta":{"origin":11983,"position":4},"title":"NECOCHEA: ENCONTRARON POSIBLES RESTOS DE UN SUBMARINO NAZI CERCA DE LA COSTA","author":"Alejandro Sosa Ruda","date":"18 octubre, 2022","format":false,"excerpt":"Es un naufragio coincidente con la estructura de los submarinos de la segunda guerra mundial. 18 de octubre de 2022 NECOCHEA -\u00a0 Un grupo de investigadores realiz\u00f3 un importante descubrimiento en la Costa Atl\u00e1ntica. Se trata de un supuesto\u00a0submarino nazi\u00a0ubicado en inmediaciones de las playas de Aguas Verdes y Costa\u2026","rel":"","context":"En \u00abINTERES GENERAL\u00bb","block_context":{"text":"INTERES GENERAL","link":"https:\/\/larevistadigital.com.ar\/blog\/category\/interes-general\/"},"img":{"alt_text":"","src":"https:\/\/i0.wp.com\/larevistadigital.com.ar\/blog\/wp-content\/uploads\/ac418ee1b582217724e7468a2de0bea93b36f82b.jpg?fit=1140%2C777&ssl=1&resize=350%2C200","width":350,"height":200,"srcset":"https:\/\/i0.wp.com\/larevistadigital.com.ar\/blog\/wp-content\/uploads\/ac418ee1b582217724e7468a2de0bea93b36f82b.jpg?fit=1140%2C777&ssl=1&resize=350%2C200 1x, https:\/\/i0.wp.com\/larevistadigital.com.ar\/blog\/wp-content\/uploads\/ac418ee1b582217724e7468a2de0bea93b36f82b.jpg?fit=1140%2C777&ssl=1&resize=525%2C300 1.5x, https:\/\/i0.wp.com\/larevistadigital.com.ar\/blog\/wp-content\/uploads\/ac418ee1b582217724e7468a2de0bea93b36f82b.jpg?fit=1140%2C777&ssl=1&resize=700%2C400 2x, https:\/\/i0.wp.com\/larevistadigital.com.ar\/blog\/wp-content\/uploads\/ac418ee1b582217724e7468a2de0bea93b36f82b.jpg?fit=1140%2C777&ssl=1&resize=1050%2C600 3x"},"classes":[]},{"id":9480,"url":"https:\/\/larevistadigital.com.ar\/blog\/video-excelente-calidad-fotos-y-videos-de-ovnis-impresionantes-en-costa-rica\/","url_meta":{"origin":11983,"position":5},"title":"VIDEO EXCELENTE CALIDAD!  FOTOS Y VIDEOS DE OVNIS IMPRESIONANTES EN COSTA RICA","author":"Alejandro Sosa Ruda","date":"1 abril, 2019","format":false,"excerpt":"Una pareja logr\u00f3 filmar y fotografiar unos cuantos objetos discoidales que pasaron ante sus ojos, algunos a una gran velocidad, por lo que no fueron vistos por los protagonistas en el momento de la filmaci\u00f3n, pero si se pudieron apreciar cuando revisaron el material que hab\u00edan obtenido. las im\u00e1genes fueron\u2026","rel":"","context":"En \u00abLO V\u00cd EN INTERNET\u00bb","block_context":{"text":"LO V\u00cd EN INTERNET","link":"https:\/\/larevistadigital.com.ar\/blog\/category\/lo-vi-en-internet\/"},"img":{"alt_text":"","src":"https:\/\/i0.wp.com\/larevistadigital.com.ar\/blog\/wp-content\/uploads\/2019\/04\/youtube-extraterrestres-diez-620x349-kaG-620x349%40abc.jpg?fit=620%2C349&ssl=1&resize=350%2C200","width":350,"height":200,"srcset":"https:\/\/i0.wp.com\/larevistadigital.com.ar\/blog\/wp-content\/uploads\/2019\/04\/youtube-extraterrestres-diez-620x349-kaG-620x349%40abc.jpg?fit=620%2C349&ssl=1&resize=350%2C200 1x, https:\/\/i0.wp.com\/larevistadigital.com.ar\/blog\/wp-content\/uploads\/2019\/04\/youtube-extraterrestres-diez-620x349-kaG-620x349%40abc.jpg?fit=620%2C349&ssl=1&resize=525%2C300 1.5x"},"classes":[]}],"_links":{"self":[{"href":"https:\/\/larevistadigital.com.ar\/blog\/wp-json\/wp\/v2\/posts\/11983","targetHints":{"allow":["GET"]}}],"collection":[{"href":"https:\/\/larevistadigital.com.ar\/blog\/wp-json\/wp\/v2\/posts"}],"about":[{"href":"https:\/\/larevistadigital.com.ar\/blog\/wp-json\/wp\/v2\/types\/post"}],"author":[{"embeddable":true,"href":"https:\/\/larevistadigital.com.ar\/blog\/wp-json\/wp\/v2\/users\/3"}],"replies":[{"embeddable":true,"href":"https:\/\/larevistadigital.com.ar\/blog\/wp-json\/wp\/v2\/comments?post=11983"}],"version-history":[{"count":1,"href":"https:\/\/larevistadigital.com.ar\/blog\/wp-json\/wp\/v2\/posts\/11983\/revisions"}],"predecessor-version":[{"id":11991,"href":"https:\/\/larevistadigital.com.ar\/blog\/wp-json\/wp\/v2\/posts\/11983\/revisions\/11991"}],"wp:featuredmedia":[{"embeddable":true,"href":"https:\/\/larevistadigital.com.ar\/blog\/wp-json\/wp\/v2\/media\/11984"}],"wp:attachment":[{"href":"https:\/\/larevistadigital.com.ar\/blog\/wp-json\/wp\/v2\/media?parent=11983"}],"wp:term":[{"taxonomy":"category","embeddable":true,"href":"https:\/\/larevistadigital.com.ar\/blog\/wp-json\/wp\/v2\/categories?post=11983"},{"taxonomy":"post_tag","embeddable":true,"href":"https:\/\/larevistadigital.com.ar\/blog\/wp-json\/wp\/v2\/tags?post=11983"}],"curies":[{"name":"wp","href":"https:\/\/api.w.org\/{rel}","templated":true}]}}