{"id":11992,"date":"2019-09-13T15:36:40","date_gmt":"2019-09-13T15:36:40","guid":{"rendered":"https:\/\/larevistadigital.com.ar\/blog\/?p=11992"},"modified":"2019-09-13T15:37:25","modified_gmt":"2019-09-13T15:37:25","slug":"monte-comenzo-la-ampliacion-de-la-salita-del-barrio-coppola","status":"publish","type":"post","link":"https:\/\/larevistadigital.com.ar\/blog\/monte-comenzo-la-ampliacion-de-la-salita-del-barrio-coppola\/","title":{"rendered":"MONTE: COMENZ\u00d3 LA AMPLIACI\u00d3N DE LA SALITA DEL BARRIO COPPOLA"},"content":{"rendered":"<p>Este mi\u00e9rcoles comenzaron los trabajos para la ampliaci\u00f3n de la Unidad sanitaria de Atenci\u00f3n Primaria de la Salud en el Barrio Coppola, en Monte.<\/p>\n<p>Los vecinos se mostraron satisfechos antes los primeros avances de la obra mientras que la intendenta se hizo presente en el lugar.<\/p>\n<p>En sus redes sociales la jefa comunal mostr\u00f3 el estado de las obras que ampliar\u00e1n la salita, una demanda de larga data por parte de los vecinos.<\/p>\n<p><em><strong>\u00abMe recibieron con mucha alegr\u00eda\u00bb<\/strong><\/em>, mencion\u00f3 <strong>Mayol<\/strong> en su cuenta personal.<\/p>\n<p>fuente: DLN<\/p>\n","protected":false},"excerpt":{"rendered":"<div class=\"mh-excerpt\"><p>Este mi\u00e9rcoles comenzaron los trabajos para la ampliaci\u00f3n de la Unidad sanitaria de Atenci\u00f3n Primaria de la Salud en el Barrio Coppola, en Monte. Los vecinos se mostraron satisfechos antes los primeros avances de la <a class=\"mh-excerpt-more\" href=\"https:\/\/larevistadigital.com.ar\/blog\/monte-comenzo-la-ampliacion-de-la-salita-del-barrio-coppola\/\" title=\"MONTE: COMENZ\u00d3 LA AMPLIACI\u00d3N DE LA SALITA DEL BARRIO COPPOLA\">[Leer M\u00e1s]<\/a><\/p>\n<\/div>","protected":false},"author":3,"featured_media":11994,"comment_status":"open","ping_status":"open","sticky":false,"template":"","format":"standard","meta":{"_jetpack_memberships_contains_paid_content":false,"footnotes":"","jetpack_publicize_message":"","jetpack_publicize_feature_enabled":true,"jetpack_social_post_already_shared":true,"jetpack_social_options":{"image_generator_settings":{"template":"highway","default_image_id":0,"font":"","enabled":false},"version":2}},"categories":[51],"tags":[],"class_list":{"0":"post-11992","1":"post","2":"type-post","3":"status-publish","4":"format-standard","5":"has-post-thumbnail","7":"category-regionales"},"jetpack_publicize_connections":[],"jetpack_featured_media_url":"https:\/\/i0.wp.com\/larevistadigital.com.ar\/blog\/wp-content\/uploads\/FB_IMG_1568236302724.jpg?fit=960%2C720&ssl=1","jetpack_sharing_enabled":true,"jetpack_shortlink":"https:\/\/wp.me\/p8qtrQ-37q","jetpack-related-posts":[{"id":25187,"url":"https:\/\/larevistadigital.com.ar\/blog\/denuncian-el-abuso-de-una-menor-en-una-salita-municipal\/","url_meta":{"origin":11992,"position":0},"title":"DENUNCIAN EL ABUSO DE UNA MENOR EN UNA SALITA MUNICIPAL","author":"Alejandro Sosa Ruda","date":"20 abril, 2022","format":false,"excerpt":"El hecho, ha conmocionado a los vecinos. Es la sobrina de una de las m\u00e9dicas de la unidad sanitaria San Mart\u00edn de Monte Chingolo, Lan\u00fas. Seg\u00fan la denuncia radicada la menor fue drogada y abusada en la salita que depende de la administraci\u00f3n de N\u00e9stor Grindetti. Un\u00a0verdadero esc\u00e1ndalo\u00a0sacude al sistema\u2026","rel":"","context":"En \u00abPOLICIALES\u00bb","block_context":{"text":"POLICIALES","link":"https:\/\/larevistadigital.com.ar\/blog\/category\/policiales\/"},"img":{"alt_text":"","src":"https:\/\/i0.wp.com\/larevistadigital.com.ar\/blog\/wp-content\/uploads\/lanus.png?fit=856%2C481&ssl=1&resize=350%2C200","width":350,"height":200,"srcset":"https:\/\/i0.wp.com\/larevistadigital.com.ar\/blog\/wp-content\/uploads\/lanus.png?fit=856%2C481&ssl=1&resize=350%2C200 1x, https:\/\/i0.wp.com\/larevistadigital.com.ar\/blog\/wp-content\/uploads\/lanus.png?fit=856%2C481&ssl=1&resize=525%2C300 1.5x, https:\/\/i0.wp.com\/larevistadigital.com.ar\/blog\/wp-content\/uploads\/lanus.png?fit=856%2C481&ssl=1&resize=700%2C400 2x"},"classes":[]},{"id":16679,"url":"https:\/\/larevistadigital.com.ar\/blog\/hartos-de-la-inseguridad-vecinos-del-san-cayetano-dicen-basta-cortaran-el-acceso-a-chascomus-el-proximo-lunes\/","url_meta":{"origin":11992,"position":1},"title":"HARTOS DE LA INSEGURIDAD: VECINOS DEL SAN CAYETANO DICEN BASTA. CORTAR\u00c1N EL ACCESO A CHASCOM\u00daS EL PR\u00d3XIMO LUNES","author":"Alejandro Sosa Ruda","date":"2 octubre, 2020","format":false,"excerpt":"Los vecinos auto convocados del barrio San Cayetano, planean cortar el acceso a la ciudad el pr\u00f3ximo lunes 05 de octubre de 2020, cansados de sentirse ignorados por las autoridades, y ante la ola de robos en el barrio. Los reclamos son varios: Salita de emergencias, iluminaci\u00f3n, estado de las\u2026","rel":"","context":"En \u00abDESTACADAS\u00bb","block_context":{"text":"DESTACADAS","link":"https:\/\/larevistadigital.com.ar\/blog\/category\/destacadas\/"},"img":{"alt_text":"","src":"https:\/\/i0.wp.com\/larevistadigital.com.ar\/blog\/wp-content\/uploads\/SAN-CAYETANO.jpg?fit=1000%2C750&ssl=1&resize=350%2C200","width":350,"height":200,"srcset":"https:\/\/i0.wp.com\/larevistadigital.com.ar\/blog\/wp-content\/uploads\/SAN-CAYETANO.jpg?fit=1000%2C750&ssl=1&resize=350%2C200 1x, https:\/\/i0.wp.com\/larevistadigital.com.ar\/blog\/wp-content\/uploads\/SAN-CAYETANO.jpg?fit=1000%2C750&ssl=1&resize=525%2C300 1.5x, https:\/\/i0.wp.com\/larevistadigital.com.ar\/blog\/wp-content\/uploads\/SAN-CAYETANO.jpg?fit=1000%2C750&ssl=1&resize=700%2C400 2x"},"classes":[]},{"id":17033,"url":"https:\/\/larevistadigital.com.ar\/blog\/videos-barrio-san-cayetano-de-esto-hablaban-los-vecinos-senor-secretario\/","url_meta":{"origin":11992,"position":2},"title":"[VIDEOS] BARRIO SAN CAYETANO: \u00a1DE ESTO HABLABAN LOS VECINOS, SE\u00d1OR SECRETARIO!","author":"Alejandro Sosa Ruda","date":"19 octubre, 2020","format":false,"excerpt":"Como si fuera un mensaje divino, sucedi\u00f3 lo que siempre pasa, pero en esta ocasi\u00f3n a un veh\u00edculo policial. Ah\u00ed tiene el secretario que dijo hace d\u00edas no entender el reclamo de los vecinos. \u00bfAhora entender\u00e1? Otra vez lluvias, y otra vez los vecinos del Barrio San Cayetano que no\u2026","rel":"","context":"En \u00abDESTACADAS\u00bb","block_context":{"text":"DESTACADAS","link":"https:\/\/larevistadigital.com.ar\/blog\/category\/destacadas\/"},"img":{"alt_text":"","src":"https:\/\/i0.wp.com\/larevistadigital.com.ar\/blog\/wp-content\/uploads\/WhatsApp-Image-2020-10-19-at-13.42.39.jpeg?fit=1032%2C581&ssl=1&resize=350%2C200","width":350,"height":200,"srcset":"https:\/\/i0.wp.com\/larevistadigital.com.ar\/blog\/wp-content\/uploads\/WhatsApp-Image-2020-10-19-at-13.42.39.jpeg?fit=1032%2C581&ssl=1&resize=350%2C200 1x, https:\/\/i0.wp.com\/larevistadigital.com.ar\/blog\/wp-content\/uploads\/WhatsApp-Image-2020-10-19-at-13.42.39.jpeg?fit=1032%2C581&ssl=1&resize=525%2C300 1.5x, https:\/\/i0.wp.com\/larevistadigital.com.ar\/blog\/wp-content\/uploads\/WhatsApp-Image-2020-10-19-at-13.42.39.jpeg?fit=1032%2C581&ssl=1&resize=700%2C400 2x"},"classes":[]},{"id":17295,"url":"https:\/\/larevistadigital.com.ar\/blog\/se-termina-la-paciencia-de-los-vecinos-del-barrio-san-cayetano\/","url_meta":{"origin":11992,"position":3},"title":"SE TERMINA LA PACIENCIA DE LOS VECINOS DEL BARRIO SAN CAYETANO","author":"Alejandro Sosa Ruda","date":"29 octubre, 2020","format":false,"excerpt":"Luego de que mucha agua pas\u00f3 bajo el puente, parece que la paciencia de los vecinos del Barrio San Cayetano se est\u00e1 terminando. Paciencia que a decir verdad, ha sido por dem\u00e1s de considerada con las autoridades. Hoy por hoy, los vecinos del San Cayetano est\u00e1n decididos a que si\u2026","rel":"","context":"En \u00abDESTACADAS\u00bb","block_context":{"text":"DESTACADAS","link":"https:\/\/larevistadigital.com.ar\/blog\/category\/destacadas\/"},"img":{"alt_text":"","src":"https:\/\/i0.wp.com\/larevistadigital.com.ar\/blog\/wp-content\/uploads\/convocatoria.jpeg?fit=675%2C1200&ssl=1&resize=350%2C200","width":350,"height":200,"srcset":"https:\/\/i0.wp.com\/larevistadigital.com.ar\/blog\/wp-content\/uploads\/convocatoria.jpeg?fit=675%2C1200&ssl=1&resize=350%2C200 1x, https:\/\/i0.wp.com\/larevistadigital.com.ar\/blog\/wp-content\/uploads\/convocatoria.jpeg?fit=675%2C1200&ssl=1&resize=525%2C300 1.5x"},"classes":[]},{"id":3028,"url":"https:\/\/larevistadigital.com.ar\/blog\/chascomus-alexa-oyhamburu-se-reunio-con-vecinos-de-san-cayetano\/","url_meta":{"origin":11992,"position":4},"title":"CHASCOM\u00daS: ALEXA OYHAMBURU SE REUNI\u00d3 CON VECINOS DE SAN CAYETANO","author":"Alejandro Sosa Ruda","date":"9 agosto, 2017","format":false,"excerpt":"Alexa Oyhamburu, \u00a0pre candidata a concejal por el espacio que conduce Florencio Randazzo, fue calurosamente recibida por vecinos del barrio San Cayetano, en donde un grupo de vecinos le expres\u00f3 su afecto, adem\u00e1s de pedir ayuda en diversos temas en los que se sienten olvidados lamentablemente postergados por la desidia\u2026","rel":"","context":"En \u00abCHASCOM\u00daS\u00bb","block_context":{"text":"CHASCOM\u00daS","link":"https:\/\/larevistadigital.com.ar\/blog\/category\/chascomus\/"},"img":{"alt_text":"","src":"https:\/\/i0.wp.com\/larevistadigital.com.ar\/blog\/wp-content\/uploads\/2017\/08\/IMG-20170806-WA0012.jpg?fit=1200%2C676&ssl=1&resize=350%2C200","width":350,"height":200,"srcset":"https:\/\/i0.wp.com\/larevistadigital.com.ar\/blog\/wp-content\/uploads\/2017\/08\/IMG-20170806-WA0012.jpg?fit=1200%2C676&ssl=1&resize=350%2C200 1x, https:\/\/i0.wp.com\/larevistadigital.com.ar\/blog\/wp-content\/uploads\/2017\/08\/IMG-20170806-WA0012.jpg?fit=1200%2C676&ssl=1&resize=525%2C300 1.5x, https:\/\/i0.wp.com\/larevistadigital.com.ar\/blog\/wp-content\/uploads\/2017\/08\/IMG-20170806-WA0012.jpg?fit=1200%2C676&ssl=1&resize=700%2C400 2x, https:\/\/i0.wp.com\/larevistadigital.com.ar\/blog\/wp-content\/uploads\/2017\/08\/IMG-20170806-WA0012.jpg?fit=1200%2C676&ssl=1&resize=1050%2C600 3x"},"classes":[]},{"id":3424,"url":"https:\/\/larevistadigital.com.ar\/blog\/chascomus-malestar-vecinal-en-el-porteno-con-el-municipio\/","url_meta":{"origin":11992,"position":5},"title":"CHASCOM\u00daS: MALESTAR VECINAL EN EL PORTE\u00d1O CON EL MUNICIPIO","author":"Alejandro Sosa Ruda","date":"8 octubre, 2017","format":false,"excerpt":"Durante la jornada de ayer, varios vecinos del barrio El Porte\u00f1o, nos han hecho llegar su malestar por la decisi\u00f3n de las autoridades municipales de pintar el SUM y la salita sanitaria del barrio de color verde, que identifica al partido oficialista Unidad por Chascom\u00fas. As\u00ed nos lo hicieron saber,\u2026","rel":"","context":"En \u00abPOLITICA\u00bb","block_context":{"text":"POLITICA","link":"https:\/\/larevistadigital.com.ar\/blog\/category\/politica\/"},"img":{"alt_text":"","src":"https:\/\/i0.wp.com\/larevistadigital.com.ar\/blog\/wp-content\/uploads\/2017\/10\/Screenshot_2.jpg?fit=760%2C377&ssl=1&resize=350%2C200","width":350,"height":200,"srcset":"https:\/\/i0.wp.com\/larevistadigital.com.ar\/blog\/wp-content\/uploads\/2017\/10\/Screenshot_2.jpg?fit=760%2C377&ssl=1&resize=350%2C200 1x, https:\/\/i0.wp.com\/larevistadigital.com.ar\/blog\/wp-content\/uploads\/2017\/10\/Screenshot_2.jpg?fit=760%2C377&ssl=1&resize=525%2C300 1.5x, https:\/\/i0.wp.com\/larevistadigital.com.ar\/blog\/wp-content\/uploads\/2017\/10\/Screenshot_2.jpg?fit=760%2C377&ssl=1&resize=700%2C400 2x"},"classes":[]}],"_links":{"self":[{"href":"https:\/\/larevistadigital.com.ar\/blog\/wp-json\/wp\/v2\/posts\/11992","targetHints":{"allow":["GET"]}}],"collection":[{"href":"https:\/\/larevistadigital.com.ar\/blog\/wp-json\/wp\/v2\/posts"}],"about":[{"href":"https:\/\/larevistadigital.com.ar\/blog\/wp-json\/wp\/v2\/types\/post"}],"author":[{"embeddable":true,"href":"https:\/\/larevistadigital.com.ar\/blog\/wp-json\/wp\/v2\/users\/3"}],"replies":[{"embeddable":true,"href":"https:\/\/larevistadigital.com.ar\/blog\/wp-json\/wp\/v2\/comments?post=11992"}],"version-history":[{"count":1,"href":"https:\/\/larevistadigital.com.ar\/blog\/wp-json\/wp\/v2\/posts\/11992\/revisions"}],"predecessor-version":[{"id":11995,"href":"https:\/\/larevistadigital.com.ar\/blog\/wp-json\/wp\/v2\/posts\/11992\/revisions\/11995"}],"wp:featuredmedia":[{"embeddable":true,"href":"https:\/\/larevistadigital.com.ar\/blog\/wp-json\/wp\/v2\/media\/11994"}],"wp:attachment":[{"href":"https:\/\/larevistadigital.com.ar\/blog\/wp-json\/wp\/v2\/media?parent=11992"}],"wp:term":[{"taxonomy":"category","embeddable":true,"href":"https:\/\/larevistadigital.com.ar\/blog\/wp-json\/wp\/v2\/categories?post=11992"},{"taxonomy":"post_tag","embeddable":true,"href":"https:\/\/larevistadigital.com.ar\/blog\/wp-json\/wp\/v2\/tags?post=11992"}],"curies":[{"name":"wp","href":"https:\/\/api.w.org\/{rel}","templated":true}]}}