{"id":12001,"date":"2019-09-13T15:39:14","date_gmt":"2019-09-13T15:39:14","guid":{"rendered":"https:\/\/larevistadigital.com.ar\/blog\/?p=12001"},"modified":"2019-09-13T15:39:14","modified_gmt":"2019-09-13T15:39:14","slug":"mar-del-plata-tres-nenes-con-sindrome-uremico-hemolitico-en-grave-estado","status":"publish","type":"post","link":"https:\/\/larevistadigital.com.ar\/blog\/mar-del-plata-tres-nenes-con-sindrome-uremico-hemolitico-en-grave-estado\/","title":{"rendered":"MAR DEL PLATA: TRES NENES CON S\u00cdNDROME UR\u00c9MICO HEMOL\u00cdTICO EN GRAVE ESTADO"},"content":{"rendered":"<h2 class=\"intro\"><em>Est\u00e1n en el Hospital Materno Infantil hace m\u00e1s de una semana. Dos son hermanos de la ciudad de Tandil y otro fue trasladado desde Azul.<\/em><\/h2>\n<p>Dos nenas de un a\u00f1o y medio y dos, y un nene de tres a\u00f1os permanecen internados en grave estado en el\u00a0<strong>Hospital Materno Infantil<\/strong>\u00a0de\u00a0<strong>Mar del Plata<\/strong>\u00a0desde hace m\u00e1s de una semana afectados del\u00a0<strong>S\u00edndrome Ur\u00e9mico Hemol\u00edtico<\/strong>. Los dos mayores son hermanos y fueron trasladados desde la ciudad de\u00a0<strong>Tandil<\/strong>.<\/p>\n<p>Seg\u00fan confiaron fuentes oficiales,\u00a0 la otra ni\u00f1a fue trasladada desde la ciudad de\u00a0<strong>Azul\u00a0<\/strong>en virtud de las complicaciones que present\u00f3 su cuadro durante una primera internaci\u00f3n.<\/p>\n<blockquote>\n<h3>\u201cAhora est\u00e1n en terapia intermedia y requieren de di\u00e1lisis como de transfusiones de sangre. Es parte del tratamiento normal\u201d, agregaron desde el hospital de Castelli y Santa Fe.<\/h3>\n<\/blockquote>\n<p>El\u00a0<strong>S\u00edndrome Ur\u00e9mico Hemol\u00edtico (SUH)<\/strong>\u00a0es una intoxicaci\u00f3n alimentaria transmitida por el consumo de alimentos contaminados, y aunque la mayor\u00eda lo relaciona exclusivamente con el consumo de carne roja sin una correcta cocci\u00f3n, la bacteria se encuentra tambi\u00e9n en frutas y verduras o leche sin pasteurizar.<\/p>\n<p>El SUH puede provocar la muerte y es la primera causa de insuficiencia renal aguda en pacientes pedi\u00e1tricos.<\/p>\n<blockquote>\n<h3>Dentro de los cuidados b\u00e1sicos para prevenir el SUH y otras enfermedades diarreicas se recomienda el\u00a0<strong>correcto lavado de manos<\/strong>\u00a0con agua y jab\u00f3n antes de comer o manipular alimentos; y despu\u00e9s de tocar carnes crudas, ir al ba\u00f1o o cambiar pa\u00f1ales.<\/h3>\n<\/blockquote>\n<p>En la misma l\u00ednea se recomienda la\u00a0<strong>cocci\u00f3n completa de las carnes\u00a0<\/strong>\u2013especialmente la picada-\u00a0 hasta que no queden partes rojas o rosadas y evitar siempre el contacto de la carne cruda con otros alimentos. Tambi\u00e9n es importante para cortar alimentos,\u00a0<strong>no usar el mismo cuchillo o superficie<\/strong>\u00a0(tablas, mesadas) que usaron para cortar\u00a0<strong>carnes crudas\u00a0<\/strong>sin antes lavarlo bien con agua y detergente.<\/p>\n<p>Del mismo modo se pide\u00a0<strong>lavar cuidadosamente las frutas y verduras crudas<\/strong>, utilizar siempre agua segura para beber, cocinar e higienizarte, adem\u00e1s de consumir leche y otros l\u00e1cteos pasteurizados y conservados en la heladera.<\/p>\n<div class=\"contenedor__publicidad\">\n<div class=\"publicidad P3\"><\/div>\n<\/div>\n<div class=\"contenedor__publicidad\">\n<div class=\"publicidad P1\"><\/div>\n<\/div>\n","protected":false},"excerpt":{"rendered":"<div class=\"mh-excerpt\"><p>Est\u00e1n en el Hospital Materno Infantil hace m\u00e1s de una semana. Dos son hermanos de la ciudad de Tandil y otro fue trasladado desde Azul. Dos nenas de un a\u00f1o y medio y dos, y <a class=\"mh-excerpt-more\" href=\"https:\/\/larevistadigital.com.ar\/blog\/mar-del-plata-tres-nenes-con-sindrome-uremico-hemolitico-en-grave-estado\/\" title=\"MAR DEL PLATA: TRES NENES CON S\u00cdNDROME UR\u00c9MICO HEMOL\u00cdTICO EN GRAVE ESTADO\">[Leer M\u00e1s]<\/a><\/p>\n<\/div>","protected":false},"author":3,"featured_media":12002,"comment_status":"open","ping_status":"open","sticky":false,"template":"","format":"standard","meta":{"_jetpack_memberships_contains_paid_content":false,"footnotes":"","jetpack_publicize_message":"","jetpack_publicize_feature_enabled":true,"jetpack_social_post_already_shared":true,"jetpack_social_options":{"image_generator_settings":{"template":"highway","default_image_id":0,"font":"","enabled":false},"version":2}},"categories":[51],"tags":[],"class_list":{"0":"post-12001","1":"post","2":"type-post","3":"status-publish","4":"format-standard","5":"has-post-thumbnail","7":"category-regionales"},"jetpack_publicize_connections":[],"jetpack_featured_media_url":"https:\/\/i0.wp.com\/larevistadigital.com.ar\/blog\/wp-content\/uploads\/1461780540598.jpg?fit=790%2C495&ssl=1","jetpack_sharing_enabled":true,"jetpack_shortlink":"https:\/\/wp.me\/p8qtrQ-37z","jetpack-related-posts":[{"id":18171,"url":"https:\/\/larevistadigital.com.ar\/blog\/un-nene-murio-por-sindrome-uremico-hemolitico-tras-comer-un-pancho\/","url_meta":{"origin":12001,"position":0},"title":"UN NENE MURI\u00d3 POR S\u00cdNDROME UR\u00c9MICO HEMOL\u00cdTICO, TRAS COMER UN \u00abPANCHO\u00bb","author":"Alejandro Sosa Ruda","date":"16 diciembre, 2020","format":false,"excerpt":"\u201cJug\u00f3 toda la tarde hasta que decidimos volver a casa, y en el camino se le antoj\u00f3 un pancho\u201d, cont\u00f3 la mam\u00e1 de El\u00edas. Luego empez\u00f3 con dolor de panza, con desarreglo y v\u00f3mito, que deriv\u00f3 en la muerte la semana pasada. SALTA - Un nene de cuatro a\u00f1os de\u2026","rel":"","context":"En \u00abINTERES GENERAL\u00bb","block_context":{"text":"INTERES GENERAL","link":"https:\/\/larevistadigital.com.ar\/blog\/category\/interes-general\/"},"img":{"alt_text":"","src":"https:\/\/i0.wp.com\/larevistadigital.com.ar\/blog\/wp-content\/uploads\/5fda30e9ac44e_324x182.jpg?fit=800%2C449&ssl=1&resize=350%2C200","width":350,"height":200,"srcset":"https:\/\/i0.wp.com\/larevistadigital.com.ar\/blog\/wp-content\/uploads\/5fda30e9ac44e_324x182.jpg?fit=800%2C449&ssl=1&resize=350%2C200 1x, https:\/\/i0.wp.com\/larevistadigital.com.ar\/blog\/wp-content\/uploads\/5fda30e9ac44e_324x182.jpg?fit=800%2C449&ssl=1&resize=525%2C300 1.5x, https:\/\/i0.wp.com\/larevistadigital.com.ar\/blog\/wp-content\/uploads\/5fda30e9ac44e_324x182.jpg?fit=800%2C449&ssl=1&resize=700%2C400 2x"},"classes":[]},{"id":14460,"url":"https:\/\/larevistadigital.com.ar\/blog\/la-anmat-prohibio-una-yerba-mate-por-tener-bacterias-que-causan-envenenamiento\/","url_meta":{"origin":12001,"position":1},"title":"LA ANMAT PROHIBI\u00d3 UNA YERBA MATE POR TENER BACTERIAS QUE CAUSAN ENVENENAMIENTO","author":"Alejandro Sosa Ruda","date":"31 enero, 2020","format":false,"excerpt":"El producto debi\u00f3 ser retirado del mercado porque estaba contaminado por tres tipos de bacterias. Por medio de la\u00a0disposici\u00f3n 481\/2020\u00a0publicada en el\u00a0Bolet\u00edn Oficial, la\u00a0Administraci\u00f3n Nacional de Medicamentos, Alimentos y Tecnolog\u00eda M\u00e9dica\u00a0(ANMAT) prohibi\u00f3 el uso, la comercializaci\u00f3n y la distribuci\u00f3n en toda la Rep\u00fablica Argentina del producto registrado como \u201cHierbas Serranas\u2026","rel":"","context":"En \u00abINTERES GENERAL\u00bb","block_context":{"text":"INTERES GENERAL","link":"https:\/\/larevistadigital.com.ar\/blog\/category\/interes-general\/"},"img":{"alt_text":"","src":"https:\/\/i0.wp.com\/larevistadigital.com.ar\/blog\/wp-content\/uploads\/yerba_mate_crop1580467237090.jpg_258117318.jpg?fit=829%2C466&ssl=1&resize=350%2C200","width":350,"height":200,"srcset":"https:\/\/i0.wp.com\/larevistadigital.com.ar\/blog\/wp-content\/uploads\/yerba_mate_crop1580467237090.jpg_258117318.jpg?fit=829%2C466&ssl=1&resize=350%2C200 1x, https:\/\/i0.wp.com\/larevistadigital.com.ar\/blog\/wp-content\/uploads\/yerba_mate_crop1580467237090.jpg_258117318.jpg?fit=829%2C466&ssl=1&resize=525%2C300 1.5x, https:\/\/i0.wp.com\/larevistadigital.com.ar\/blog\/wp-content\/uploads\/yerba_mate_crop1580467237090.jpg_258117318.jpg?fit=829%2C466&ssl=1&resize=700%2C400 2x"},"classes":[]},{"id":14527,"url":"https:\/\/larevistadigital.com.ar\/blog\/mar-del-plata-apunalan-a-un-cuidacoches-en-la-puerta-del-hospital-materno\/","url_meta":{"origin":12001,"position":2},"title":"MAR DEL PLATA: APU\u00d1ALAN A UN CUIDACOCHES EN LA PUERTA DEL HOSPITAL MATERNO","author":"Alejandro Sosa Ruda","date":"2 febrero, 2020","format":false,"excerpt":"Fue durante una pelea con otros hombres. La v\u00edctima recibi\u00f3 dos puntazos y fue trasladada al Hospital Interzonal General de Agudos: se encuentra en grave estado. Un cuidacoches de 20 a\u00f1os fue apu\u00f1alado este domingo a la tarde en las inmediaciones del Hospital Materno Infantil durante una violenta confrontaci\u00f3n con\u2026","rel":"","context":"En \u00abPOLICIALES\u00bb","block_context":{"text":"POLICIALES","link":"https:\/\/larevistadigital.com.ar\/blog\/category\/policiales\/"},"img":{"alt_text":"","src":"https:\/\/i0.wp.com\/larevistadigital.com.ar\/blog\/wp-content\/uploads\/Screenshot_3-39.jpg?fit=600%2C684&ssl=1&resize=350%2C200","width":350,"height":200,"srcset":"https:\/\/i0.wp.com\/larevistadigital.com.ar\/blog\/wp-content\/uploads\/Screenshot_3-39.jpg?fit=600%2C684&ssl=1&resize=350%2C200 1x, https:\/\/i0.wp.com\/larevistadigital.com.ar\/blog\/wp-content\/uploads\/Screenshot_3-39.jpg?fit=600%2C684&ssl=1&resize=525%2C300 1.5x"},"classes":[]},{"id":29339,"url":"https:\/\/larevistadigital.com.ar\/blog\/mar-del-plata-dos-hermanitos-de-4-y-6-anos-sufrieron-graves-quemaduras-en-un-incendio\/","url_meta":{"origin":12001,"position":3},"title":"MAR DEL PLATA: DOS HERMANITOS DE 4 Y 6 A\u00d1OS SUFRIERON GRAVES QUEMADURAS EN UN INCENDIO.","author":"Alejandro Sosa Ruda","date":"9 diciembre, 2022","format":false,"excerpt":"Ambos est\u00e1n internados en el Hospital Materno Infantil y uno de ellos se encuentra en la sala de terapia intensiva. El incendio ocurri\u00f3 en una vivienda de El Coyunco. 8 de diciembre de 2022 MAR DEL PLATA -\u00a0 Dos hermanos, de 4 y 6 a\u00f1os, sufrieron graves quemaduras al incendiarse\u2026","rel":"","context":"En \u00abPOLICIALES\u00bb","block_context":{"text":"POLICIALES","link":"https:\/\/larevistadigital.com.ar\/blog\/category\/policiales\/"},"img":{"alt_text":"","src":"https:\/\/i0.wp.com\/larevistadigital.com.ar\/blog\/wp-content\/uploads\/NENES.jpg?fit=797%2C466&ssl=1&resize=350%2C200","width":350,"height":200,"srcset":"https:\/\/i0.wp.com\/larevistadigital.com.ar\/blog\/wp-content\/uploads\/NENES.jpg?fit=797%2C466&ssl=1&resize=350%2C200 1x, https:\/\/i0.wp.com\/larevistadigital.com.ar\/blog\/wp-content\/uploads\/NENES.jpg?fit=797%2C466&ssl=1&resize=525%2C300 1.5x, https:\/\/i0.wp.com\/larevistadigital.com.ar\/blog\/wp-content\/uploads\/NENES.jpg?fit=797%2C466&ssl=1&resize=700%2C400 2x"},"classes":[]},{"id":13839,"url":"https:\/\/larevistadigital.com.ar\/blog\/vuelco-del-micro-en-ruta-2-hay-dos-nenas-con-heridas-graves-y-riesgo-de-vida\/","url_meta":{"origin":12001,"position":4},"title":"VUELCO DEL MICRO EN RUTA 2: HAY DOS NENAS CON HERIDAS GRAVES Y RIESGO DE VIDA","author":"Alejandro Sosa Ruda","date":"27 diciembre, 2019","format":false,"excerpt":"El jefe de guardia del Materno Infantil dijo que los pacientes est\u00e1n \u201cgraves\u201d y confirm\u00f3 que tienen riesgo de vida y que las pr\u00f3ximas horas ser\u00e1n claves. De los cinco menores que ingresaron al Hospital Materno Infantil dos se encuentran en\u00a0estado muy grave\u00a0y con\u00a0riesgo de vida. El jefe de guardia\u2026","rel":"","context":"En \u00abINTERES GENERAL\u00bb","block_context":{"text":"INTERES GENERAL","link":"https:\/\/larevistadigital.com.ar\/blog\/category\/interes-general\/"},"img":{"alt_text":"","src":"https:\/\/i0.wp.com\/larevistadigital.com.ar\/blog\/wp-content\/uploads\/1577456434808.jpeg?fit=1200%2C676&ssl=1&resize=350%2C200","width":350,"height":200,"srcset":"https:\/\/i0.wp.com\/larevistadigital.com.ar\/blog\/wp-content\/uploads\/1577456434808.jpeg?fit=1200%2C676&ssl=1&resize=350%2C200 1x, https:\/\/i0.wp.com\/larevistadigital.com.ar\/blog\/wp-content\/uploads\/1577456434808.jpeg?fit=1200%2C676&ssl=1&resize=525%2C300 1.5x, https:\/\/i0.wp.com\/larevistadigital.com.ar\/blog\/wp-content\/uploads\/1577456434808.jpeg?fit=1200%2C676&ssl=1&resize=700%2C400 2x, https:\/\/i0.wp.com\/larevistadigital.com.ar\/blog\/wp-content\/uploads\/1577456434808.jpeg?fit=1200%2C676&ssl=1&resize=1050%2C600 3x"},"classes":[]},{"id":24018,"url":"https:\/\/larevistadigital.com.ar\/blog\/mar-del-plata-una-joven-cayo-desde-la-baranda-de-un-boliche-en-la-costa-se-encuentra-en-grave-estado\/","url_meta":{"origin":12001,"position":5},"title":"MAR DEL PLATA: UNA JOVEN CAY\u00d3 DESDE LA BARANDA DE UN BOLICHE EN LA COSTA. SE ENCUENTRA EN GRAVE ESTADO","author":"Alejandro Sosa Ruda","date":"16 febrero, 2022","format":false,"excerpt":"Sucedi\u00f3 esta madrugada en Ituzaingo y la costa. Sufri\u00f3 un traumatismo de cr\u00e1neo y fue trasladada de urgencia al hospital. MAR DEL PLATA -\u00a0 Una joven fue trasladada de urgencia esta madrugada desde un boliche en Ituzaingo y la costa\u00a0al Hospital Interzonal General de Agudos (Higa) tras caer a la\u2026","rel":"","context":"En \u00abPOLICIALES\u00bb","block_context":{"text":"POLICIALES","link":"https:\/\/larevistadigital.com.ar\/blog\/category\/policiales\/"},"img":{"alt_text":"","src":"https:\/\/i0.wp.com\/larevistadigital.com.ar\/blog\/wp-content\/uploads\/Captura-de-pantalla-2022-02-16-120609.jpg?fit=916%2C497&ssl=1&resize=350%2C200","width":350,"height":200,"srcset":"https:\/\/i0.wp.com\/larevistadigital.com.ar\/blog\/wp-content\/uploads\/Captura-de-pantalla-2022-02-16-120609.jpg?fit=916%2C497&ssl=1&resize=350%2C200 1x, https:\/\/i0.wp.com\/larevistadigital.com.ar\/blog\/wp-content\/uploads\/Captura-de-pantalla-2022-02-16-120609.jpg?fit=916%2C497&ssl=1&resize=525%2C300 1.5x, https:\/\/i0.wp.com\/larevistadigital.com.ar\/blog\/wp-content\/uploads\/Captura-de-pantalla-2022-02-16-120609.jpg?fit=916%2C497&ssl=1&resize=700%2C400 2x"},"classes":[]}],"_links":{"self":[{"href":"https:\/\/larevistadigital.com.ar\/blog\/wp-json\/wp\/v2\/posts\/12001","targetHints":{"allow":["GET"]}}],"collection":[{"href":"https:\/\/larevistadigital.com.ar\/blog\/wp-json\/wp\/v2\/posts"}],"about":[{"href":"https:\/\/larevistadigital.com.ar\/blog\/wp-json\/wp\/v2\/types\/post"}],"author":[{"embeddable":true,"href":"https:\/\/larevistadigital.com.ar\/blog\/wp-json\/wp\/v2\/users\/3"}],"replies":[{"embeddable":true,"href":"https:\/\/larevistadigital.com.ar\/blog\/wp-json\/wp\/v2\/comments?post=12001"}],"version-history":[{"count":1,"href":"https:\/\/larevistadigital.com.ar\/blog\/wp-json\/wp\/v2\/posts\/12001\/revisions"}],"predecessor-version":[{"id":12003,"href":"https:\/\/larevistadigital.com.ar\/blog\/wp-json\/wp\/v2\/posts\/12001\/revisions\/12003"}],"wp:featuredmedia":[{"embeddable":true,"href":"https:\/\/larevistadigital.com.ar\/blog\/wp-json\/wp\/v2\/media\/12002"}],"wp:attachment":[{"href":"https:\/\/larevistadigital.com.ar\/blog\/wp-json\/wp\/v2\/media?parent=12001"}],"wp:term":[{"taxonomy":"category","embeddable":true,"href":"https:\/\/larevistadigital.com.ar\/blog\/wp-json\/wp\/v2\/categories?post=12001"},{"taxonomy":"post_tag","embeddable":true,"href":"https:\/\/larevistadigital.com.ar\/blog\/wp-json\/wp\/v2\/tags?post=12001"}],"curies":[{"name":"wp","href":"https:\/\/api.w.org\/{rel}","templated":true}]}}