{"id":12010,"date":"2019-09-13T15:42:12","date_gmt":"2019-09-13T15:42:12","guid":{"rendered":"https:\/\/larevistadigital.com.ar\/blog\/?p=12010"},"modified":"2019-09-13T15:42:12","modified_gmt":"2019-09-13T15:42:12","slug":"vuelven-los-celulares-clasicos-resistentes-todo-terreno-y-con-tapita","status":"publish","type":"post","link":"https:\/\/larevistadigital.com.ar\/blog\/vuelven-los-celulares-clasicos-resistentes-todo-terreno-y-con-tapita\/","title":{"rendered":"VUELVEN LOS CELULARES CL\u00c1SICOS, RESISTENTES, TODO TERRENO Y CON TAPITA"},"content":{"rendered":"<h2><em><strong>La marca Nokia dio a conocer cinco nuevos equipos que remarcan aspectos tradicionales de los modelos cl\u00e1sicos<\/strong>.<\/em><\/h2>\n<p>Nokia se presento en el IFA uno de los encuentros tecnol\u00f3gicos m\u00e1s importantes en donde present\u00f3 su nuevo cat\u00e1logo de equipos. Destacaron los m\u00f3viles con c\u00e1maras de \u00faltima generaci\u00f3n pero al mismo tiempo redise\u00f1aron sus modelos cl\u00e1sicos.<\/p>\n<blockquote>\n<h3>Por un lado presentaron el \u00abindestructible\u00bb\u00a0<strong>Nokia 800 Tough.\u00a0<\/strong>El\u00a0primero robusto de la l\u00ednea para uso en construcciones o la industria que representa un nuevo hito en la durabilidad y vida de la bater\u00eda de los tel\u00e9fonos.\u00a0No es \u00fanicamente resistente al agua y al polvo, tambi\u00e9n est\u00e1 protegido contra ca\u00eddas y hasta puede sobrellevar temperaturas extremas.<\/h3>\n<\/blockquote>\n<p>El\u00a0<strong>Nokia 2720 Flip\u00a0<\/strong>\u00a0marca el regreso de los celulares con tapita y una nueva opci\u00f3n para aquellos amantes de los dispositivos con teclado f\u00edsico incorporado. Se caracteriza por ser un dispositivo compacto y agradable al tacto, pero est\u00e1 orientado por completo a la usabilidad gracias a su tecnolog\u00eda de inteligencia artificial integrada (IA). A su vez, marca el regreso de los celulares con tapita y una nueva opci\u00f3n para aquellos amantes de los dispositivos con teclado f\u00edsico incorporado.<\/p>\n<p><img data-recalc-dims=\"1\" loading=\"lazy\" decoding=\"async\" class=\"size-full wp-image-12013 aligncenter\" src=\"https:\/\/i0.wp.com\/larevistadigital.com.ar\/blog\/wp-content\/uploads\/nokia-2720-300x217.jpg?resize=600%2C434&#038;ssl=1\" alt=\"\" width=\"600\" height=\"434\" srcset=\"https:\/\/i0.wp.com\/larevistadigital.com.ar\/blog\/wp-content\/uploads\/nokia-2720-300x217.jpg?w=600&amp;ssl=1 600w, https:\/\/i0.wp.com\/larevistadigital.com.ar\/blog\/wp-content\/uploads\/nokia-2720-300x217.jpg?resize=300%2C217&amp;ssl=1 300w\" sizes=\"auto, (max-width: 600px) 100vw, 600px\" \/><\/p>\n<p>Por \u00faltimo, tambi\u00e9n estuvo el cl\u00e1sico\u00a0\u00a0<strong>Nokia 110<\/strong>, la opci\u00f3n m\u00e1s economica pero que cuenta con reproductor MP3, c\u00e1mara y radio FM.\u00a0 Y hasta\u00a0 tiene precargado uno de los juegos favoritos de muchos, como el cl\u00e1sico Snake. Su bater\u00eda permite utilizarlo por lo menos 12 horas con solo una carga.<\/p>\n","protected":false},"excerpt":{"rendered":"<div class=\"mh-excerpt\"><p>La marca Nokia dio a conocer cinco nuevos equipos que remarcan aspectos tradicionales de los modelos cl\u00e1sicos. Nokia se presento en el IFA uno de los encuentros tecnol\u00f3gicos m\u00e1s importantes en donde present\u00f3 su nuevo <a class=\"mh-excerpt-more\" href=\"https:\/\/larevistadigital.com.ar\/blog\/vuelven-los-celulares-clasicos-resistentes-todo-terreno-y-con-tapita\/\" title=\"VUELVEN LOS CELULARES CL\u00c1SICOS, RESISTENTES, TODO TERRENO Y CON TAPITA\">[Leer M\u00e1s]<\/a><\/p>\n<\/div>","protected":false},"author":3,"featured_media":12012,"comment_status":"open","ping_status":"open","sticky":false,"template":"","format":"standard","meta":{"_jetpack_memberships_contains_paid_content":false,"footnotes":"","jetpack_publicize_message":"","jetpack_publicize_feature_enabled":true,"jetpack_social_post_already_shared":true,"jetpack_social_options":{"image_generator_settings":{"template":"highway","default_image_id":0,"font":"","enabled":false},"version":2}},"categories":[50],"tags":[],"class_list":{"0":"post-12010","1":"post","2":"type-post","3":"status-publish","4":"format-standard","5":"has-post-thumbnail","7":"category-interes-general"},"jetpack_publicize_connections":[],"jetpack_featured_media_url":"https:\/\/i0.wp.com\/larevistadigital.com.ar\/blog\/wp-content\/uploads\/nokia-110___s-eej3ECb_720x0__1-300x300.jpg?fit=600%2C600&ssl=1","jetpack_sharing_enabled":true,"jetpack_shortlink":"https:\/\/wp.me\/p8qtrQ-37I","jetpack-related-posts":[{"id":29455,"url":"https:\/\/larevistadigital.com.ar\/blog\/plan-ahora-10-se-podran-comprar-celulares-en-diez-cuotas-fijas\/","url_meta":{"origin":12010,"position":0},"title":"PLAN AHORA 10: SE PODR\u00c1N COMPRAR CELULARES EN DIEZ CUOTAS FIJAS","author":"Alejandro Sosa Ruda","date":"13 diciembre, 2022","format":false,"excerpt":"El acuerdo firmado por el gobierno nacional con las empresas del sector impulsa la venta de 70 modelos de tel\u00e9fonos hasta el 15 de marzo con una tasa preferencial del 48%. 13 de diciembre de 2022 El ministro de Econom\u00eda,\u00a0Sergio Massa, anunci\u00f3 ayer la puesta en marcha del\u00a0Plan Ahora 10\u00a0destinado\u2026","rel":"","context":"En \u00abDESTACADAS\u00bb","block_context":{"text":"DESTACADAS","link":"https:\/\/larevistadigital.com.ar\/blog\/category\/destacadas\/"},"img":{"alt_text":"","src":"https:\/\/i0.wp.com\/larevistadigital.com.ar\/blog\/wp-content\/uploads\/0922celularesrastreo-1412038.jpg?fit=1040%2C780&ssl=1&resize=350%2C200","width":350,"height":200,"srcset":"https:\/\/i0.wp.com\/larevistadigital.com.ar\/blog\/wp-content\/uploads\/0922celularesrastreo-1412038.jpg?fit=1040%2C780&ssl=1&resize=350%2C200 1x, https:\/\/i0.wp.com\/larevistadigital.com.ar\/blog\/wp-content\/uploads\/0922celularesrastreo-1412038.jpg?fit=1040%2C780&ssl=1&resize=525%2C300 1.5x, https:\/\/i0.wp.com\/larevistadigital.com.ar\/blog\/wp-content\/uploads\/0922celularesrastreo-1412038.jpg?fit=1040%2C780&ssl=1&resize=700%2C400 2x"},"classes":[]},{"id":35796,"url":"https:\/\/larevistadigital.com.ar\/blog\/6-encuentro-anual-de-automoviles-clasicos-y-antiguos\/","url_meta":{"origin":12010,"position":1},"title":"6\u00b0 ENCUENTRO ANUAL DE AUTOM\u00d3VILES CL\u00c1SICOS Y ANTIGUOS","author":"Alejandro Sosa Ruda","date":"9 abril, 2024","format":false,"excerpt":"Los amantes de los motores, este s\u00e1bado 13 de abril, tienen una cita imperdible en el parque de la Esperanza, cuando se desarrolle la pr\u00f3xima exhibici\u00f3n de autos cl\u00e1sicos y antiguos, de 10 a 18 horas. 9 de abril de 2024 CHASCOM\u00daS -\u00a0 Bajo la organizaci\u00f3n del Club de Autos\u2026","rel":"","context":"En \u00abINTERES GENERAL\u00bb","block_context":{"text":"INTERES GENERAL","link":"https:\/\/larevistadigital.com.ar\/blog\/category\/interes-general\/"},"img":{"alt_text":"","src":"https:\/\/i0.wp.com\/larevistadigital.com.ar\/blog\/wp-content\/uploads\/2024_04_09_00_45_37_4044641.jpg?fit=600%2C400&ssl=1&resize=350%2C200","width":350,"height":200,"srcset":"https:\/\/i0.wp.com\/larevistadigital.com.ar\/blog\/wp-content\/uploads\/2024_04_09_00_45_37_4044641.jpg?fit=600%2C400&ssl=1&resize=350%2C200 1x, https:\/\/i0.wp.com\/larevistadigital.com.ar\/blog\/wp-content\/uploads\/2024_04_09_00_45_37_4044641.jpg?fit=600%2C400&ssl=1&resize=525%2C300 1.5x"},"classes":[]},{"id":27993,"url":"https:\/\/larevistadigital.com.ar\/blog\/volswagen-presento-el-nuevo-polo-que-llegara-a-la-argentina-con-cambios-esteticos-y-mas-equipamiento\/","url_meta":{"origin":12010,"position":2},"title":"VOLSWAGEN PRESENT\u00d3 EL NUEVO POLO QUE LLEGAR\u00c1 A LA ARGENTINA CON CAMBIOS EST\u00c9TICOS Y M\u00c1S EQUIPAMIENTO","author":"Alejandro Sosa Ruda","date":"22 septiembre, 2022","format":false,"excerpt":"El hatchback recibi\u00f3 una actualizaci\u00f3n para mantenerse competitivo en el segmento de Peugeot 208, Fiat Argo y Chevrolet Onix. 22 de septiembre de 2022 Volkswagen\u00a0present\u00f3\u00a0el redise\u00f1o del Polo, su hist\u00f3rico hatchback compacto. Lo hizo en Brasil, pa\u00eds en el que se produce y desde donde llegar\u00e1 importado a la Argentina\u2026","rel":"","context":"En \u00abINTERES GENERAL\u00bb","block_context":{"text":"INTERES GENERAL","link":"https:\/\/larevistadigital.com.ar\/blog\/category\/interes-general\/"},"img":{"alt_text":"","src":"https:\/\/i0.wp.com\/larevistadigital.com.ar\/blog\/wp-content\/uploads\/7a93606b936c123d6c493e24a8df9741.jpg?fit=1200%2C674&ssl=1&resize=350%2C200","width":350,"height":200,"srcset":"https:\/\/i0.wp.com\/larevistadigital.com.ar\/blog\/wp-content\/uploads\/7a93606b936c123d6c493e24a8df9741.jpg?fit=1200%2C674&ssl=1&resize=350%2C200 1x, https:\/\/i0.wp.com\/larevistadigital.com.ar\/blog\/wp-content\/uploads\/7a93606b936c123d6c493e24a8df9741.jpg?fit=1200%2C674&ssl=1&resize=525%2C300 1.5x, https:\/\/i0.wp.com\/larevistadigital.com.ar\/blog\/wp-content\/uploads\/7a93606b936c123d6c493e24a8df9741.jpg?fit=1200%2C674&ssl=1&resize=700%2C400 2x, https:\/\/i0.wp.com\/larevistadigital.com.ar\/blog\/wp-content\/uploads\/7a93606b936c123d6c493e24a8df9741.jpg?fit=1200%2C674&ssl=1&resize=1050%2C600 3x"},"classes":[]},{"id":24295,"url":"https:\/\/larevistadigital.com.ar\/blog\/banco-provincia-lanzo-una-promo-para-comprar-notebooks\/","url_meta":{"origin":12010,"position":3},"title":"BANCO PROVINCIA LANZ\u00d3 UNA PROMO PARA COMPRAR NOTEBOOKS","author":"Alejandro Sosa Ruda","date":"2 marzo, 2022","format":false,"excerpt":"Hay opciones que van desde los $ 37.000 hasta los $ 312.000. La posibilidad est\u00e1 vigente hasta el 11 de marzo. El\u00a0Banco Provincia\u00a0lanz\u00f3 una promoci\u00f3n para comprar notebooks con rebajas y en 24 cuotas sin inter\u00e9s con tarjeta de cr\u00e9dito. Esta liquidaci\u00f3n alcanza a equipos marca\u00a0HP, Dell, Lenovo, Apple, Acer,\u2026","rel":"","context":"En \u00abINTERES GENERAL\u00bb","block_context":{"text":"INTERES GENERAL","link":"https:\/\/larevistadigital.com.ar\/blog\/category\/interes-general\/"},"img":{"alt_text":"","src":"https:\/\/i0.wp.com\/larevistadigital.com.ar\/blog\/wp-content\/uploads\/c941df2485a93973987e5ed2952337dc6710fcf6.jpg?fit=1140%2C704&ssl=1&resize=350%2C200","width":350,"height":200,"srcset":"https:\/\/i0.wp.com\/larevistadigital.com.ar\/blog\/wp-content\/uploads\/c941df2485a93973987e5ed2952337dc6710fcf6.jpg?fit=1140%2C704&ssl=1&resize=350%2C200 1x, https:\/\/i0.wp.com\/larevistadigital.com.ar\/blog\/wp-content\/uploads\/c941df2485a93973987e5ed2952337dc6710fcf6.jpg?fit=1140%2C704&ssl=1&resize=525%2C300 1.5x, https:\/\/i0.wp.com\/larevistadigital.com.ar\/blog\/wp-content\/uploads\/c941df2485a93973987e5ed2952337dc6710fcf6.jpg?fit=1140%2C704&ssl=1&resize=700%2C400 2x, https:\/\/i0.wp.com\/larevistadigital.com.ar\/blog\/wp-content\/uploads\/c941df2485a93973987e5ed2952337dc6710fcf6.jpg?fit=1140%2C704&ssl=1&resize=1050%2C600 3x"},"classes":[]},{"id":9443,"url":"https:\/\/larevistadigital.com.ar\/blog\/nuevo-celular-bueno-lindo-y-barato-que-le-pega-al-iphone-donde-mas-le-duele\/","url_meta":{"origin":12010,"position":4},"title":"NUEVO CELULAR: BUENO, LINDO Y BARATO QUE LE PEGA AL IPHONE DONDE M\u00c1S LE DUELE","author":"Alejandro Sosa Ruda","date":"29 marzo, 2019","format":false,"excerpt":"Mientras firmas como\u00a0Apple, Samsung y Huawei preparan 'sus guantes'\u00a0para\u00a0pelear\u00a0nuevamentepor el liderazgo mundial de venta de celulares alrededor del planeta, un segundo grupo de firmas no quiere perder la chance de subirse al ring confiando en la fortaleza de sus propias armas.\u00a0 \u00a0 \u00a0 Una de estas empresas es la china\u2026","rel":"","context":"En \u00abTECNOLOGIA\u00bb","block_context":{"text":"TECNOLOGIA","link":"https:\/\/larevistadigital.com.ar\/blog\/category\/tecnologia\/"},"img":{"alt_text":"","src":"https:\/\/i0.wp.com\/larevistadigital.com.ar\/blog\/wp-content\/uploads\/2019\/03\/27_03_19_lenovo_crop1553715722275.jpg_1484051676.jpg?fit=875%2C471&ssl=1&resize=350%2C200","width":350,"height":200,"srcset":"https:\/\/i0.wp.com\/larevistadigital.com.ar\/blog\/wp-content\/uploads\/2019\/03\/27_03_19_lenovo_crop1553715722275.jpg_1484051676.jpg?fit=875%2C471&ssl=1&resize=350%2C200 1x, https:\/\/i0.wp.com\/larevistadigital.com.ar\/blog\/wp-content\/uploads\/2019\/03\/27_03_19_lenovo_crop1553715722275.jpg_1484051676.jpg?fit=875%2C471&ssl=1&resize=525%2C300 1.5x, https:\/\/i0.wp.com\/larevistadigital.com.ar\/blog\/wp-content\/uploads\/2019\/03\/27_03_19_lenovo_crop1553715722275.jpg_1484051676.jpg?fit=875%2C471&ssl=1&resize=700%2C400 2x"},"classes":[]},{"id":37365,"url":"https:\/\/larevistadigital.com.ar\/blog\/se-presento-el-catalogo-compre-chascomus\/","url_meta":{"origin":12010,"position":5},"title":"Se present\u00f3 el cat\u00e1logo \u00abCompre Chascom\u00fas\u00bb","author":"Alejandro Sosa Ruda","date":"30 septiembre, 2024","format":false,"excerpt":"El evento tuvo lugar en Casa de Casco en el marco de la celebraci\u00f3n del D\u00eda Internacional del Turismo. 01 de Octubre de 2024 CHASCOM\u00daS -\u00a0 El viernes pasado se present\u00f3 un cat\u00e1logo\u00a0que re\u00fane informaci\u00f3n sobre emprendedores y artesanos, con el prop\u00f3sito de que sea difundido por prestadores tur\u00edsticos y\u2026","rel":"","context":"En \u00abCHASCOM\u00daS\u00bb","block_context":{"text":"CHASCOM\u00daS","link":"https:\/\/larevistadigital.com.ar\/blog\/category\/chascomus\/"},"img":{"alt_text":"","src":"https:\/\/i0.wp.com\/larevistadigital.com.ar\/blog\/wp-content\/uploads\/66fada4323abe.png?fit=668%2C445&ssl=1&resize=350%2C200","width":350,"height":200,"srcset":"https:\/\/i0.wp.com\/larevistadigital.com.ar\/blog\/wp-content\/uploads\/66fada4323abe.png?fit=668%2C445&ssl=1&resize=350%2C200 1x, https:\/\/i0.wp.com\/larevistadigital.com.ar\/blog\/wp-content\/uploads\/66fada4323abe.png?fit=668%2C445&ssl=1&resize=525%2C300 1.5x"},"classes":[]}],"_links":{"self":[{"href":"https:\/\/larevistadigital.com.ar\/blog\/wp-json\/wp\/v2\/posts\/12010","targetHints":{"allow":["GET"]}}],"collection":[{"href":"https:\/\/larevistadigital.com.ar\/blog\/wp-json\/wp\/v2\/posts"}],"about":[{"href":"https:\/\/larevistadigital.com.ar\/blog\/wp-json\/wp\/v2\/types\/post"}],"author":[{"embeddable":true,"href":"https:\/\/larevistadigital.com.ar\/blog\/wp-json\/wp\/v2\/users\/3"}],"replies":[{"embeddable":true,"href":"https:\/\/larevistadigital.com.ar\/blog\/wp-json\/wp\/v2\/comments?post=12010"}],"version-history":[{"count":1,"href":"https:\/\/larevistadigital.com.ar\/blog\/wp-json\/wp\/v2\/posts\/12010\/revisions"}],"predecessor-version":[{"id":12014,"href":"https:\/\/larevistadigital.com.ar\/blog\/wp-json\/wp\/v2\/posts\/12010\/revisions\/12014"}],"wp:featuredmedia":[{"embeddable":true,"href":"https:\/\/larevistadigital.com.ar\/blog\/wp-json\/wp\/v2\/media\/12012"}],"wp:attachment":[{"href":"https:\/\/larevistadigital.com.ar\/blog\/wp-json\/wp\/v2\/media?parent=12010"}],"wp:term":[{"taxonomy":"category","embeddable":true,"href":"https:\/\/larevistadigital.com.ar\/blog\/wp-json\/wp\/v2\/categories?post=12010"},{"taxonomy":"post_tag","embeddable":true,"href":"https:\/\/larevistadigital.com.ar\/blog\/wp-json\/wp\/v2\/tags?post=12010"}],"curies":[{"name":"wp","href":"https:\/\/api.w.org\/{rel}","templated":true}]}}