{"id":12020,"date":"2019-09-13T15:43:39","date_gmt":"2019-09-13T15:43:39","guid":{"rendered":"https:\/\/larevistadigital.com.ar\/blog\/?p=12020"},"modified":"2019-09-13T15:43:39","modified_gmt":"2019-09-13T15:43:39","slug":"olavarria-bioparque-advierte-sobre-presencia-de-ave-invasora-y-perjudicial","status":"publish","type":"post","link":"https:\/\/larevistadigital.com.ar\/blog\/olavarria-bioparque-advierte-sobre-presencia-de-ave-invasora-y-perjudicial\/","title":{"rendered":"Olavarr\u00eda: Bioparque advierte sobre presencia de ave invasora y perjudicial"},"content":{"rendered":"<h3><em>Se llama Estornino Pinto y come granos, insectos, frutas y hasta basura. Compite con la fauna aut\u00f3ctona por la comida y los sitios para anidar y posee un canto ensordecedor. El portal LaNoticia1.com\u00a0dialog\u00f3 con Flavio Maldonado, miembro del Bioparque \u201cLa M\u00e1xima\u201d, establecimiento donde habr\u00eda que llevar el ejemplar en caso de ser encontrado.\u00a0<\/em><\/h3>\n<p>Es un ave poco conocida que amenaza con transformarse en un problema para el ambiente.\u00a0<strong>Hace 4 a\u00f1os se detect\u00f3 el primer ejemplar en la regi\u00f3n pero cada vez se advierte mayor cantidad.\u00a0<\/strong>Ya hay invasi\u00f3n en Mendoza, San Juan y La Plata.<strong>\u00a0En caso de encontrar este p\u00e1jaro se recomienda llevarlo al Bioparque municipal \u201cLa M\u00e1xima\u201d.<\/strong><\/p>\n<p><strong>\u201cHace 4 a\u00f1os la detectamos. Un observador de aves lo advirti\u00f3 en un parque cercano, despu\u00e9s yo vi uno en nuestro bioparque y otro se detect\u00f3 en parque Cerrito. A partir de ah\u00ed lo que se empez\u00f3 a ver es que cada d\u00eda era m\u00e1s com\u00fan.<\/strong>\u00a0La semana pasada una persona encontr\u00f3 un Estornino Pinto y lo alcanz\u00f3 al Bioparque que funciona como centro de rescate y rehabilitaci\u00f3n de fauna silvestre\u201d, explic\u00f3<strong>\u00a0Flavio Maldonado, miembro del Bioparque<\/strong>\u00a0, a<em>\u00a0LaNoticia1.com.<\/em><\/p>\n<p>El p\u00e1jaro es nativo de Europa, Asia y norte de \u00c1frica. Tiene tama\u00f1o mediano, mide aproximadamente 20 cent\u00edmetros y pesa alrededor de 100 gramos.<strong>\u00a0Se alimenta con una dieta omn\u00edvora que come granos, insectos, frutas y hasta basura.\u00a0<\/strong>Es considerada una de las especies invasoras con mayor \u00e9xito colonizador y m\u00e1s perjudiciales del mundo.<\/p>\n<blockquote>\n<h3><strong>\u201cCuando baja en bandadas se alimenta de cultivos y causa perjuicios econ\u00f3micos. Tambi\u00e9n transmite enfermedades y produce un\u00a0ruido ensordecedor que no permite dormir a la gente\u201d<\/strong>, asegur\u00f3 Maldonado.<strong>\u00a0\u00abEn La Plata es donde m\u00e1s impacto est\u00e1 teniendo.<\/strong>\u00a0Ya hay invasi\u00f3n en Mendoza y San Juan aunque todav\u00eda no tienen impacto sobre los cultivos y los vi\u00f1edos\u00bb.<\/h3>\n<\/blockquote>\n<p>Para identificarlo se debe observar que su plumaje es negro con muchos reflejos y brillos de tonos violetas y verdosos, con matices met\u00e1licos muy llamativos, pero\u00a0<strong>la\u00a0se\u00f1a que lo identifica es la enorme cantidad de puntos blanquecinos que predominan en su plumaje<\/strong>, sobre todo en invierno, de ah\u00ed su nombre \u00abpinto\u00bb. Existen muy pocas diferencias entre el macho y la hembra, mientras que los juveniles son de tonos casta\u00f1os y marrones.<\/p>\n<p><em><strong>\u201cLa gente a veces encuentra los animales, los rehabilita en la casa y los vuelve a liberar. La idea es que lo traigan al bioparque.\u00a0Nosotros somos un \u00f3rgano encargado de comunicar, no estamos para controlar especies ex\u00f3ticas. Para eso hay organismos a nivel provincial y nacional que se tiene que encargar\u201d<\/strong><\/em>, advirti\u00f3 el miembro de \u201cLa M\u00e1xima\u201d.<\/p>\n<p>fuente: LN1<\/p>\n","protected":false},"excerpt":{"rendered":"<div class=\"mh-excerpt\"><p>Se llama Estornino Pinto y come granos, insectos, frutas y hasta basura. Compite con la fauna aut\u00f3ctona por la comida y los sitios para anidar y posee un canto ensordecedor. El portal LaNoticia1.com\u00a0dialog\u00f3 con Flavio <a class=\"mh-excerpt-more\" href=\"https:\/\/larevistadigital.com.ar\/blog\/olavarria-bioparque-advierte-sobre-presencia-de-ave-invasora-y-perjudicial\/\" title=\"Olavarr\u00eda: Bioparque advierte sobre presencia de ave invasora y perjudicial\">[Leer M\u00e1s]<\/a><\/p>\n<\/div>","protected":false},"author":3,"featured_media":12022,"comment_status":"open","ping_status":"open","sticky":false,"template":"","format":"standard","meta":{"_jetpack_memberships_contains_paid_content":false,"footnotes":"","jetpack_publicize_message":"","jetpack_publicize_feature_enabled":true,"jetpack_social_post_already_shared":true,"jetpack_social_options":{"image_generator_settings":{"template":"highway","default_image_id":0,"font":"","enabled":false},"version":2}},"categories":[50],"tags":[],"class_list":{"0":"post-12020","1":"post","2":"type-post","3":"status-publish","4":"format-standard","5":"has-post-thumbnail","7":"category-interes-general"},"jetpack_publicize_connections":[],"jetpack_featured_media_url":"https:\/\/i0.wp.com\/larevistadigital.com.ar\/blog\/wp-content\/uploads\/pinto1.jpg?fit=600%2C375&ssl=1","jetpack_sharing_enabled":true,"jetpack_shortlink":"https:\/\/wp.me\/p8qtrQ-37S","jetpack-related-posts":[{"id":14879,"url":"https:\/\/larevistadigital.com.ar\/blog\/el-municipio-advierte-por-alerta-meteorologica\/","url_meta":{"origin":12020,"position":0},"title":"EL MUNICIPIO ADVIERTE POR ALERTA METEOROL\u00d3GICA!","author":"Alejandro Sosa Ruda","date":"17 febrero, 2020","format":false,"excerpt":"A trav\u00e9s del grupo de Prensa de Whatsapp, el Municipio de Chascom\u00fas advierte a los vecinos de un alerta meteorol\u00f3gica a corto plazo para la zona, recomendando que se tomen las precauciones del caso, y brindando los tel\u00e9fonos \u00fatiles. EL COMUNICADO: ALERTA METEOROL\u00d3GICO A MUY CORTO PLAZO POR LLUVIAS INTENSAS\u2026","rel":"","context":"En \u00abINTERES GENERAL\u00bb","block_context":{"text":"INTERES GENERAL","link":"https:\/\/larevistadigital.com.ar\/blog\/category\/interes-general\/"},"img":{"alt_text":"","src":"https:\/\/i0.wp.com\/larevistadigital.com.ar\/blog\/wp-content\/uploads\/20293_alertai.jpg?fit=650%2C360&ssl=1&resize=350%2C200","width":350,"height":200,"srcset":"https:\/\/i0.wp.com\/larevistadigital.com.ar\/blog\/wp-content\/uploads\/20293_alertai.jpg?fit=650%2C360&ssl=1&resize=350%2C200 1x, https:\/\/i0.wp.com\/larevistadigital.com.ar\/blog\/wp-content\/uploads\/20293_alertai.jpg?fit=650%2C360&ssl=1&resize=525%2C300 1.5x"},"classes":[]},{"id":19944,"url":"https:\/\/larevistadigital.com.ar\/blog\/mar-del-plata-aparecio-una-ballena-muerta-en-una-de-las-playas-del-faro\/","url_meta":{"origin":12020,"position":1},"title":"MAR DEL PLATA: APARECI\u00d3 UNA BALLENA MUERTA EN UNA DE LAS PLAYAS DEL FARO","author":"Alejandro Sosa Ruda","date":"29 abril, 2021","format":false,"excerpt":"Se trata de un ejemplar joven de ballena jorobada. Defensa Civil espera las indicaciones de los especialistas para retirar los restos. Una\u00a0ballena de unos 8 metros\u00a0de largo apareci\u00f3 sin vida este jueves por la ma\u00f1ana en la\u00a0costa de Mar del Plata. A partir de ahora comenzar\u00e1 la tarea para retirar\u2026","rel":"","context":"En \u00abREGIONALES\u00bb","block_context":{"text":"REGIONALES","link":"https:\/\/larevistadigital.com.ar\/blog\/category\/regionales\/"},"img":{"alt_text":"","src":"https:\/\/i0.wp.com\/larevistadigital.com.ar\/blog\/wp-content\/uploads\/BALLENA-DETONADA.png?fit=1003%2C531&ssl=1&resize=350%2C200","width":350,"height":200,"srcset":"https:\/\/i0.wp.com\/larevistadigital.com.ar\/blog\/wp-content\/uploads\/BALLENA-DETONADA.png?fit=1003%2C531&ssl=1&resize=350%2C200 1x, https:\/\/i0.wp.com\/larevistadigital.com.ar\/blog\/wp-content\/uploads\/BALLENA-DETONADA.png?fit=1003%2C531&ssl=1&resize=525%2C300 1.5x, https:\/\/i0.wp.com\/larevistadigital.com.ar\/blog\/wp-content\/uploads\/BALLENA-DETONADA.png?fit=1003%2C531&ssl=1&resize=700%2C400 2x"},"classes":[]},{"id":22933,"url":"https:\/\/larevistadigital.com.ar\/blog\/la-asociacion-bancaria-renovo-autoridades-en-una-ejemplar-eleccion-nacional\/","url_meta":{"origin":12020,"position":2},"title":"LA ASOCIACI\u00d3N BANCARIA RENOV\u00d3 AUTORIDADES EN UNA EJEMPLAR ELECCI\u00d3N NACIONAL","author":"Alejandro Sosa Ruda","date":"14 diciembre, 2021","format":false,"excerpt":"As\u00ed ocurri\u00f3 en Chascom\u00fas como en todo el pa\u00eds. La seccional cuyo referente es el dirigente nacional Juan Emilio Pallo, y que tiene como secretario general a Franc\u00edsco Rodriguez dio un ejemplo de democracia, transparencia y unidad. CHASCOM\u00daS -\u00a0 En el d\u00eda de hoy, 14 de diciembre, se llevaron a\u2026","rel":"","context":"En \u00abDESTACADAS\u00bb","block_context":{"text":"DESTACADAS","link":"https:\/\/larevistadigital.com.ar\/blog\/category\/destacadas\/"},"img":{"alt_text":"","src":"https:\/\/i0.wp.com\/larevistadigital.com.ar\/blog\/wp-content\/uploads\/2017\/04\/tema_Asociacion_Bancaria030816930711.jpg?fit=960%2C460&ssl=1&resize=350%2C200","width":350,"height":200,"srcset":"https:\/\/i0.wp.com\/larevistadigital.com.ar\/blog\/wp-content\/uploads\/2017\/04\/tema_Asociacion_Bancaria030816930711.jpg?fit=960%2C460&ssl=1&resize=350%2C200 1x, https:\/\/i0.wp.com\/larevistadigital.com.ar\/blog\/wp-content\/uploads\/2017\/04\/tema_Asociacion_Bancaria030816930711.jpg?fit=960%2C460&ssl=1&resize=525%2C300 1.5x, https:\/\/i0.wp.com\/larevistadigital.com.ar\/blog\/wp-content\/uploads\/2017\/04\/tema_Asociacion_Bancaria030816930711.jpg?fit=960%2C460&ssl=1&resize=700%2C400 2x"},"classes":[]},{"id":8293,"url":"https:\/\/larevistadigital.com.ar\/blog\/plumifero-feminista-panico-por-pajaro-que-ataca-solo-a-los-hombres\/","url_meta":{"origin":12020,"position":3},"title":"\u00a1PLUM\u00cdFERO FEMINISTA! P\u00c1NICO POR P\u00c1JARO QUE ATACA SOLO A LOS HOMBRES","author":"Alejandro Sosa Ruda","date":"10 febrero, 2019","format":false,"excerpt":"La temible ave picotea a las personas del g\u00e9nero masculino que pasan por la puerta de un hotel en Lima, Per\u00fa. Denuncias que son varios los casos.\u00a0\u00a1No te pierdas el video! Una usuaria de Twitter\u00a0comparti\u00f3 varios videos en los que se observa c\u00f3mo un p\u00e1jaro ataca a hombres en la\u2026","rel":"","context":"En \u00abCURIOSAS\u00bb","block_context":{"text":"CURIOSAS","link":"https:\/\/larevistadigital.com.ar\/blog\/category\/curiosas\/"},"img":{"alt_text":"","src":"https:\/\/i0.wp.com\/larevistadigital.com.ar\/blog\/wp-content\/uploads\/2019\/02\/pajarito.jpg_1734428432.jpg?fit=970%2C546&ssl=1&resize=350%2C200","width":350,"height":200,"srcset":"https:\/\/i0.wp.com\/larevistadigital.com.ar\/blog\/wp-content\/uploads\/2019\/02\/pajarito.jpg_1734428432.jpg?fit=970%2C546&ssl=1&resize=350%2C200 1x, https:\/\/i0.wp.com\/larevistadigital.com.ar\/blog\/wp-content\/uploads\/2019\/02\/pajarito.jpg_1734428432.jpg?fit=970%2C546&ssl=1&resize=525%2C300 1.5x, https:\/\/i0.wp.com\/larevistadigital.com.ar\/blog\/wp-content\/uploads\/2019\/02\/pajarito.jpg_1734428432.jpg?fit=970%2C546&ssl=1&resize=700%2C400 2x"},"classes":[]},{"id":33230,"url":"https:\/\/larevistadigital.com.ar\/blog\/vuelta-al-barbijo-la-oms-advierte-por-una-nueva-ola-de-covid-19\/","url_meta":{"origin":12020,"position":4},"title":"\u00bfVUELTA AL BARBIJO?: LA OMS ADVIERTE POR UNA NUEVA OLA DE COVID 19","author":"Alejandro Sosa Ruda","date":"3 septiembre, 2023","format":false,"excerpt":"Entre el 31 de julio y el 27 de agosto se han notificado a la Organizaci\u00f3n Mundial de la Salud (OMS) m\u00e1s de 1,4 millones de casos nuevos de covid-19, lo que supone un aumento del 38 % respecto a los 28 d\u00edas previos. Corea del Sur es el pa\u00eds\u2026","rel":"","context":"En \u00abINTERES GENERAL\u00bb","block_context":{"text":"INTERES GENERAL","link":"https:\/\/larevistadigital.com.ar\/blog\/category\/interes-general\/"},"img":{"alt_text":"","src":"https:\/\/i0.wp.com\/larevistadigital.com.ar\/blog\/wp-content\/uploads\/20230903161432_oms-alertaa-covid-bondi.jpg?fit=880%2C512&ssl=1&resize=350%2C200","width":350,"height":200,"srcset":"https:\/\/i0.wp.com\/larevistadigital.com.ar\/blog\/wp-content\/uploads\/20230903161432_oms-alertaa-covid-bondi.jpg?fit=880%2C512&ssl=1&resize=350%2C200 1x, https:\/\/i0.wp.com\/larevistadigital.com.ar\/blog\/wp-content\/uploads\/20230903161432_oms-alertaa-covid-bondi.jpg?fit=880%2C512&ssl=1&resize=525%2C300 1.5x, https:\/\/i0.wp.com\/larevistadigital.com.ar\/blog\/wp-content\/uploads\/20230903161432_oms-alertaa-covid-bondi.jpg?fit=880%2C512&ssl=1&resize=700%2C400 2x"},"classes":[]},{"id":35496,"url":"https:\/\/larevistadigital.com.ar\/blog\/mar-del-plata-hallan-pinguinos-por-que-salen-y-que-se-debe-hacer\/","url_meta":{"origin":12020,"position":5},"title":"MAR DEL PLATA: HALLAN PING\u00dcINOS. POR QU\u00c9 SALEN Y QU\u00c9 SE DEBE HACER.","author":"Alejandro Sosa Ruda","date":"10 marzo, 2024","format":false,"excerpt":"En los \u00faltimos d\u00edas, un ejemplar juvenil apareci\u00f3 fuera del mar en la zona costera del norte de la ciudad. 10 de marzo de 2024 MAR DEL PLATA -\u00a0 \u00a0No es algo com\u00fan, aunque tampoco inusual, avistar ping\u00fcinos en las playas de Mar del Plata. De hecho, cada a\u00f1o, especialmente\u2026","rel":"","context":"En \u00abREGIONALES\u00bb","block_context":{"text":"REGIONALES","link":"https:\/\/larevistadigital.com.ar\/blog\/category\/regionales\/"},"img":{"alt_text":"","src":"https:\/\/i0.wp.com\/larevistadigital.com.ar\/blog\/wp-content\/uploads\/Captura-de-pantalla-2024-03-10-222015.png?fit=799%2C407&ssl=1&resize=350%2C200","width":350,"height":200,"srcset":"https:\/\/i0.wp.com\/larevistadigital.com.ar\/blog\/wp-content\/uploads\/Captura-de-pantalla-2024-03-10-222015.png?fit=799%2C407&ssl=1&resize=350%2C200 1x, https:\/\/i0.wp.com\/larevistadigital.com.ar\/blog\/wp-content\/uploads\/Captura-de-pantalla-2024-03-10-222015.png?fit=799%2C407&ssl=1&resize=525%2C300 1.5x, https:\/\/i0.wp.com\/larevistadigital.com.ar\/blog\/wp-content\/uploads\/Captura-de-pantalla-2024-03-10-222015.png?fit=799%2C407&ssl=1&resize=700%2C400 2x"},"classes":[]}],"_links":{"self":[{"href":"https:\/\/larevistadigital.com.ar\/blog\/wp-json\/wp\/v2\/posts\/12020","targetHints":{"allow":["GET"]}}],"collection":[{"href":"https:\/\/larevistadigital.com.ar\/blog\/wp-json\/wp\/v2\/posts"}],"about":[{"href":"https:\/\/larevistadigital.com.ar\/blog\/wp-json\/wp\/v2\/types\/post"}],"author":[{"embeddable":true,"href":"https:\/\/larevistadigital.com.ar\/blog\/wp-json\/wp\/v2\/users\/3"}],"replies":[{"embeddable":true,"href":"https:\/\/larevistadigital.com.ar\/blog\/wp-json\/wp\/v2\/comments?post=12020"}],"version-history":[{"count":2,"href":"https:\/\/larevistadigital.com.ar\/blog\/wp-json\/wp\/v2\/posts\/12020\/revisions"}],"predecessor-version":[{"id":12024,"href":"https:\/\/larevistadigital.com.ar\/blog\/wp-json\/wp\/v2\/posts\/12020\/revisions\/12024"}],"wp:featuredmedia":[{"embeddable":true,"href":"https:\/\/larevistadigital.com.ar\/blog\/wp-json\/wp\/v2\/media\/12022"}],"wp:attachment":[{"href":"https:\/\/larevistadigital.com.ar\/blog\/wp-json\/wp\/v2\/media?parent=12020"}],"wp:term":[{"taxonomy":"category","embeddable":true,"href":"https:\/\/larevistadigital.com.ar\/blog\/wp-json\/wp\/v2\/categories?post=12020"},{"taxonomy":"post_tag","embeddable":true,"href":"https:\/\/larevistadigital.com.ar\/blog\/wp-json\/wp\/v2\/tags?post=12020"}],"curies":[{"name":"wp","href":"https:\/\/api.w.org\/{rel}","templated":true}]}}