{"id":12025,"date":"2019-09-13T15:45:56","date_gmt":"2019-09-13T15:45:56","guid":{"rendered":"https:\/\/larevistadigital.com.ar\/blog\/?p=12025"},"modified":"2019-09-13T16:23:11","modified_gmt":"2019-09-13T16:23:11","slug":"lezama-secuestran-un-arma-y-mariguana-en-un-operativo","status":"publish","type":"post","link":"https:\/\/larevistadigital.com.ar\/blog\/lezama-secuestran-un-arma-y-mariguana-en-un-operativo\/","title":{"rendered":"LEZAMA: SECUESTRAN UN ARMA Y MARIHUANA EN UN OPERATIVO"},"content":{"rendered":"<p>En la tarde de ayer, personal policial del Destacamento Vial; Estaci\u00f3n Comunal y Comando de Prevenci\u00f3n Rural de Lezama\u00a0en conjunto con funcionarios de la Subsecretar\u00eda de Seguridad del citado Distrito bonaerense efectuaron varios procedimientos antidrogas en la Autov\u00eda 2 en el acceso Norte de la ciudad.<\/p>\n<blockquote>\n<h3>En primer lugar se intercept\u00f3 un autom\u00f3vil marca Volkswagen modelo Gol Trend en el que circulaban un hombre y una mujer oriundos del partido de Avellaneda, a quienes se les hall\u00f3 marihuana entre sus pertenencias.<\/h3>\n<\/blockquote>\n<p>Posteriormente se intercept\u00f3 un Peugeot 206, en el que viajaba un joven oriundo de Mar del Plata a quien tambi\u00e9n se le encontr\u00f3 marihuana.<\/p>\n<p>Publicado en Infozona<\/p>\n","protected":false},"excerpt":{"rendered":"<div class=\"mh-excerpt\"><p>En la tarde de ayer, personal policial del Destacamento Vial; Estaci\u00f3n Comunal y Comando de Prevenci\u00f3n Rural de Lezama\u00a0en conjunto con funcionarios de la Subsecretar\u00eda de Seguridad del citado Distrito bonaerense efectuaron varios procedimientos antidrogas <a class=\"mh-excerpt-more\" href=\"https:\/\/larevistadigital.com.ar\/blog\/lezama-secuestran-un-arma-y-mariguana-en-un-operativo\/\" title=\"LEZAMA: SECUESTRAN UN ARMA Y MARIHUANA EN UN OPERATIVO\">[Leer M\u00e1s]<\/a><\/p>\n<\/div>","protected":false},"author":3,"featured_media":12026,"comment_status":"open","ping_status":"open","sticky":false,"template":"","format":"standard","meta":{"_jetpack_memberships_contains_paid_content":false,"footnotes":"","jetpack_publicize_message":"","jetpack_publicize_feature_enabled":true,"jetpack_social_post_already_shared":true,"jetpack_social_options":{"image_generator_settings":{"template":"highway","default_image_id":0,"font":"","enabled":false},"version":2}},"categories":[7,51],"tags":[],"class_list":{"0":"post-12025","1":"post","2":"type-post","3":"status-publish","4":"format-standard","5":"has-post-thumbnail","7":"category-lezama","8":"category-regionales"},"jetpack_publicize_connections":[],"jetpack_featured_media_url":"https:\/\/i0.wp.com\/larevistadigital.com.ar\/blog\/wp-content\/uploads\/control-lezama-750x375.jpg?fit=750%2C375&ssl=1","jetpack_sharing_enabled":true,"jetpack_shortlink":"https:\/\/wp.me\/p8qtrQ-37X","jetpack-related-posts":[{"id":9755,"url":"https:\/\/larevistadigital.com.ar\/blog\/lezama-secuestran-marihuana-en-un-operativo\/","url_meta":{"origin":12025,"position":0},"title":"LEZAMA: SECUESTRAN MARIHUANA EN UN OPERATIVO","author":"Alejandro Sosa Ruda","date":"18 abril, 2019","format":false,"excerpt":"En un operativo conjunto llevado a cabo en la v\u00edspera por Polic\u00eda de Seguridad Vial Lezama Estaci\u00f3n de Polic\u00eda Comunal Lezama, Personal de Narcotr\u00e1fico de Chascom\u00fas y personal de la Secretaria de Seguridad de Lezama en la Autov\u00eda 2 a la altura del Km. 156.500 en jurisdicci\u00f3n de la ciudad\u2026","rel":"","context":"En \u00abLEZAMA\u00bb","block_context":{"text":"LEZAMA","link":"https:\/\/larevistadigital.com.ar\/blog\/category\/lezama\/"},"img":{"alt_text":"","src":"https:\/\/i0.wp.com\/larevistadigital.com.ar\/blog\/wp-content\/uploads\/2019\/04\/DROGA-LEZAMA.jpg?fit=1200%2C583&ssl=1&resize=350%2C200","width":350,"height":200,"srcset":"https:\/\/i0.wp.com\/larevistadigital.com.ar\/blog\/wp-content\/uploads\/2019\/04\/DROGA-LEZAMA.jpg?fit=1200%2C583&ssl=1&resize=350%2C200 1x, https:\/\/i0.wp.com\/larevistadigital.com.ar\/blog\/wp-content\/uploads\/2019\/04\/DROGA-LEZAMA.jpg?fit=1200%2C583&ssl=1&resize=525%2C300 1.5x, https:\/\/i0.wp.com\/larevistadigital.com.ar\/blog\/wp-content\/uploads\/2019\/04\/DROGA-LEZAMA.jpg?fit=1200%2C583&ssl=1&resize=700%2C400 2x, https:\/\/i0.wp.com\/larevistadigital.com.ar\/blog\/wp-content\/uploads\/2019\/04\/DROGA-LEZAMA.jpg?fit=1200%2C583&ssl=1&resize=1050%2C600 3x"},"classes":[]},{"id":5958,"url":"https:\/\/larevistadigital.com.ar\/blog\/interceptaron-un-auto-con-importante-cantidad-de-drogas-en-la-autovia-2\/","url_meta":{"origin":12025,"position":1},"title":"interceptaron un auto con importante cantidad de drogas en la Autov\u00eda 2","author":"admin","date":"8 julio, 2018","format":false,"excerpt":"Se logr\u00f3 secuestrar ocho ladrillos de marihuana que eran transportados en un veh\u00edculo Peugeot 206 de color gris proveniente de la Ciudad Aut\u00f3noma de Buenos Aires. Desde la Superintendencia de Investigaciones del trafico de drogas il\u00edcitas y Crimen Organizado de la Provincia de Buenos Aires a cargo del Comisario General\u2026","rel":"","context":"En \u00abLEZAMA\u00bb","block_context":{"text":"LEZAMA","link":"https:\/\/larevistadigital.com.ar\/blog\/category\/lezama\/"},"img":{"alt_text":"","src":"https:\/\/i0.wp.com\/larevistadigital.com.ar\/blog\/wp-content\/uploads\/2018\/07\/resize_1530185976.jpg?fit=696%2C522&ssl=1&resize=350%2C200","width":350,"height":200,"srcset":"https:\/\/i0.wp.com\/larevistadigital.com.ar\/blog\/wp-content\/uploads\/2018\/07\/resize_1530185976.jpg?fit=696%2C522&ssl=1&resize=350%2C200 1x, https:\/\/i0.wp.com\/larevistadigital.com.ar\/blog\/wp-content\/uploads\/2018\/07\/resize_1530185976.jpg?fit=696%2C522&ssl=1&resize=525%2C300 1.5x"},"classes":[]},{"id":4922,"url":"https:\/\/larevistadigital.com.ar\/blog\/chascomus-la-policia-comunal-intercepta-jovenes-marihuana\/","url_meta":{"origin":12025,"position":2},"title":"CHASCOM\u00daS: LA POLIC\u00cdA COMUNAL INTERCEPTA J\u00d3VENES CON MARIHUANA","author":"Alejandro Sosa Ruda","date":"14 febrero, 2018","format":false,"excerpt":"En horas de la tarde del s\u00e1bado pasado, personal de la cuadr\u00edcula, en cercan\u00edas de la Estaci\u00f3n Ferroautomotor, detecta dos j\u00f3venes en actitud sospechosa, por lo que procede a interceptarlos para su identificaci\u00f3n. Se trataba de un hombre mayor, de 21 a\u00f1os de edad, y una chica menor de edad,\u2026","rel":"","context":"En \u00abPOLICIALES\u00bb","block_context":{"text":"POLICIALES","link":"https:\/\/larevistadigital.com.ar\/blog\/category\/policiales\/"},"img":{"alt_text":"","src":"https:\/\/i0.wp.com\/larevistadigital.com.ar\/blog\/wp-content\/uploads\/2018\/02\/WhatsApp-Image-2018-02-14-at-14.05.51.jpeg?fit=650%2C786&ssl=1&resize=350%2C200","width":350,"height":200,"srcset":"https:\/\/i0.wp.com\/larevistadigital.com.ar\/blog\/wp-content\/uploads\/2018\/02\/WhatsApp-Image-2018-02-14-at-14.05.51.jpeg?fit=650%2C786&ssl=1&resize=350%2C200 1x, https:\/\/i0.wp.com\/larevistadigital.com.ar\/blog\/wp-content\/uploads\/2018\/02\/WhatsApp-Image-2018-02-14-at-14.05.51.jpeg?fit=650%2C786&ssl=1&resize=525%2C300 1.5x"},"classes":[]},{"id":39446,"url":"https:\/\/larevistadigital.com.ar\/blog\/chascomus-durante-operativos-de-prevencion-la-policia-incauto-marihuana\/","url_meta":{"origin":12025,"position":3},"title":"Chascom\u00fas: durante operativos de prevenci\u00f3n, la polic\u00eda incaut\u00f3 marihuana","author":"Alejandro Sosa Ruda","date":"19 abril, 2025","format":false,"excerpt":"Durante un operativo de prevenci\u00f3n en el marco de Semana Santa, las fuerzas de seguridad lograron incautar sustancias ilegales. 19 de Abril de 2025 CHASCOM\u00daS -\u00a0 En el marco del dispositivo especial de seguridad por el fin de semana largo, personal de la Polic\u00eda Vial y efectivos de la Comisar\u00eda\u2026","rel":"","context":"En \u00abDESTACADAS\u00bb","block_context":{"text":"DESTACADAS","link":"https:\/\/larevistadigital.com.ar\/blog\/category\/destacadas\/"},"img":{"alt_text":"","src":"https:\/\/i0.wp.com\/larevistadigital.com.ar\/blog\/wp-content\/uploads\/Screenshot_1-121.jpg?fit=1007%2C565&ssl=1&resize=350%2C200","width":350,"height":200,"srcset":"https:\/\/i0.wp.com\/larevistadigital.com.ar\/blog\/wp-content\/uploads\/Screenshot_1-121.jpg?fit=1007%2C565&ssl=1&resize=350%2C200 1x, https:\/\/i0.wp.com\/larevistadigital.com.ar\/blog\/wp-content\/uploads\/Screenshot_1-121.jpg?fit=1007%2C565&ssl=1&resize=525%2C300 1.5x, https:\/\/i0.wp.com\/larevistadigital.com.ar\/blog\/wp-content\/uploads\/Screenshot_1-121.jpg?fit=1007%2C565&ssl=1&resize=700%2C400 2x"},"classes":[]},{"id":19495,"url":"https:\/\/larevistadigital.com.ar\/blog\/el-temporal-en-lezama\/","url_meta":{"origin":12025,"position":4},"title":"EL TEMPORAL EN LEZAMA","author":"Alejandro Sosa Ruda","date":"28 marzo, 2021","format":false,"excerpt":"LEZAMA - Seg\u00fan informaron los Bomberos Voluntarios de Lezama, esta tarde cayeron 68 mm que, sumados a los 40 que que llovi\u00f3 durante la ma\u00f1ana, generaron el anegamieto de calles y muchas viviendas fueron afectadas por el ingreso de agua. Hay que agregar que, Lezama es una de las localidades\u2026","rel":"","context":"En \u00abLEZAMA\u00bb","block_context":{"text":"LEZAMA","link":"https:\/\/larevistadigital.com.ar\/blog\/category\/lezama\/"},"img":{"alt_text":"","src":"https:\/\/i0.wp.com\/larevistadigital.com.ar\/blog\/wp-content\/uploads\/164865677_1445289399151911_7404351214508165210_n.jpg?fit=720%2C614&ssl=1&resize=350%2C200","width":350,"height":200,"srcset":"https:\/\/i0.wp.com\/larevistadigital.com.ar\/blog\/wp-content\/uploads\/164865677_1445289399151911_7404351214508165210_n.jpg?fit=720%2C614&ssl=1&resize=350%2C200 1x, https:\/\/i0.wp.com\/larevistadigital.com.ar\/blog\/wp-content\/uploads\/164865677_1445289399151911_7404351214508165210_n.jpg?fit=720%2C614&ssl=1&resize=525%2C300 1.5x, https:\/\/i0.wp.com\/larevistadigital.com.ar\/blog\/wp-content\/uploads\/164865677_1445289399151911_7404351214508165210_n.jpg?fit=720%2C614&ssl=1&resize=700%2C400 2x"},"classes":[]},{"id":8922,"url":"https:\/\/larevistadigital.com.ar\/blog\/lezama-aviso-importante\/","url_meta":{"origin":12025,"position":5},"title":"LEZAMA: AVISO IMPORTANTE","author":"Alejandro Sosa Ruda","date":"8 marzo, 2019","format":false,"excerpt":"IPS: AVISO IMPORTANTE A trav\u00e9s de la cuenta de facebook del municipio de Lezama, se dio aviso que la oficina local del IPS permanecer\u00e1 cerrada\u00a0desde el lunes 11\/3 hasta el lunes 18\/3 inclusive. \u00a0 \u00a0 \u00a0","rel":"","context":"En \u00abLEZAMA\u00bb","block_context":{"text":"LEZAMA","link":"https:\/\/larevistadigital.com.ar\/blog\/category\/lezama\/"},"img":{"alt_text":"","src":"https:\/\/i0.wp.com\/larevistadigital.com.ar\/blog\/wp-content\/uploads\/2019\/03\/53934104_1417598281766202_5038363316745928704_n.jpg?fit=848%2C477&ssl=1&resize=350%2C200","width":350,"height":200,"srcset":"https:\/\/i0.wp.com\/larevistadigital.com.ar\/blog\/wp-content\/uploads\/2019\/03\/53934104_1417598281766202_5038363316745928704_n.jpg?fit=848%2C477&ssl=1&resize=350%2C200 1x, https:\/\/i0.wp.com\/larevistadigital.com.ar\/blog\/wp-content\/uploads\/2019\/03\/53934104_1417598281766202_5038363316745928704_n.jpg?fit=848%2C477&ssl=1&resize=525%2C300 1.5x, https:\/\/i0.wp.com\/larevistadigital.com.ar\/blog\/wp-content\/uploads\/2019\/03\/53934104_1417598281766202_5038363316745928704_n.jpg?fit=848%2C477&ssl=1&resize=700%2C400 2x"},"classes":[]}],"_links":{"self":[{"href":"https:\/\/larevistadigital.com.ar\/blog\/wp-json\/wp\/v2\/posts\/12025","targetHints":{"allow":["GET"]}}],"collection":[{"href":"https:\/\/larevistadigital.com.ar\/blog\/wp-json\/wp\/v2\/posts"}],"about":[{"href":"https:\/\/larevistadigital.com.ar\/blog\/wp-json\/wp\/v2\/types\/post"}],"author":[{"embeddable":true,"href":"https:\/\/larevistadigital.com.ar\/blog\/wp-json\/wp\/v2\/users\/3"}],"replies":[{"embeddable":true,"href":"https:\/\/larevistadigital.com.ar\/blog\/wp-json\/wp\/v2\/comments?post=12025"}],"version-history":[{"count":2,"href":"https:\/\/larevistadigital.com.ar\/blog\/wp-json\/wp\/v2\/posts\/12025\/revisions"}],"predecessor-version":[{"id":12048,"href":"https:\/\/larevistadigital.com.ar\/blog\/wp-json\/wp\/v2\/posts\/12025\/revisions\/12048"}],"wp:featuredmedia":[{"embeddable":true,"href":"https:\/\/larevistadigital.com.ar\/blog\/wp-json\/wp\/v2\/media\/12026"}],"wp:attachment":[{"href":"https:\/\/larevistadigital.com.ar\/blog\/wp-json\/wp\/v2\/media?parent=12025"}],"wp:term":[{"taxonomy":"category","embeddable":true,"href":"https:\/\/larevistadigital.com.ar\/blog\/wp-json\/wp\/v2\/categories?post=12025"},{"taxonomy":"post_tag","embeddable":true,"href":"https:\/\/larevistadigital.com.ar\/blog\/wp-json\/wp\/v2\/tags?post=12025"}],"curies":[{"name":"wp","href":"https:\/\/api.w.org\/{rel}","templated":true}]}}