{"id":12028,"date":"2019-09-13T15:44:34","date_gmt":"2019-09-13T15:44:34","guid":{"rendered":"https:\/\/larevistadigital.com.ar\/blog\/?p=12028"},"modified":"2019-09-13T15:44:34","modified_gmt":"2019-09-13T15:44:34","slug":"finalmente-a-sujeto-involucrado-con-el-robo-al-matadero","status":"publish","type":"post","link":"https:\/\/larevistadigital.com.ar\/blog\/finalmente-a-sujeto-involucrado-con-el-robo-al-matadero\/","title":{"rendered":"FINALMENTE A SUJETO INVOLUCRADO CON EL ROBO AL MATADERO"},"content":{"rendered":"<p>Fuimos informados que en las \u00faltimas horas personal de la DDI de Dolores logr\u00f3 dar con un dolorense que se encontraba pr\u00f3fugo en el marco de la investigaci\u00f3n por el millonario robo al matadero inform\u00f3 la periodista local <strong>Marina Isaurralde<\/strong>.<\/p>\n<p>Se trata de <strong>Ricardo Daniel \u00abzapatito\u00bb Sami<\/strong>, quien ten\u00eda pedido de captura activa y fue detenido mientras circulaba por la via p\u00fablica en la ciudad de Balcarce.<\/p>\n<p>De esta manera, <strong>Sami<\/strong> se suma a los ya diez detenidos con requisitoria de elevaci\u00f3n a juicio por este robo que ocurri\u00f3 el 6 de mayo de 2018.<\/p>\n<div id=\"infoz-1974025738\" class=\"infoz-contenido_2\"><\/div>\n<div class=\"adsb30\">\n<div><\/div>\n<\/div>\n<div class=\"adsb30\">\n<div id=\"gpt_unit_\/19136023\/DFP-vid_xxx_FM_PU07739_infozona.com.ar_VI_WW_RS-0.75_1\" data-google-query-id=\"CO--0dn6zeQCFUJTwQod400CUQ\"><\/div>\n<\/div>\n","protected":false},"excerpt":{"rendered":"<div class=\"mh-excerpt\"><p>Fuimos informados que en las \u00faltimas horas personal de la DDI de Dolores logr\u00f3 dar con un dolorense que se encontraba pr\u00f3fugo en el marco de la investigaci\u00f3n por el millonario robo al matadero inform\u00f3 <a class=\"mh-excerpt-more\" href=\"https:\/\/larevistadigital.com.ar\/blog\/finalmente-a-sujeto-involucrado-con-el-robo-al-matadero\/\" title=\"FINALMENTE A SUJETO INVOLUCRADO CON EL ROBO AL MATADERO\">[Leer M\u00e1s]<\/a><\/p>\n<\/div>","protected":false},"author":3,"featured_media":8103,"comment_status":"open","ping_status":"open","sticky":false,"template":"","format":"standard","meta":{"_jetpack_memberships_contains_paid_content":false,"footnotes":"","jetpack_publicize_message":"","jetpack_publicize_feature_enabled":true,"jetpack_social_post_already_shared":true,"jetpack_social_options":{"image_generator_settings":{"template":"highway","default_image_id":0,"font":"","enabled":false},"version":2}},"categories":[43,50],"tags":[],"class_list":{"0":"post-12028","1":"post","2":"type-post","3":"status-publish","4":"format-standard","5":"has-post-thumbnail","7":"category-dolores","8":"category-interes-general"},"jetpack_publicize_connections":[],"jetpack_featured_media_url":"https:\/\/i0.wp.com\/larevistadigital.com.ar\/blog\/wp-content\/uploads\/2019\/02\/esposado.jpg?fit=1024%2C768&ssl=1","jetpack_sharing_enabled":true,"jetpack_shortlink":"https:\/\/wp.me\/p8qtrQ-380","jetpack-related-posts":[{"id":6555,"url":"https:\/\/larevistadigital.com.ar\/blog\/dolores-allanan-y-detienen-otro-integrante-de-banda-que-robo-el-matadero\/","url_meta":{"origin":12028,"position":0},"title":"DOLORES: ALLANAN Y DETIENEN OTRO INTEGRANTE DE BANDA QUE ROB\u00d3 EL MATADERO","author":"Alejandro Sosa Ruda","date":"20 septiembre, 2018","format":false,"excerpt":"Ayer la DDI Dolores, cumpliment\u00f3 una orden de allanamiento y detenci\u00f3n solicitada por la Fiscal\u00eda N\u00ba 1 de nuestra ciudad, a cargo de la Dra. Ver\u00f3nica Raggio, y otorgada por el Juzgado de Garant\u00edas en turno. El mismo se da en el marco de la causa que investiga el robo\u2026","rel":"","context":"En \u00abDOLORES\u00bb","block_context":{"text":"DOLORES","link":"https:\/\/larevistadigital.com.ar\/blog\/category\/dolores\/"},"img":{"alt_text":"","src":"https:\/\/i0.wp.com\/larevistadigital.com.ar\/blog\/wp-content\/uploads\/2018\/09\/Matadero.jpg?fit=693%2C346&ssl=1&resize=350%2C200","width":350,"height":200,"srcset":"https:\/\/i0.wp.com\/larevistadigital.com.ar\/blog\/wp-content\/uploads\/2018\/09\/Matadero.jpg?fit=693%2C346&ssl=1&resize=350%2C200 1x, https:\/\/i0.wp.com\/larevistadigital.com.ar\/blog\/wp-content\/uploads\/2018\/09\/Matadero.jpg?fit=693%2C346&ssl=1&resize=525%2C300 1.5x"},"classes":[]},{"id":16540,"url":"https:\/\/larevistadigital.com.ar\/blog\/dolores-robo-en-una-vivienda\/","url_meta":{"origin":12028,"position":1},"title":"DOLORES: ROBO EN UNA VIVIENDA","author":"Alejandro Sosa Ruda","date":"27 septiembre, 2020","format":false,"excerpt":"Delincuentes tras violentar una ventana ingresaron a una vivienda ubicada sobre calle Bassi con fines de robo. En ese momento el propietario no se encontraba en su domicilio y, cuando regres\u00f3 una hora m\u00e1s tarde, constat\u00f3 que ladrones hab\u00edan ingresado a su casa. Seg\u00fan se pudo saber, los delincuentes se\u2026","rel":"","context":"En \u00abDOLORES\u00bb","block_context":{"text":"DOLORES","link":"https:\/\/larevistadigital.com.ar\/blog\/category\/dolores\/"},"img":{"alt_text":"","src":"https:\/\/i0.wp.com\/larevistadigital.com.ar\/blog\/wp-content\/uploads\/Policia-Local-Dolores-678x381.jpg?fit=678%2C381&ssl=1&resize=350%2C200","width":350,"height":200,"srcset":"https:\/\/i0.wp.com\/larevistadigital.com.ar\/blog\/wp-content\/uploads\/Policia-Local-Dolores-678x381.jpg?fit=678%2C381&ssl=1&resize=350%2C200 1x, https:\/\/i0.wp.com\/larevistadigital.com.ar\/blog\/wp-content\/uploads\/Policia-Local-Dolores-678x381.jpg?fit=678%2C381&ssl=1&resize=525%2C300 1.5x"},"classes":[]},{"id":10533,"url":"https:\/\/larevistadigital.com.ar\/blog\/operativo-cerrojo-detienen-en-samborombon-a-delincuente-que-robo-en-dolores\/","url_meta":{"origin":12028,"position":2},"title":"OPERATIVO CERROJO: DETIENEN EN SAMBOROMB\u00d3N A DELINCUENTE QUE ROB\u00d3 EN DOLORES","author":"Alejandro Sosa Ruda","date":"10 junio, 2019","format":false,"excerpt":"Personal del Destacamento de Polic\u00eda Vial de Samboromb\u00f3n en conjunto a efectivos del CPR de Brandsen, previa alerta radial de la base Operativa 911 aprehendi\u00f3 a un sujeto que viajaba en un \u00f3mnibus de la empresa Estrella-C\u00f3ndor con destino a la Capital Federal y hab\u00eda cometido un robo en la\u2026","rel":"","context":"En \u00abPOLICIALES\u00bb","block_context":{"text":"POLICIALES","link":"https:\/\/larevistadigital.com.ar\/blog\/category\/policiales\/"},"img":{"alt_text":"","src":"https:\/\/i0.wp.com\/larevistadigital.com.ar\/blog\/wp-content\/uploads\/Screenshot_2-6.jpg?fit=959%2C673&ssl=1&resize=350%2C200","width":350,"height":200,"srcset":"https:\/\/i0.wp.com\/larevistadigital.com.ar\/blog\/wp-content\/uploads\/Screenshot_2-6.jpg?fit=959%2C673&ssl=1&resize=350%2C200 1x, https:\/\/i0.wp.com\/larevistadigital.com.ar\/blog\/wp-content\/uploads\/Screenshot_2-6.jpg?fit=959%2C673&ssl=1&resize=525%2C300 1.5x, https:\/\/i0.wp.com\/larevistadigital.com.ar\/blog\/wp-content\/uploads\/Screenshot_2-6.jpg?fit=959%2C673&ssl=1&resize=700%2C400 2x"},"classes":[]},{"id":9402,"url":"https:\/\/larevistadigital.com.ar\/blog\/dolores-tres-menores-aprehendidos-por-intento-de-robo\/","url_meta":{"origin":12028,"position":3},"title":"DOLORES: TRES MENORES APREHENDIDOS POR INTENTO DE ROBO","author":"Alejandro Sosa Ruda","date":"26 marzo, 2019","format":false,"excerpt":"Ayer, siendo aproximadamente las 0:30 hs de la madrugada, en calle Sol\u00eds entre Olavarr\u00eda y Necochea, personal de la Polic\u00eda Local aprehendi\u00f3 a tres menores de edad. Fue tras un llamado telef\u00f3nico que personal policial se present\u00f3 en el mencionado lugar, donde funcionan instalaciones municipales, al llegar al lugar, los\u2026","rel":"","context":"En \u00abDOLORES\u00bb","block_context":{"text":"DOLORES","link":"https:\/\/larevistadigital.com.ar\/blog\/category\/dolores\/"},"img":{"alt_text":"","src":"https:\/\/i0.wp.com\/larevistadigital.com.ar\/blog\/wp-content\/uploads\/2019\/03\/Screenshot_4-3.jpg?fit=855%2C537&ssl=1&resize=350%2C200","width":350,"height":200,"srcset":"https:\/\/i0.wp.com\/larevistadigital.com.ar\/blog\/wp-content\/uploads\/2019\/03\/Screenshot_4-3.jpg?fit=855%2C537&ssl=1&resize=350%2C200 1x, https:\/\/i0.wp.com\/larevistadigital.com.ar\/blog\/wp-content\/uploads\/2019\/03\/Screenshot_4-3.jpg?fit=855%2C537&ssl=1&resize=525%2C300 1.5x, https:\/\/i0.wp.com\/larevistadigital.com.ar\/blog\/wp-content\/uploads\/2019\/03\/Screenshot_4-3.jpg?fit=855%2C537&ssl=1&resize=700%2C400 2x"},"classes":[]},{"id":11927,"url":"https:\/\/larevistadigital.com.ar\/blog\/violento-asalto-a-una-familia-en-una-quinta\/","url_meta":{"origin":12028,"position":4},"title":"VIOLENTO ASALTO A UNA FAMILIA EN UNA QUINTA","author":"Alejandro Sosa Ruda","date":"20 agosto, 2019","format":false,"excerpt":"Tres hombres armados ingresaron anoche, alrededor de las 22:00, a una vivienda ubicada en la calle Rivadavia al 2400, en las afueras de la ciudad de Dolores. Al grito de \u201cpolic\u00eda\u201d, los asaltantes ingresaron a la casa pateando la puerta de la vivienda, en la que se encontraban cinco miembros\u2026","rel":"","context":"En \u00abREGIONALES\u00bb","block_context":{"text":"REGIONALES","link":"https:\/\/larevistadigital.com.ar\/blog\/category\/regionales\/"},"img":{"alt_text":"","src":"https:\/\/i0.wp.com\/larevistadigital.com.ar\/blog\/wp-content\/uploads\/16c85ed8201de54ea78bcdb79335bb9530a7a04d.jpeg?fit=1140%2C759&ssl=1&resize=350%2C200","width":350,"height":200,"srcset":"https:\/\/i0.wp.com\/larevistadigital.com.ar\/blog\/wp-content\/uploads\/16c85ed8201de54ea78bcdb79335bb9530a7a04d.jpeg?fit=1140%2C759&ssl=1&resize=350%2C200 1x, https:\/\/i0.wp.com\/larevistadigital.com.ar\/blog\/wp-content\/uploads\/16c85ed8201de54ea78bcdb79335bb9530a7a04d.jpeg?fit=1140%2C759&ssl=1&resize=525%2C300 1.5x, https:\/\/i0.wp.com\/larevistadigital.com.ar\/blog\/wp-content\/uploads\/16c85ed8201de54ea78bcdb79335bb9530a7a04d.jpeg?fit=1140%2C759&ssl=1&resize=700%2C400 2x, https:\/\/i0.wp.com\/larevistadigital.com.ar\/blog\/wp-content\/uploads\/16c85ed8201de54ea78bcdb79335bb9530a7a04d.jpeg?fit=1140%2C759&ssl=1&resize=1050%2C600 3x"},"classes":[]},{"id":10397,"url":"https:\/\/larevistadigital.com.ar\/blog\/dolores-grupo-de-personas-armadas-robo-en-el-frigorifico-adesa\/","url_meta":{"origin":12028,"position":5},"title":"DOLORES: GRUPO DE PERSONAS ARMADAS ROB\u00d3 EN EL FRIGOR\u00cdFICO ADESA","author":"Alejandro Sosa Ruda","date":"2 junio, 2019","format":false,"excerpt":"Sucedi\u00f3 esta madrugada, cuando un grupo de personas armadas ingres\u00f3 al frigor\u00edfico ADESA (ex Bodini); ubicado en calle Marconi entre Cerrito y Riobamba de la ciudad. Seg\u00fan pudo conocerse, los malvivientes ser\u00edan tres, que ingresaron, maniataron al sereno, para luego encerrarlo y sustraer el efectivo. Luego violentaron y vaciaron una\u2026","rel":"","context":"En \u00abPOLICIALES\u00bb","block_context":{"text":"POLICIALES","link":"https:\/\/larevistadigital.com.ar\/blog\/category\/policiales\/"},"img":{"alt_text":"","src":"https:\/\/i0.wp.com\/larevistadigital.com.ar\/blog\/wp-content\/uploads\/Screenshot_2-1.jpg?fit=794%2C477&ssl=1&resize=350%2C200","width":350,"height":200,"srcset":"https:\/\/i0.wp.com\/larevistadigital.com.ar\/blog\/wp-content\/uploads\/Screenshot_2-1.jpg?fit=794%2C477&ssl=1&resize=350%2C200 1x, https:\/\/i0.wp.com\/larevistadigital.com.ar\/blog\/wp-content\/uploads\/Screenshot_2-1.jpg?fit=794%2C477&ssl=1&resize=525%2C300 1.5x, https:\/\/i0.wp.com\/larevistadigital.com.ar\/blog\/wp-content\/uploads\/Screenshot_2-1.jpg?fit=794%2C477&ssl=1&resize=700%2C400 2x"},"classes":[]}],"_links":{"self":[{"href":"https:\/\/larevistadigital.com.ar\/blog\/wp-json\/wp\/v2\/posts\/12028","targetHints":{"allow":["GET"]}}],"collection":[{"href":"https:\/\/larevistadigital.com.ar\/blog\/wp-json\/wp\/v2\/posts"}],"about":[{"href":"https:\/\/larevistadigital.com.ar\/blog\/wp-json\/wp\/v2\/types\/post"}],"author":[{"embeddable":true,"href":"https:\/\/larevistadigital.com.ar\/blog\/wp-json\/wp\/v2\/users\/3"}],"replies":[{"embeddable":true,"href":"https:\/\/larevistadigital.com.ar\/blog\/wp-json\/wp\/v2\/comments?post=12028"}],"version-history":[{"count":2,"href":"https:\/\/larevistadigital.com.ar\/blog\/wp-json\/wp\/v2\/posts\/12028\/revisions"}],"predecessor-version":[{"id":12030,"href":"https:\/\/larevistadigital.com.ar\/blog\/wp-json\/wp\/v2\/posts\/12028\/revisions\/12030"}],"wp:featuredmedia":[{"embeddable":true,"href":"https:\/\/larevistadigital.com.ar\/blog\/wp-json\/wp\/v2\/media\/8103"}],"wp:attachment":[{"href":"https:\/\/larevistadigital.com.ar\/blog\/wp-json\/wp\/v2\/media?parent=12028"}],"wp:term":[{"taxonomy":"category","embeddable":true,"href":"https:\/\/larevistadigital.com.ar\/blog\/wp-json\/wp\/v2\/categories?post=12028"},{"taxonomy":"post_tag","embeddable":true,"href":"https:\/\/larevistadigital.com.ar\/blog\/wp-json\/wp\/v2\/tags?post=12028"}],"curies":[{"name":"wp","href":"https:\/\/api.w.org\/{rel}","templated":true}]}}