{"id":12031,"date":"2019-09-13T15:34:26","date_gmt":"2019-09-13T15:34:26","guid":{"rendered":"https:\/\/larevistadigital.com.ar\/blog\/?p=12031"},"modified":"2019-09-13T15:34:26","modified_gmt":"2019-09-13T15:34:26","slug":"condenan-a-vecino-de-castelli-por-tenencia-de-estupefacientes-y-robo-en-tentativa","status":"publish","type":"post","link":"https:\/\/larevistadigital.com.ar\/blog\/condenan-a-vecino-de-castelli-por-tenencia-de-estupefacientes-y-robo-en-tentativa\/","title":{"rendered":"CONDENAN A VECINO DE CASTELLI POR TENENCIA DE ESTUPEFACIENTES Y ROBO EN TENTATIVA"},"content":{"rendered":"<p>El diario Compromiso de la vecina ciudad de Dolores public\u00f3 que la condena fue dictaminada en el marco de un juicio abreviado realizado en el Tribunal en lo Criminal n\u00ba 1 Departamental. La pena es de cumplimiento efectivo.<\/p>\n<p>En un fallo reciente dictado por el <strong>Dr. Carlos Colombo<\/strong> como Juez unipersonal del Tribunal en lo Criminal n\u00ba 1 Departamental, conden\u00f3 a un vecino de nuestra ciudad juzgado por <em><strong>\u201cTenencia simple de estupefacientes en concurso real con Robo agravado por escalamiento en grado de tentativa\u201d.<\/strong><\/em><\/p>\n<blockquote>\n<h3>El juicio tuvo car\u00e1cter de abreviado, habiendo sido consensuado por el Fiscal <strong>Dr. Mario P\u00e9rez<\/strong> y la defensora Oficial <strong>Dra. Muriel Mendoza<\/strong>, con ratificaci\u00f3n expresa del procesado.<\/h3>\n<\/blockquote>\n<p>El <strong>Dr. Colombo<\/strong> consider\u00f3 tener legal y plenamente probado la perpetraci\u00f3n de los siguientes il\u00edcitos:<\/p>\n<p><strong>Hecho I<\/strong>: en horas de la tarde\/noche del 17 de septiembre de 2018, un sujeto que se encontraba circulando en un Volkswagen Golf en Castelli, al ser interceptado por personal policial a escasos metros de la Comisaria, ten\u00eda en el interior del veh\u00edculo, m\u00e1s precisamente en el interior del apoyabrazos central, diez envoltorios de nylon conteniendo clorhidrato de coca\u00edna con un peso total de 10,14 gramos.<\/p>\n<p><strong>Hecho II<\/strong>: minutos antes, esa misma persona hab\u00eda llegado hasta un domicilio de la calle Maip\u00fa, donde tras escalar una pared hab\u00eda intentado ingresar a la vivienda con intenci\u00f3n de apoderarse de bienes, lo que no logr\u00f3 al ser advertida su presencia por el propietario.<\/p>\n<blockquote>\n<h3>Seg\u00fan surge del veredicto, personal policial que recorr\u00eda la ciudad hab\u00eda observado a una persona que hac\u00eda se\u00f1as para que detuvieran la marcha, quien adem\u00e1s se\u00f1alaba a un individuo que estaba subiendo a un Volkswagen, manifestado que esa persona hab\u00eda querido ingresar a su domicilio. En raz\u00f3n que el sujeto comenz\u00f3 a alejarse en su veh\u00edculo los polic\u00edas comenzaron a perseguirlo, apreciando que en su camino se dirig\u00eda precisamente en direcci\u00f3n a la Dependencia por lo que solicitaron apoyo de la misma, poni\u00e9ndose en marcha un operativo de interceptaci\u00f3n. El individuo al observarlo detuvo la marcha de su rodado, cerr\u00f3 la puerta con llave e intent\u00f3 alejarse caminando, siendo en esas circunstancias dada la voz de alto y se procedi\u00f3 a su aprehensi\u00f3n.<\/h3>\n<\/blockquote>\n<p>Tras ello y convocado un testigo civil, con la propia llave del veh\u00edculo se procedi\u00f3 a su apertura, incaut\u00e1ndose en el interior del apoyabrazos central envoltorios con coca\u00edna, mientras que en el ba\u00fal, dentro de un pa\u00f1o tipo franela, hab\u00eda un fajo de billetes de 200 y 100 pesos por una total de 9.700 pesos.<\/p>\n<p>Por ello el Dr. <strong>Carlos Colombo<\/strong> resolvi\u00f3 condenar a<strong> Juan Mar\u00eda Manrique<\/strong>, de 32 a\u00f1os de edad, nacido y domiciliado en Castelli con prontuario y antecedentes, como autor responsable del delito de <em><strong>\u201cTenencia simple de estupefacientes y Robo agravado por escalamiento en grado de tentativa\u201d<\/strong><\/em>, imponi\u00e9ndole una pena de <em><strong>\u201cUn a\u00f1o y seis meses de prisi\u00f3n de efectivo cumplimiento\u201d<\/strong><\/em><\/p>\n<p>FUENTE:CASTELLIDIARIO<\/p>\n","protected":false},"excerpt":{"rendered":"<div class=\"mh-excerpt\"><p>El diario Compromiso de la vecina ciudad de Dolores public\u00f3 que la condena fue dictaminada en el marco de un juicio abreviado realizado en el Tribunal en lo Criminal n\u00ba 1 Departamental. La pena es <a class=\"mh-excerpt-more\" href=\"https:\/\/larevistadigital.com.ar\/blog\/condenan-a-vecino-de-castelli-por-tenencia-de-estupefacientes-y-robo-en-tentativa\/\" title=\"CONDENAN A VECINO DE CASTELLI POR TENENCIA DE ESTUPEFACIENTES Y ROBO EN TENTATIVA\">[Leer M\u00e1s]<\/a><\/p>\n<\/div>","protected":false},"author":3,"featured_media":4419,"comment_status":"open","ping_status":"open","sticky":false,"template":"","format":"standard","meta":{"_jetpack_memberships_contains_paid_content":false,"footnotes":"","jetpack_publicize_message":"","jetpack_publicize_feature_enabled":true,"jetpack_social_post_already_shared":true,"jetpack_social_options":{"image_generator_settings":{"template":"highway","default_image_id":0,"font":"","enabled":false},"version":2}},"categories":[4],"tags":[],"class_list":{"0":"post-12031","1":"post","2":"type-post","3":"status-publish","4":"format-standard","5":"has-post-thumbnail","7":"category-castelli"},"jetpack_publicize_connections":[],"jetpack_featured_media_url":"https:\/\/i0.wp.com\/larevistadigital.com.ar\/blog\/wp-content\/uploads\/2018\/01\/justicia.jpg?fit=1200%2C675&ssl=1","jetpack_sharing_enabled":true,"jetpack_shortlink":"https:\/\/wp.me\/p8qtrQ-383","jetpack-related-posts":[{"id":30839,"url":"https:\/\/larevistadigital.com.ar\/blog\/villa-gesell-esto-es-justicia-cometio-8-delitos-en-tres-anos-y-fue-condenado-a-3-anos-de-prision\/","url_meta":{"origin":12031,"position":0},"title":"VILLA GESELL: \u00bfESTO ES JUSTICIA?&#8230; COMETI\u00d3 8 DELITOS EN TRES A\u00d1OS, Y FUE CONDENADO A 3 A\u00d1OS DE PRISI\u00d3N","author":"Alejandro Sosa Ruda","date":"1 abril, 2023","format":false,"excerpt":"El delincuente fue sometido a un \"Juicio abreviado\". La incre\u00edble condena se da aunque varios de los hechos fueron muy violentos. 1\u00b0 de abril de 2023 VILLA GESELL -\u00a0 Un hombre de Villa Gesell fue sentenciado a una condena de solo tres a\u00f1os y medio de prisi\u00f3n por el Tribunal\u2026","rel":"","context":"En \u00abPOLICIALES\u00bb","block_context":{"text":"POLICIALES","link":"https:\/\/larevistadigital.com.ar\/blog\/category\/policiales\/"},"img":{"alt_text":"","src":"https:\/\/i0.wp.com\/larevistadigital.com.ar\/blog\/wp-content\/uploads\/88381adc587fa8a1e6a1dc82a6ca4e1b93ba1bbe-3.jpg?fit=1140%2C757&ssl=1&resize=350%2C200","width":350,"height":200,"srcset":"https:\/\/i0.wp.com\/larevistadigital.com.ar\/blog\/wp-content\/uploads\/88381adc587fa8a1e6a1dc82a6ca4e1b93ba1bbe-3.jpg?fit=1140%2C757&ssl=1&resize=350%2C200 1x, https:\/\/i0.wp.com\/larevistadigital.com.ar\/blog\/wp-content\/uploads\/88381adc587fa8a1e6a1dc82a6ca4e1b93ba1bbe-3.jpg?fit=1140%2C757&ssl=1&resize=525%2C300 1.5x, https:\/\/i0.wp.com\/larevistadigital.com.ar\/blog\/wp-content\/uploads\/88381adc587fa8a1e6a1dc82a6ca4e1b93ba1bbe-3.jpg?fit=1140%2C757&ssl=1&resize=700%2C400 2x, https:\/\/i0.wp.com\/larevistadigital.com.ar\/blog\/wp-content\/uploads\/88381adc587fa8a1e6a1dc82a6ca4e1b93ba1bbe-3.jpg?fit=1140%2C757&ssl=1&resize=1050%2C600 3x"},"classes":[]},{"id":13001,"url":"https:\/\/larevistadigital.com.ar\/blog\/dolores-condenan-a-joven-por-tener-plantacion-de-marihuana-en-su-casa\/","url_meta":{"origin":12031,"position":1},"title":"DOLORES: CONDENAN A JOVEN POR TENER PLANTACI\u00d3N DE MARIHUANA EN SU CASA","author":"Alejandro Sosa Ruda","date":"3 noviembre, 2019","format":false,"excerpt":"En el marco de un juicio abreviado realizado en el Juzgado Correccional n\u00ba 1 Departamental. Las plantas del estupefaciente fueron halladas durante un allanamiento realizado en enero de este a\u00f1o. En el marco de un juicio abreviado sustanciado recientemente en el Juzgado Correccional n\u00ba 1 Departamental, el Juez Emiliano Lazzari\u2026","rel":"","context":"En \u00abDOLORES\u00bb","block_context":{"text":"DOLORES","link":"https:\/\/larevistadigital.com.ar\/blog\/category\/dolores\/"},"img":{"alt_text":"","src":"https:\/\/i0.wp.com\/larevistadigital.com.ar\/blog\/wp-content\/uploads\/cuantas-plantas-marihuana-pueden-plantar.jpg?fit=1080%2C720&ssl=1&resize=350%2C200","width":350,"height":200,"srcset":"https:\/\/i0.wp.com\/larevistadigital.com.ar\/blog\/wp-content\/uploads\/cuantas-plantas-marihuana-pueden-plantar.jpg?fit=1080%2C720&ssl=1&resize=350%2C200 1x, https:\/\/i0.wp.com\/larevistadigital.com.ar\/blog\/wp-content\/uploads\/cuantas-plantas-marihuana-pueden-plantar.jpg?fit=1080%2C720&ssl=1&resize=525%2C300 1.5x, https:\/\/i0.wp.com\/larevistadigital.com.ar\/blog\/wp-content\/uploads\/cuantas-plantas-marihuana-pueden-plantar.jpg?fit=1080%2C720&ssl=1&resize=700%2C400 2x, https:\/\/i0.wp.com\/larevistadigital.com.ar\/blog\/wp-content\/uploads\/cuantas-plantas-marihuana-pueden-plantar.jpg?fit=1080%2C720&ssl=1&resize=1050%2C600 3x"},"classes":[]},{"id":11256,"url":"https:\/\/larevistadigital.com.ar\/blog\/dolores-designan-dos-nuevos-jueces-penales\/","url_meta":{"origin":12031,"position":2},"title":"DOLORES: DESIGNAN DOS NUEVOS JUECES PENALES","author":"Alejandro Sosa Ruda","date":"13 julio, 2019","format":false,"excerpt":"Uno integrar\u00e1 el Tribunal en lo Criminal n\u00ba 1 y el otro ser\u00e1 titular del Juzgado Correccional n\u00ba 2, cuyas sedes del Departamento Judicial est\u00e1n ubicadas en nuestra ciudad. \u00a0La Gobernadora Mar\u00eda Eugenia Vidal oficializ\u00f3 mediante el respectivo decreto la designaci\u00f3n de dos jueces penales para el Departamento Judicial Dolores,\u2026","rel":"","context":"En \u00abDOLORES\u00bb","block_context":{"text":"DOLORES","link":"https:\/\/larevistadigital.com.ar\/blog\/category\/dolores\/"},"img":{"alt_text":"","src":"https:\/\/i0.wp.com\/larevistadigital.com.ar\/blog\/wp-content\/uploads\/Correccional-2-660x330.jpg?fit=660%2C330&ssl=1&resize=350%2C200","width":350,"height":200,"srcset":"https:\/\/i0.wp.com\/larevistadigital.com.ar\/blog\/wp-content\/uploads\/Correccional-2-660x330.jpg?fit=660%2C330&ssl=1&resize=350%2C200 1x, https:\/\/i0.wp.com\/larevistadigital.com.ar\/blog\/wp-content\/uploads\/Correccional-2-660x330.jpg?fit=660%2C330&ssl=1&resize=525%2C300 1.5x"},"classes":[]},{"id":14820,"url":"https:\/\/larevistadigital.com.ar\/blog\/dolores-condenan-a-vecino-por-tenencia-ilegal-de-arma-de-fuego\/","url_meta":{"origin":12031,"position":3},"title":"DOLORES: CONDENAN A VECINO POR TENENCIA ILEGAL DE ARMA DE FUEGO","author":"Alejandro Sosa Ruda","date":"14 febrero, 2020","format":false,"excerpt":"Fue aprehendido junto a otra persona, no sometida este juicio, en junio del a\u00f1o pasado en el camino a Libres del Sur, Partido de Chascom\u00fas. La sentencia fue dictada por el Juez de Feria, encontr\u00e1ndose a cargo del Juzgado Correccional n\u00ba 2 Departamental. En los primeros d\u00edas del mes de\u2026","rel":"","context":"En \u00abDOLORES\u00bb","block_context":{"text":"DOLORES","link":"https:\/\/larevistadigital.com.ar\/blog\/category\/dolores\/"},"img":{"alt_text":"","src":"https:\/\/i0.wp.com\/larevistadigital.com.ar\/blog\/wp-content\/uploads\/Edificio-Tribunales-1.jpg?fit=759%2C379&ssl=1&resize=350%2C200","width":350,"height":200,"srcset":"https:\/\/i0.wp.com\/larevistadigital.com.ar\/blog\/wp-content\/uploads\/Edificio-Tribunales-1.jpg?fit=759%2C379&ssl=1&resize=350%2C200 1x, https:\/\/i0.wp.com\/larevistadigital.com.ar\/blog\/wp-content\/uploads\/Edificio-Tribunales-1.jpg?fit=759%2C379&ssl=1&resize=525%2C300 1.5x, https:\/\/i0.wp.com\/larevistadigital.com.ar\/blog\/wp-content\/uploads\/Edificio-Tribunales-1.jpg?fit=759%2C379&ssl=1&resize=700%2C400 2x"},"classes":[]},{"id":26054,"url":"https:\/\/larevistadigital.com.ar\/blog\/con-un-machete-como-arma-robo-y-quiso-escapar-por-los-techos\/","url_meta":{"origin":12031,"position":4},"title":"CON UN MACHETE COMO ARMA, ROB\u00d3 Y QUISO ESCAPAR POR LOS TECHOS","author":"Alejandro Sosa Ruda","date":"23 junio, 2022","format":false,"excerpt":"Lo condenaron a dos a\u00f1os y medio de prisi\u00f3n tras un acuerdo de juicio abreviado. A Luis Alberto Mercado tambi\u00e9n lo declararon reincidente. MAR DEL PLATA -\u00a0 Un hombre que el pasado 22 de enero amenaz\u00f3 a un hombre con un machete para robarle un grupo electr\u00f3geno y que ante\u2026","rel":"","context":"En \u00abPOLICIALES\u00bb","block_context":{"text":"POLICIALES","link":"https:\/\/larevistadigital.com.ar\/blog\/category\/policiales\/"},"img":{"alt_text":"","src":"https:\/\/i0.wp.com\/larevistadigital.com.ar\/blog\/wp-content\/uploads\/Screenshot_1-121.jpg?fit=1007%2C565&ssl=1&resize=350%2C200","width":350,"height":200,"srcset":"https:\/\/i0.wp.com\/larevistadigital.com.ar\/blog\/wp-content\/uploads\/Screenshot_1-121.jpg?fit=1007%2C565&ssl=1&resize=350%2C200 1x, https:\/\/i0.wp.com\/larevistadigital.com.ar\/blog\/wp-content\/uploads\/Screenshot_1-121.jpg?fit=1007%2C565&ssl=1&resize=525%2C300 1.5x, https:\/\/i0.wp.com\/larevistadigital.com.ar\/blog\/wp-content\/uploads\/Screenshot_1-121.jpg?fit=1007%2C565&ssl=1&resize=700%2C400 2x"},"classes":[]},{"id":5826,"url":"https:\/\/larevistadigital.com.ar\/blog\/condenan-a-octogenario-abuelo-por-abusar-de-su-nieta\/","url_meta":{"origin":12031,"position":5},"title":"Condenan a octogenario abuelo por abusar de su nieta","author":"admin","date":"20 junio, 2018","format":false,"excerpt":"Los hechos ocurrieron en Castelli. La pena es en suspenso y fue impuesta en el Tribunal en lo Criminal n\u00ba 1 Departamental en el marco de un juicio abreviado. \u00a0 En el marco de un juicio abreviado la Dra. In\u00e9s Olmedo, actuando como Juez unipersonal del Tribunal en lo Criminal\u2026","rel":"","context":"En \u00abCASTELLI\u00bb","block_context":{"text":"CASTELLI","link":"https:\/\/larevistadigital.com.ar\/blog\/category\/castelli\/"},"img":{"alt_text":"","src":"https:\/\/i0.wp.com\/larevistadigital.com.ar\/blog\/wp-content\/uploads\/2018\/06\/Edificio-Tribunales-700x470.jpg?fit=700%2C470&ssl=1&resize=350%2C200","width":350,"height":200,"srcset":"https:\/\/i0.wp.com\/larevistadigital.com.ar\/blog\/wp-content\/uploads\/2018\/06\/Edificio-Tribunales-700x470.jpg?fit=700%2C470&ssl=1&resize=350%2C200 1x, https:\/\/i0.wp.com\/larevistadigital.com.ar\/blog\/wp-content\/uploads\/2018\/06\/Edificio-Tribunales-700x470.jpg?fit=700%2C470&ssl=1&resize=525%2C300 1.5x, https:\/\/i0.wp.com\/larevistadigital.com.ar\/blog\/wp-content\/uploads\/2018\/06\/Edificio-Tribunales-700x470.jpg?fit=700%2C470&ssl=1&resize=700%2C400 2x"},"classes":[]}],"_links":{"self":[{"href":"https:\/\/larevistadigital.com.ar\/blog\/wp-json\/wp\/v2\/posts\/12031","targetHints":{"allow":["GET"]}}],"collection":[{"href":"https:\/\/larevistadigital.com.ar\/blog\/wp-json\/wp\/v2\/posts"}],"about":[{"href":"https:\/\/larevistadigital.com.ar\/blog\/wp-json\/wp\/v2\/types\/post"}],"author":[{"embeddable":true,"href":"https:\/\/larevistadigital.com.ar\/blog\/wp-json\/wp\/v2\/users\/3"}],"replies":[{"embeddable":true,"href":"https:\/\/larevistadigital.com.ar\/blog\/wp-json\/wp\/v2\/comments?post=12031"}],"version-history":[{"count":2,"href":"https:\/\/larevistadigital.com.ar\/blog\/wp-json\/wp\/v2\/posts\/12031\/revisions"}],"predecessor-version":[{"id":12033,"href":"https:\/\/larevistadigital.com.ar\/blog\/wp-json\/wp\/v2\/posts\/12031\/revisions\/12033"}],"wp:featuredmedia":[{"embeddable":true,"href":"https:\/\/larevistadigital.com.ar\/blog\/wp-json\/wp\/v2\/media\/4419"}],"wp:attachment":[{"href":"https:\/\/larevistadigital.com.ar\/blog\/wp-json\/wp\/v2\/media?parent=12031"}],"wp:term":[{"taxonomy":"category","embeddable":true,"href":"https:\/\/larevistadigital.com.ar\/blog\/wp-json\/wp\/v2\/categories?post=12031"},{"taxonomy":"post_tag","embeddable":true,"href":"https:\/\/larevistadigital.com.ar\/blog\/wp-json\/wp\/v2\/tags?post=12031"}],"curies":[{"name":"wp","href":"https:\/\/api.w.org\/{rel}","templated":true}]}}