{"id":12049,"date":"2019-09-13T22:03:36","date_gmt":"2019-09-13T22:03:36","guid":{"rendered":"https:\/\/larevistadigital.com.ar\/blog\/?p=12049"},"modified":"2019-09-13T22:03:36","modified_gmt":"2019-09-13T22:03:36","slug":"lezama-esta-abierta-la-inscripcion-para-el-curso-de-manipulacion-de-alimentos","status":"publish","type":"post","link":"https:\/\/larevistadigital.com.ar\/blog\/lezama-esta-abierta-la-inscripcion-para-el-curso-de-manipulacion-de-alimentos\/","title":{"rendered":"LEZAMA: EST\u00c1 ABIERTA LA INSCRIPCI\u00d3N PARA EL CURSO DE MANIPULACI\u00d3N DE ALIMENTOS"},"content":{"rendered":"<p>El \u00e1rea de Producci\u00f3n y Empleo del municipio informa que durante el mes de septiembre se podr\u00e1n inscribir interesados en realizar el Curso de Manipulaci\u00f3n de Alimentos. Se trata de una capacitaci\u00f3n obligatoria para todas las personas que realizan tareas donde se manipulan alimentos y que permite la obtenci\u00f3n de la Libreta Sanitaria.<br \/>\nLa inscripci\u00f3n se realiza en la oficina de Producci\u00f3n y Empleo, ubicada en Hip\u00f3lito Yrigoyen 251, llevando fotocopia de DNI y constancia de CUIL.<br \/>\nEl curso se realizar\u00e1 en el mes de octubre, con fecha y lugar a definir.<\/p>\n","protected":false},"excerpt":{"rendered":"<div class=\"mh-excerpt\"><p>El \u00e1rea de Producci\u00f3n y Empleo del municipio informa que durante el mes de septiembre se podr\u00e1n inscribir interesados en realizar el Curso de Manipulaci\u00f3n de Alimentos. Se trata de una capacitaci\u00f3n obligatoria para todas <a class=\"mh-excerpt-more\" href=\"https:\/\/larevistadigital.com.ar\/blog\/lezama-esta-abierta-la-inscripcion-para-el-curso-de-manipulacion-de-alimentos\/\" title=\"LEZAMA: EST\u00c1 ABIERTA LA INSCRIPCI\u00d3N PARA EL CURSO DE MANIPULACI\u00d3N DE ALIMENTOS\">[Leer M\u00e1s]<\/a><\/p>\n<\/div>","protected":false},"author":3,"featured_media":10063,"comment_status":"open","ping_status":"open","sticky":false,"template":"","format":"standard","meta":{"_jetpack_memberships_contains_paid_content":false,"footnotes":"","jetpack_publicize_message":"","jetpack_publicize_feature_enabled":true,"jetpack_social_post_already_shared":true,"jetpack_social_options":{"image_generator_settings":{"template":"highway","default_image_id":0,"font":"","enabled":false},"version":2}},"categories":[7],"tags":[],"class_list":{"0":"post-12049","1":"post","2":"type-post","3":"status-publish","4":"format-standard","5":"has-post-thumbnail","7":"category-lezama"},"jetpack_publicize_connections":[],"jetpack_featured_media_url":"https:\/\/i0.wp.com\/larevistadigital.com.ar\/blog\/wp-content\/uploads\/2019\/05\/59931493_1454351558090874_3533011660711133184_o.jpg?fit=1802%2C1063&ssl=1","jetpack_sharing_enabled":true,"jetpack_shortlink":"https:\/\/wp.me\/p8qtrQ-38l","jetpack-related-posts":[{"id":40144,"url":"https:\/\/larevistadigital.com.ar\/blog\/inscripcion-abierta-para-los-cursos-de-manipulacion-segura-de-alimentos\/","url_meta":{"origin":12049,"position":0},"title":"Inscripci\u00f3n abierta para los cursos de manipulaci\u00f3n segura de alimentos","author":"Alejandro Sosa Ruda","date":"23 junio, 2025","format":false,"excerpt":"Estas capacitaciones son gratuitas y obligatorias no s\u00f3lo para quienes trabajan en el sector alimentario, sino tambi\u00e9n para las instituciones escolares, asociaciones o cooperadoras que participan en los eventos municipales. 23 de Junio de 2025 CHASCOM\u00daS -\u00a0 El objetivo de esta formaci\u00f3n es brindar los conocimientos b\u00e1sicos sobre las buenas\u2026","rel":"","context":"En \u00abCHASCOM\u00daS\u00bb","block_context":{"text":"CHASCOM\u00daS","link":"https:\/\/larevistadigital.com.ar\/blog\/category\/chascomus\/"},"img":{"alt_text":"","src":"https:\/\/i0.wp.com\/larevistadigital.com.ar\/blog\/wp-content\/uploads\/68598ed51e5a2.png?fit=668%2C445&ssl=1&resize=350%2C200","width":350,"height":200,"srcset":"https:\/\/i0.wp.com\/larevistadigital.com.ar\/blog\/wp-content\/uploads\/68598ed51e5a2.png?fit=668%2C445&ssl=1&resize=350%2C200 1x, https:\/\/i0.wp.com\/larevistadigital.com.ar\/blog\/wp-content\/uploads\/68598ed51e5a2.png?fit=668%2C445&ssl=1&resize=525%2C300 1.5x"},"classes":[]},{"id":42859,"url":"https:\/\/larevistadigital.com.ar\/blog\/chascomus-mas-de-500-personas-se-capacitaron-en-el-curso-de-manipulacion-segura-alimentos\/","url_meta":{"origin":12049,"position":1},"title":"Chascom\u00fas: M\u00e1s de 500 personas se capacitaron en el curso de manipulaci\u00f3n segura alimentos","author":"Alejandro Sosa Ruda","date":"12 diciembre, 2025","format":false,"excerpt":"Espec\u00edficamente 550 personas recibieron su carnet de manipulaci\u00f3n segura de alimentos que tiene validez a nivel nacional Con el dictado de 30 cursos de manipulaci\u00f3n de alimentos durante todo el presente a\u00f1o, 550 vecinos de distintos barrios, incluso j\u00f3venes de los \u00faltimos a\u00f1os de la escuela secundaria, obtuvieron el carnet\u2026","rel":"","context":"En \u00abCHASCOM\u00daS\u00bb","block_context":{"text":"CHASCOM\u00daS","link":"https:\/\/larevistadigital.com.ar\/blog\/category\/chascomus\/"},"img":{"alt_text":"","src":"https:\/\/i0.wp.com\/larevistadigital.com.ar\/blog\/wp-content\/uploads\/693c56ec007b5.png?fit=668%2C445&ssl=1&resize=350%2C200","width":350,"height":200,"srcset":"https:\/\/i0.wp.com\/larevistadigital.com.ar\/blog\/wp-content\/uploads\/693c56ec007b5.png?fit=668%2C445&ssl=1&resize=350%2C200 1x, https:\/\/i0.wp.com\/larevistadigital.com.ar\/blog\/wp-content\/uploads\/693c56ec007b5.png?fit=668%2C445&ssl=1&resize=525%2C300 1.5x"},"classes":[]},{"id":40418,"url":"https:\/\/larevistadigital.com.ar\/blog\/chascomus-se-renuevan-los-primeros-carnets-de-manipulacion-segura-de-alimentos\/","url_meta":{"origin":12049,"position":2},"title":"Chascom\u00fas: Se renuevan los primeros carnets de manipulaci\u00f3n segura de alimentos","author":"Alejandro Sosa Ruda","date":"10 julio, 2025","format":false,"excerpt":"Fueron gestionados por la Municipalidad de Chascom\u00fas, comprometida con una mejor seguridad alimentaria cada d\u00eda. 10 de Julio de 2025 CHASCOM\u00daS -\u00a0 Tal como lo establece el C\u00f3digo Alimentario Argentino en su Art\u00edculo 21: \u201c\u2026la obligatoriedad de poseer un carnet habilitante para toda persona que manipule alimentos en establecimientos donde\u2026","rel":"","context":"En \u00abCHASCOM\u00daS\u00bb","block_context":{"text":"CHASCOM\u00daS","link":"https:\/\/larevistadigital.com.ar\/blog\/category\/chascomus\/"},"img":{"alt_text":"","src":"https:\/\/i0.wp.com\/larevistadigital.com.ar\/blog\/wp-content\/uploads\/686fff05506d1.png?fit=668%2C445&ssl=1&resize=350%2C200","width":350,"height":200,"srcset":"https:\/\/i0.wp.com\/larevistadigital.com.ar\/blog\/wp-content\/uploads\/686fff05506d1.png?fit=668%2C445&ssl=1&resize=350%2C200 1x, https:\/\/i0.wp.com\/larevistadigital.com.ar\/blog\/wp-content\/uploads\/686fff05506d1.png?fit=668%2C445&ssl=1&resize=525%2C300 1.5x"},"classes":[]},{"id":16191,"url":"https:\/\/larevistadigital.com.ar\/blog\/lezama-capacitacion-virtual-primeros-pasos-de-una-exportacion\/","url_meta":{"origin":12049,"position":3},"title":"LEZAMA: CAPACITACI\u00d3N VIRTUAL \u201cPRIMEROS PASOS DE UNA EXPORTACI\u00d3N\u201d","author":"Alejandro Sosa Ruda","date":"1 septiembre, 2020","format":false,"excerpt":"El \u00c1rea de Producci\u00f3n y Empleo invita a una nueva capacitaci\u00f3n ofrecida desde el Ministerio de Desarrollo Agrario de la provincia de Buenos Aires, referida a \u201cPrimeros pasos de una Exportaci\u00f3n\u201d que se realizar\u00e1 durante 3 encuentros semanales a partir del pr\u00f3ximo lunes 7 de septiembre. Los destinatarios son cooperativas,\u2026","rel":"","context":"En \u00abLEZAMA\u00bb","block_context":{"text":"LEZAMA","link":"https:\/\/larevistadigital.com.ar\/blog\/category\/lezama\/"},"img":{"alt_text":"","src":"https:\/\/i0.wp.com\/larevistadigital.com.ar\/blog\/wp-content\/uploads\/2019\/05\/59931493_1454351558090874_3533011660711133184_o.jpg?fit=1200%2C708&ssl=1&resize=350%2C200","width":350,"height":200,"srcset":"https:\/\/i0.wp.com\/larevistadigital.com.ar\/blog\/wp-content\/uploads\/2019\/05\/59931493_1454351558090874_3533011660711133184_o.jpg?fit=1200%2C708&ssl=1&resize=350%2C200 1x, https:\/\/i0.wp.com\/larevistadigital.com.ar\/blog\/wp-content\/uploads\/2019\/05\/59931493_1454351558090874_3533011660711133184_o.jpg?fit=1200%2C708&ssl=1&resize=525%2C300 1.5x, https:\/\/i0.wp.com\/larevistadigital.com.ar\/blog\/wp-content\/uploads\/2019\/05\/59931493_1454351558090874_3533011660711133184_o.jpg?fit=1200%2C708&ssl=1&resize=700%2C400 2x, https:\/\/i0.wp.com\/larevistadigital.com.ar\/blog\/wp-content\/uploads\/2019\/05\/59931493_1454351558090874_3533011660711133184_o.jpg?fit=1200%2C708&ssl=1&resize=1050%2C600 3x"},"classes":[]},{"id":16675,"url":"https:\/\/larevistadigital.com.ar\/blog\/castelli-cursos-gratuitos-de-la-direccion-de-cultura\/","url_meta":{"origin":12049,"position":4},"title":"CASTELLI: CURSOS GRATUITOS DE LA DIRECCI\u00d3N DE CULTURA","author":"Alejandro Sosa Ruda","date":"2 octubre, 2020","format":false,"excerpt":"El municipio de Castelli con una interesante propuesta! La Direcci\u00f3n de Cultura y Educaci\u00f3n de la Municipalidad de Castelli, informa que se encuentra abierta la inscripci\u00f3n para los siguientes cursos: \"Mozos y Camareras en el marco de Covid-19\" y \"Manipulaci\u00f3n de alimentos en el marco de Covid-19\". Ambos cursos son\u2026","rel":"","context":"En \u00abCASTELLI\u00bb","block_context":{"text":"CASTELLI","link":"https:\/\/larevistadigital.com.ar\/blog\/category\/castelli\/"},"img":{"alt_text":"","src":"https:\/\/i0.wp.com\/larevistadigital.com.ar\/blog\/wp-content\/uploads\/120022787_3398235386882273_5780140582150794808_n.jpg?fit=960%2C960&ssl=1&resize=350%2C200","width":350,"height":200,"srcset":"https:\/\/i0.wp.com\/larevistadigital.com.ar\/blog\/wp-content\/uploads\/120022787_3398235386882273_5780140582150794808_n.jpg?fit=960%2C960&ssl=1&resize=350%2C200 1x, https:\/\/i0.wp.com\/larevistadigital.com.ar\/blog\/wp-content\/uploads\/120022787_3398235386882273_5780140582150794808_n.jpg?fit=960%2C960&ssl=1&resize=525%2C300 1.5x, https:\/\/i0.wp.com\/larevistadigital.com.ar\/blog\/wp-content\/uploads\/120022787_3398235386882273_5780140582150794808_n.jpg?fit=960%2C960&ssl=1&resize=700%2C400 2x"},"classes":[]},{"id":42070,"url":"https:\/\/larevistadigital.com.ar\/blog\/chascomus-se-entregaron-25-carnets-de-manipulador-de-alimentos-en-la-escuela-secundaria-n9\/","url_meta":{"origin":12049,"position":5},"title":"Chascom\u00fas: Se entregaron 25 carnets de manipulador de alimentos en la Escuela Secundaria N\u00b09","author":"Alejandro Sosa Ruda","date":"17 octubre, 2025","format":false,"excerpt":"Dado el dif\u00edcil contexto econ\u00f3mico que estamos atravesando, la Municipalidad acompa\u00f1a a los j\u00f3venes con valiosas herramientas para que puedan acceder a un empleo formal. 17 de Octubre de 2025 CHASCOM\u00daS\u00a0 -\u00a0 \u00a0 El \u00faltimo jueves, la directora municipal de Desarrollo Productivo, Mar\u00eda Eugenia Pietrantuono, junto a la inspectora jefa\u2026","rel":"","context":"En \u00abCHASCOM\u00daS\u00bb","block_context":{"text":"CHASCOM\u00daS","link":"https:\/\/larevistadigital.com.ar\/blog\/category\/chascomus\/"},"img":{"alt_text":"","src":"https:\/\/i0.wp.com\/larevistadigital.com.ar\/blog\/wp-content\/uploads\/68f26d031e65a.png?fit=668%2C445&ssl=1&resize=350%2C200","width":350,"height":200,"srcset":"https:\/\/i0.wp.com\/larevistadigital.com.ar\/blog\/wp-content\/uploads\/68f26d031e65a.png?fit=668%2C445&ssl=1&resize=350%2C200 1x, https:\/\/i0.wp.com\/larevistadigital.com.ar\/blog\/wp-content\/uploads\/68f26d031e65a.png?fit=668%2C445&ssl=1&resize=525%2C300 1.5x"},"classes":[]}],"_links":{"self":[{"href":"https:\/\/larevistadigital.com.ar\/blog\/wp-json\/wp\/v2\/posts\/12049","targetHints":{"allow":["GET"]}}],"collection":[{"href":"https:\/\/larevistadigital.com.ar\/blog\/wp-json\/wp\/v2\/posts"}],"about":[{"href":"https:\/\/larevistadigital.com.ar\/blog\/wp-json\/wp\/v2\/types\/post"}],"author":[{"embeddable":true,"href":"https:\/\/larevistadigital.com.ar\/blog\/wp-json\/wp\/v2\/users\/3"}],"replies":[{"embeddable":true,"href":"https:\/\/larevistadigital.com.ar\/blog\/wp-json\/wp\/v2\/comments?post=12049"}],"version-history":[{"count":1,"href":"https:\/\/larevistadigital.com.ar\/blog\/wp-json\/wp\/v2\/posts\/12049\/revisions"}],"predecessor-version":[{"id":12051,"href":"https:\/\/larevistadigital.com.ar\/blog\/wp-json\/wp\/v2\/posts\/12049\/revisions\/12051"}],"wp:featuredmedia":[{"embeddable":true,"href":"https:\/\/larevistadigital.com.ar\/blog\/wp-json\/wp\/v2\/media\/10063"}],"wp:attachment":[{"href":"https:\/\/larevistadigital.com.ar\/blog\/wp-json\/wp\/v2\/media?parent=12049"}],"wp:term":[{"taxonomy":"category","embeddable":true,"href":"https:\/\/larevistadigital.com.ar\/blog\/wp-json\/wp\/v2\/categories?post=12049"},{"taxonomy":"post_tag","embeddable":true,"href":"https:\/\/larevistadigital.com.ar\/blog\/wp-json\/wp\/v2\/tags?post=12049"}],"curies":[{"name":"wp","href":"https:\/\/api.w.org\/{rel}","templated":true}]}}