{"id":12052,"date":"2019-09-13T22:32:50","date_gmt":"2019-09-13T22:32:50","guid":{"rendered":"https:\/\/larevistadigital.com.ar\/blog\/?p=12052"},"modified":"2019-09-13T22:32:50","modified_gmt":"2019-09-13T22:32:50","slug":"dos-santos-planea-medidas-de-seguridad-sueldos-y-baja-de-tasas","status":"publish","type":"post","link":"https:\/\/larevistadigital.com.ar\/blog\/dos-santos-planea-medidas-de-seguridad-sueldos-y-baja-de-tasas\/","title":{"rendered":"DOS SANTOS PLANEA MEDIDAS DE SEGURIDAD, SUELDOS, Y BAJA DE TASAS"},"content":{"rendered":"<p>El m\u00e9dico cirujano y candidato a Intendente <strong>Santiago Dos Santos<\/strong>, junto a integrantes de la lista de concejales que encabeza <strong>Alejandro Bartoletti<\/strong>, tuvieron una reuni\u00f3n con el interbloque de concejales del sector que representan, para trabajar acerca de temas que son considerados como prioritarios para la comunidad.<\/p>\n<blockquote>\n<h3>Esto fue se\u00f1alado desde un comunicado de prensa del sector, donde se asegura que se analiz\u00f3 el gran crecimiento de la inseguridad en Chascom\u00fas, tanto en el \u00e1rea urbana como en la Rural, pese a las inversiones realizadas en materia edilicia, m\u00f3viles, c\u00e1maras y recursos humanos, fustig\u00e1ndose la tarea del Jefe Comunal en el \u00e1rea, adem\u00e1s de\u00a0 haber obviado la participaci\u00f3n ciudadana a trav\u00e9s de todos los Foros de Seguridad creados por ley y a tal efecto.<\/h3>\n<\/blockquote>\n<p>Tambi\u00e9n analizaron \u00abla ca\u00edda de los sueldos de los empleados municipales desde 2015 y hasta la fecha\u00bb, tom\u00e1ndose la decisi\u00f3n de impulsar desde el interbloque \u00abEl pago de un bono a los empleados del municipio, as\u00ed como tambi\u00e9n acompa\u00f1ar el pedido de ATE para que se concrete el adelanto del 12%\u00a0 de aumento salarial y que se incremente en un 10% extra\u00bb.<\/p>\n<p>Tambi\u00e9n se abord\u00f3 el tema de la enorme presi\u00f3n tributaria que sufren los vecinos por parte de la comuna. En este sentido, Dos Santos coment\u00f3 que est\u00e1 preparando una serie de medidas que pondr\u00e1 en pr\u00e1ctica de acceder a la Intendencia de la ciudad, como tambi\u00e9n para que sean orquestadas desde el bloque de concejales de su sector. Se destacan la baja de las tasas por un per\u00edodo y la rebaja del estacionamiento medido.<\/p>\n<p>&nbsp;<\/p>\n<p>&nbsp;<\/p>\n","protected":false},"excerpt":{"rendered":"<div class=\"mh-excerpt\"><p>El m\u00e9dico cirujano y candidato a Intendente Santiago Dos Santos, junto a integrantes de la lista de concejales que encabeza Alejandro Bartoletti, tuvieron una reuni\u00f3n con el interbloque de concejales del sector que representan, para <a class=\"mh-excerpt-more\" href=\"https:\/\/larevistadigital.com.ar\/blog\/dos-santos-planea-medidas-de-seguridad-sueldos-y-baja-de-tasas\/\" title=\"DOS SANTOS PLANEA MEDIDAS DE SEGURIDAD, SUELDOS, Y BAJA DE TASAS\">[Leer M\u00e1s]<\/a><\/p>\n<\/div>","protected":false},"author":3,"featured_media":9595,"comment_status":"open","ping_status":"open","sticky":false,"template":"","format":"standard","meta":{"_jetpack_memberships_contains_paid_content":false,"footnotes":"","jetpack_publicize_message":"","jetpack_publicize_feature_enabled":true,"jetpack_social_post_already_shared":true,"jetpack_social_options":{"image_generator_settings":{"template":"highway","default_image_id":0,"font":"","enabled":false},"version":2}},"categories":[6],"tags":[],"class_list":{"0":"post-12052","1":"post","2":"type-post","3":"status-publish","4":"format-standard","5":"has-post-thumbnail","7":"category-chascomus"},"jetpack_publicize_connections":[],"jetpack_featured_media_url":"https:\/\/i0.wp.com\/larevistadigital.com.ar\/blog\/wp-content\/uploads\/2019\/04\/19601412_10213452250083944_4973836600266300277_n.jpg?fit=960%2C960&ssl=1","jetpack_sharing_enabled":true,"jetpack_shortlink":"https:\/\/wp.me\/p8qtrQ-38o","jetpack-related-posts":[{"id":41098,"url":"https:\/\/larevistadigital.com.ar\/blog\/chascomus-se-llevo-a-cabo-el-primer-debate-de-candidatos-a-concejales-con-la-ausencia-de-santiago-dos-santos\/","url_meta":{"origin":12052,"position":0},"title":"Chascom\u00fas: Se llev\u00f3 a cabo el primer debate de candidatos a concejales, con la ausencia de Santiago Dos Santos","author":"Alejandro Sosa Ruda","date":"25 agosto, 2025","format":false,"excerpt":"Encuentro de \u201cMi primer voto\u201d con fuerte participaci\u00f3n juvenil. El primer candidato radical no fue de la partida. 25 de agosto de 2025 CHASCOM\u00daS -\u00a0 Este lunes por la ma\u00f1ana, el Teatro Municipal Brazzola fue escenario de un debate entre candidatos a concejales y consejeros escolares que competir\u00e1n en las\u2026","rel":"","context":"En \u00abCHASCOM\u00daS\u00bb","block_context":{"text":"CHASCOM\u00daS","link":"https:\/\/larevistadigital.com.ar\/blog\/category\/chascomus\/"},"img":{"alt_text":"","src":"https:\/\/i0.wp.com\/larevistadigital.com.ar\/blog\/wp-content\/uploads\/68ac9e4c99cbc.png?fit=668%2C445&ssl=1&resize=350%2C200","width":350,"height":200,"srcset":"https:\/\/i0.wp.com\/larevistadigital.com.ar\/blog\/wp-content\/uploads\/68ac9e4c99cbc.png?fit=668%2C445&ssl=1&resize=350%2C200 1x, https:\/\/i0.wp.com\/larevistadigital.com.ar\/blog\/wp-content\/uploads\/68ac9e4c99cbc.png?fit=668%2C445&ssl=1&resize=525%2C300 1.5x"},"classes":[]},{"id":32452,"url":"https:\/\/larevistadigital.com.ar\/blog\/seguridad-salud-y-trabajo-fueron-los-ejes-principales-en-la-presentacion-de-la-lista-10-de-juntos-por-el-cambio-que-encabeza-santiago-dos-santos\/","url_meta":{"origin":12052,"position":1},"title":"SEGURIDAD, SALUD Y TRABAJO FUERON LOS EJES PRINCIPALES EN LA PRESENTACION DE LA LISTA 10 DE JUNTOS POR EL CAMBIO QUE ENCABEZA SANTIAGO DOS SANTOS","author":"Alejandro Sosa Ruda","date":"16 julio, 2023","format":false,"excerpt":"Fue este s\u00e1bado 15 de julio en las instalaciones de Uni\u00f3n Deportiva 16 de julio de 2023 CHASCOM\u00daS -\u00a0 En el marco de la presentaci\u00f3n de los candidatos a concejales y consejeros escolares que lo acompa\u00f1an en la lista a nivel municipal de cara a las PASO, el precandidato a\u2026","rel":"","context":"En \u00abINTERES GENERAL\u00bb","block_context":{"text":"INTERES GENERAL","link":"https:\/\/larevistadigital.com.ar\/blog\/category\/interes-general\/"},"img":{"alt_text":"","src":"https:\/\/i0.wp.com\/larevistadigital.com.ar\/blog\/wp-content\/uploads\/WhatsApp-Image-2023-07-15-at-20.16.12.jpeg?fit=1200%2C900&ssl=1&resize=350%2C200","width":350,"height":200,"srcset":"https:\/\/i0.wp.com\/larevistadigital.com.ar\/blog\/wp-content\/uploads\/WhatsApp-Image-2023-07-15-at-20.16.12.jpeg?fit=1200%2C900&ssl=1&resize=350%2C200 1x, https:\/\/i0.wp.com\/larevistadigital.com.ar\/blog\/wp-content\/uploads\/WhatsApp-Image-2023-07-15-at-20.16.12.jpeg?fit=1200%2C900&ssl=1&resize=525%2C300 1.5x, https:\/\/i0.wp.com\/larevistadigital.com.ar\/blog\/wp-content\/uploads\/WhatsApp-Image-2023-07-15-at-20.16.12.jpeg?fit=1200%2C900&ssl=1&resize=700%2C400 2x, https:\/\/i0.wp.com\/larevistadigital.com.ar\/blog\/wp-content\/uploads\/WhatsApp-Image-2023-07-15-at-20.16.12.jpeg?fit=1200%2C900&ssl=1&resize=1050%2C600 3x"},"classes":[]},{"id":2816,"url":"https:\/\/larevistadigital.com.ar\/blog\/chascomus-el-precandidato-a-concejal-de-cambiemos-santiago-dos-santos-se-reunio-con-el-intendente-de-general-belgrano\/","url_meta":{"origin":12052,"position":2},"title":"CHASCOM\u00daS: EL PRECANDIDATO A CONCEJAL DE CAMBIEMOS SANTIAGO DOS SANTOS, SE REUNI\u00d3 CON EL INTENDENTE DE GENERAL BELGRANO","author":"Alejandro Sosa Ruda","date":"3 agosto, 2017","format":false,"excerpt":"Encuentro de trabajo de los candidatos a concejales de Cambiemos-UCR con el Intendente de Gral Belgrano Los\u00a0 candidatos a concejales de Cambiemos-UCR, Santiago Dos Santos y Lorenza Marquez mantuvieron un encuentro de trabajo con el Intendente de Gral. Belgrano Osvaldo Din\u00e1poli y miembros de su gabinete. El objetivo de la\u2026","rel":"","context":"En \u00abCHASCOM\u00daS\u00bb","block_context":{"text":"CHASCOM\u00daS","link":"https:\/\/larevistadigital.com.ar\/blog\/category\/chascomus\/"},"img":{"alt_text":"","src":"https:\/\/i0.wp.com\/larevistadigital.com.ar\/blog\/wp-content\/uploads\/2017\/08\/DINAPOLI.jpg?fit=900%2C507&ssl=1&resize=350%2C200","width":350,"height":200,"srcset":"https:\/\/i0.wp.com\/larevistadigital.com.ar\/blog\/wp-content\/uploads\/2017\/08\/DINAPOLI.jpg?fit=900%2C507&ssl=1&resize=350%2C200 1x, https:\/\/i0.wp.com\/larevistadigital.com.ar\/blog\/wp-content\/uploads\/2017\/08\/DINAPOLI.jpg?fit=900%2C507&ssl=1&resize=525%2C300 1.5x, https:\/\/i0.wp.com\/larevistadigital.com.ar\/blog\/wp-content\/uploads\/2017\/08\/DINAPOLI.jpg?fit=900%2C507&ssl=1&resize=700%2C400 2x"},"classes":[]},{"id":3012,"url":"https:\/\/larevistadigital.com.ar\/blog\/santiago-dos-santos-hemos-presentado-en-el-concejo-una-propuesta-concreta-para-las-victimas-del-delito\/","url_meta":{"origin":12052,"position":3},"title":"SANTIAGO DOS SANTOS: HEMOS PRESENTADO EN EL CONCEJO UNA PROPUESTA CONCRETA PARA LAS V\u00cdCTIMAS DEL DELITO","author":"Alejandro Sosa Ruda","date":"6 agosto, 2017","format":false,"excerpt":"\u201cEstamos trabajando desde ahora, presentando iniciativas que se transformen en ordenanzas, en este caso vinculadas a la seguridad\u201d En horas de la ma\u00f1ana, los precandidatos a concejales de la lista Cambiemos-UCR Santiago Dos Santos, Lorenza M\u00e1rquez y Ra\u00fal Ciraus presentaron una iniciativa para crear la Unidad de Atenci\u00f3n a las\u2026","rel":"","context":"En \u00abCHASCOM\u00daS\u00bb","block_context":{"text":"CHASCOM\u00daS","link":"https:\/\/larevistadigital.com.ar\/blog\/category\/chascomus\/"},"img":{"alt_text":"","src":"https:\/\/i0.wp.com\/larevistadigital.com.ar\/blog\/wp-content\/uploads\/2017\/08\/santiago_seguridad.jpg?fit=692%2C403&ssl=1&resize=350%2C200","width":350,"height":200,"srcset":"https:\/\/i0.wp.com\/larevistadigital.com.ar\/blog\/wp-content\/uploads\/2017\/08\/santiago_seguridad.jpg?fit=692%2C403&ssl=1&resize=350%2C200 1x, https:\/\/i0.wp.com\/larevistadigital.com.ar\/blog\/wp-content\/uploads\/2017\/08\/santiago_seguridad.jpg?fit=692%2C403&ssl=1&resize=525%2C300 1.5x"},"classes":[]},{"id":12881,"url":"https:\/\/larevistadigital.com.ar\/blog\/javier-gaston-fue-reelecto-como-intendente-de-chascomus\/","url_meta":{"origin":12052,"position":4},"title":"JAVIER GAST\u00d3N FUE REELECTO COMO INTENDENTE DE CHASCOM\u00daS","author":"Alejandro Sosa Ruda","date":"28 octubre, 2019","format":false,"excerpt":"El Intendente de Chascom\u00fas, y candidato por el Frente de Todos, Javier Gast\u00f3n, gan\u00f3 la elecci\u00f3n por amplio margen como hab\u00eda ocurrido en las PASO de agosto pasado, y gobernar\u00e1 la ciudad por cuatro a\u00f1os m\u00e1s a partir de diciembre. Con un gran porcentaje de adhesi\u00f3n de los vecinos, el\u2026","rel":"","context":"En \u00abCHASCOM\u00daS\u00bb","block_context":{"text":"CHASCOM\u00daS","link":"https:\/\/larevistadigital.com.ar\/blog\/category\/chascomus\/"},"img":{"alt_text":"","src":"https:\/\/i0.wp.com\/larevistadigital.com.ar\/blog\/wp-content\/uploads\/Screenshot_1-55.jpg?fit=712%2C597&ssl=1&resize=350%2C200","width":350,"height":200,"srcset":"https:\/\/i0.wp.com\/larevistadigital.com.ar\/blog\/wp-content\/uploads\/Screenshot_1-55.jpg?fit=712%2C597&ssl=1&resize=350%2C200 1x, https:\/\/i0.wp.com\/larevistadigital.com.ar\/blog\/wp-content\/uploads\/Screenshot_1-55.jpg?fit=712%2C597&ssl=1&resize=525%2C300 1.5x, https:\/\/i0.wp.com\/larevistadigital.com.ar\/blog\/wp-content\/uploads\/Screenshot_1-55.jpg?fit=712%2C597&ssl=1&resize=700%2C400 2x"},"classes":[]},{"id":44412,"url":"https:\/\/larevistadigital.com.ar\/blog\/chascomus-convocatoria-del-ejecutivo-a-concejales-para-trabajar-en-los-pliegos-de-futuras-concesiones-municipales\/","url_meta":{"origin":12052,"position":5},"title":"Chascom\u00fas: Convocatoria del Ejecutivo a concejales para trabajar en los pliegos de futuras concesiones municipales","author":"Alejandro Sosa Ruda","date":"9 marzo, 2026","format":false,"excerpt":"En la primera reuni\u00f3n analizaron los casos de Las Escalinatas, la parcela ribere\u00f1a N\u00ba 11 y el sector de El Castillo. Habr\u00e1 una nueva reuni\u00f3n en dos semanas para continuar el trabajo conjunto. 09 de Marzo de 2026 CHASCOM\u00daS -\u00a0 \u00a0La secretaria de Turismo, Deporte y Cultura, Julieta Spina, encabez\u00f3\u2026","rel":"","context":"En \u00abINTERES GENERAL\u00bb","block_context":{"text":"INTERES GENERAL","link":"https:\/\/larevistadigital.com.ar\/blog\/category\/interes-general\/"},"img":{"alt_text":"","src":"https:\/\/i0.wp.com\/larevistadigital.com.ar\/blog\/wp-content\/uploads\/69af0e5b5e285.png?fit=668%2C445&ssl=1&resize=350%2C200","width":350,"height":200,"srcset":"https:\/\/i0.wp.com\/larevistadigital.com.ar\/blog\/wp-content\/uploads\/69af0e5b5e285.png?fit=668%2C445&ssl=1&resize=350%2C200 1x, https:\/\/i0.wp.com\/larevistadigital.com.ar\/blog\/wp-content\/uploads\/69af0e5b5e285.png?fit=668%2C445&ssl=1&resize=525%2C300 1.5x"},"classes":[]}],"_links":{"self":[{"href":"https:\/\/larevistadigital.com.ar\/blog\/wp-json\/wp\/v2\/posts\/12052","targetHints":{"allow":["GET"]}}],"collection":[{"href":"https:\/\/larevistadigital.com.ar\/blog\/wp-json\/wp\/v2\/posts"}],"about":[{"href":"https:\/\/larevistadigital.com.ar\/blog\/wp-json\/wp\/v2\/types\/post"}],"author":[{"embeddable":true,"href":"https:\/\/larevistadigital.com.ar\/blog\/wp-json\/wp\/v2\/users\/3"}],"replies":[{"embeddable":true,"href":"https:\/\/larevistadigital.com.ar\/blog\/wp-json\/wp\/v2\/comments?post=12052"}],"version-history":[{"count":1,"href":"https:\/\/larevistadigital.com.ar\/blog\/wp-json\/wp\/v2\/posts\/12052\/revisions"}],"predecessor-version":[{"id":12053,"href":"https:\/\/larevistadigital.com.ar\/blog\/wp-json\/wp\/v2\/posts\/12052\/revisions\/12053"}],"wp:featuredmedia":[{"embeddable":true,"href":"https:\/\/larevistadigital.com.ar\/blog\/wp-json\/wp\/v2\/media\/9595"}],"wp:attachment":[{"href":"https:\/\/larevistadigital.com.ar\/blog\/wp-json\/wp\/v2\/media?parent=12052"}],"wp:term":[{"taxonomy":"category","embeddable":true,"href":"https:\/\/larevistadigital.com.ar\/blog\/wp-json\/wp\/v2\/categories?post=12052"},{"taxonomy":"post_tag","embeddable":true,"href":"https:\/\/larevistadigital.com.ar\/blog\/wp-json\/wp\/v2\/tags?post=12052"}],"curies":[{"name":"wp","href":"https:\/\/api.w.org\/{rel}","templated":true}]}}