{"id":12130,"date":"2019-09-16T23:16:59","date_gmt":"2019-09-16T23:16:59","guid":{"rendered":"https:\/\/larevistadigital.com.ar\/blog\/?p=12130"},"modified":"2019-09-16T23:16:59","modified_gmt":"2019-09-16T23:16:59","slug":"cura-confiesa-ante-los-fieles-que-deja-la-iglesia-por-amor","status":"publish","type":"post","link":"https:\/\/larevistadigital.com.ar\/blog\/cura-confiesa-ante-los-fieles-que-deja-la-iglesia-por-amor\/","title":{"rendered":"CURA CONFIESA ANTE LOS FIELES QUE DEJA LA IGLESIA POR AMOR"},"content":{"rendered":"<p>Durante la misa y ante la mirada de los fieles un cura p\u00e1rroco\u00a0 de Valle F\u00e9rtil, San Juan,\u00a0 comunic\u00f3\u00a0 que dejar\u00eda los h\u00e1bitos porque estaba enamorado.\u00a0 El ahora ex sacerdote <strong>Nelson Cuello<\/strong> lo anunci\u00f3 el domingo y la noticia fue confirmada m\u00e1s tarde por el\u00a0arzobispo de San Juan, monse\u00f1or<strong> Jorge Lozano.<\/strong><\/p>\n<p><strong><em>\u00abNo estoy dispuesto a asumir una doble vida o a caretearla como dicen los j\u00f3venes\u00bb<\/em><\/strong>, expres\u00f3 al contar que estaba enamorado de una mujer de la zona, aunque no revel\u00f3 la identidad.<\/p>\n<blockquote>\n<h3>El sacerdote hab\u00eda llegado en febrero a la Parroquia San Agust\u00edn y Nuestra Se\u00f1ora del Rosario y siempre se desatac\u00f3 por su estilo descontracturado. En esta oportunidad expres\u00f3 que dejar los h\u00e1bitos hab\u00eda sido producto de un proceso \u00ablargo y complicado\u00bb y que para tomar la decisi\u00f3n hab\u00eda hablado varias veces con el obispo.<\/h3>\n<\/blockquote>\n<p><strong><em>\u00abEs una decisi\u00f3n que ten\u00eda que tomar para poder descubrir y buscar la felicidad tambi\u00e9n. Eso quise transmitir a la comunidad cuando terminamos la misa porque yo siempre prediqu\u00e9 en honor a la verdad y a la honestidad y en virtud de eso ser sincero con la comunidad y con quienes me acompa\u00f1aron en este tiempo\u00bb<\/em><\/strong>, agreg\u00f3 <strong>Cuello.<\/strong><\/p>\n<p><em><strong>\u00abAyer les dec\u00eda despu\u00e9s de la misa, como un consejo de amigo ya no como cura, pienso que hay que ocuparse mucho de proyectarse en la vida y buscar la felicidad\u00bb<\/strong><\/em>, les dej\u00f3 como \u00faltimo mensaje a los fieles.<\/p>\n","protected":false},"excerpt":{"rendered":"<div class=\"mh-excerpt\"><p>Durante la misa y ante la mirada de los fieles un cura p\u00e1rroco\u00a0 de Valle F\u00e9rtil, San Juan,\u00a0 comunic\u00f3\u00a0 que dejar\u00eda los h\u00e1bitos porque estaba enamorado.\u00a0 El ahora ex sacerdote Nelson Cuello lo anunci\u00f3 el <a class=\"mh-excerpt-more\" href=\"https:\/\/larevistadigital.com.ar\/blog\/cura-confiesa-ante-los-fieles-que-deja-la-iglesia-por-amor\/\" title=\"CURA CONFIESA ANTE LOS FIELES QUE DEJA LA IGLESIA POR AMOR\">[Leer M\u00e1s]<\/a><\/p>\n<\/div>","protected":false},"author":3,"featured_media":12131,"comment_status":"open","ping_status":"open","sticky":false,"template":"","format":"standard","meta":{"_jetpack_memberships_contains_paid_content":false,"footnotes":"","jetpack_publicize_message":"","jetpack_publicize_feature_enabled":true,"jetpack_social_post_already_shared":true,"jetpack_social_options":{"image_generator_settings":{"template":"highway","default_image_id":0,"font":"","enabled":false},"version":2}},"categories":[50],"tags":[],"class_list":{"0":"post-12130","1":"post","2":"type-post","3":"status-publish","4":"format-standard","5":"has-post-thumbnail","7":"category-interes-general"},"jetpack_publicize_connections":[],"jetpack_featured_media_url":"https:\/\/i0.wp.com\/larevistadigital.com.ar\/blog\/wp-content\/uploads\/20190916113533_10665343_10206117081034261_378107104115579216_n.jpg?fit=880%2C586&ssl=1","jetpack_sharing_enabled":true,"jetpack_shortlink":"https:\/\/wp.me\/p8qtrQ-39E","jetpack-related-posts":[{"id":32616,"url":"https:\/\/larevistadigital.com.ar\/blog\/olavarria-un-sacerdote-llama-a-sus-fieles-a-votar-en-blanco\/","url_meta":{"origin":12130,"position":0},"title":"OLAVARR\u00cdA: UN SACERDOTE LLAMA A SUS FIELES A VOTAR EN BLANCO","author":"Alejandro Sosa Ruda","date":"27 julio, 2023","format":false,"excerpt":"El Sacerdote a cargo de la Parroquia Natividad de la Virgen, Jos\u00e9 Quattrocchio se expres\u00f3 en su cuenta de Facebook del siguiente modo \u201c\u00bfque elegir en la pr\u00f3ximas elecciones? Muy simple, a nadie, hasta que no se presente alguien con verdaderos principios cristianos\u201d. 26 de julio de 2023 OLAVARR\u00cdA -\u00a0\u2026","rel":"","context":"En \u00abPOLITICA\u00bb","block_context":{"text":"POLITICA","link":"https:\/\/larevistadigital.com.ar\/blog\/category\/politica\/"},"img":{"alt_text":"","src":"https:\/\/i0.wp.com\/larevistadigital.com.ar\/blog\/wp-content\/uploads\/20230726161141_cura.jpg?fit=880%2C512&ssl=1&resize=350%2C200","width":350,"height":200,"srcset":"https:\/\/i0.wp.com\/larevistadigital.com.ar\/blog\/wp-content\/uploads\/20230726161141_cura.jpg?fit=880%2C512&ssl=1&resize=350%2C200 1x, https:\/\/i0.wp.com\/larevistadigital.com.ar\/blog\/wp-content\/uploads\/20230726161141_cura.jpg?fit=880%2C512&ssl=1&resize=525%2C300 1.5x, https:\/\/i0.wp.com\/larevistadigital.com.ar\/blog\/wp-content\/uploads\/20230726161141_cura.jpg?fit=880%2C512&ssl=1&resize=700%2C400 2x"},"classes":[]},{"id":1462,"url":"https:\/\/larevistadigital.com.ar\/blog\/la-corte-suprema-confirmo-la-condena-del-cura-grassi\/","url_meta":{"origin":12130,"position":1},"title":"LA CORTE SUPREMA CONFIRM\u00d3 LA CONDENA DEL CURA GRASSI","author":"Alejandro Sosa Ruda","date":"21 marzo, 2017","format":false,"excerpt":"De manera un\u00e1nime fueron desestimados todos los recursos planteados por el cura Julio Grassi, por lo que de esta manera qued\u00f3 convalidada la condena de 15 a\u00f1os por uno de los casos en los que se lo ha acusado y juzgado. La sentencia\u00a0dictada por el Tribunal en lo Criminal N\u00b0\u2026","rel":"","context":"En \u00abDESTACADAS\u00bb","block_context":{"text":"DESTACADAS","link":"https:\/\/larevistadigital.com.ar\/blog\/category\/destacadas\/"},"img":{"alt_text":"","src":"https:\/\/i0.wp.com\/larevistadigital.com.ar\/blog\/wp-content\/uploads\/2017\/03\/grassi.jpg?fit=1200%2C672&ssl=1&resize=350%2C200","width":350,"height":200,"srcset":"https:\/\/i0.wp.com\/larevistadigital.com.ar\/blog\/wp-content\/uploads\/2017\/03\/grassi.jpg?fit=1200%2C672&ssl=1&resize=350%2C200 1x, https:\/\/i0.wp.com\/larevistadigital.com.ar\/blog\/wp-content\/uploads\/2017\/03\/grassi.jpg?fit=1200%2C672&ssl=1&resize=525%2C300 1.5x, https:\/\/i0.wp.com\/larevistadigital.com.ar\/blog\/wp-content\/uploads\/2017\/03\/grassi.jpg?fit=1200%2C672&ssl=1&resize=700%2C400 2x, https:\/\/i0.wp.com\/larevistadigital.com.ar\/blog\/wp-content\/uploads\/2017\/03\/grassi.jpg?fit=1200%2C672&ssl=1&resize=1050%2C600 3x"},"classes":[]},{"id":12987,"url":"https:\/\/larevistadigital.com.ar\/blog\/el-obispo-reprende-al-cura-de-lezama-que-se-enfrenta-con-los-fieles-por-politica\/","url_meta":{"origin":12130,"position":2},"title":"EL OBISPO REPRENDE AL CURA DE LEZAMA, QUE SE ENFRENTA CON LOS FIELES POR POL\u00cdTICA","author":"Alejandro Sosa Ruda","date":"2 noviembre, 2019","format":false,"excerpt":"La Iglesia le ha confiado servir pastoralmente y lo llam\u00f3 para que reconsidere su actitud que poco bien le hace a los fieles. El se\u00f1or Obispo diocesano, Monse\u00f1or Carlos H. Malfa, mantuvo una conversaci\u00f3n con el Padre\u00a0Di Sanzo con la esperanza de lograr un cambio de actitud y comunicarle que\u2026","rel":"","context":"En \u00abLEZAMA\u00bb","block_context":{"text":"LEZAMA","link":"https:\/\/larevistadigital.com.ar\/blog\/category\/lezama\/"},"img":{"alt_text":"","src":"https:\/\/i0.wp.com\/larevistadigital.com.ar\/blog\/wp-content\/uploads\/cura-lezama-jc-di-sanzo.png?fit=1200%2C679&ssl=1&resize=350%2C200","width":350,"height":200,"srcset":"https:\/\/i0.wp.com\/larevistadigital.com.ar\/blog\/wp-content\/uploads\/cura-lezama-jc-di-sanzo.png?fit=1200%2C679&ssl=1&resize=350%2C200 1x, https:\/\/i0.wp.com\/larevistadigital.com.ar\/blog\/wp-content\/uploads\/cura-lezama-jc-di-sanzo.png?fit=1200%2C679&ssl=1&resize=525%2C300 1.5x, https:\/\/i0.wp.com\/larevistadigital.com.ar\/blog\/wp-content\/uploads\/cura-lezama-jc-di-sanzo.png?fit=1200%2C679&ssl=1&resize=700%2C400 2x, https:\/\/i0.wp.com\/larevistadigital.com.ar\/blog\/wp-content\/uploads\/cura-lezama-jc-di-sanzo.png?fit=1200%2C679&ssl=1&resize=1050%2C600 3x"},"classes":[]},{"id":20464,"url":"https:\/\/larevistadigital.com.ar\/blog\/un-cura-echo-a-la-policia-como-si-fuera-un-exorcismo-en-nombre-de-cristo-fuera-de-la-casa-de-dios\/","url_meta":{"origin":12130,"position":3},"title":"UN CURA ECH\u00d3 A LA POLIC\u00cdA COMO SI FUERA UN EXORCISMO \u00abEN NOMBRE DE CRISTO FUERA DE LA CASA DE DIOS\u00bb","author":"Alejandro Sosa Ruda","date":"26 mayo, 2021","format":false,"excerpt":"\"En nombre de Cristo, fuera de la casa de Dios\", le repet\u00eda a los gritos un cura a un grupo de polic\u00edas que interrumpieron su misa por incumplir el l confinamiento de 9 d\u00edas en Amen\u00e1bar, ciudad de Santa Fe. El p\u00e1rroco se llama Andr\u00e9s Quiroga y no es la\u2026","rel":"","context":"En \u00abINTERES GENERAL\u00bb","block_context":{"text":"INTERES GENERAL","link":"https:\/\/larevistadigital.com.ar\/blog\/category\/interes-general\/"},"img":{"alt_text":"","src":"https:\/\/i0.wp.com\/larevistadigital.com.ar\/blog\/wp-content\/uploads\/5-2.jpg?fit=1200%2C758&ssl=1&resize=350%2C200","width":350,"height":200,"srcset":"https:\/\/i0.wp.com\/larevistadigital.com.ar\/blog\/wp-content\/uploads\/5-2.jpg?fit=1200%2C758&ssl=1&resize=350%2C200 1x, https:\/\/i0.wp.com\/larevistadigital.com.ar\/blog\/wp-content\/uploads\/5-2.jpg?fit=1200%2C758&ssl=1&resize=525%2C300 1.5x, https:\/\/i0.wp.com\/larevistadigital.com.ar\/blog\/wp-content\/uploads\/5-2.jpg?fit=1200%2C758&ssl=1&resize=700%2C400 2x, https:\/\/i0.wp.com\/larevistadigital.com.ar\/blog\/wp-content\/uploads\/5-2.jpg?fit=1200%2C758&ssl=1&resize=1050%2C600 3x"},"classes":[]},{"id":9961,"url":"https:\/\/larevistadigital.com.ar\/blog\/horrible-uno-esta-alrededor-de-varones-y-necesita-carino-dijo-un-cura-acusado-de-abusador\/","url_meta":{"origin":12130,"position":4},"title":"HORRIBLE: \u00abUNO EST\u00c1 ALREDEDOR DE VARONES Y NECESITA CARI\u00d1O\u00bb DIJO UN CURA ACUSADO DE ABUSADOR","author":"Alejandro Sosa Ruda","date":"2 mayo, 2019","format":false,"excerpt":"Esa fue la defensa que esgrimi\u00f3, en un audio que se habr\u00eda grabado por gente que trabaja en el instituto que dirig\u00eda El sacerdote\u00a0Fernando Y\u00e1\u00f1ez,\u00a0quien fue recientemente absuelto de las acusaciones de abuso sexual a un menor de edad, fue separado de su cargo.\u00a0\"Uno est\u00e1 rodeado de varones y necesita\u2026","rel":"","context":"En \u00abPOLICIALES\u00bb","block_context":{"text":"POLICIALES","link":"https:\/\/larevistadigital.com.ar\/blog\/category\/policiales\/"},"img":{"alt_text":"","src":"https:\/\/i0.wp.com\/larevistadigital.com.ar\/blog\/wp-content\/uploads\/2019\/05\/0036520596.jpg?fit=1140%2C640&ssl=1&resize=350%2C200","width":350,"height":200,"srcset":"https:\/\/i0.wp.com\/larevistadigital.com.ar\/blog\/wp-content\/uploads\/2019\/05\/0036520596.jpg?fit=1140%2C640&ssl=1&resize=350%2C200 1x, https:\/\/i0.wp.com\/larevistadigital.com.ar\/blog\/wp-content\/uploads\/2019\/05\/0036520596.jpg?fit=1140%2C640&ssl=1&resize=525%2C300 1.5x, https:\/\/i0.wp.com\/larevistadigital.com.ar\/blog\/wp-content\/uploads\/2019\/05\/0036520596.jpg?fit=1140%2C640&ssl=1&resize=700%2C400 2x, https:\/\/i0.wp.com\/larevistadigital.com.ar\/blog\/wp-content\/uploads\/2019\/05\/0036520596.jpg?fit=1140%2C640&ssl=1&resize=1050%2C600 3x"},"classes":[]},{"id":11869,"url":"https:\/\/larevistadigital.com.ar\/blog\/adolescente-denuncia-manoseos-de-un-cura\/","url_meta":{"origin":12130,"position":5},"title":"ADOLESCENTE DENUNCIA MANOSEOS DE UN CURA","author":"Alejandro Sosa Ruda","date":"16 agosto, 2019","format":false,"excerpt":"Lamentablemente otra vez ocurren estos excesos que dejan expuesto un problema que muchas veces no se quiere afrontar Un cura chileno fue denunciado por abusar a un alumno en una escuela parroquial del barrio porte\u00f1o de Liniers.\u00a0Seg\u00fan el relato de la v\u00edctima,\u00a0el sacerdote\u00a0Nelson P\u00e9rez Jerez lo manose\u00f3 delante de sus\u2026","rel":"","context":"En \u00abINTERES GENERAL\u00bb","block_context":{"text":"INTERES GENERAL","link":"https:\/\/larevistadigital.com.ar\/blog\/category\/interes-general\/"},"img":{"alt_text":"","src":"https:\/\/i0.wp.com\/larevistadigital.com.ar\/blog\/wp-content\/uploads\/dibujo-de-cura-en-la-sombra.jpg?fit=1140%2C797&ssl=1&resize=350%2C200","width":350,"height":200,"srcset":"https:\/\/i0.wp.com\/larevistadigital.com.ar\/blog\/wp-content\/uploads\/dibujo-de-cura-en-la-sombra.jpg?fit=1140%2C797&ssl=1&resize=350%2C200 1x, https:\/\/i0.wp.com\/larevistadigital.com.ar\/blog\/wp-content\/uploads\/dibujo-de-cura-en-la-sombra.jpg?fit=1140%2C797&ssl=1&resize=525%2C300 1.5x, https:\/\/i0.wp.com\/larevistadigital.com.ar\/blog\/wp-content\/uploads\/dibujo-de-cura-en-la-sombra.jpg?fit=1140%2C797&ssl=1&resize=700%2C400 2x, https:\/\/i0.wp.com\/larevistadigital.com.ar\/blog\/wp-content\/uploads\/dibujo-de-cura-en-la-sombra.jpg?fit=1140%2C797&ssl=1&resize=1050%2C600 3x"},"classes":[]}],"_links":{"self":[{"href":"https:\/\/larevistadigital.com.ar\/blog\/wp-json\/wp\/v2\/posts\/12130","targetHints":{"allow":["GET"]}}],"collection":[{"href":"https:\/\/larevistadigital.com.ar\/blog\/wp-json\/wp\/v2\/posts"}],"about":[{"href":"https:\/\/larevistadigital.com.ar\/blog\/wp-json\/wp\/v2\/types\/post"}],"author":[{"embeddable":true,"href":"https:\/\/larevistadigital.com.ar\/blog\/wp-json\/wp\/v2\/users\/3"}],"replies":[{"embeddable":true,"href":"https:\/\/larevistadigital.com.ar\/blog\/wp-json\/wp\/v2\/comments?post=12130"}],"version-history":[{"count":1,"href":"https:\/\/larevistadigital.com.ar\/blog\/wp-json\/wp\/v2\/posts\/12130\/revisions"}],"predecessor-version":[{"id":12132,"href":"https:\/\/larevistadigital.com.ar\/blog\/wp-json\/wp\/v2\/posts\/12130\/revisions\/12132"}],"wp:featuredmedia":[{"embeddable":true,"href":"https:\/\/larevistadigital.com.ar\/blog\/wp-json\/wp\/v2\/media\/12131"}],"wp:attachment":[{"href":"https:\/\/larevistadigital.com.ar\/blog\/wp-json\/wp\/v2\/media?parent=12130"}],"wp:term":[{"taxonomy":"category","embeddable":true,"href":"https:\/\/larevistadigital.com.ar\/blog\/wp-json\/wp\/v2\/categories?post=12130"},{"taxonomy":"post_tag","embeddable":true,"href":"https:\/\/larevistadigital.com.ar\/blog\/wp-json\/wp\/v2\/tags?post=12130"}],"curies":[{"name":"wp","href":"https:\/\/api.w.org\/{rel}","templated":true}]}}