{"id":12136,"date":"2019-09-17T00:21:02","date_gmt":"2019-09-17T00:21:02","guid":{"rendered":"https:\/\/larevistadigital.com.ar\/blog\/?p=12136"},"modified":"2019-09-17T00:21:02","modified_gmt":"2019-09-17T00:21:02","slug":"lezama-se-abre-un-registro-de-necesidad-habitacional-para-personal-policial","status":"publish","type":"post","link":"https:\/\/larevistadigital.com.ar\/blog\/lezama-se-abre-un-registro-de-necesidad-habitacional-para-personal-policial\/","title":{"rendered":"LEZAMA: SE ABRE UN REGISTRO DE NECESIDAD HABITACIONAL PARA PERSONAL POLICIAL"},"content":{"rendered":"<p>La Secretar\u00eda de Seguridad de la Municipalidad de Lezama informa que, con el fin de conocer la necesidad habitacional en las fuerzas de seguridad locales se abrir\u00e1 un Registro de Necesidad Habitacional para el Personal Policial, en actividad y\/o retirado, que resida en el distrito de Lezama y no posea vivienda propia.<\/p>\n<p>La inscripci\u00f3n podr\u00e1 realizarse desde el Mi\u00e9rcoles 18 hasta el Mi\u00e9rcoles 25 de septiembre, de 8 a 22 horas en la Secretar\u00eda de Seguridad, sede del Centro de Monitoreo e Inspector\u00eda Municipal, sita en Ram\u00f3n G\u00f3mez esq. Hern\u00e1ndez .<\/p>\n","protected":false},"excerpt":{"rendered":"<div class=\"mh-excerpt\"><p>La Secretar\u00eda de Seguridad de la Municipalidad de Lezama informa que, con el fin de conocer la necesidad habitacional en las fuerzas de seguridad locales se abrir\u00e1 un Registro de Necesidad Habitacional para el Personal <a class=\"mh-excerpt-more\" href=\"https:\/\/larevistadigital.com.ar\/blog\/lezama-se-abre-un-registro-de-necesidad-habitacional-para-personal-policial\/\" title=\"LEZAMA: SE ABRE UN REGISTRO DE NECESIDAD HABITACIONAL PARA PERSONAL POLICIAL\">[Leer M\u00e1s]<\/a><\/p>\n<\/div>","protected":false},"author":3,"featured_media":12137,"comment_status":"open","ping_status":"open","sticky":false,"template":"","format":"standard","meta":{"_jetpack_memberships_contains_paid_content":false,"footnotes":"","jetpack_publicize_message":"","jetpack_publicize_feature_enabled":true,"jetpack_social_post_already_shared":true,"jetpack_social_options":{"image_generator_settings":{"template":"highway","default_image_id":0,"font":"","enabled":false},"version":2}},"categories":[7,51],"tags":[],"class_list":{"0":"post-12136","1":"post","2":"type-post","3":"status-publish","4":"format-standard","5":"has-post-thumbnail","7":"category-lezama","8":"category-regionales"},"jetpack_publicize_connections":[],"jetpack_featured_media_url":"https:\/\/i0.wp.com\/larevistadigital.com.ar\/blog\/wp-content\/uploads\/70186001_1546288918897137_4166714203832320000_n.jpg?fit=770%2C960&ssl=1","jetpack_sharing_enabled":true,"jetpack_shortlink":"https:\/\/wp.me\/p8qtrQ-39K","jetpack-related-posts":[{"id":29642,"url":"https:\/\/larevistadigital.com.ar\/blog\/lezama-encuentran-sin-vida-a-un-joven-de\/","url_meta":{"origin":12136,"position":0},"title":"LEZAMA: ENCUENTRAN SIN VIDA A UN JOVEN DE","author":"Alejandro Sosa Ruda","date":"26 diciembre, 2022","format":false,"excerpt":"Una lamentable noticia que ha conmocionado a la ciudad... 26 de diciembre de 2022 LEZAMA -\u00a0\u00a0Para los nativos de la localidad bonaerense de Lezama, est\u00e1 navidad fue diferente. Una triste noticia, conmocion\u00f3 y llen\u00f3 de pesar a los vecinos. Se trat\u00f3 del hallazgo sin vida de un joven de 20\u2026","rel":"","context":"En \u00abDESTACADAS\u00bb","block_context":{"text":"DESTACADAS","link":"https:\/\/larevistadigital.com.ar\/blog\/category\/destacadas\/"},"img":{"alt_text":"","src":"https:\/\/i0.wp.com\/larevistadigital.com.ar\/blog\/wp-content\/uploads\/Captura-de-pantalla-2022-12-26-122107.jpg?fit=966%2C525&ssl=1&resize=350%2C200","width":350,"height":200,"srcset":"https:\/\/i0.wp.com\/larevistadigital.com.ar\/blog\/wp-content\/uploads\/Captura-de-pantalla-2022-12-26-122107.jpg?fit=966%2C525&ssl=1&resize=350%2C200 1x, https:\/\/i0.wp.com\/larevistadigital.com.ar\/blog\/wp-content\/uploads\/Captura-de-pantalla-2022-12-26-122107.jpg?fit=966%2C525&ssl=1&resize=525%2C300 1.5x, https:\/\/i0.wp.com\/larevistadigital.com.ar\/blog\/wp-content\/uploads\/Captura-de-pantalla-2022-12-26-122107.jpg?fit=966%2C525&ssl=1&resize=700%2C400 2x"},"classes":[]},{"id":9206,"url":"https:\/\/larevistadigital.com.ar\/blog\/lezama-cambios-en-la-cupula-policial\/","url_meta":{"origin":12136,"position":1},"title":"LEZAMA: CAMBIOS EN LA C\u00daPULA POLICIAL","author":"Alejandro Sosa Ruda","date":"19 marzo, 2019","format":false,"excerpt":"Se entreg\u00f3 un reconocimiento al Comisario Inspector Mart\u00edn Toffan\u00edn, que a partir de ahora cumplir\u00e1 funciones en una Direcci\u00f3n de la Polic\u00eda Vial. Arr\u00faa y Medley ser\u00e1n las autoridades de la Comisar\u00eda y la Jefatura de Polic\u00eda, respectivamente. En la ma\u00f1ana de ayer el Intendente Municipal Arnaldo Harispe puso en\u2026","rel":"","context":"En \u00abLEZAMA\u00bb","block_context":{"text":"LEZAMA","link":"https:\/\/larevistadigital.com.ar\/blog\/category\/lezama\/"},"img":{"alt_text":"","src":"https:\/\/i0.wp.com\/larevistadigital.com.ar\/blog\/wp-content\/uploads\/2019\/03\/53722928_1423761111149919_6746160025804210176_o.jpg?fit=1200%2C740&ssl=1&resize=350%2C200","width":350,"height":200,"srcset":"https:\/\/i0.wp.com\/larevistadigital.com.ar\/blog\/wp-content\/uploads\/2019\/03\/53722928_1423761111149919_6746160025804210176_o.jpg?fit=1200%2C740&ssl=1&resize=350%2C200 1x, https:\/\/i0.wp.com\/larevistadigital.com.ar\/blog\/wp-content\/uploads\/2019\/03\/53722928_1423761111149919_6746160025804210176_o.jpg?fit=1200%2C740&ssl=1&resize=525%2C300 1.5x, https:\/\/i0.wp.com\/larevistadigital.com.ar\/blog\/wp-content\/uploads\/2019\/03\/53722928_1423761111149919_6746160025804210176_o.jpg?fit=1200%2C740&ssl=1&resize=700%2C400 2x, https:\/\/i0.wp.com\/larevistadigital.com.ar\/blog\/wp-content\/uploads\/2019\/03\/53722928_1423761111149919_6746160025804210176_o.jpg?fit=1200%2C740&ssl=1&resize=1050%2C600 3x"},"classes":[]},{"id":10901,"url":"https:\/\/larevistadigital.com.ar\/blog\/lezama-fue-sede-de-las-jornadas-de-seguridad-en-el-transito\/","url_meta":{"origin":12136,"position":2},"title":"LEZAMA FUE SEDE DE LAS JORNADAS DE SEGURIDAD EN EL TR\u00c1NSITO","author":"Alejandro Sosa Ruda","date":"28 junio, 2019","format":false,"excerpt":"Durante las jornadas del martes 25 y mi\u00e9rcoles 26 de junio, en el Quincho del Club Independiente, Lezama fue el municipio anfitri\u00f3n para el desarrollo de una capacitaci\u00f3n integral destinada a integrantes de las fuerzas de seguridad que intervienen en el tr\u00e1nsito urbano y rural. La coordinaci\u00f3n de la actividad\u2026","rel":"","context":"En \u00abLEZAMA\u00bb","block_context":{"text":"LEZAMA","link":"https:\/\/larevistadigital.com.ar\/blog\/category\/lezama\/"},"img":{"alt_text":"","src":"https:\/\/i0.wp.com\/larevistadigital.com.ar\/blog\/wp-content\/uploads\/65022076_1489156487943714_8726208621492305920_o.jpg?fit=1200%2C802&ssl=1&resize=350%2C200","width":350,"height":200,"srcset":"https:\/\/i0.wp.com\/larevistadigital.com.ar\/blog\/wp-content\/uploads\/65022076_1489156487943714_8726208621492305920_o.jpg?fit=1200%2C802&ssl=1&resize=350%2C200 1x, https:\/\/i0.wp.com\/larevistadigital.com.ar\/blog\/wp-content\/uploads\/65022076_1489156487943714_8726208621492305920_o.jpg?fit=1200%2C802&ssl=1&resize=525%2C300 1.5x, https:\/\/i0.wp.com\/larevistadigital.com.ar\/blog\/wp-content\/uploads\/65022076_1489156487943714_8726208621492305920_o.jpg?fit=1200%2C802&ssl=1&resize=700%2C400 2x, https:\/\/i0.wp.com\/larevistadigital.com.ar\/blog\/wp-content\/uploads\/65022076_1489156487943714_8726208621492305920_o.jpg?fit=1200%2C802&ssl=1&resize=1050%2C600 3x"},"classes":[]},{"id":10062,"url":"https:\/\/larevistadigital.com.ar\/blog\/lezama-hasta-el-miercoles-15-permanecera-abierto-el-registro-para-integrar-la-asamblea-de-mayores-contribuyentes\/","url_meta":{"origin":12136,"position":3},"title":"LEZAMA: HASTA EL MI\u00c9RCOLES 15 PERMANECER\u00c1 ABIERTO EL REGISTRO PARA INTEGRAR LA ASAMBLEA DE MAYORES CONTRIBUYENTES","author":"Alejandro Sosa Ruda","date":"8 mayo, 2019","format":false,"excerpt":"Informa la Municipalidad de Lezama que hasta el 15 de mayo se encuentra abierto el registro para que se inscriban mayores contribuyentes con vistas a conformar el denominado Registro de Mayores Contribuyentes. Deber\u00e1n hacerlo en el municipio, en la Oficina de Despacho, de lunes a viernes en el horario de\u2026","rel":"","context":"En \u00abLEZAMA\u00bb","block_context":{"text":"LEZAMA","link":"https:\/\/larevistadigital.com.ar\/blog\/category\/lezama\/"},"img":{"alt_text":"","src":"https:\/\/i0.wp.com\/larevistadigital.com.ar\/blog\/wp-content\/uploads\/2019\/05\/59931493_1454351558090874_3533011660711133184_o.jpg?fit=1200%2C708&ssl=1&resize=350%2C200","width":350,"height":200,"srcset":"https:\/\/i0.wp.com\/larevistadigital.com.ar\/blog\/wp-content\/uploads\/2019\/05\/59931493_1454351558090874_3533011660711133184_o.jpg?fit=1200%2C708&ssl=1&resize=350%2C200 1x, https:\/\/i0.wp.com\/larevistadigital.com.ar\/blog\/wp-content\/uploads\/2019\/05\/59931493_1454351558090874_3533011660711133184_o.jpg?fit=1200%2C708&ssl=1&resize=525%2C300 1.5x, https:\/\/i0.wp.com\/larevistadigital.com.ar\/blog\/wp-content\/uploads\/2019\/05\/59931493_1454351558090874_3533011660711133184_o.jpg?fit=1200%2C708&ssl=1&resize=700%2C400 2x, https:\/\/i0.wp.com\/larevistadigital.com.ar\/blog\/wp-content\/uploads\/2019\/05\/59931493_1454351558090874_3533011660711133184_o.jpg?fit=1200%2C708&ssl=1&resize=1050%2C600 3x"},"classes":[]},{"id":18731,"url":"https:\/\/larevistadigital.com.ar\/blog\/moto-trail-la-primera-pista-de-instruccion-para-conduccion-de-motos-trailer-del-pais-se-instalara-en-lezama\/","url_meta":{"origin":12136,"position":4},"title":"MOTO TRAIL: LA PRIMERA PISTA DE INSTRUCCI\u00d3N PARA CONDUCCI\u00d3N DE MOTOS TR\u00c1ILER DEL PA\u00cdS SE INSTALAR\u00c1 EN LEZAMA","author":"Alejandro Sosa Ruda","date":"3 febrero, 2021","format":false,"excerpt":"Un importante proyecto se instalar\u00e1 en el Paraje Monasterio con una inversi\u00f3n proyectada de $12.000.000. El objetivo es desarrollar un emprendimiento con la primera pista de instrucci\u00f3n para conducci\u00f3n de motos tr\u00e1iler en el pa\u00eds. Como valor agregado, una estad\u00eda de campo en contacto con la naturaleza, recorriendo caminos rurales\u2026","rel":"","context":"En \u00abLEZAMA\u00bb","block_context":{"text":"LEZAMA","link":"https:\/\/larevistadigital.com.ar\/blog\/category\/lezama\/"},"img":{"alt_text":"","src":"https:\/\/i0.wp.com\/larevistadigital.com.ar\/blog\/wp-content\/uploads\/144583983_1984840468375311_3902328136361814880_n.jpg?fit=854%2C588&ssl=1&resize=350%2C200","width":350,"height":200,"srcset":"https:\/\/i0.wp.com\/larevistadigital.com.ar\/blog\/wp-content\/uploads\/144583983_1984840468375311_3902328136361814880_n.jpg?fit=854%2C588&ssl=1&resize=350%2C200 1x, https:\/\/i0.wp.com\/larevistadigital.com.ar\/blog\/wp-content\/uploads\/144583983_1984840468375311_3902328136361814880_n.jpg?fit=854%2C588&ssl=1&resize=525%2C300 1.5x, https:\/\/i0.wp.com\/larevistadigital.com.ar\/blog\/wp-content\/uploads\/144583983_1984840468375311_3902328136361814880_n.jpg?fit=854%2C588&ssl=1&resize=700%2C400 2x"},"classes":[]},{"id":19529,"url":"https:\/\/larevistadigital.com.ar\/blog\/lezama-detienen-a-individuo-que-circulaba-borracho-por-la-ruta-2\/","url_meta":{"origin":12136,"position":5},"title":"LEZAMA: DETIENEN A INDIVIDUO QUE CIRCULABA BORRACHO  POR LA RUTA 2","author":"Alejandro Sosa Ruda","date":"29 marzo, 2021","format":false,"excerpt":"LEZAMA - Anoche, los efectivos del Destacamento de Polic\u00eda Vial de Lezama, fueron alertados que una camioneta que circulaba por la Ruta Provincial N\u00b0 2 en sentido hacia la Ciudad Aut\u00f3noma de Buenos Aires, realizando maniobras peligrosas. R\u00e1pidamente el personal policial procedi\u00f3 a interceptar la camioneta Ford Ranger, en el\u2026","rel":"","context":"En \u00abLEZAMA\u00bb","block_context":{"text":"LEZAMA","link":"https:\/\/larevistadigital.com.ar\/blog\/category\/lezama\/"},"img":{"alt_text":"","src":"https:\/\/i0.wp.com\/larevistadigital.com.ar\/blog\/wp-content\/uploads\/e7e3f074767124083dac5038876a8bc8dccca344.jpg?fit=900%2C900&ssl=1&resize=350%2C200","width":350,"height":200,"srcset":"https:\/\/i0.wp.com\/larevistadigital.com.ar\/blog\/wp-content\/uploads\/e7e3f074767124083dac5038876a8bc8dccca344.jpg?fit=900%2C900&ssl=1&resize=350%2C200 1x, https:\/\/i0.wp.com\/larevistadigital.com.ar\/blog\/wp-content\/uploads\/e7e3f074767124083dac5038876a8bc8dccca344.jpg?fit=900%2C900&ssl=1&resize=525%2C300 1.5x, https:\/\/i0.wp.com\/larevistadigital.com.ar\/blog\/wp-content\/uploads\/e7e3f074767124083dac5038876a8bc8dccca344.jpg?fit=900%2C900&ssl=1&resize=700%2C400 2x"},"classes":[]}],"_links":{"self":[{"href":"https:\/\/larevistadigital.com.ar\/blog\/wp-json\/wp\/v2\/posts\/12136","targetHints":{"allow":["GET"]}}],"collection":[{"href":"https:\/\/larevistadigital.com.ar\/blog\/wp-json\/wp\/v2\/posts"}],"about":[{"href":"https:\/\/larevistadigital.com.ar\/blog\/wp-json\/wp\/v2\/types\/post"}],"author":[{"embeddable":true,"href":"https:\/\/larevistadigital.com.ar\/blog\/wp-json\/wp\/v2\/users\/3"}],"replies":[{"embeddable":true,"href":"https:\/\/larevistadigital.com.ar\/blog\/wp-json\/wp\/v2\/comments?post=12136"}],"version-history":[{"count":1,"href":"https:\/\/larevistadigital.com.ar\/blog\/wp-json\/wp\/v2\/posts\/12136\/revisions"}],"predecessor-version":[{"id":12138,"href":"https:\/\/larevistadigital.com.ar\/blog\/wp-json\/wp\/v2\/posts\/12136\/revisions\/12138"}],"wp:featuredmedia":[{"embeddable":true,"href":"https:\/\/larevistadigital.com.ar\/blog\/wp-json\/wp\/v2\/media\/12137"}],"wp:attachment":[{"href":"https:\/\/larevistadigital.com.ar\/blog\/wp-json\/wp\/v2\/media?parent=12136"}],"wp:term":[{"taxonomy":"category","embeddable":true,"href":"https:\/\/larevistadigital.com.ar\/blog\/wp-json\/wp\/v2\/categories?post=12136"},{"taxonomy":"post_tag","embeddable":true,"href":"https:\/\/larevistadigital.com.ar\/blog\/wp-json\/wp\/v2\/tags?post=12136"}],"curies":[{"name":"wp","href":"https:\/\/api.w.org\/{rel}","templated":true}]}}