{"id":12139,"date":"2019-09-17T00:30:28","date_gmt":"2019-09-17T00:30:28","guid":{"rendered":"https:\/\/larevistadigital.com.ar\/blog\/?p=12139"},"modified":"2019-09-17T00:30:28","modified_gmt":"2019-09-17T00:30:28","slug":"lezama-desconocidos-ingresaron-por-la-fuerza-al-cic-de-san-ceferino","status":"publish","type":"post","link":"https:\/\/larevistadigital.com.ar\/blog\/lezama-desconocidos-ingresaron-por-la-fuerza-al-cic-de-san-ceferino\/","title":{"rendered":"LEZAMA: DESCONOCIDOS INGRESARON POR LA FUERZA AL CIC DE SAN CEFERINO"},"content":{"rendered":"<h2><em>Ensuciaron las dependencias y robaron art\u00edculos de limpieza.<\/em><\/h2>\n<p>En fecha cercana a los da\u00f1os perpetrados en las maquinarias del municipio se registr\u00f3 adem\u00e1s un episodio en el CIC (Centro Integrador Comunitario) de San Ceferino. Al momento de ingresar la persona encargada de la limpieza, que hab\u00eda dejado todo en condiciones el d\u00eda anterior, advirti\u00f3 que desconocidos hab\u00edan ingresado por una ventana, circularon por el\u00a0<span class=\"text_exposed_show\">edificio, ensuciaron el ba\u00f1o y robaron los art\u00edculos de limpieza.<\/span><\/p>\n<p><span class=\"text_exposed_show\">Autoridades del municipio radicaron la denuncia en la comisar\u00eda local y, con la participaci\u00f3n de la Polic\u00eda Cient\u00edfica, se levantaron rastros para dar con los responsables.<\/span><\/p>\n<p><span class=\"text_exposed_show\">El CIC es una obra terminada que dar\u00e1 espacio a actividades administrativas, sociales y comunitarias, que se est\u00e1 acondicionando en el interior para abrir sus puertas al barrio en dos semanas. Es lamentable tener que advertir nuevamente destrozos y perjuicios en edificios y bienes p\u00fablicos cuyo fin es servir a la comunidad.<\/span><\/p>\n","protected":false},"excerpt":{"rendered":"<div class=\"mh-excerpt\"><p>Ensuciaron las dependencias y robaron art\u00edculos de limpieza. En fecha cercana a los da\u00f1os perpetrados en las maquinarias del municipio se registr\u00f3 adem\u00e1s un episodio en el CIC (Centro Integrador Comunitario) de San Ceferino. Al <a class=\"mh-excerpt-more\" href=\"https:\/\/larevistadigital.com.ar\/blog\/lezama-desconocidos-ingresaron-por-la-fuerza-al-cic-de-san-ceferino\/\" title=\"LEZAMA: DESCONOCIDOS INGRESARON POR LA FUERZA AL CIC DE SAN CEFERINO\">[Leer M\u00e1s]<\/a><\/p>\n<\/div>","protected":false},"author":3,"featured_media":12140,"comment_status":"open","ping_status":"open","sticky":false,"template":"","format":"standard","meta":{"_jetpack_memberships_contains_paid_content":false,"footnotes":"","jetpack_publicize_message":"","jetpack_publicize_feature_enabled":true,"jetpack_social_post_already_shared":true,"jetpack_social_options":{"image_generator_settings":{"template":"highway","default_image_id":0,"font":"","enabled":false},"version":2}},"categories":[7,51],"tags":[],"class_list":{"0":"post-12139","1":"post","2":"type-post","3":"status-publish","4":"format-standard","5":"has-post-thumbnail","7":"category-lezama","8":"category-regionales"},"jetpack_publicize_connections":[],"jetpack_featured_media_url":"https:\/\/i0.wp.com\/larevistadigital.com.ar\/blog\/wp-content\/uploads\/70697705_1546282185564477_347203962207731712_n.jpg?fit=872%2C579&ssl=1","jetpack_sharing_enabled":true,"jetpack_shortlink":"https:\/\/wp.me\/p8qtrQ-39N","jetpack-related-posts":[{"id":6845,"url":"https:\/\/larevistadigital.com.ar\/blog\/lezama-el-ministro-de-asuntos-publicos-visito-la-ciudad\/","url_meta":{"origin":12139,"position":0},"title":"LEZAMA: EL MINISTRO DE ASUNTOS P\u00daBLICOS VISIT\u00d3 LA CIUDAD","author":"Alejandro Sosa Ruda","date":"14 octubre, 2018","format":false,"excerpt":"\u201cVER A UNA CIUDAD TAN PUJANTE, CON TANTA OBRA P\u00daBLICA QUE TRAER\u00c1 BENEFICIOS PARA LA GENTE, ES UN MOTIVO DE ORGULLO Y ALEGR\u00cdA\u201d El Ministro de Asuntos P\u00fablicos Federico Su\u00e1rez visit\u00f3 Lezama y recorri\u00f3, junto al Intendente Arnaldo Harispe y autoridades del gabinete municipal, algunas de las obras que se\u2026","rel":"","context":"En \u00abLEZAMA\u00bb","block_context":{"text":"LEZAMA","link":"https:\/\/larevistadigital.com.ar\/blog\/category\/lezama\/"},"img":{"alt_text":"","src":"https:\/\/i0.wp.com\/larevistadigital.com.ar\/blog\/wp-content\/uploads\/2018\/10\/43748260_2195128250811871_3496817116609249280_n.jpg?fit=960%2C701&ssl=1&resize=350%2C200","width":350,"height":200,"srcset":"https:\/\/i0.wp.com\/larevistadigital.com.ar\/blog\/wp-content\/uploads\/2018\/10\/43748260_2195128250811871_3496817116609249280_n.jpg?fit=960%2C701&ssl=1&resize=350%2C200 1x, https:\/\/i0.wp.com\/larevistadigital.com.ar\/blog\/wp-content\/uploads\/2018\/10\/43748260_2195128250811871_3496817116609249280_n.jpg?fit=960%2C701&ssl=1&resize=525%2C300 1.5x, https:\/\/i0.wp.com\/larevistadigital.com.ar\/blog\/wp-content\/uploads\/2018\/10\/43748260_2195128250811871_3496817116609249280_n.jpg?fit=960%2C701&ssl=1&resize=700%2C400 2x"},"classes":[]},{"id":19052,"url":"https:\/\/larevistadigital.com.ar\/blog\/lezama-se-realiza-fumigacion-contra-los-mosquitos-en-distintos-lugares-de-la-ciudad\/","url_meta":{"origin":12139,"position":1},"title":"LEZAMA: SE REALIZA FUMIGACI\u00d3N CONTRA LOS MOSQUITOS EN DISTINTOS LUGARES DE LA CIUDAD","author":"Alejandro Sosa Ruda","date":"26 febrero, 2021","format":false,"excerpt":"El \u00e1rea de Zoonosis y Bromatolog\u00eda del municipio, en conjunto con la Secretar\u00eda de Seguridad, realiz\u00f3 fumigaciones para reducir la poblaci\u00f3n de mosquitos en un amplio sector del sector urbano: bulevares, Plaza de la Autonom\u00eda, barrio El Tero, Plaza Marinacci, sector industrial y UPA Trauma. Dadas las condiciones clim\u00e1ticas de\u2026","rel":"","context":"En \u00abLEZAMA\u00bb","block_context":{"text":"LEZAMA","link":"https:\/\/larevistadigital.com.ar\/blog\/category\/lezama\/"},"img":{"alt_text":"","src":"https:\/\/i0.wp.com\/larevistadigital.com.ar\/blog\/wp-content\/uploads\/153419200_2001022056757152_619161520338180697_o.jpg?fit=1040%2C644&ssl=1&resize=350%2C200","width":350,"height":200,"srcset":"https:\/\/i0.wp.com\/larevistadigital.com.ar\/blog\/wp-content\/uploads\/153419200_2001022056757152_619161520338180697_o.jpg?fit=1040%2C644&ssl=1&resize=350%2C200 1x, https:\/\/i0.wp.com\/larevistadigital.com.ar\/blog\/wp-content\/uploads\/153419200_2001022056757152_619161520338180697_o.jpg?fit=1040%2C644&ssl=1&resize=525%2C300 1.5x, https:\/\/i0.wp.com\/larevistadigital.com.ar\/blog\/wp-content\/uploads\/153419200_2001022056757152_619161520338180697_o.jpg?fit=1040%2C644&ssl=1&resize=700%2C400 2x"},"classes":[]},{"id":14857,"url":"https:\/\/larevistadigital.com.ar\/blog\/lezama-encuentro-municipio-provincia-dialogo-en-torno-a-las-actividades-culturales-y-turisticas-del-distrito\/","url_meta":{"origin":12139,"position":2},"title":"LEZAMA: ENCUENTRO MUNICIPIO-PROVINCIA: DI\u00c1LOGO EN TORNO A LAS ACTIVIDADES CULTURALES Y TUR\u00cdSTICAS DEL DISTRITO","author":"Alejandro Sosa Ruda","date":"14 febrero, 2020","format":false,"excerpt":"El Director de Turismo Bernardo Ampo y el Director de Cultura y Relaciones Institucionales Dar\u00edo Blanco recibieron el pasado mi\u00e9rcoles la visita de referentes del gobierno de la Provincia de Buenos Aires en esas \u00e1reas. Se trata de Clara Marensi y Carolina Grau, integrantes del equipo de cultura y turismo\u2026","rel":"","context":"En \u00abLEZAMA\u00bb","block_context":{"text":"LEZAMA","link":"https:\/\/larevistadigital.com.ar\/blog\/category\/lezama\/"},"img":{"alt_text":"","src":"https:\/\/i0.wp.com\/larevistadigital.com.ar\/blog\/wp-content\/uploads\/86387755_1685846444941383_9199353398619537408_o.jpg?fit=960%2C720&ssl=1&resize=350%2C200","width":350,"height":200,"srcset":"https:\/\/i0.wp.com\/larevistadigital.com.ar\/blog\/wp-content\/uploads\/86387755_1685846444941383_9199353398619537408_o.jpg?fit=960%2C720&ssl=1&resize=350%2C200 1x, https:\/\/i0.wp.com\/larevistadigital.com.ar\/blog\/wp-content\/uploads\/86387755_1685846444941383_9199353398619537408_o.jpg?fit=960%2C720&ssl=1&resize=525%2C300 1.5x, https:\/\/i0.wp.com\/larevistadigital.com.ar\/blog\/wp-content\/uploads\/86387755_1685846444941383_9199353398619537408_o.jpg?fit=960%2C720&ssl=1&resize=700%2C400 2x"},"classes":[]},{"id":8393,"url":"https:\/\/larevistadigital.com.ar\/blog\/lezama-el-municipio-aviso-que-hay-cambios-en-los-vencimientos-de-tasas\/","url_meta":{"origin":12139,"position":3},"title":"LEZAMA: EL MUNICIPIO AVIS\u00d3 QUE HAY CAMBIOS EN LOS VENCIMIENTOS DE TASAS","author":"Alejandro Sosa Ruda","date":"12 febrero, 2019","format":false,"excerpt":"El \u00e1rea de Ingresos de la Municipalidad de Lezama informa que los vencimientos de las tasas Servicios Generales Urbanos (ex ABL) y Seguridad e Higiene (ex Cap\u00edtulo IV) que estaban previstos para esta semana, precisamente el 13\/02, se prorrogaron para el 20 y 27 de febrero debido a un error\u2026","rel":"","context":"En \u00abLEZAMA\u00bb","block_context":{"text":"LEZAMA","link":"https:\/\/larevistadigital.com.ar\/blog\/category\/lezama\/"},"img":{"alt_text":"","src":"https:\/\/i0.wp.com\/larevistadigital.com.ar\/blog\/wp-content\/uploads\/2019\/02\/36961086_1219052818287417_7408322577006854144_n.jpg?fit=960%2C960&ssl=1&resize=350%2C200","width":350,"height":200,"srcset":"https:\/\/i0.wp.com\/larevistadigital.com.ar\/blog\/wp-content\/uploads\/2019\/02\/36961086_1219052818287417_7408322577006854144_n.jpg?fit=960%2C960&ssl=1&resize=350%2C200 1x, https:\/\/i0.wp.com\/larevistadigital.com.ar\/blog\/wp-content\/uploads\/2019\/02\/36961086_1219052818287417_7408322577006854144_n.jpg?fit=960%2C960&ssl=1&resize=525%2C300 1.5x, https:\/\/i0.wp.com\/larevistadigital.com.ar\/blog\/wp-content\/uploads\/2019\/02\/36961086_1219052818287417_7408322577006854144_n.jpg?fit=960%2C960&ssl=1&resize=700%2C400 2x"},"classes":[]},{"id":8079,"url":"https:\/\/larevistadigital.com.ar\/blog\/lezama-atencion-el-municipio-advirtio-que-no-funcionan-las-lineas-fijas\/","url_meta":{"origin":12139,"position":4},"title":"LEZAMA: \u00a1ATENCI\u00d3N! EL MUNICIPIO ADVIRTI\u00d3 QUE NO FUNCIONAN LAS L\u00cdNEAS FIJAS","author":"Alejandro Sosa Ruda","date":"31 enero, 2019","format":false,"excerpt":"La Direcci\u00f3n del Hospital Francisco Quijano informa que, debido a problemas t\u00e9cnicos ajenos a nuestra localidad, no funcionan los n\u00fameros habituales. En su lugar est\u00e1 disponible el m\u00f3vil 02241 536460.","rel":"","context":"En \u00abLEZAMA\u00bb","block_context":{"text":"LEZAMA","link":"https:\/\/larevistadigital.com.ar\/blog\/category\/lezama\/"},"img":{"alt_text":"","src":"https:\/\/i0.wp.com\/larevistadigital.com.ar\/blog\/wp-content\/uploads\/2019\/01\/Sin-t%C3%ADtulo-1.jpg?fit=1200%2C776&ssl=1&resize=350%2C200","width":350,"height":200,"srcset":"https:\/\/i0.wp.com\/larevistadigital.com.ar\/blog\/wp-content\/uploads\/2019\/01\/Sin-t%C3%ADtulo-1.jpg?fit=1200%2C776&ssl=1&resize=350%2C200 1x, https:\/\/i0.wp.com\/larevistadigital.com.ar\/blog\/wp-content\/uploads\/2019\/01\/Sin-t%C3%ADtulo-1.jpg?fit=1200%2C776&ssl=1&resize=525%2C300 1.5x, https:\/\/i0.wp.com\/larevistadigital.com.ar\/blog\/wp-content\/uploads\/2019\/01\/Sin-t%C3%ADtulo-1.jpg?fit=1200%2C776&ssl=1&resize=700%2C400 2x, https:\/\/i0.wp.com\/larevistadigital.com.ar\/blog\/wp-content\/uploads\/2019\/01\/Sin-t%C3%ADtulo-1.jpg?fit=1200%2C776&ssl=1&resize=1050%2C600 3x"},"classes":[]},{"id":25197,"url":"https:\/\/larevistadigital.com.ar\/blog\/chascomus-video-nota-empleado-municipal-de-27-anos-de-antiguedad-se-autoconvoco-frente-al-municipio-en-reclamo-de-sus-derechos\/","url_meta":{"origin":12139,"position":5},"title":"CHASCOM\u00daS: [VIDEO NOTA] EMPLEADO MUNICIPAL DE 27 A\u00d1OS DE ANTIG\u00dcEDAD, SE AUTOCONVOC\u00d3 FRENTE AL MUNICIPIO EN RECLAMO DE SUS DERECHOS","author":"Alejandro Sosa Ruda","date":"21 abril, 2022","format":false,"excerpt":"Se trata de Ceferino Bulggiani, de 57 a\u00f1os y con 27 de antig\u00fcedad como empleado municipal. Reclama la aplicaci\u00f3n de la \"Ordenanza 3000\" afirmando que es un \"derecho adquirido\" CHASCOM\u00daS -\u00a0\u00a0En la ma\u00f1ana de ayer, recibimos por parte de algunos compa\u00f1eros de trabajo la noticia que Ceferino Bulggiani, empleado municipal\u2026","rel":"","context":"En \u00abINTERES GENERAL\u00bb","block_context":{"text":"INTERES GENERAL","link":"https:\/\/larevistadigital.com.ar\/blog\/category\/interes-general\/"},"img":{"alt_text":"","src":"https:\/\/i0.wp.com\/larevistadigital.com.ar\/blog\/wp-content\/uploads\/278622333_653562412373622_8603960889002912591_n.jpg?fit=612%2C816&ssl=1&resize=350%2C200","width":350,"height":200,"srcset":"https:\/\/i0.wp.com\/larevistadigital.com.ar\/blog\/wp-content\/uploads\/278622333_653562412373622_8603960889002912591_n.jpg?fit=612%2C816&ssl=1&resize=350%2C200 1x, https:\/\/i0.wp.com\/larevistadigital.com.ar\/blog\/wp-content\/uploads\/278622333_653562412373622_8603960889002912591_n.jpg?fit=612%2C816&ssl=1&resize=525%2C300 1.5x"},"classes":[]}],"_links":{"self":[{"href":"https:\/\/larevistadigital.com.ar\/blog\/wp-json\/wp\/v2\/posts\/12139","targetHints":{"allow":["GET"]}}],"collection":[{"href":"https:\/\/larevistadigital.com.ar\/blog\/wp-json\/wp\/v2\/posts"}],"about":[{"href":"https:\/\/larevistadigital.com.ar\/blog\/wp-json\/wp\/v2\/types\/post"}],"author":[{"embeddable":true,"href":"https:\/\/larevistadigital.com.ar\/blog\/wp-json\/wp\/v2\/users\/3"}],"replies":[{"embeddable":true,"href":"https:\/\/larevistadigital.com.ar\/blog\/wp-json\/wp\/v2\/comments?post=12139"}],"version-history":[{"count":1,"href":"https:\/\/larevistadigital.com.ar\/blog\/wp-json\/wp\/v2\/posts\/12139\/revisions"}],"predecessor-version":[{"id":12141,"href":"https:\/\/larevistadigital.com.ar\/blog\/wp-json\/wp\/v2\/posts\/12139\/revisions\/12141"}],"wp:featuredmedia":[{"embeddable":true,"href":"https:\/\/larevistadigital.com.ar\/blog\/wp-json\/wp\/v2\/media\/12140"}],"wp:attachment":[{"href":"https:\/\/larevistadigital.com.ar\/blog\/wp-json\/wp\/v2\/media?parent=12139"}],"wp:term":[{"taxonomy":"category","embeddable":true,"href":"https:\/\/larevistadigital.com.ar\/blog\/wp-json\/wp\/v2\/categories?post=12139"},{"taxonomy":"post_tag","embeddable":true,"href":"https:\/\/larevistadigital.com.ar\/blog\/wp-json\/wp\/v2\/tags?post=12139"}],"curies":[{"name":"wp","href":"https:\/\/api.w.org\/{rel}","templated":true}]}}