{"id":12144,"date":"2019-09-17T08:30:56","date_gmt":"2019-09-17T08:30:56","guid":{"rendered":"https:\/\/larevistadigital.com.ar\/blog\/?p=12144"},"modified":"2019-09-17T08:30:56","modified_gmt":"2019-09-17T08:30:56","slug":"el-intendente-gaston-recibio-a-la-mama-de-navila","status":"publish","type":"post","link":"https:\/\/larevistadigital.com.ar\/blog\/el-intendente-gaston-recibio-a-la-mama-de-navila\/","title":{"rendered":"EL INTENDENTE GAST\u00d3N RECIBI\u00d3 A LA MAM\u00c1 DE NAVILA"},"content":{"rendered":"<p>Desde el grupo de Whatsapp de Prensa de la Municipalidad de Chascom\u00fas, se inform\u00f3 que el Intendente <strong>Javier Gast\u00f3n<\/strong> recibi\u00f3 a la mam\u00e1 de <strong>Navila Garay<\/strong>, durante la tarde de hoy, luego de los incidentes que ocurrieran en la jornada de ayer.<\/p>\n<p>El comunicado de prensa, fue el siguiente:<\/p>\n<p><em><strong>En horas de la tarde el intendente Javier Gast\u00f3n se encontr\u00f3 con D\u00e9vora Garay y familiares de Navila, como ya hab\u00eda sucedido el d\u00eda domingo al mediod\u00eda.<\/strong><\/em><\/p>\n<p><em><strong>Los acompa\u00f1aron Ver\u00f3nica Bu\u00f1irigo, el Abogado Alejandro Bartoletti, el Secretario de Gobierno Cipriano P\u00e9rez del Cerro y la Secretaria de Desarrollo Social Mar\u00eda Fernanda Sallenave.<\/strong><\/em><\/p>\n<p><em><strong>Javier Gast\u00f3n extendi\u00f3 sus condolencias, se interioriz\u00f3 sobre la situaci\u00f3n actual de la familia en este dur\u00edsimo trance que est\u00e1n atravesando y se comprometi\u00f3 a continuar brind\u00e1ndoles apoyo a la familia junto a los equipos municipales como se estuvo haciendo hasta el momento, poniendo especial \u00e9nfasis en la salud de la abuela de Navila.<\/strong><\/em><\/p>\n<p>&nbsp;<\/p>\n","protected":false},"excerpt":{"rendered":"<div class=\"mh-excerpt\"><p>Desde el grupo de Whatsapp de Prensa de la Municipalidad de Chascom\u00fas, se inform\u00f3 que el Intendente Javier Gast\u00f3n recibi\u00f3 a la mam\u00e1 de Navila Garay, durante la tarde de hoy, luego de los incidentes <a class=\"mh-excerpt-more\" href=\"https:\/\/larevistadigital.com.ar\/blog\/el-intendente-gaston-recibio-a-la-mama-de-navila\/\" title=\"EL INTENDENTE GAST\u00d3N RECIBI\u00d3 A LA MAM\u00c1 DE NAVILA\">[Leer M\u00e1s]<\/a><\/p>\n<\/div>","protected":false},"author":3,"featured_media":12145,"comment_status":"open","ping_status":"open","sticky":false,"template":"","format":"standard","meta":{"_jetpack_memberships_contains_paid_content":false,"footnotes":"","jetpack_publicize_message":"","jetpack_publicize_feature_enabled":true,"jetpack_social_post_already_shared":true,"jetpack_social_options":{"image_generator_settings":{"template":"highway","default_image_id":0,"font":"","enabled":false},"version":2}},"categories":[41],"tags":[],"class_list":{"0":"post-12144","1":"post","2":"type-post","3":"status-publish","4":"format-standard","5":"has-post-thumbnail","7":"category-destacadas"},"jetpack_publicize_connections":[],"jetpack_featured_media_url":"https:\/\/i0.wp.com\/larevistadigital.com.ar\/blog\/wp-content\/uploads\/70386525_10220190249613228_233807028772929536_n.jpg?fit=720%2C960&ssl=1","jetpack_sharing_enabled":true,"jetpack_shortlink":"https:\/\/wp.me\/p8qtrQ-39S","jetpack-related-posts":[{"id":12447,"url":"https:\/\/larevistadigital.com.ar\/blog\/vidal-grabo-un-aviso-de-campana-con-dos-santos-y-recibio-a-la-mama-de-navila\/","url_meta":{"origin":12144,"position":0},"title":"VIDAL GRAB\u00d3 UN AVISO DE CAMPA\u00d1A CON DOS SANTOS Y RECIBI\u00d3 A LA MAM\u00c1 DE N\u00c1VILA","author":"Alejandro Sosa Ruda","date":"4 octubre, 2019","format":false,"excerpt":"En el marco de una reuni\u00f3n con la gobernadora de la Provincia de Buenos Aires, Mar\u00eda Eugenia Vidal, el candidato a intendente del espacio Juntos por el Cambio, Santiago Dos Santos y el candidato a primer concejal, Alejandro Bartoletti viajaron a La Plata y grabaron un video de campa\u00f1a con\u2026","rel":"","context":"En \u00abINTERES GENERAL\u00bb","block_context":{"text":"INTERES GENERAL","link":"https:\/\/larevistadigital.com.ar\/blog\/category\/interes-general\/"},"img":{"alt_text":"","src":"https:\/\/i0.wp.com\/larevistadigital.com.ar\/blog\/wp-content\/uploads\/Screenshot_2-45.jpg?fit=596%2C535&ssl=1&resize=350%2C200","width":350,"height":200,"srcset":"https:\/\/i0.wp.com\/larevistadigital.com.ar\/blog\/wp-content\/uploads\/Screenshot_2-45.jpg?fit=596%2C535&ssl=1&resize=350%2C200 1x, https:\/\/i0.wp.com\/larevistadigital.com.ar\/blog\/wp-content\/uploads\/Screenshot_2-45.jpg?fit=596%2C535&ssl=1&resize=525%2C300 1.5x"},"classes":[]},{"id":12068,"url":"https:\/\/larevistadigital.com.ar\/blog\/segun-la-fiscal-del-caso-navila-y-su-asesino-mantenian-trato-frecuente\/","url_meta":{"origin":12144,"position":1},"title":"SEG\u00daN LA FISCAL DEL CASO, NAVILA Y SU ASESINO \u00abMANTEN\u00cdAN TRATO FRECUENTE\u00bb","author":"Alejandro Sosa Ruda","date":"15 septiembre, 2019","format":false,"excerpt":"La fiscal de Daniela Bertoletti, a cargo de la causa del asesinato de Navila, asegur\u00f3 que v\u00edctima y victimario se conoc\u00edan y se ve\u00edan seguido. \u00abManten\u00edan trato frecuente, ella cenaba en su casa, iba a ba\u00f1arse a la casa de \u00e9l, iba constantemente, \u00e9l le mandaba un rem\u00eds y ella\u2026","rel":"","context":"En \u00abCHASCOM\u00daS\u00bb","block_context":{"text":"CHASCOM\u00daS","link":"https:\/\/larevistadigital.com.ar\/blog\/category\/chascomus\/"},"img":{"alt_text":"","src":"https:\/\/i0.wp.com\/larevistadigital.com.ar\/blog\/wp-content\/uploads\/20190916094218a670e2837e92d672db1b47727a63c0a5_med.jpg?fit=800%2C468&ssl=1&resize=350%2C200","width":350,"height":200,"srcset":"https:\/\/i0.wp.com\/larevistadigital.com.ar\/blog\/wp-content\/uploads\/20190916094218a670e2837e92d672db1b47727a63c0a5_med.jpg?fit=800%2C468&ssl=1&resize=350%2C200 1x, https:\/\/i0.wp.com\/larevistadigital.com.ar\/blog\/wp-content\/uploads\/20190916094218a670e2837e92d672db1b47727a63c0a5_med.jpg?fit=800%2C468&ssl=1&resize=525%2C300 1.5x, https:\/\/i0.wp.com\/larevistadigital.com.ar\/blog\/wp-content\/uploads\/20190916094218a670e2837e92d672db1b47727a63c0a5_med.jpg?fit=800%2C468&ssl=1&resize=700%2C400 2x"},"classes":[]},{"id":13656,"url":"https:\/\/larevistadigital.com.ar\/blog\/javier-gaston-asumio-su-segundo-mandato-como-intendente-de-chascomus\/","url_meta":{"origin":12144,"position":2},"title":"JAVIER GAST\u00d3N ASUMI\u00d3 SU SEGUNDO MANDATO COMO INTENDENTE DE CHASCOM\u00daS","author":"Alejandro Sosa Ruda","date":"13 diciembre, 2019","format":false,"excerpt":"Previamente el Intendente realiz\u00f3 la jura correspondiente en el Honorable Concejo Deliberante, donde estuvo acompa\u00f1ado por su familia, equipo de trabajo, concejales y p\u00fablico en general. Luego, en la plaza, lleg\u00f3 el momento de la Orquesta Filarm\u00f3nica Municipal, creada en 2017, que interpret\u00f3 las estrofas del Himno Nacional. Continuando con\u2026","rel":"","context":"En \u00abDESTACADAS\u00bb","block_context":{"text":"DESTACADAS","link":"https:\/\/larevistadigital.com.ar\/blog\/category\/destacadas\/"},"img":{"alt_text":"","src":"https:\/\/i0.wp.com\/larevistadigital.com.ar\/blog\/wp-content\/uploads\/78869289_2860712707282929_6023469827643932672_o.jpg?fit=960%2C639&ssl=1&resize=350%2C200","width":350,"height":200,"srcset":"https:\/\/i0.wp.com\/larevistadigital.com.ar\/blog\/wp-content\/uploads\/78869289_2860712707282929_6023469827643932672_o.jpg?fit=960%2C639&ssl=1&resize=350%2C200 1x, https:\/\/i0.wp.com\/larevistadigital.com.ar\/blog\/wp-content\/uploads\/78869289_2860712707282929_6023469827643932672_o.jpg?fit=960%2C639&ssl=1&resize=525%2C300 1.5x, https:\/\/i0.wp.com\/larevistadigital.com.ar\/blog\/wp-content\/uploads\/78869289_2860712707282929_6023469827643932672_o.jpg?fit=960%2C639&ssl=1&resize=700%2C400 2x"},"classes":[]},{"id":42157,"url":"https:\/\/larevistadigital.com.ar\/blog\/chascomus-javier-gaston-recibio-a-medallistas-de-los-juegos-bonaerenses\/","url_meta":{"origin":12144,"position":3},"title":"Chascom\u00fas: Javier Gast\u00f3n recibi\u00f3 a medallistas de los Juegos Bonaerenses","author":"Alejandro Sosa Ruda","date":"22 octubre, 2025","format":false,"excerpt":"Una parte de la delegaci\u00f3n fue recibida por el Intendente ayer por la tarde en su despacho. 22 de Octubre de 2025 CHASCOM\u00daS -\u00a0 \u00a0 Tras el regreso de Mar del Plata, donde se disput\u00f3 la gran final provincial de los Juegos Bonaerenses, el intendente Gast\u00f3n recibi\u00f3 a una parte\u2026","rel":"","context":"En \u00abCHASCOM\u00daS\u00bb","block_context":{"text":"CHASCOM\u00daS","link":"https:\/\/larevistadigital.com.ar\/blog\/category\/chascomus\/"},"img":{"alt_text":"","src":"https:\/\/i0.wp.com\/larevistadigital.com.ar\/blog\/wp-content\/uploads\/68f923e305583.png?fit=668%2C445&ssl=1&resize=350%2C200","width":350,"height":200,"srcset":"https:\/\/i0.wp.com\/larevistadigital.com.ar\/blog\/wp-content\/uploads\/68f923e305583.png?fit=668%2C445&ssl=1&resize=350%2C200 1x, https:\/\/i0.wp.com\/larevistadigital.com.ar\/blog\/wp-content\/uploads\/68f923e305583.png?fit=668%2C445&ssl=1&resize=525%2C300 1.5x"},"classes":[]},{"id":12055,"url":"https:\/\/larevistadigital.com.ar\/blog\/paso-lo-peor-navila-garay-aparecio-muerta-y-enterrada-en-una-quinta\/","url_meta":{"origin":12144,"position":4},"title":"PAS\u00d3 LO PEOR: NAVILA GARAY APARECI\u00d3 MUERTA Y ENTERRADA EN UNA QUINTA","author":"Alejandro Sosa Ruda","date":"15 septiembre, 2019","format":false,"excerpt":"Durante la tarde del domingo 15\/9 se tom\u00f3 conocimiento de la peor noticia que pod\u00eda esperarse: Luego de permanecer desaparecida desde el martes 10 pasado, apareci\u00f3 la joven Navila Garay, de 15 a\u00f1os de edad, que era intensamente buscada por las autoridades, adem\u00e1s de familiares y amigos. El cuerpo fue\u2026","rel":"","context":"En \u00abDESTACADAS\u00bb","block_context":{"text":"DESTACADAS","link":"https:\/\/larevistadigital.com.ar\/blog\/category\/destacadas\/"},"img":{"alt_text":"","src":"https:\/\/i0.wp.com\/larevistadigital.com.ar\/blog\/wp-content\/uploads\/0006201030.jpg?fit=1140%2C641&ssl=1&resize=350%2C200","width":350,"height":200,"srcset":"https:\/\/i0.wp.com\/larevistadigital.com.ar\/blog\/wp-content\/uploads\/0006201030.jpg?fit=1140%2C641&ssl=1&resize=350%2C200 1x, https:\/\/i0.wp.com\/larevistadigital.com.ar\/blog\/wp-content\/uploads\/0006201030.jpg?fit=1140%2C641&ssl=1&resize=525%2C300 1.5x, https:\/\/i0.wp.com\/larevistadigital.com.ar\/blog\/wp-content\/uploads\/0006201030.jpg?fit=1140%2C641&ssl=1&resize=700%2C400 2x, https:\/\/i0.wp.com\/larevistadigital.com.ar\/blog\/wp-content\/uploads\/0006201030.jpg?fit=1140%2C641&ssl=1&resize=1050%2C600 3x"},"classes":[]},{"id":37846,"url":"https:\/\/larevistadigital.com.ar\/blog\/javier-gaston-recibio-a-las-nuevas-autoridades-de-la-fes\/","url_meta":{"origin":12144,"position":5},"title":"Javier Gast\u00f3n recibi\u00f3 a las nuevas autoridades de la FES","author":"Alejandro Sosa Ruda","date":"12 noviembre, 2024","format":false,"excerpt":"El intendente destac\u00f3 el compromiso juvenil con la educaci\u00f3n local y el trabajo conjunto entre el municipio y los estudiantes para seguir construyendo una comunidad m\u00e1s participativa. 12 de Noviembre de 2024 CHASCOM\u00daS -\u00a0 En el despacho comunal, el intendente Javier Gast\u00f3n recibi\u00f3 este lunes a las nuevas autoridades de\u2026","rel":"","context":"En \u00abCHASCOM\u00daS\u00bb","block_context":{"text":"CHASCOM\u00daS","link":"https:\/\/larevistadigital.com.ar\/blog\/category\/chascomus\/"},"img":{"alt_text":"","src":"https:\/\/i0.wp.com\/larevistadigital.com.ar\/blog\/wp-content\/uploads\/67337ac6bfc67.png?fit=668%2C445&ssl=1&resize=350%2C200","width":350,"height":200,"srcset":"https:\/\/i0.wp.com\/larevistadigital.com.ar\/blog\/wp-content\/uploads\/67337ac6bfc67.png?fit=668%2C445&ssl=1&resize=350%2C200 1x, https:\/\/i0.wp.com\/larevistadigital.com.ar\/blog\/wp-content\/uploads\/67337ac6bfc67.png?fit=668%2C445&ssl=1&resize=525%2C300 1.5x"},"classes":[]}],"_links":{"self":[{"href":"https:\/\/larevistadigital.com.ar\/blog\/wp-json\/wp\/v2\/posts\/12144","targetHints":{"allow":["GET"]}}],"collection":[{"href":"https:\/\/larevistadigital.com.ar\/blog\/wp-json\/wp\/v2\/posts"}],"about":[{"href":"https:\/\/larevistadigital.com.ar\/blog\/wp-json\/wp\/v2\/types\/post"}],"author":[{"embeddable":true,"href":"https:\/\/larevistadigital.com.ar\/blog\/wp-json\/wp\/v2\/users\/3"}],"replies":[{"embeddable":true,"href":"https:\/\/larevistadigital.com.ar\/blog\/wp-json\/wp\/v2\/comments?post=12144"}],"version-history":[{"count":1,"href":"https:\/\/larevistadigital.com.ar\/blog\/wp-json\/wp\/v2\/posts\/12144\/revisions"}],"predecessor-version":[{"id":12146,"href":"https:\/\/larevistadigital.com.ar\/blog\/wp-json\/wp\/v2\/posts\/12144\/revisions\/12146"}],"wp:featuredmedia":[{"embeddable":true,"href":"https:\/\/larevistadigital.com.ar\/blog\/wp-json\/wp\/v2\/media\/12145"}],"wp:attachment":[{"href":"https:\/\/larevistadigital.com.ar\/blog\/wp-json\/wp\/v2\/media?parent=12144"}],"wp:term":[{"taxonomy":"category","embeddable":true,"href":"https:\/\/larevistadigital.com.ar\/blog\/wp-json\/wp\/v2\/categories?post=12144"},{"taxonomy":"post_tag","embeddable":true,"href":"https:\/\/larevistadigital.com.ar\/blog\/wp-json\/wp\/v2\/tags?post=12144"}],"curies":[{"name":"wp","href":"https:\/\/api.w.org\/{rel}","templated":true}]}}