{"id":12151,"date":"2019-09-17T20:40:45","date_gmt":"2019-09-17T20:40:45","guid":{"rendered":"https:\/\/larevistadigital.com.ar\/blog\/?p=12151"},"modified":"2019-09-17T20:40:45","modified_gmt":"2019-09-17T20:40:45","slug":"el-grupo-convicciones-emitio-un-comunicado-por-la-muerte-de-navila","status":"publish","type":"post","link":"https:\/\/larevistadigital.com.ar\/blog\/el-grupo-convicciones-emitio-un-comunicado-por-la-muerte-de-navila\/","title":{"rendered":"EL GRUPO CONVICCIONES, EMITI\u00d3 UN COMUNICADO POR LA MUERTE DE NAVILA"},"content":{"rendered":"<p>El Grupo \u00abConvicciones\u00bb nos hizo llegar un comunicado que a continuaci\u00f3n reproducimos:<\/p>\n<p><em><strong>Ante un ASESINATO, todos nos llenamos de horror y se nos hiela la sangre ; y este domingo nos enteramos que Navila una ni\u00f1a de 15 a\u00f1os fue ASESINADA .<\/strong><\/em><br \/>\n<em><strong>Para todos en nuestra comunidad , esta fue una noticia que causo espanto, dolor , tristeza , impotencia , preguntas \u2026<\/strong><\/em><br \/>\n<em><strong>Inevitablemente se pide JUSTICIA , se pide saber y actuar , se requiere que todo el abanico del andamiaje Judicial se abra y accione en busca de respuestas y en camino a la verdad .<\/strong><\/em><br \/>\n<em><strong>Las preguntas s\u00f3lo se aquietan si la investigaci\u00f3n ayuda a que los culpables sean identificados y detenidos y que el peso de la justicia caiga sobre ellos, pero hay m\u00e1s\u2026<\/strong><\/em><br \/>\n<em><strong>La realidad del arrebato de la vida de una ni\u00f1a de 15 a\u00f1os y los interrogantes no llevan a analizar tambi\u00e9n las pol\u00edticas p\u00fablicas del Estado y su rol ante las situaciones de vulnerabilidad de nuestros ni\u00f1os ni\u00f1as y adolescentes .<\/strong><\/em><br \/>\n<em><strong>Familias enteras marcharon estos d\u00edas buscando a Navila, ni\u00f1as peque\u00f1as , amigas de ella , otras adolescentes que no la conoc\u00edan pero que con sus voces y pancartas manifestaban el temor de ser \u201c las pr\u00f3ximas \u201c dejando en evidencia que algo pasa .<\/strong><\/em><br \/>\n<em><strong>Vulnerabilidad, pobreza , exclusi\u00f3n condicen para que entre sombras y seduciendo a nuestras ni\u00f1as y adolescentes , proxenetas act\u00faen y a eso no escapa nuestra Chascom\u00fas .<\/strong><\/em><br \/>\n<em><strong>El asesinato de Navila no puede quedar s\u00f3lo en esa dolorosa expresi\u00f3n que todo asesinato genera ; tiene que dar el puntapi\u00e9 a m\u00e1s acciones tendientes a considerar el abordaje territorial de las pol\u00edticas p\u00fablicas , la coordinaci\u00f3n , fomento de la participaci\u00f3n y el respeto a los referentes sociales que conforman el Consejo Local de promoci\u00f3n y protecci\u00f3n de derechos , creado en el marco legal de la Convenci\u00f3n de los Derechos de NNy As , el fortalecimiento de la red entre organizaciones de diversa \u00edndole y la EXIGENCIA del inicio y ampliaci\u00f3n de la investigaci\u00f3n de todo lo que incluya la vulneraci\u00f3n de nuestras ni\u00f1as y la exposici\u00f3n a redes organizadas .<\/strong><\/em><br \/>\n<em><strong>Que nadie se calle , que se accione seria y responsablemente ; que cada funcionario considere su \u201ccorresponsabilidad \u201c y por ende act\u00fae en consecuencia , sino habr\u00e1 que pensar en evidenciar si cumplen su rol de funcionario .<\/strong><\/em><br \/>\n<em><strong>Basta de muerte y horror .<\/strong><\/em><br \/>\n<em><strong>Prevenci\u00f3n y Acci\u00f3n.<\/strong><\/em><br \/>\n<em><strong>Solidaridad con la familia de Navila.<\/strong><\/em><\/p>\n","protected":false},"excerpt":{"rendered":"<div class=\"mh-excerpt\"><p>El Grupo \u00abConvicciones\u00bb nos hizo llegar un comunicado que a continuaci\u00f3n reproducimos: Ante un ASESINATO, todos nos llenamos de horror y se nos hiela la sangre ; y este domingo nos enteramos que Navila una <a class=\"mh-excerpt-more\" href=\"https:\/\/larevistadigital.com.ar\/blog\/el-grupo-convicciones-emitio-un-comunicado-por-la-muerte-de-navila\/\" title=\"EL GRUPO CONVICCIONES, EMITI\u00d3 UN COMUNICADO POR LA MUERTE DE NAVILA\">[Leer M\u00e1s]<\/a><\/p>\n<\/div>","protected":false},"author":3,"featured_media":12056,"comment_status":"open","ping_status":"open","sticky":false,"template":"","format":"standard","meta":{"_jetpack_memberships_contains_paid_content":false,"footnotes":"","jetpack_publicize_message":"","jetpack_publicize_feature_enabled":true,"jetpack_social_post_already_shared":true,"jetpack_social_options":{"image_generator_settings":{"template":"highway","default_image_id":0,"font":"","enabled":false},"version":2}},"categories":[6],"tags":[],"class_list":{"0":"post-12151","1":"post","2":"type-post","3":"status-publish","4":"format-standard","5":"has-post-thumbnail","7":"category-chascomus"},"jetpack_publicize_connections":[],"jetpack_featured_media_url":"https:\/\/i0.wp.com\/larevistadigital.com.ar\/blog\/wp-content\/uploads\/0006201030.jpg?fit=1140%2C641&ssl=1","jetpack_sharing_enabled":true,"jetpack_shortlink":"https:\/\/wp.me\/p8qtrQ-39Z","jetpack-related-posts":[{"id":12153,"url":"https:\/\/larevistadigital.com.ar\/blog\/tambien-en-dolores-se-manifestaron-por-el-crimen-de-navila\/","url_meta":{"origin":12151,"position":0},"title":"TAMBI\u00c9N EN DOLORES SE MANIFESTARON POR EL CRIMEN DE NAVILA","author":"Alejandro Sosa Ruda","date":"17 septiembre, 2019","format":false,"excerpt":"Salimos a la calle por Navila y todas las que ya no est\u00e1n\u201d. Mujeres Dolorenses se manifestaron frente a la DDI de dicha localidad pidiendo justicia por el femicidio de la adolescente. Navila, de 15 a\u00f1os que estaba desaparecida desde el martes de la semana pasada, fue encontrada asesinada y\u2026","rel":"","context":"En \u00abDOLORES\u00bb","block_context":{"text":"DOLORES","link":"https:\/\/larevistadigital.com.ar\/blog\/category\/dolores\/"},"img":{"alt_text":"","src":"https:\/\/i0.wp.com\/larevistadigital.com.ar\/blog\/wp-content\/uploads\/dolores1_18deseptiembrede2019_elfuerte.jpg?fit=737%2C415&ssl=1&resize=350%2C200","width":350,"height":200,"srcset":"https:\/\/i0.wp.com\/larevistadigital.com.ar\/blog\/wp-content\/uploads\/dolores1_18deseptiembrede2019_elfuerte.jpg?fit=737%2C415&ssl=1&resize=350%2C200 1x, https:\/\/i0.wp.com\/larevistadigital.com.ar\/blog\/wp-content\/uploads\/dolores1_18deseptiembrede2019_elfuerte.jpg?fit=737%2C415&ssl=1&resize=525%2C300 1.5x, https:\/\/i0.wp.com\/larevistadigital.com.ar\/blog\/wp-content\/uploads\/dolores1_18deseptiembrede2019_elfuerte.jpg?fit=737%2C415&ssl=1&resize=700%2C400 2x"},"classes":[]},{"id":12102,"url":"https:\/\/larevistadigital.com.ar\/blog\/comunicado-de-la-comisaria-e-imagenes-de-la-barbarie\/","url_meta":{"origin":12151,"position":1},"title":"COMUNICADO DE LA COMISAR\u00cdA E IM\u00c1GENES DE LA BARBARIE","author":"Alejandro Sosa Ruda","date":"16 septiembre, 2019","format":false,"excerpt":"Luego de los hechos de p\u00fablico conocimiento que\u00a0 sucedieron durante la tarde de hoy, la comisar\u00eda local emiti\u00f3 un comunicado oficial, donde narran algunos de los da\u00f1os ocasionados por un grupo de inconscientes, que vamos a compartir con nuestros lectores. Las im\u00e1genes son elocuentes, y hablan por s\u00ed solas. Barbarie\u2026","rel":"","context":"En \u00abDESTACADAS\u00bb","block_context":{"text":"DESTACADAS","link":"https:\/\/larevistadigital.com.ar\/blog\/category\/destacadas\/"},"img":{"alt_text":"","src":"https:\/\/i0.wp.com\/larevistadigital.com.ar\/blog\/wp-content\/uploads\/WhatsApp-Image-2019-09-16-at-22.40.11.jpeg?fit=900%2C1200&ssl=1&resize=350%2C200","width":350,"height":200,"srcset":"https:\/\/i0.wp.com\/larevistadigital.com.ar\/blog\/wp-content\/uploads\/WhatsApp-Image-2019-09-16-at-22.40.11.jpeg?fit=900%2C1200&ssl=1&resize=350%2C200 1x, https:\/\/i0.wp.com\/larevistadigital.com.ar\/blog\/wp-content\/uploads\/WhatsApp-Image-2019-09-16-at-22.40.11.jpeg?fit=900%2C1200&ssl=1&resize=525%2C300 1.5x, https:\/\/i0.wp.com\/larevistadigital.com.ar\/blog\/wp-content\/uploads\/WhatsApp-Image-2019-09-16-at-22.40.11.jpeg?fit=900%2C1200&ssl=1&resize=700%2C400 2x"},"classes":[]},{"id":12144,"url":"https:\/\/larevistadigital.com.ar\/blog\/el-intendente-gaston-recibio-a-la-mama-de-navila\/","url_meta":{"origin":12151,"position":2},"title":"EL INTENDENTE GAST\u00d3N RECIBI\u00d3 A LA MAM\u00c1 DE NAVILA","author":"Alejandro Sosa Ruda","date":"17 septiembre, 2019","format":false,"excerpt":"Desde el grupo de Whatsapp de Prensa de la Municipalidad de Chascom\u00fas, se inform\u00f3 que el Intendente Javier Gast\u00f3n recibi\u00f3 a la mam\u00e1 de Navila Garay, durante la tarde de hoy, luego de los incidentes que ocurrieran en la jornada de ayer. El comunicado de prensa, fue el siguiente: En\u2026","rel":"","context":"En \u00abDESTACADAS\u00bb","block_context":{"text":"DESTACADAS","link":"https:\/\/larevistadigital.com.ar\/blog\/category\/destacadas\/"},"img":{"alt_text":"","src":"https:\/\/i0.wp.com\/larevistadigital.com.ar\/blog\/wp-content\/uploads\/70386525_10220190249613228_233807028772929536_n.jpg?fit=720%2C960&ssl=1&resize=350%2C200","width":350,"height":200,"srcset":"https:\/\/i0.wp.com\/larevistadigital.com.ar\/blog\/wp-content\/uploads\/70386525_10220190249613228_233807028772929536_n.jpg?fit=720%2C960&ssl=1&resize=350%2C200 1x, https:\/\/i0.wp.com\/larevistadigital.com.ar\/blog\/wp-content\/uploads\/70386525_10220190249613228_233807028772929536_n.jpg?fit=720%2C960&ssl=1&resize=525%2C300 1.5x, https:\/\/i0.wp.com\/larevistadigital.com.ar\/blog\/wp-content\/uploads\/70386525_10220190249613228_233807028772929536_n.jpg?fit=720%2C960&ssl=1&resize=700%2C400 2x"},"classes":[]},{"id":12055,"url":"https:\/\/larevistadigital.com.ar\/blog\/paso-lo-peor-navila-garay-aparecio-muerta-y-enterrada-en-una-quinta\/","url_meta":{"origin":12151,"position":3},"title":"PAS\u00d3 LO PEOR: NAVILA GARAY APARECI\u00d3 MUERTA Y ENTERRADA EN UNA QUINTA","author":"Alejandro Sosa Ruda","date":"15 septiembre, 2019","format":false,"excerpt":"Durante la tarde del domingo 15\/9 se tom\u00f3 conocimiento de la peor noticia que pod\u00eda esperarse: Luego de permanecer desaparecida desde el martes 10 pasado, apareci\u00f3 la joven Navila Garay, de 15 a\u00f1os de edad, que era intensamente buscada por las autoridades, adem\u00e1s de familiares y amigos. El cuerpo fue\u2026","rel":"","context":"En \u00abDESTACADAS\u00bb","block_context":{"text":"DESTACADAS","link":"https:\/\/larevistadigital.com.ar\/blog\/category\/destacadas\/"},"img":{"alt_text":"","src":"https:\/\/i0.wp.com\/larevistadigital.com.ar\/blog\/wp-content\/uploads\/0006201030.jpg?fit=1140%2C641&ssl=1&resize=350%2C200","width":350,"height":200,"srcset":"https:\/\/i0.wp.com\/larevistadigital.com.ar\/blog\/wp-content\/uploads\/0006201030.jpg?fit=1140%2C641&ssl=1&resize=350%2C200 1x, https:\/\/i0.wp.com\/larevistadigital.com.ar\/blog\/wp-content\/uploads\/0006201030.jpg?fit=1140%2C641&ssl=1&resize=525%2C300 1.5x, https:\/\/i0.wp.com\/larevistadigital.com.ar\/blog\/wp-content\/uploads\/0006201030.jpg?fit=1140%2C641&ssl=1&resize=700%2C400 2x, https:\/\/i0.wp.com\/larevistadigital.com.ar\/blog\/wp-content\/uploads\/0006201030.jpg?fit=1140%2C641&ssl=1&resize=1050%2C600 3x"},"classes":[]},{"id":18489,"url":"https:\/\/larevistadigital.com.ar\/blog\/loable-e-interesante-iniciativa-del-grupo-convicciones-para-concientizarnos\/","url_meta":{"origin":12151,"position":4},"title":"LOABLE E INTERESANTE INICIATIVA DEL \u00abGRUPO CONVICCIONES\u00bb PARA CONCIENTIZARNOS","author":"Alejandro Sosa Ruda","date":"5 enero, 2021","format":false,"excerpt":"Desde el \"Grupo Convicciones\", dialogamos con \"La vasca\" Cristina Otondo, acerca de una interesante inciativa por el bien de todos, para concientizarnos que \"la pandemia no termin\u00f3\" y que se puede llevar una vida medianamente normal, si tomamos consciencia de los cuidados y precauciones que se deben tener, y que\u2026","rel":"","context":"En \u00abDESTACADAS\u00bb","block_context":{"text":"DESTACADAS","link":"https:\/\/larevistadigital.com.ar\/blog\/category\/destacadas\/"},"img":{"alt_text":"","src":"https:\/\/i0.wp.com\/larevistadigital.com.ar\/blog\/wp-content\/uploads\/WhatsApp-Image-2021-01-04-at-11.29.35.jpeg?fit=1200%2C1200&ssl=1&resize=350%2C200","width":350,"height":200,"srcset":"https:\/\/i0.wp.com\/larevistadigital.com.ar\/blog\/wp-content\/uploads\/WhatsApp-Image-2021-01-04-at-11.29.35.jpeg?fit=1200%2C1200&ssl=1&resize=350%2C200 1x, https:\/\/i0.wp.com\/larevistadigital.com.ar\/blog\/wp-content\/uploads\/WhatsApp-Image-2021-01-04-at-11.29.35.jpeg?fit=1200%2C1200&ssl=1&resize=525%2C300 1.5x, https:\/\/i0.wp.com\/larevistadigital.com.ar\/blog\/wp-content\/uploads\/WhatsApp-Image-2021-01-04-at-11.29.35.jpeg?fit=1200%2C1200&ssl=1&resize=700%2C400 2x, https:\/\/i0.wp.com\/larevistadigital.com.ar\/blog\/wp-content\/uploads\/WhatsApp-Image-2021-01-04-at-11.29.35.jpeg?fit=1200%2C1200&ssl=1&resize=1050%2C600 3x"},"classes":[]},{"id":12147,"url":"https:\/\/larevistadigital.com.ar\/blog\/la-policia-encontro-la-mochila-de-navila\/","url_meta":{"origin":12151,"position":5},"title":"LA POLIC\u00cdA ENCONTR\u00d3 LA MOCHILA DE NAVILA","author":"Alejandro Sosa Ruda","date":"17 septiembre, 2019","format":false,"excerpt":"Durante la jornada de ayer, la polic\u00eda en el marco de un rastrillaje, dio con la mochila que pertenec\u00eda a la joven asesinada Navila Garay,\u00a0 que era intensamente buscada, para tratar de hallar m\u00e1s pruebas o alguna referencia que tenga que ver con el desgraciado hecho. La misma se encontraba\u2026","rel":"","context":"En \u00abDESTACADAS\u00bb","block_context":{"text":"DESTACADAS","link":"https:\/\/larevistadigital.com.ar\/blog\/category\/destacadas\/"},"img":{"alt_text":"","src":"https:\/\/i0.wp.com\/larevistadigital.com.ar\/blog\/wp-content\/uploads\/Screenshot_5-4.jpg?fit=934%2C516&ssl=1&resize=350%2C200","width":350,"height":200,"srcset":"https:\/\/i0.wp.com\/larevistadigital.com.ar\/blog\/wp-content\/uploads\/Screenshot_5-4.jpg?fit=934%2C516&ssl=1&resize=350%2C200 1x, https:\/\/i0.wp.com\/larevistadigital.com.ar\/blog\/wp-content\/uploads\/Screenshot_5-4.jpg?fit=934%2C516&ssl=1&resize=525%2C300 1.5x, https:\/\/i0.wp.com\/larevistadigital.com.ar\/blog\/wp-content\/uploads\/Screenshot_5-4.jpg?fit=934%2C516&ssl=1&resize=700%2C400 2x"},"classes":[]}],"_links":{"self":[{"href":"https:\/\/larevistadigital.com.ar\/blog\/wp-json\/wp\/v2\/posts\/12151","targetHints":{"allow":["GET"]}}],"collection":[{"href":"https:\/\/larevistadigital.com.ar\/blog\/wp-json\/wp\/v2\/posts"}],"about":[{"href":"https:\/\/larevistadigital.com.ar\/blog\/wp-json\/wp\/v2\/types\/post"}],"author":[{"embeddable":true,"href":"https:\/\/larevistadigital.com.ar\/blog\/wp-json\/wp\/v2\/users\/3"}],"replies":[{"embeddable":true,"href":"https:\/\/larevistadigital.com.ar\/blog\/wp-json\/wp\/v2\/comments?post=12151"}],"version-history":[{"count":1,"href":"https:\/\/larevistadigital.com.ar\/blog\/wp-json\/wp\/v2\/posts\/12151\/revisions"}],"predecessor-version":[{"id":12152,"href":"https:\/\/larevistadigital.com.ar\/blog\/wp-json\/wp\/v2\/posts\/12151\/revisions\/12152"}],"wp:featuredmedia":[{"embeddable":true,"href":"https:\/\/larevistadigital.com.ar\/blog\/wp-json\/wp\/v2\/media\/12056"}],"wp:attachment":[{"href":"https:\/\/larevistadigital.com.ar\/blog\/wp-json\/wp\/v2\/media?parent=12151"}],"wp:term":[{"taxonomy":"category","embeddable":true,"href":"https:\/\/larevistadigital.com.ar\/blog\/wp-json\/wp\/v2\/categories?post=12151"},{"taxonomy":"post_tag","embeddable":true,"href":"https:\/\/larevistadigital.com.ar\/blog\/wp-json\/wp\/v2\/tags?post=12151"}],"curies":[{"name":"wp","href":"https:\/\/api.w.org\/{rel}","templated":true}]}}