{"id":12153,"date":"2019-09-17T20:44:41","date_gmt":"2019-09-17T20:44:41","guid":{"rendered":"https:\/\/larevistadigital.com.ar\/blog\/?p=12153"},"modified":"2019-09-17T20:44:41","modified_gmt":"2019-09-17T20:44:41","slug":"tambien-en-dolores-se-manifestaron-por-el-crimen-de-navila","status":"publish","type":"post","link":"https:\/\/larevistadigital.com.ar\/blog\/tambien-en-dolores-se-manifestaron-por-el-crimen-de-navila\/","title":{"rendered":"TAMBI\u00c9N EN DOLORES SE MANIFESTARON POR EL CRIMEN DE NAVILA"},"content":{"rendered":"<p>Salimos a la calle por Navila y todas las que ya no est\u00e1n\u201d.<\/p>\n<p>Mujeres Dolorenses se manifestaron frente a la DDI de dicha localidad pidiendo justicia por el femicidio de la adolescente.<br \/>\n<strong>Navila<\/strong>, de 15 a\u00f1os que estaba desaparecida desde el martes de la semana pasada, fue encontrada asesinada y enterrada en el fondo de una casaquinta de Chascom\u00fas.<\/p>\n<p>Por el hecho fue detenido el casero del lugar, un hombre que tiene el mismo apellido, pero que no tiene parentesco con la v\u00edctima.<\/p>\n<p>fuente:diarioelFuerte<\/p>\n","protected":false},"excerpt":{"rendered":"<div class=\"mh-excerpt\"><p>Salimos a la calle por Navila y todas las que ya no est\u00e1n\u201d. Mujeres Dolorenses se manifestaron frente a la DDI de dicha localidad pidiendo justicia por el femicidio de la adolescente. Navila, de 15 <a class=\"mh-excerpt-more\" href=\"https:\/\/larevistadigital.com.ar\/blog\/tambien-en-dolores-se-manifestaron-por-el-crimen-de-navila\/\" title=\"TAMBI\u00c9N EN DOLORES SE MANIFESTARON POR EL CRIMEN DE NAVILA\">[Leer M\u00e1s]<\/a><\/p>\n<\/div>","protected":false},"author":3,"featured_media":12154,"comment_status":"open","ping_status":"open","sticky":false,"template":"","format":"standard","meta":{"_jetpack_memberships_contains_paid_content":false,"footnotes":"","jetpack_publicize_message":"","jetpack_publicize_feature_enabled":true,"jetpack_social_post_already_shared":true,"jetpack_social_options":{"image_generator_settings":{"template":"highway","default_image_id":0,"font":"","enabled":false},"version":2}},"categories":[43,51],"tags":[],"class_list":{"0":"post-12153","1":"post","2":"type-post","3":"status-publish","4":"format-standard","5":"has-post-thumbnail","7":"category-dolores","8":"category-regionales"},"jetpack_publicize_connections":[],"jetpack_featured_media_url":"https:\/\/i0.wp.com\/larevistadigital.com.ar\/blog\/wp-content\/uploads\/dolores1_18deseptiembrede2019_elfuerte.jpg?fit=737%2C415&ssl=1","jetpack_sharing_enabled":true,"jetpack_shortlink":"https:\/\/wp.me\/p8qtrQ-3a1","jetpack-related-posts":[{"id":12055,"url":"https:\/\/larevistadigital.com.ar\/blog\/paso-lo-peor-navila-garay-aparecio-muerta-y-enterrada-en-una-quinta\/","url_meta":{"origin":12153,"position":0},"title":"PAS\u00d3 LO PEOR: NAVILA GARAY APARECI\u00d3 MUERTA Y ENTERRADA EN UNA QUINTA","author":"Alejandro Sosa Ruda","date":"15 septiembre, 2019","format":false,"excerpt":"Durante la tarde del domingo 15\/9 se tom\u00f3 conocimiento de la peor noticia que pod\u00eda esperarse: Luego de permanecer desaparecida desde el martes 10 pasado, apareci\u00f3 la joven Navila Garay, de 15 a\u00f1os de edad, que era intensamente buscada por las autoridades, adem\u00e1s de familiares y amigos. El cuerpo fue\u2026","rel":"","context":"En \u00abDESTACADAS\u00bb","block_context":{"text":"DESTACADAS","link":"https:\/\/larevistadigital.com.ar\/blog\/category\/destacadas\/"},"img":{"alt_text":"","src":"https:\/\/i0.wp.com\/larevistadigital.com.ar\/blog\/wp-content\/uploads\/0006201030.jpg?fit=1140%2C641&ssl=1&resize=350%2C200","width":350,"height":200,"srcset":"https:\/\/i0.wp.com\/larevistadigital.com.ar\/blog\/wp-content\/uploads\/0006201030.jpg?fit=1140%2C641&ssl=1&resize=350%2C200 1x, https:\/\/i0.wp.com\/larevistadigital.com.ar\/blog\/wp-content\/uploads\/0006201030.jpg?fit=1140%2C641&ssl=1&resize=525%2C300 1.5x, https:\/\/i0.wp.com\/larevistadigital.com.ar\/blog\/wp-content\/uploads\/0006201030.jpg?fit=1140%2C641&ssl=1&resize=700%2C400 2x, https:\/\/i0.wp.com\/larevistadigital.com.ar\/blog\/wp-content\/uploads\/0006201030.jpg?fit=1140%2C641&ssl=1&resize=1050%2C600 3x"},"classes":[]},{"id":12144,"url":"https:\/\/larevistadigital.com.ar\/blog\/el-intendente-gaston-recibio-a-la-mama-de-navila\/","url_meta":{"origin":12153,"position":1},"title":"EL INTENDENTE GAST\u00d3N RECIBI\u00d3 A LA MAM\u00c1 DE NAVILA","author":"Alejandro Sosa Ruda","date":"17 septiembre, 2019","format":false,"excerpt":"Desde el grupo de Whatsapp de Prensa de la Municipalidad de Chascom\u00fas, se inform\u00f3 que el Intendente Javier Gast\u00f3n recibi\u00f3 a la mam\u00e1 de Navila Garay, durante la tarde de hoy, luego de los incidentes que ocurrieran en la jornada de ayer. El comunicado de prensa, fue el siguiente: En\u2026","rel":"","context":"En \u00abDESTACADAS\u00bb","block_context":{"text":"DESTACADAS","link":"https:\/\/larevistadigital.com.ar\/blog\/category\/destacadas\/"},"img":{"alt_text":"","src":"https:\/\/i0.wp.com\/larevistadigital.com.ar\/blog\/wp-content\/uploads\/70386525_10220190249613228_233807028772929536_n.jpg?fit=720%2C960&ssl=1&resize=350%2C200","width":350,"height":200,"srcset":"https:\/\/i0.wp.com\/larevistadigital.com.ar\/blog\/wp-content\/uploads\/70386525_10220190249613228_233807028772929536_n.jpg?fit=720%2C960&ssl=1&resize=350%2C200 1x, https:\/\/i0.wp.com\/larevistadigital.com.ar\/blog\/wp-content\/uploads\/70386525_10220190249613228_233807028772929536_n.jpg?fit=720%2C960&ssl=1&resize=525%2C300 1.5x, https:\/\/i0.wp.com\/larevistadigital.com.ar\/blog\/wp-content\/uploads\/70386525_10220190249613228_233807028772929536_n.jpg?fit=720%2C960&ssl=1&resize=700%2C400 2x"},"classes":[]},{"id":12151,"url":"https:\/\/larevistadigital.com.ar\/blog\/el-grupo-convicciones-emitio-un-comunicado-por-la-muerte-de-navila\/","url_meta":{"origin":12153,"position":2},"title":"EL GRUPO CONVICCIONES, EMITI\u00d3 UN COMUNICADO POR LA MUERTE DE NAVILA","author":"Alejandro Sosa Ruda","date":"17 septiembre, 2019","format":false,"excerpt":"El Grupo \"Convicciones\" nos hizo llegar un comunicado que a continuaci\u00f3n reproducimos: Ante un ASESINATO, todos nos llenamos de horror y se nos hiela la sangre ; y este domingo nos enteramos que Navila una ni\u00f1a de 15 a\u00f1os fue ASESINADA . Para todos en nuestra comunidad , esta fue\u2026","rel":"","context":"En \u00abCHASCOM\u00daS\u00bb","block_context":{"text":"CHASCOM\u00daS","link":"https:\/\/larevistadigital.com.ar\/blog\/category\/chascomus\/"},"img":{"alt_text":"","src":"https:\/\/i0.wp.com\/larevistadigital.com.ar\/blog\/wp-content\/uploads\/0006201030.jpg?fit=1140%2C641&ssl=1&resize=350%2C200","width":350,"height":200,"srcset":"https:\/\/i0.wp.com\/larevistadigital.com.ar\/blog\/wp-content\/uploads\/0006201030.jpg?fit=1140%2C641&ssl=1&resize=350%2C200 1x, https:\/\/i0.wp.com\/larevistadigital.com.ar\/blog\/wp-content\/uploads\/0006201030.jpg?fit=1140%2C641&ssl=1&resize=525%2C300 1.5x, https:\/\/i0.wp.com\/larevistadigital.com.ar\/blog\/wp-content\/uploads\/0006201030.jpg?fit=1140%2C641&ssl=1&resize=700%2C400 2x, https:\/\/i0.wp.com\/larevistadigital.com.ar\/blog\/wp-content\/uploads\/0006201030.jpg?fit=1140%2C641&ssl=1&resize=1050%2C600 3x"},"classes":[]},{"id":12073,"url":"https:\/\/larevistadigital.com.ar\/blog\/segun-la-autopsia-navila-murio-salvajemente-golpeada\/","url_meta":{"origin":12153,"position":3},"title":"SEG\u00daN LA AUTOPSIA, NAVILA MURI\u00d3 SALVAJEMENTE GOLPEADA","author":"Alejandro Sosa Ruda","date":"15 septiembre, 2019","format":false,"excerpt":"Fuentes judiciales informaron que, de acuerdo a los forenses, la muerte de la chica se dio por un paro cardiorrespiratorio traum\u00e1tico tras una \"hemorragia cerebral masiva\" producto de \"m\u00faltiples fracturas con hundimiento de cr\u00e1neo\". Seg\u00fan una de las fuentes consultadas, la autopsia fue realizada en la morgue del hospital de\u2026","rel":"","context":"En \u00abCHASCOM\u00daS\u00bb","block_context":{"text":"CHASCOM\u00daS","link":"https:\/\/larevistadigital.com.ar\/blog\/category\/chascomus\/"},"img":{"alt_text":"","src":"https:\/\/i0.wp.com\/larevistadigital.com.ar\/blog\/wp-content\/uploads\/Screenshot_4-9.jpg?fit=685%2C380&ssl=1&resize=350%2C200","width":350,"height":200,"srcset":"https:\/\/i0.wp.com\/larevistadigital.com.ar\/blog\/wp-content\/uploads\/Screenshot_4-9.jpg?fit=685%2C380&ssl=1&resize=350%2C200 1x, https:\/\/i0.wp.com\/larevistadigital.com.ar\/blog\/wp-content\/uploads\/Screenshot_4-9.jpg?fit=685%2C380&ssl=1&resize=525%2C300 1.5x"},"classes":[]},{"id":12068,"url":"https:\/\/larevistadigital.com.ar\/blog\/segun-la-fiscal-del-caso-navila-y-su-asesino-mantenian-trato-frecuente\/","url_meta":{"origin":12153,"position":4},"title":"SEG\u00daN LA FISCAL DEL CASO, NAVILA Y SU ASESINO \u00abMANTEN\u00cdAN TRATO FRECUENTE\u00bb","author":"Alejandro Sosa Ruda","date":"15 septiembre, 2019","format":false,"excerpt":"La fiscal de Daniela Bertoletti, a cargo de la causa del asesinato de Navila, asegur\u00f3 que v\u00edctima y victimario se conoc\u00edan y se ve\u00edan seguido. \u00abManten\u00edan trato frecuente, ella cenaba en su casa, iba a ba\u00f1arse a la casa de \u00e9l, iba constantemente, \u00e9l le mandaba un rem\u00eds y ella\u2026","rel":"","context":"En \u00abCHASCOM\u00daS\u00bb","block_context":{"text":"CHASCOM\u00daS","link":"https:\/\/larevistadigital.com.ar\/blog\/category\/chascomus\/"},"img":{"alt_text":"","src":"https:\/\/i0.wp.com\/larevistadigital.com.ar\/blog\/wp-content\/uploads\/20190916094218a670e2837e92d672db1b47727a63c0a5_med.jpg?fit=800%2C468&ssl=1&resize=350%2C200","width":350,"height":200,"srcset":"https:\/\/i0.wp.com\/larevistadigital.com.ar\/blog\/wp-content\/uploads\/20190916094218a670e2837e92d672db1b47727a63c0a5_med.jpg?fit=800%2C468&ssl=1&resize=350%2C200 1x, https:\/\/i0.wp.com\/larevistadigital.com.ar\/blog\/wp-content\/uploads\/20190916094218a670e2837e92d672db1b47727a63c0a5_med.jpg?fit=800%2C468&ssl=1&resize=525%2C300 1.5x, https:\/\/i0.wp.com\/larevistadigital.com.ar\/blog\/wp-content\/uploads\/20190916094218a670e2837e92d672db1b47727a63c0a5_med.jpg?fit=800%2C468&ssl=1&resize=700%2C400 2x"},"classes":[]},{"id":12147,"url":"https:\/\/larevistadigital.com.ar\/blog\/la-policia-encontro-la-mochila-de-navila\/","url_meta":{"origin":12153,"position":5},"title":"LA POLIC\u00cdA ENCONTR\u00d3 LA MOCHILA DE NAVILA","author":"Alejandro Sosa Ruda","date":"17 septiembre, 2019","format":false,"excerpt":"Durante la jornada de ayer, la polic\u00eda en el marco de un rastrillaje, dio con la mochila que pertenec\u00eda a la joven asesinada Navila Garay,\u00a0 que era intensamente buscada, para tratar de hallar m\u00e1s pruebas o alguna referencia que tenga que ver con el desgraciado hecho. La misma se encontraba\u2026","rel":"","context":"En \u00abDESTACADAS\u00bb","block_context":{"text":"DESTACADAS","link":"https:\/\/larevistadigital.com.ar\/blog\/category\/destacadas\/"},"img":{"alt_text":"","src":"https:\/\/i0.wp.com\/larevistadigital.com.ar\/blog\/wp-content\/uploads\/Screenshot_5-4.jpg?fit=934%2C516&ssl=1&resize=350%2C200","width":350,"height":200,"srcset":"https:\/\/i0.wp.com\/larevistadigital.com.ar\/blog\/wp-content\/uploads\/Screenshot_5-4.jpg?fit=934%2C516&ssl=1&resize=350%2C200 1x, https:\/\/i0.wp.com\/larevistadigital.com.ar\/blog\/wp-content\/uploads\/Screenshot_5-4.jpg?fit=934%2C516&ssl=1&resize=525%2C300 1.5x, https:\/\/i0.wp.com\/larevistadigital.com.ar\/blog\/wp-content\/uploads\/Screenshot_5-4.jpg?fit=934%2C516&ssl=1&resize=700%2C400 2x"},"classes":[]}],"_links":{"self":[{"href":"https:\/\/larevistadigital.com.ar\/blog\/wp-json\/wp\/v2\/posts\/12153","targetHints":{"allow":["GET"]}}],"collection":[{"href":"https:\/\/larevistadigital.com.ar\/blog\/wp-json\/wp\/v2\/posts"}],"about":[{"href":"https:\/\/larevistadigital.com.ar\/blog\/wp-json\/wp\/v2\/types\/post"}],"author":[{"embeddable":true,"href":"https:\/\/larevistadigital.com.ar\/blog\/wp-json\/wp\/v2\/users\/3"}],"replies":[{"embeddable":true,"href":"https:\/\/larevistadigital.com.ar\/blog\/wp-json\/wp\/v2\/comments?post=12153"}],"version-history":[{"count":2,"href":"https:\/\/larevistadigital.com.ar\/blog\/wp-json\/wp\/v2\/posts\/12153\/revisions"}],"predecessor-version":[{"id":12156,"href":"https:\/\/larevistadigital.com.ar\/blog\/wp-json\/wp\/v2\/posts\/12153\/revisions\/12156"}],"wp:featuredmedia":[{"embeddable":true,"href":"https:\/\/larevistadigital.com.ar\/blog\/wp-json\/wp\/v2\/media\/12154"}],"wp:attachment":[{"href":"https:\/\/larevistadigital.com.ar\/blog\/wp-json\/wp\/v2\/media?parent=12153"}],"wp:term":[{"taxonomy":"category","embeddable":true,"href":"https:\/\/larevistadigital.com.ar\/blog\/wp-json\/wp\/v2\/categories?post=12153"},{"taxonomy":"post_tag","embeddable":true,"href":"https:\/\/larevistadigital.com.ar\/blog\/wp-json\/wp\/v2\/tags?post=12153"}],"curies":[{"name":"wp","href":"https:\/\/api.w.org\/{rel}","templated":true}]}}