{"id":12157,"date":"2019-09-17T20:51:36","date_gmt":"2019-09-17T20:51:36","guid":{"rendered":"https:\/\/larevistadigital.com.ar\/blog\/?p=12157"},"modified":"2019-09-17T21:02:51","modified_gmt":"2019-09-17T21:02:51","slug":"12157-2","status":"publish","type":"post","link":"https:\/\/larevistadigital.com.ar\/blog\/12157-2\/","title":{"rendered":"CASO NAVILA: LA FISCAL BERTOLETTI ASEGUR\u00d3 QUE POR EL MOMENTO NO HAY VINCULACI\u00d3N CON NINGUNA RED DE PROSTITUCI\u00d3N"},"content":{"rendered":"<h2><em><strong>Tambi\u00e9n volvi\u00f3 a mencionar que la chica manten\u00eda trato frecuente con su asesino, y que esto era conocido por la familia.<\/strong><\/em><\/h2>\n<p>La Fiscal<strong> Daniela Bertoletti Tramuja<\/strong>, fue entrevistada en el programa \u201cAM Show\u201d, donde brind\u00f3 detalles de la causa del femicidio de <strong>Navila Garay<\/strong>. All\u00ed confirm\u00f3 que el lunes por la tarde, en declaraci\u00f3n testimonial, el imputado se neg\u00f3 a declarar, raz\u00f3n por lo cual, se\u00f1al\u00f3 que <strong>Garay<\/strong> convirti\u00f3 su situaci\u00f3n de aprehendido en detenido.<\/p>\n<p>Afirm\u00f3 adem\u00e1s que en el informe preliminar de la autopsia, expone que hac\u00eda aproximadamente cinco d\u00edas que estaba fallecida la v\u00edctima a la hora del hallazgo, por lo que concuerda con la fecha de su desaparici\u00f3n.<\/p>\n<blockquote>\n<h3>En cuanto a c\u00f3mo se dieron los sucesos, dijo que <strong>Navila<\/strong> fue vista el martes 10 de septiembre alrededor de las 18 horas, y el d\u00eda mi\u00e9rcoles alrededor de las 23,30, se radic\u00f3 al denuncia, y all\u00ed se comenz\u00f3 con el protocolo de b\u00fasqueda y el d\u00eda jueves se comenzaron las declaraciones con los familiares.<\/h3>\n<\/blockquote>\n<p>En relaci\u00f3n a la propietaria de la quinta, dijo que lleg\u00f3 a nuestra ciudad el d\u00eda s\u00e1bado, luego del llamado del jardinero el pasado jueves quien le solicit\u00f3 permiso para enterrar un perro en el fondo del terreno, pero que le se\u00f1al\u00f3 que se quede tranquila que no se preocupe que \u00e9l acomodaba todo; y al llegar el fin de semana le llam\u00f3 la atenci\u00f3n de c\u00f3mo estaba tapado el pozo, por ello ante la desaparici\u00f3n de la joven, dio aviso a la polic\u00eda, con lo cual llev\u00f3 a que se haga presente personal de Polic\u00eda Cient\u00edfica, quien encontr\u00f3 el cuerpo.<\/p>\n<blockquote>\n<h3>En cuanto a las im\u00e1genes que llegaron a los medios nacionales, donde se muestra como el acusado traslada a la joven hasta la quinta en moto, dijo que las mismas est\u00e1n siendo objeto de an\u00e1lisis.<\/h3>\n<\/blockquote>\n<p>Confirm\u00f3 que el detenido ya est\u00e1 en Bat\u00e1n y \u00a0se\u00f1al\u00f3 que a\u00fan no han podido encontrar el tel\u00e9fono de <strong>Navila<\/strong>, siendo este un elemento de prueba importante. Indicando que el mismo d\u00eda en que desapareci\u00f3 dej\u00f3 de funcionar, agregando que espera por \u00e9l para obtener mayores informaciones.<br \/>\nPor \u00faltimo, manifest\u00f3 que <em><strong>\u201c\u2026por el momento el hecho no tiene vinculaci\u00f3n con ninguna red de prostituci\u00f3n\u2026\u201d<\/strong><\/em>.<\/p>\n<p>fuente diarioelfuerte<\/p>\n","protected":false},"excerpt":{"rendered":"<div class=\"mh-excerpt\"><p>Tambi\u00e9n volvi\u00f3 a mencionar que la chica manten\u00eda trato frecuente con su asesino, y que esto era conocido por la familia. La Fiscal Daniela Bertoletti Tramuja, fue entrevistada en el programa \u201cAM Show\u201d, donde brind\u00f3 <a class=\"mh-excerpt-more\" href=\"https:\/\/larevistadigital.com.ar\/blog\/12157-2\/\" title=\"CASO NAVILA: LA FISCAL BERTOLETTI ASEGUR\u00d3 QUE POR EL MOMENTO NO HAY VINCULACI\u00d3N CON NINGUNA RED DE PROSTITUCI\u00d3N\">[Leer M\u00e1s]<\/a><\/p>\n<\/div>","protected":false},"author":3,"featured_media":12160,"comment_status":"open","ping_status":"open","sticky":false,"template":"","format":"standard","meta":{"_jetpack_memberships_contains_paid_content":false,"footnotes":"","jetpack_publicize_message":"","jetpack_publicize_feature_enabled":true,"jetpack_social_post_already_shared":true,"jetpack_social_options":{"image_generator_settings":{"template":"highway","default_image_id":0,"font":"","enabled":false},"version":2}},"categories":[50,44],"tags":[],"class_list":{"0":"post-12157","1":"post","2":"type-post","3":"status-publish","4":"format-standard","5":"has-post-thumbnail","7":"category-interes-general","8":"category-policiales"},"jetpack_publicize_connections":[],"jetpack_featured_media_url":"https:\/\/i0.wp.com\/larevistadigital.com.ar\/blog\/wp-content\/uploads\/429622.jpg?fit=1170%2C658&ssl=1","jetpack_sharing_enabled":true,"jetpack_shortlink":"https:\/\/wp.me\/p8qtrQ-3a5","jetpack-related-posts":[{"id":12068,"url":"https:\/\/larevistadigital.com.ar\/blog\/segun-la-fiscal-del-caso-navila-y-su-asesino-mantenian-trato-frecuente\/","url_meta":{"origin":12157,"position":0},"title":"SEG\u00daN LA FISCAL DEL CASO, NAVILA Y SU ASESINO \u00abMANTEN\u00cdAN TRATO FRECUENTE\u00bb","author":"Alejandro Sosa Ruda","date":"15 septiembre, 2019","format":false,"excerpt":"La fiscal de Daniela Bertoletti, a cargo de la causa del asesinato de Navila, asegur\u00f3 que v\u00edctima y victimario se conoc\u00edan y se ve\u00edan seguido. \u00abManten\u00edan trato frecuente, ella cenaba en su casa, iba a ba\u00f1arse a la casa de \u00e9l, iba constantemente, \u00e9l le mandaba un rem\u00eds y ella\u2026","rel":"","context":"En \u00abCHASCOM\u00daS\u00bb","block_context":{"text":"CHASCOM\u00daS","link":"https:\/\/larevistadigital.com.ar\/blog\/category\/chascomus\/"},"img":{"alt_text":"","src":"https:\/\/i0.wp.com\/larevistadigital.com.ar\/blog\/wp-content\/uploads\/20190916094218a670e2837e92d672db1b47727a63c0a5_med.jpg?fit=800%2C468&ssl=1&resize=350%2C200","width":350,"height":200,"srcset":"https:\/\/i0.wp.com\/larevistadigital.com.ar\/blog\/wp-content\/uploads\/20190916094218a670e2837e92d672db1b47727a63c0a5_med.jpg?fit=800%2C468&ssl=1&resize=350%2C200 1x, https:\/\/i0.wp.com\/larevistadigital.com.ar\/blog\/wp-content\/uploads\/20190916094218a670e2837e92d672db1b47727a63c0a5_med.jpg?fit=800%2C468&ssl=1&resize=525%2C300 1.5x, https:\/\/i0.wp.com\/larevistadigital.com.ar\/blog\/wp-content\/uploads\/20190916094218a670e2837e92d672db1b47727a63c0a5_med.jpg?fit=800%2C468&ssl=1&resize=700%2C400 2x"},"classes":[]},{"id":12055,"url":"https:\/\/larevistadigital.com.ar\/blog\/paso-lo-peor-navila-garay-aparecio-muerta-y-enterrada-en-una-quinta\/","url_meta":{"origin":12157,"position":1},"title":"PAS\u00d3 LO PEOR: NAVILA GARAY APARECI\u00d3 MUERTA Y ENTERRADA EN UNA QUINTA","author":"Alejandro Sosa Ruda","date":"15 septiembre, 2019","format":false,"excerpt":"Durante la tarde del domingo 15\/9 se tom\u00f3 conocimiento de la peor noticia que pod\u00eda esperarse: Luego de permanecer desaparecida desde el martes 10 pasado, apareci\u00f3 la joven Navila Garay, de 15 a\u00f1os de edad, que era intensamente buscada por las autoridades, adem\u00e1s de familiares y amigos. El cuerpo fue\u2026","rel":"","context":"En \u00abDESTACADAS\u00bb","block_context":{"text":"DESTACADAS","link":"https:\/\/larevistadigital.com.ar\/blog\/category\/destacadas\/"},"img":{"alt_text":"","src":"https:\/\/i0.wp.com\/larevistadigital.com.ar\/blog\/wp-content\/uploads\/0006201030.jpg?fit=1140%2C641&ssl=1&resize=350%2C200","width":350,"height":200,"srcset":"https:\/\/i0.wp.com\/larevistadigital.com.ar\/blog\/wp-content\/uploads\/0006201030.jpg?fit=1140%2C641&ssl=1&resize=350%2C200 1x, https:\/\/i0.wp.com\/larevistadigital.com.ar\/blog\/wp-content\/uploads\/0006201030.jpg?fit=1140%2C641&ssl=1&resize=525%2C300 1.5x, https:\/\/i0.wp.com\/larevistadigital.com.ar\/blog\/wp-content\/uploads\/0006201030.jpg?fit=1140%2C641&ssl=1&resize=700%2C400 2x, https:\/\/i0.wp.com\/larevistadigital.com.ar\/blog\/wp-content\/uploads\/0006201030.jpg?fit=1140%2C641&ssl=1&resize=1050%2C600 3x"},"classes":[]},{"id":12144,"url":"https:\/\/larevistadigital.com.ar\/blog\/el-intendente-gaston-recibio-a-la-mama-de-navila\/","url_meta":{"origin":12157,"position":2},"title":"EL INTENDENTE GAST\u00d3N RECIBI\u00d3 A LA MAM\u00c1 DE NAVILA","author":"Alejandro Sosa Ruda","date":"17 septiembre, 2019","format":false,"excerpt":"Desde el grupo de Whatsapp de Prensa de la Municipalidad de Chascom\u00fas, se inform\u00f3 que el Intendente Javier Gast\u00f3n recibi\u00f3 a la mam\u00e1 de Navila Garay, durante la tarde de hoy, luego de los incidentes que ocurrieran en la jornada de ayer. El comunicado de prensa, fue el siguiente: En\u2026","rel":"","context":"En \u00abDESTACADAS\u00bb","block_context":{"text":"DESTACADAS","link":"https:\/\/larevistadigital.com.ar\/blog\/category\/destacadas\/"},"img":{"alt_text":"","src":"https:\/\/i0.wp.com\/larevistadigital.com.ar\/blog\/wp-content\/uploads\/70386525_10220190249613228_233807028772929536_n.jpg?fit=720%2C960&ssl=1&resize=350%2C200","width":350,"height":200,"srcset":"https:\/\/i0.wp.com\/larevistadigital.com.ar\/blog\/wp-content\/uploads\/70386525_10220190249613228_233807028772929536_n.jpg?fit=720%2C960&ssl=1&resize=350%2C200 1x, https:\/\/i0.wp.com\/larevistadigital.com.ar\/blog\/wp-content\/uploads\/70386525_10220190249613228_233807028772929536_n.jpg?fit=720%2C960&ssl=1&resize=525%2C300 1.5x, https:\/\/i0.wp.com\/larevistadigital.com.ar\/blog\/wp-content\/uploads\/70386525_10220190249613228_233807028772929536_n.jpg?fit=720%2C960&ssl=1&resize=700%2C400 2x"},"classes":[]},{"id":12073,"url":"https:\/\/larevistadigital.com.ar\/blog\/segun-la-autopsia-navila-murio-salvajemente-golpeada\/","url_meta":{"origin":12157,"position":3},"title":"SEG\u00daN LA AUTOPSIA, NAVILA MURI\u00d3 SALVAJEMENTE GOLPEADA","author":"Alejandro Sosa Ruda","date":"15 septiembre, 2019","format":false,"excerpt":"Fuentes judiciales informaron que, de acuerdo a los forenses, la muerte de la chica se dio por un paro cardiorrespiratorio traum\u00e1tico tras una \"hemorragia cerebral masiva\" producto de \"m\u00faltiples fracturas con hundimiento de cr\u00e1neo\". Seg\u00fan una de las fuentes consultadas, la autopsia fue realizada en la morgue del hospital de\u2026","rel":"","context":"En \u00abCHASCOM\u00daS\u00bb","block_context":{"text":"CHASCOM\u00daS","link":"https:\/\/larevistadigital.com.ar\/blog\/category\/chascomus\/"},"img":{"alt_text":"","src":"https:\/\/i0.wp.com\/larevistadigital.com.ar\/blog\/wp-content\/uploads\/Screenshot_4-9.jpg?fit=685%2C380&ssl=1&resize=350%2C200","width":350,"height":200,"srcset":"https:\/\/i0.wp.com\/larevistadigital.com.ar\/blog\/wp-content\/uploads\/Screenshot_4-9.jpg?fit=685%2C380&ssl=1&resize=350%2C200 1x, https:\/\/i0.wp.com\/larevistadigital.com.ar\/blog\/wp-content\/uploads\/Screenshot_4-9.jpg?fit=685%2C380&ssl=1&resize=525%2C300 1.5x"},"classes":[]},{"id":12147,"url":"https:\/\/larevistadigital.com.ar\/blog\/la-policia-encontro-la-mochila-de-navila\/","url_meta":{"origin":12157,"position":4},"title":"LA POLIC\u00cdA ENCONTR\u00d3 LA MOCHILA DE NAVILA","author":"Alejandro Sosa Ruda","date":"17 septiembre, 2019","format":false,"excerpt":"Durante la jornada de ayer, la polic\u00eda en el marco de un rastrillaje, dio con la mochila que pertenec\u00eda a la joven asesinada Navila Garay,\u00a0 que era intensamente buscada, para tratar de hallar m\u00e1s pruebas o alguna referencia que tenga que ver con el desgraciado hecho. La misma se encontraba\u2026","rel":"","context":"En \u00abDESTACADAS\u00bb","block_context":{"text":"DESTACADAS","link":"https:\/\/larevistadigital.com.ar\/blog\/category\/destacadas\/"},"img":{"alt_text":"","src":"https:\/\/i0.wp.com\/larevistadigital.com.ar\/blog\/wp-content\/uploads\/Screenshot_5-4.jpg?fit=934%2C516&ssl=1&resize=350%2C200","width":350,"height":200,"srcset":"https:\/\/i0.wp.com\/larevistadigital.com.ar\/blog\/wp-content\/uploads\/Screenshot_5-4.jpg?fit=934%2C516&ssl=1&resize=350%2C200 1x, https:\/\/i0.wp.com\/larevistadigital.com.ar\/blog\/wp-content\/uploads\/Screenshot_5-4.jpg?fit=934%2C516&ssl=1&resize=525%2C300 1.5x, https:\/\/i0.wp.com\/larevistadigital.com.ar\/blog\/wp-content\/uploads\/Screenshot_5-4.jpg?fit=934%2C516&ssl=1&resize=700%2C400 2x"},"classes":[]},{"id":12447,"url":"https:\/\/larevistadigital.com.ar\/blog\/vidal-grabo-un-aviso-de-campana-con-dos-santos-y-recibio-a-la-mama-de-navila\/","url_meta":{"origin":12157,"position":5},"title":"VIDAL GRAB\u00d3 UN AVISO DE CAMPA\u00d1A CON DOS SANTOS Y RECIBI\u00d3 A LA MAM\u00c1 DE N\u00c1VILA","author":"Alejandro Sosa Ruda","date":"4 octubre, 2019","format":false,"excerpt":"En el marco de una reuni\u00f3n con la gobernadora de la Provincia de Buenos Aires, Mar\u00eda Eugenia Vidal, el candidato a intendente del espacio Juntos por el Cambio, Santiago Dos Santos y el candidato a primer concejal, Alejandro Bartoletti viajaron a La Plata y grabaron un video de campa\u00f1a con\u2026","rel":"","context":"En \u00abINTERES GENERAL\u00bb","block_context":{"text":"INTERES GENERAL","link":"https:\/\/larevistadigital.com.ar\/blog\/category\/interes-general\/"},"img":{"alt_text":"","src":"https:\/\/i0.wp.com\/larevistadigital.com.ar\/blog\/wp-content\/uploads\/Screenshot_2-45.jpg?fit=596%2C535&ssl=1&resize=350%2C200","width":350,"height":200,"srcset":"https:\/\/i0.wp.com\/larevistadigital.com.ar\/blog\/wp-content\/uploads\/Screenshot_2-45.jpg?fit=596%2C535&ssl=1&resize=350%2C200 1x, https:\/\/i0.wp.com\/larevistadigital.com.ar\/blog\/wp-content\/uploads\/Screenshot_2-45.jpg?fit=596%2C535&ssl=1&resize=525%2C300 1.5x"},"classes":[]}],"_links":{"self":[{"href":"https:\/\/larevistadigital.com.ar\/blog\/wp-json\/wp\/v2\/posts\/12157","targetHints":{"allow":["GET"]}}],"collection":[{"href":"https:\/\/larevistadigital.com.ar\/blog\/wp-json\/wp\/v2\/posts"}],"about":[{"href":"https:\/\/larevistadigital.com.ar\/blog\/wp-json\/wp\/v2\/types\/post"}],"author":[{"embeddable":true,"href":"https:\/\/larevistadigital.com.ar\/blog\/wp-json\/wp\/v2\/users\/3"}],"replies":[{"embeddable":true,"href":"https:\/\/larevistadigital.com.ar\/blog\/wp-json\/wp\/v2\/comments?post=12157"}],"version-history":[{"count":3,"href":"https:\/\/larevistadigital.com.ar\/blog\/wp-json\/wp\/v2\/posts\/12157\/revisions"}],"predecessor-version":[{"id":12161,"href":"https:\/\/larevistadigital.com.ar\/blog\/wp-json\/wp\/v2\/posts\/12157\/revisions\/12161"}],"wp:featuredmedia":[{"embeddable":true,"href":"https:\/\/larevistadigital.com.ar\/blog\/wp-json\/wp\/v2\/media\/12160"}],"wp:attachment":[{"href":"https:\/\/larevistadigital.com.ar\/blog\/wp-json\/wp\/v2\/media?parent=12157"}],"wp:term":[{"taxonomy":"category","embeddable":true,"href":"https:\/\/larevistadigital.com.ar\/blog\/wp-json\/wp\/v2\/categories?post=12157"},{"taxonomy":"post_tag","embeddable":true,"href":"https:\/\/larevistadigital.com.ar\/blog\/wp-json\/wp\/v2\/tags?post=12157"}],"curies":[{"name":"wp","href":"https:\/\/api.w.org\/{rel}","templated":true}]}}