{"id":12162,"date":"2019-09-17T21:13:42","date_gmt":"2019-09-17T21:13:42","guid":{"rendered":"https:\/\/larevistadigital.com.ar\/blog\/?p=12162"},"modified":"2019-09-17T21:13:42","modified_gmt":"2019-09-17T21:13:42","slug":"mar-del-plata-el-intendente-arroyo-echo-a-su-secretario-de-economia-y-hacienda","status":"publish","type":"post","link":"https:\/\/larevistadigital.com.ar\/blog\/mar-del-plata-el-intendente-arroyo-echo-a-su-secretario-de-economia-y-hacienda\/","title":{"rendered":"MAR DEL PLATA: EL INTENDENTE ARROYO ECH\u00d3 A SU SECRETARIO DE ECONOM\u00cdA Y HACIENDA"},"content":{"rendered":"<p>El intendente <strong>Carlos Arroyo<\/strong> decidi\u00f3 este mi\u00e9rcoles a la ma\u00f1ana\u00a0<strong>echar al secretario de Econom\u00eda y Hacienda, Hern\u00e1n Mourelle.<\/strong><\/p>\n<p>El Jefe Comunal tom\u00f3 la determinaci\u00f3n despu\u00e9s de que <strong>Mourelle<\/strong> sumara en los \u00faltimos d\u00edas una serie de conflictos que incluyeron<strong>\u00a0fuertes cr\u00edticas a funcionarios del gobierno e incluso a concejales de la Agrupaci\u00f3n Atl\u00e1ntica<\/strong>.<\/p>\n<blockquote>\n<h3>A d\u00edas de cumplir dos a\u00f1os en el cargo (hab\u00eda asumido el 22 de septiembre de 2017 tras la salida de Gustavo Schroeder), el hombre enviado desde Lan\u00fas ya no manejar\u00e1 las finanzas del Municipio, en el marco de una irreversible determinaci\u00f3n del intendente Arroyo a tres meses de concluir su mandato.<\/h3>\n<\/blockquote>\n<p>Los rumores en torno a la posible salida del funcionario\u00a0<strong>comenzaron a circular el viernes al mediod\u00eda<\/strong>\u00a0cuando el intendente dio una fuerte se\u00f1al de agotamiento con las actitudes del secretario de Econom\u00eda y Hacienda: lo desautoriz\u00f3 y orden\u00f3 que se le paguen los sueldos a los asesores de los concejales, luego de que<strong> Mourelle<\/strong> le enviara una carta plante\u00e1ndole hacer lo contrario buscando profundizar un conflicto que le produc\u00eda cada vez m\u00e1s desgaste al intendente.<\/p>\n<p>El recorte de Arroyo al poder de <strong>Mourelle<\/strong> dentro del gabinete fue tan contundente que desde ese mismo d\u00eda comenzaron a correr s\u00f3lidas versiones sobre la salida del gobierno del pol\u00e9mico funcionario. <strong><em>\u201cNo voy a renunciar y seguir\u00e9 hasta que Arroyo decida lo contrario\u201d<\/em><\/strong>, dijo en las \u00faltimas horas a Radio Brisas, declaraci\u00f3n que sembr\u00f3 m\u00e1s dudas que certezas, conociendo su accionar.<\/p>\n<blockquote>\n<h3><strong>A la desautorizaci\u00f3n de Arroyo se sum\u00f3 un duro golpe del Honorable Tribunal de Cuentas<\/strong>, que determin\u00f3 que resulta \u201cviable considerar para el c\u00e1lculo del tope del 2% los ingresos corrientes estimados en el C\u00e1lculo de Recursos de Obras Sanitarias\u201d, algo que desestim\u00f3 el argumento que el funcionario le plante\u00f3 al intendente en la carta para justificar la demora en el pago de le los asesores de los distintos bloques del Concejo.<\/h3>\n<\/blockquote>\n<p>En medio de la ola de rumores, el pol\u00e9mico funcionario no baj\u00f3 el perfil: e<strong>l lunes a la ma\u00f1ana redobl\u00f3 la apuesta y critic\u00f3 a funcionarios del gobierno, radicales y concejales de su propio partido.<\/strong>\u00a0Por eso, las versiones de renuncia se acrecentaron hasta el punto que<strong> Guillermo Arroyo<\/strong>, hijo del intendente, le anunci\u00f3 a los concejales que la decisi\u00f3n de echar a <strong>Mourelle<\/strong> ya estaba tomada y que se anunciar\u00eda este martes.<\/p>\n<p>Al final, el intendente decidi\u00f3 esperar 24 horas m\u00e1s y no hubo ning\u00fan anuncio oficial de confirmaci\u00f3n o desmentida. Pocas horas despu\u00e9s, <strong>Arroyo<\/strong> decidi\u00f3 la salida de <strong>Mourelle<\/strong>.<\/p>\n<p>&nbsp;<\/p>\n","protected":false},"excerpt":{"rendered":"<div class=\"mh-excerpt\"><p>El intendente Carlos Arroyo decidi\u00f3 este mi\u00e9rcoles a la ma\u00f1ana\u00a0echar al secretario de Econom\u00eda y Hacienda, Hern\u00e1n Mourelle. El Jefe Comunal tom\u00f3 la determinaci\u00f3n despu\u00e9s de que Mourelle sumara en los \u00faltimos d\u00edas una serie <a class=\"mh-excerpt-more\" href=\"https:\/\/larevistadigital.com.ar\/blog\/mar-del-plata-el-intendente-arroyo-echo-a-su-secretario-de-economia-y-hacienda\/\" title=\"MAR DEL PLATA: EL INTENDENTE ARROYO ECH\u00d3 A SU SECRETARIO DE ECONOM\u00cdA Y HACIENDA\">[Leer M\u00e1s]<\/a><\/p>\n<\/div>","protected":false},"author":3,"featured_media":12163,"comment_status":"open","ping_status":"open","sticky":false,"template":"","format":"standard","meta":{"_jetpack_memberships_contains_paid_content":false,"footnotes":"","jetpack_publicize_message":"","jetpack_publicize_feature_enabled":true,"jetpack_social_post_already_shared":true,"jetpack_social_options":{"image_generator_settings":{"template":"highway","default_image_id":0,"font":"","enabled":false},"version":2}},"categories":[51],"tags":[],"class_list":{"0":"post-12162","1":"post","2":"type-post","3":"status-publish","4":"format-standard","5":"has-post-thumbnail","7":"category-regionales"},"jetpack_publicize_connections":[],"jetpack_featured_media_url":"https:\/\/i0.wp.com\/larevistadigital.com.ar\/blog\/wp-content\/uploads\/mouyarroyopadre-1.jpg?fit=641%2C363&ssl=1","jetpack_sharing_enabled":true,"jetpack_shortlink":"https:\/\/wp.me\/p8qtrQ-3aa","jetpack-related-posts":[{"id":24903,"url":"https:\/\/larevistadigital.com.ar\/blog\/por-gestiones-de-la-bancaria-el-intendente-de-villa-gesell-solicito-al-gernete-del-banco-nacion-que-interceda-para-evitar-el-cierre-de-la-sucursal\/","url_meta":{"origin":12162,"position":0},"title":"POR GESTIONES DE LA BANCARIA: EL INTENDENTE DE VILLA GESELL SOLICITO AL GERNETE DEL BANCO NACI\u00d3N QUE INTERCEDA PARA EVITAR EL CIERRE DE LA SUCURSAL","author":"Alejandro Sosa Ruda","date":"29 marzo, 2022","format":false,"excerpt":"VILLA GESELL -\u00a0 Luego de las reuniones y encuentros con dirigentes Bancarios, el intendente de la localidad de Villa Gesell, Gustavo Barrera escribi\u00f3 una nota en la que solicita se cambie la determinaci\u00f3n de cerrar la sucursal del Banco Naci\u00f3n de la mencionada localidad, dado el inmenso perjuicio que ocasionaran\u2026","rel":"","context":"En \u00abINTERES GENERAL\u00bb","block_context":{"text":"INTERES GENERAL","link":"https:\/\/larevistadigital.com.ar\/blog\/category\/interes-general\/"},"img":{"alt_text":"","src":"https:\/\/i0.wp.com\/larevistadigital.com.ar\/blog\/wp-content\/uploads\/REUNION-BANCARIOS-EN-GESELL.jpg?fit=749%2C558&ssl=1&resize=350%2C200","width":350,"height":200,"srcset":"https:\/\/i0.wp.com\/larevistadigital.com.ar\/blog\/wp-content\/uploads\/REUNION-BANCARIOS-EN-GESELL.jpg?fit=749%2C558&ssl=1&resize=350%2C200 1x, https:\/\/i0.wp.com\/larevistadigital.com.ar\/blog\/wp-content\/uploads\/REUNION-BANCARIOS-EN-GESELL.jpg?fit=749%2C558&ssl=1&resize=525%2C300 1.5x, https:\/\/i0.wp.com\/larevistadigital.com.ar\/blog\/wp-content\/uploads\/REUNION-BANCARIOS-EN-GESELL.jpg?fit=749%2C558&ssl=1&resize=700%2C400 2x"},"classes":[]},{"id":13011,"url":"https:\/\/larevistadigital.com.ar\/blog\/mar-del-plata-la-ida-de-arroyo-carga-a-osse-de-traslados-ascensos-y-aumentos\/","url_meta":{"origin":12162,"position":1},"title":"MAR DEL PLATA: LA IDA DE ARROYO CARGA A OSSE DE TRASLADOS, ASCENSOS Y AUMENTOS","author":"Alejandro Sosa Ruda","date":"4 noviembre, 2019","format":false,"excerpt":"Parte del personal pol\u00edtico est\u00e1 siendo trasladado a la empresa considerada \u201cmodelo\u201d. Se firmaron ascensos inexplicables. Autorizaron otro aumento salarial que supera ya el 50% anual. Miembros del directorio nombraron a familiares directos por primera vez en la historia de Obras Sanitarias.\u00a0 MAR DEL PLATA - Acomodar a los \u201camigos\u201d,\u2026","rel":"","context":"En \u00abPOLITICA PROVINCIAL\u00bb","block_context":{"text":"POLITICA PROVINCIAL","link":"https:\/\/larevistadigital.com.ar\/blog\/category\/politica\/politica-provincial\/"},"img":{"alt_text":"","src":"https:\/\/i0.wp.com\/larevistadigital.com.ar\/blog\/wp-content\/uploads\/Screenshot_1-58.jpg?fit=1007%2C667&ssl=1&resize=350%2C200","width":350,"height":200,"srcset":"https:\/\/i0.wp.com\/larevistadigital.com.ar\/blog\/wp-content\/uploads\/Screenshot_1-58.jpg?fit=1007%2C667&ssl=1&resize=350%2C200 1x, https:\/\/i0.wp.com\/larevistadigital.com.ar\/blog\/wp-content\/uploads\/Screenshot_1-58.jpg?fit=1007%2C667&ssl=1&resize=525%2C300 1.5x, https:\/\/i0.wp.com\/larevistadigital.com.ar\/blog\/wp-content\/uploads\/Screenshot_1-58.jpg?fit=1007%2C667&ssl=1&resize=700%2C400 2x"},"classes":[]},{"id":25320,"url":"https:\/\/larevistadigital.com.ar\/blog\/ex-intendente-bonaerense-de-cambiemos-presento-una-demanda-millonaria-por-vacaciones-no-gozadas\/","url_meta":{"origin":12162,"position":2},"title":"EX INTENDENTE BONAERENSE DE CAMBIEMOS PRESENT\u00d3  UNA DEMANDA MILLONARIA POR VACACIONES NO GOZADAS","author":"Alejandro Sosa Ruda","date":"1 mayo, 2022","format":false,"excerpt":"\u201cCarlos Fernando Arroyo conoc\u00eda plenamente que su mandato comenzaba el 10 de diciembre de 2015 y que conclu\u00eda el 10 de diciembre de 2019, por lo cual debi\u00f3 prever la situaci\u00f3n\", explicaron desde la comuna. Arroyo impuls\u00f3 en junio de 2021 una demanda contencioso administrativa contra la Municipalidad para que\u2026","rel":"","context":"En \u00abPOLITICA PROVINCIAL\u00bb","block_context":{"text":"POLITICA PROVINCIAL","link":"https:\/\/larevistadigital.com.ar\/blog\/category\/politica\/politica-provincial\/"},"img":{"alt_text":"","src":"https:\/\/i0.wp.com\/larevistadigital.com.ar\/blog\/wp-content\/uploads\/E68C2676-D8CD-45D3-BB37-52A3845C1ECB.jpeg?fit=950%2C534&ssl=1&resize=350%2C200","width":350,"height":200,"srcset":"https:\/\/i0.wp.com\/larevistadigital.com.ar\/blog\/wp-content\/uploads\/E68C2676-D8CD-45D3-BB37-52A3845C1ECB.jpeg?fit=950%2C534&ssl=1&resize=350%2C200 1x, https:\/\/i0.wp.com\/larevistadigital.com.ar\/blog\/wp-content\/uploads\/E68C2676-D8CD-45D3-BB37-52A3845C1ECB.jpeg?fit=950%2C534&ssl=1&resize=525%2C300 1.5x, https:\/\/i0.wp.com\/larevistadigital.com.ar\/blog\/wp-content\/uploads\/E68C2676-D8CD-45D3-BB37-52A3845C1ECB.jpeg?fit=950%2C534&ssl=1&resize=700%2C400 2x"},"classes":[]},{"id":10190,"url":"https:\/\/larevistadigital.com.ar\/blog\/mar-del-plata-jardin-de-infanes-esta-sin-gas-desde-hace-un-ano-arroyo-falto-a-su-palabra\/","url_meta":{"origin":12162,"position":3},"title":"MAR DEL PLATA: JARD\u00cdN DE INFANES EST\u00c1 SIN GAS DESDE HACE UN A\u00d1O. \u00abARROYO FALT\u00d3 A SU PALABRA\u00bb","author":"Alejandro Sosa Ruda","date":"14 mayo, 2019","format":false,"excerpt":"Se trata del jard\u00edn municipal 5, a donde los chicos van una hora por d\u00eda y reciben un desayuno fr\u00edo. Los padres\u00a0de los chicos protestaron en Libertad y Brasil por las demoras en la ejecuci\u00f3n de las obras \u201cprometidas\u201d por el intendente. Cansados de que sus hijos pasen fr\u00edo y\u2026","rel":"","context":"En \u00abPOLITICA\u00bb","block_context":{"text":"POLITICA","link":"https:\/\/larevistadigital.com.ar\/blog\/category\/politica\/"},"img":{"alt_text":"","src":"https:\/\/i0.wp.com\/larevistadigital.com.ar\/blog\/wp-content\/uploads\/2019\/05\/1557841888185.jpeg?fit=1188%2C724&ssl=1&resize=350%2C200","width":350,"height":200,"srcset":"https:\/\/i0.wp.com\/larevistadigital.com.ar\/blog\/wp-content\/uploads\/2019\/05\/1557841888185.jpeg?fit=1188%2C724&ssl=1&resize=350%2C200 1x, https:\/\/i0.wp.com\/larevistadigital.com.ar\/blog\/wp-content\/uploads\/2019\/05\/1557841888185.jpeg?fit=1188%2C724&ssl=1&resize=525%2C300 1.5x, https:\/\/i0.wp.com\/larevistadigital.com.ar\/blog\/wp-content\/uploads\/2019\/05\/1557841888185.jpeg?fit=1188%2C724&ssl=1&resize=700%2C400 2x, https:\/\/i0.wp.com\/larevistadigital.com.ar\/blog\/wp-content\/uploads\/2019\/05\/1557841888185.jpeg?fit=1188%2C724&ssl=1&resize=1050%2C600 3x"},"classes":[]},{"id":31571,"url":"https:\/\/larevistadigital.com.ar\/blog\/barrio-girado-emergencia-ecologica-enfermedades-vecinos-muy-alarmados-por-la-desastrosa-contaminacion-reclaman-que-el-intendente-se-ocupe-urgente-del-problema\/","url_meta":{"origin":12162,"position":4},"title":"BARRIO GIRADO: \u00bfEMERGENCIA ECOL\u00d3GICA? \u00bfENFERMEDADES?&#8230; VECINOS MUY ALARMADOS POR LA DESASTROSA CONTAMINACI\u00d3N RECLAMAN QUE EL INTENDENTE SE OCUPE URGENTE DEL PROBLEMA","author":"Alejandro Sosa Ruda","date":"16 mayo, 2023","format":false,"excerpt":"Luego que el intendente Javier Gast\u00f3n hablara de las obras de la Planta Depuradora, y el tiempo que llevar\u00e1, los vecinos de Barrio Parque Girado se encuentran en alerta y algunos piensan en movilizaciones, preocupados por la grave situaci\u00f3n que vienen denunciando hace tiempo. 15 de Mayo de 2023 CHASCOM\u00daS\u2026","rel":"","context":"En \u00abDESTACADAS\u00bb","block_context":{"text":"DESTACADAS","link":"https:\/\/larevistadigital.com.ar\/blog\/category\/destacadas\/"},"img":{"alt_text":"","src":"https:\/\/i0.wp.com\/larevistadigital.com.ar\/blog\/wp-content\/uploads\/arroyo-contaminado.jpg?fit=800%2C1124&ssl=1&resize=350%2C200","width":350,"height":200,"srcset":"https:\/\/i0.wp.com\/larevistadigital.com.ar\/blog\/wp-content\/uploads\/arroyo-contaminado.jpg?fit=800%2C1124&ssl=1&resize=350%2C200 1x, https:\/\/i0.wp.com\/larevistadigital.com.ar\/blog\/wp-content\/uploads\/arroyo-contaminado.jpg?fit=800%2C1124&ssl=1&resize=525%2C300 1.5x, https:\/\/i0.wp.com\/larevistadigital.com.ar\/blog\/wp-content\/uploads\/arroyo-contaminado.jpg?fit=800%2C1124&ssl=1&resize=700%2C400 2x"},"classes":[]},{"id":12885,"url":"https:\/\/larevistadigital.com.ar\/blog\/mar-del-plata-guillermo-montenegro-sera-el-intendente\/","url_meta":{"origin":12162,"position":5},"title":"MAR DEL PLATA: GUILLERMO MONTENEGRO SER\u00c1 EL INTENDENTE","author":"Alejandro Sosa Ruda","date":"28 octubre, 2019","format":false,"excerpt":"El candidato de Juntos por el Cambio obtuvo el 40,6% de los votos, contra el 37,5% de Fernanda Raverta, del Frente de Todos. \"Hemos ganado\", dijo Guillermo Montenegro se impuso este domingo en las elecciones generales por una\u00a0estrecha diferencia\u00a0ante Fernanda Raverta, del Frente de Todos, y\u00a0ser\u00e1 el intendente a partir\u2026","rel":"","context":"En \u00abREGIONALES\u00bb","block_context":{"text":"REGIONALES","link":"https:\/\/larevistadigital.com.ar\/blog\/category\/regionales\/"},"img":{"alt_text":"","src":"https:\/\/i0.wp.com\/larevistadigital.com.ar\/blog\/wp-content\/uploads\/Screenshot_2-54.jpg?fit=1014%2C671&ssl=1&resize=350%2C200","width":350,"height":200,"srcset":"https:\/\/i0.wp.com\/larevistadigital.com.ar\/blog\/wp-content\/uploads\/Screenshot_2-54.jpg?fit=1014%2C671&ssl=1&resize=350%2C200 1x, https:\/\/i0.wp.com\/larevistadigital.com.ar\/blog\/wp-content\/uploads\/Screenshot_2-54.jpg?fit=1014%2C671&ssl=1&resize=525%2C300 1.5x, https:\/\/i0.wp.com\/larevistadigital.com.ar\/blog\/wp-content\/uploads\/Screenshot_2-54.jpg?fit=1014%2C671&ssl=1&resize=700%2C400 2x"},"classes":[]}],"_links":{"self":[{"href":"https:\/\/larevistadigital.com.ar\/blog\/wp-json\/wp\/v2\/posts\/12162","targetHints":{"allow":["GET"]}}],"collection":[{"href":"https:\/\/larevistadigital.com.ar\/blog\/wp-json\/wp\/v2\/posts"}],"about":[{"href":"https:\/\/larevistadigital.com.ar\/blog\/wp-json\/wp\/v2\/types\/post"}],"author":[{"embeddable":true,"href":"https:\/\/larevistadigital.com.ar\/blog\/wp-json\/wp\/v2\/users\/3"}],"replies":[{"embeddable":true,"href":"https:\/\/larevistadigital.com.ar\/blog\/wp-json\/wp\/v2\/comments?post=12162"}],"version-history":[{"count":1,"href":"https:\/\/larevistadigital.com.ar\/blog\/wp-json\/wp\/v2\/posts\/12162\/revisions"}],"predecessor-version":[{"id":12164,"href":"https:\/\/larevistadigital.com.ar\/blog\/wp-json\/wp\/v2\/posts\/12162\/revisions\/12164"}],"wp:featuredmedia":[{"embeddable":true,"href":"https:\/\/larevistadigital.com.ar\/blog\/wp-json\/wp\/v2\/media\/12163"}],"wp:attachment":[{"href":"https:\/\/larevistadigital.com.ar\/blog\/wp-json\/wp\/v2\/media?parent=12162"}],"wp:term":[{"taxonomy":"category","embeddable":true,"href":"https:\/\/larevistadigital.com.ar\/blog\/wp-json\/wp\/v2\/categories?post=12162"},{"taxonomy":"post_tag","embeddable":true,"href":"https:\/\/larevistadigital.com.ar\/blog\/wp-json\/wp\/v2\/tags?post=12162"}],"curies":[{"name":"wp","href":"https:\/\/api.w.org\/{rel}","templated":true}]}}