{"id":12165,"date":"2019-09-18T06:22:53","date_gmt":"2019-09-18T06:22:53","guid":{"rendered":"https:\/\/larevistadigital.com.ar\/blog\/?p=12165"},"modified":"2019-09-18T06:22:53","modified_gmt":"2019-09-18T06:22:53","slug":"macabro-un-joven-ahorco-y-descuartizo-a-su-hermana","status":"publish","type":"post","link":"https:\/\/larevistadigital.com.ar\/blog\/macabro-un-joven-ahorco-y-descuartizo-a-su-hermana\/","title":{"rendered":"MACABRO: UN JOVEN AHORC\u00d3 Y DESCUARTIZ\u00d3 A SU HERMANA"},"content":{"rendered":"<p>CORDOBA- Un joven de 18 a\u00f1os estrangul\u00f3 y descuartiz\u00f3 a su hermana de 30 en un hecho macabro registrado en barrio Colinas de V\u00e9lez S\u00e1rsfield, al sudoeste de la ciudad de C\u00f3rdoba. Aunque hasta ahora hay pocos detalles del suceso, se supo que la tragedia la desencaden\u00f3 una fuerte discusi\u00f3n. El detenido ya confes\u00f3 el crimen. Los escalofriantes detalles a continuaci\u00f3n:<\/p>\n<h3><strong>Un escalofriante hecho se registr\u00f3 esta madrugada 18\/09 en la provincia de C\u00f3rdoba.\u00a0<\/strong><\/h3>\n<p><strong>Y es que un joven de 18 a\u00f1os decidi\u00f3 ahorcar a su hermana y luego descuartizarla con una sierra de carpintero.<\/strong>\u00a0El impactante hecho fue en barrio Colinas de V\u00e9lez S\u00e1rsfield, al sudoeste de la ciudad de C\u00f3rdoba.<\/p>\n<p><strong>La v\u00edctima fue identificada como Norma Gabriela Ger\u00f3nimo,<\/strong>\u00a0contadora p\u00fablica que hab\u00eda cumplido sus 30 a\u00f1os en julio pasado, y su hermano, <strong>Nahuel Ger\u00f3nimo<\/strong> fue quien acab\u00f3 con su vida de manera macabra.<\/p>\n<blockquote>\n<h3>El detenido,\u00a0<strong>quien es el presunto autor del fratricidio hab\u00eda arribado a C\u00f3rdoba capital hace unos 15 d\u00edas,\u00a0<\/strong>seg\u00fan datos de la Polic\u00eda, y ese poco tiempo es el que ten\u00eda viviendo con su hermana.<\/h3>\n<\/blockquote>\n<p>El jefe del Departamento Homicidios de la Polic\u00eda, <strong>Fernando Jones<\/strong>,<strong>\u00a0indic\u00f3 que el chico seccion\u00f3 el cad\u00e1ver y luego confes\u00f3 el asesinato a otra hermana<\/strong>. En ese sentido, agreg\u00f3 que la hermana de la v\u00edctima, que se desempe\u00f1a como enfermera,\u00a0<strong><em>\u00abrecibi\u00f3 un llamado de su hermano\u00bb\u00a0<\/em>en el que\u00a0<em><strong>\u00able comenta que hab\u00eda ocurrido un hecho de sangre. Ella dio aviso a la Polic\u00eda\u00bb<\/strong>.<\/em><\/strong><\/p>\n<blockquote>\n<h3>Adem\u00e1s trascendi\u00f3 que el homicida seccion\u00f3\u00a0<strong><em>\u00ablas partes inferiores del cad\u00e1ver\u00bb<\/em><\/strong>\u00a0y posteriormente llev\u00f3 las partes al ba\u00f1o.<\/h3>\n<\/blockquote>\n<p><em><strong>\u00abNos sorprende. Es algo macabro<\/strong><\/em>\u00ab, indic\u00f3 la polic\u00eda a los medios locales. Seg\u00fan los primeros indicios, el joven habr\u00eda estrangulado y descuartizado a Norma con una sierra. \u00ab<em><strong>Todo indicar\u00eda a simple vista que esa habr\u00eda sido la modalidad. Hay bastantes elementos que prueban que fue el autor material\u00bb<\/strong><\/em>, dijeron los investigadores.<\/p>\n<p><strong><u>\u00abYo la mat\u00e9\u00bb<\/u><\/strong><\/p>\n<p><strong><em>\u00abYo la mat\u00e9\u00bb<\/em><\/strong>, fue la confesi\u00f3n del joven de 18 a\u00f1os que le hizo a su otra hermana, quien fue la que encontr\u00f3 el cadaver de la v\u00edctima en el ba\u00f1o y entr\u00f3 en estado de shock.<\/p>\n<blockquote>\n<h3>Seg\u00fan consigna el diario La Voz, los tres hermanos viv\u00edan juntos en uno de los dos inmuebles ubicados en calle Romagosa al 306.\u00a0<strong>Desde hac\u00eda un tiempo, las dos mujeres \u2013una trabaja como enfermera y la v\u00edctima era contadora (30)- resid\u00edan en el barrio.\u00a0<\/strong><\/h3>\n<\/blockquote>\n<p>El joven, por estas horas detenido a disposici\u00f3n de la Justicia,<strong>\u00a0hab\u00eda terminado el colegio secundario en Jujuy, de donde es la familia, y sus hermanas hab\u00edan decidido traerlo con ellas a vivir a C\u00f3rdoba.<\/strong><\/p>\n<p><em><strong>\u00ab\u00a1Dame plata, dame plata!\u00bb<\/strong><\/em>, le reclam\u00f3 <strong>Nahuel<\/strong> y la tom\u00f3 del cuello. Pero ella trat\u00f3 de calmarlo.\u00a0<em><strong>\u201c&#8217;Tranquilizate. Ven\u00ed, vamos a la cl\u00ednica\u2019\u201d,<\/strong><\/em>\u00a0le indic\u00f3, seg\u00fan una fuente policial que reconstruy\u00f3 la secuencia de los hechos.<\/p>\n<blockquote>\n<h3>En el trayecto hacia el nosocomio, el joven le confes\u00f3 el escabroso crimen.<em><strong>\u00a0\u201c&#8217;Mat\u00e9 a la hermana&#8217;\u201d<\/strong><\/em>, le dijo sobre Norma, la otra hermana que viv\u00eda con ellos. La enfermera logr\u00f3 zafarse de Nahuel y llam\u00f3 a la Polic\u00eda.<\/h3>\n<\/blockquote>\n<p>El joven volvi\u00f3 al departamento, ubicado a tres cuadras del hospital.\u00a0<strong>Cuando los polic\u00edas llegaron hasta el lugar, el mismo muchacho les abri\u00f3 la puerta y admiti\u00f3 haberla asesinado\u00a0(lo que no tiene validez legal porque no se realiz\u00f3 ante un abogado defensor).\u00a0<\/strong><\/p>\n<p>Hasta ahora, el fiscal de Violencia Familiar del 1\u00ba Turno, Pablo Camacho, investiga los pormenores del macabro crimen y la versi\u00f3n de la discusi\u00f3n que dio el acusado.<strong>\u00a0En C\u00f3rdoba no registra antecedentes, pero la Justicia pedir\u00e1 si tiene alguno en Jujuy y si registra un historial de trastornos psiqui\u00e1tricos.<\/strong><\/p>\n<p>Un rumor que trascendi\u00f3 es que\u00a0<strong>el joven ten\u00eda problemas con las drogas.<\/strong><\/p>\n<p>fuente:U24<\/p>\n","protected":false},"excerpt":{"rendered":"<div class=\"mh-excerpt\"><p>CORDOBA- Un joven de 18 a\u00f1os estrangul\u00f3 y descuartiz\u00f3 a su hermana de 30 en un hecho macabro registrado en barrio Colinas de V\u00e9lez S\u00e1rsfield, al sudoeste de la ciudad de C\u00f3rdoba. Aunque hasta ahora <a class=\"mh-excerpt-more\" href=\"https:\/\/larevistadigital.com.ar\/blog\/macabro-un-joven-ahorco-y-descuartizo-a-su-hermana\/\" title=\"MACABRO: UN JOVEN AHORC\u00d3 Y DESCUARTIZ\u00d3 A SU HERMANA\">[Leer M\u00e1s]<\/a><\/p>\n<\/div>","protected":false},"author":3,"featured_media":12166,"comment_status":"open","ping_status":"open","sticky":false,"template":"","format":"standard","meta":{"_jetpack_memberships_contains_paid_content":false,"footnotes":"","jetpack_publicize_message":"","jetpack_publicize_feature_enabled":true,"jetpack_social_post_already_shared":true,"jetpack_social_options":{"image_generator_settings":{"template":"highway","default_image_id":0,"font":"","enabled":false},"version":2}},"categories":[50,44],"tags":[],"class_list":{"0":"post-12165","1":"post","2":"type-post","3":"status-publish","4":"format-standard","5":"has-post-thumbnail","7":"category-interes-general","8":"category-policiales"},"jetpack_publicize_connections":[],"jetpack_featured_media_url":"https:\/\/i0.wp.com\/larevistadigital.com.ar\/blog\/wp-content\/uploads\/homicidio_cordoba.jpg?fit=1072%2C521&ssl=1","jetpack_sharing_enabled":true,"jetpack_shortlink":"https:\/\/wp.me\/p8qtrQ-3ad","jetpack-related-posts":[{"id":41490,"url":"https:\/\/larevistadigital.com.ar\/blog\/violencia-familiar-en-cordoba-joven-aspirante-a-policia-fue-apunalado-por-su-padrastro\/","url_meta":{"origin":12165,"position":0},"title":"Violencia familiar en C\u00f3rdoba: joven aspirante a polic\u00eda fue apu\u00f1alado por su padrastro","author":"Alejandro Sosa Ruda","date":"16 septiembre, 2025","format":false,"excerpt":"Un estudiante de la Escuela de Suboficiales de la Polic\u00eda de C\u00f3rdoba, de 24 a\u00f1os, permanece internado tras ser herido con un arma blanca durante una discusi\u00f3n con su padrastro en Villa Sarmiento. El agresor, de 61 a\u00f1os, fue detenido minutos despu\u00e9s. 16 de septiembre de 2025 CORDOBA -\u00a0 \u00a0Un\u2026","rel":"","context":"En \u00abINTERES GENERAL\u00bb","block_context":{"text":"INTERES GENERAL","link":"https:\/\/larevistadigital.com.ar\/blog\/category\/interes-general\/"},"img":{"alt_text":"","src":"https:\/\/i0.wp.com\/larevistadigital.com.ar\/blog\/wp-content\/uploads\/1620734310362-1.jpg?fit=1200%2C594&ssl=1&resize=350%2C200","width":350,"height":200,"srcset":"https:\/\/i0.wp.com\/larevistadigital.com.ar\/blog\/wp-content\/uploads\/1620734310362-1.jpg?fit=1200%2C594&ssl=1&resize=350%2C200 1x, https:\/\/i0.wp.com\/larevistadigital.com.ar\/blog\/wp-content\/uploads\/1620734310362-1.jpg?fit=1200%2C594&ssl=1&resize=525%2C300 1.5x, https:\/\/i0.wp.com\/larevistadigital.com.ar\/blog\/wp-content\/uploads\/1620734310362-1.jpg?fit=1200%2C594&ssl=1&resize=700%2C400 2x, https:\/\/i0.wp.com\/larevistadigital.com.ar\/blog\/wp-content\/uploads\/1620734310362-1.jpg?fit=1200%2C594&ssl=1&resize=1050%2C600 3x"},"classes":[]},{"id":32632,"url":"https:\/\/larevistadigital.com.ar\/blog\/hecho-macabro-en-bahia-blanca-un-hombre-murio-de-un-paro-cardiaco-y-fue-mutilado-por-sus-propios-perros\/","url_meta":{"origin":12165,"position":1},"title":"HECHO MACABRO EN BAH\u00cdA BLANCA: UN HOMBRE MURI\u00d3 DE UN PARO CARD\u00cdACO Y FUE MUTILADO POR SUS PROPIOS PERROS","author":"Alejandro Sosa Ruda","date":"28 julio, 2023","format":false,"excerpt":"La v\u00edctima, de 76 a\u00f1os, fue hallada por un vecino. Al parecer como los animales se quedaron sin alimento, le comieron parte de sus brazos y la cabeza a su due\u00f1o. 27 de julio de 2023 BAH\u00cdA BLANCA\u00a0 -\u00a0 \u00a0En las \u00faltimas horas, ocurri\u00f3 un aberrante hecho en una casa\u2026","rel":"","context":"En \u00abPOLICIALES\u00bb","block_context":{"text":"POLICIALES","link":"https:\/\/larevistadigital.com.ar\/blog\/category\/policiales\/"},"img":{"alt_text":"","src":"https:\/\/i0.wp.com\/larevistadigital.com.ar\/blog\/wp-content\/uploads\/20230726175858_pol.jpg?fit=880%2C512&ssl=1&resize=350%2C200","width":350,"height":200,"srcset":"https:\/\/i0.wp.com\/larevistadigital.com.ar\/blog\/wp-content\/uploads\/20230726175858_pol.jpg?fit=880%2C512&ssl=1&resize=350%2C200 1x, https:\/\/i0.wp.com\/larevistadigital.com.ar\/blog\/wp-content\/uploads\/20230726175858_pol.jpg?fit=880%2C512&ssl=1&resize=525%2C300 1.5x, https:\/\/i0.wp.com\/larevistadigital.com.ar\/blog\/wp-content\/uploads\/20230726175858_pol.jpg?fit=880%2C512&ssl=1&resize=700%2C400 2x"},"classes":[]},{"id":24494,"url":"https:\/\/larevistadigital.com.ar\/blog\/tragedia-un-hombre-le-disparo-en-la-cabeza-a-su-hijo-creyendo-que-era-un-ladron\/","url_meta":{"origin":12165,"position":2},"title":"TRAGEDIA: UN HOMBRE LE DISPAR\u00d3 EN LA CABEZA A SU HIJO, CREYENDO QUE ERA UN LADR\u00d3N","author":"Alejandro Sosa Ruda","date":"11 marzo, 2022","format":false,"excerpt":"Al parecer, habr\u00eda escuchado ruidos en el techo, por lo que tom\u00f3 su carabina calibre 22 y sali\u00f3 al patio y al ver la silueta de una persona, dispar\u00f3. El joven est\u00e1 internado en estado cr\u00edtico. Sucedi\u00f3 en C\u00f3rdoba. CORDOBA -\u00a0 Un hombre le dispar\u00f3 a su hijo de 19\u2026","rel":"","context":"En \u00abINTERES GENERAL\u00bb","block_context":{"text":"INTERES GENERAL","link":"https:\/\/larevistadigital.com.ar\/blog\/category\/interes-general\/"},"img":{"alt_text":"","src":"https:\/\/i0.wp.com\/larevistadigital.com.ar\/blog\/wp-content\/uploads\/21b80301f781bef84033332733f40150f921dc89.jpeg?fit=1140%2C570&ssl=1&resize=350%2C200","width":350,"height":200,"srcset":"https:\/\/i0.wp.com\/larevistadigital.com.ar\/blog\/wp-content\/uploads\/21b80301f781bef84033332733f40150f921dc89.jpeg?fit=1140%2C570&ssl=1&resize=350%2C200 1x, https:\/\/i0.wp.com\/larevistadigital.com.ar\/blog\/wp-content\/uploads\/21b80301f781bef84033332733f40150f921dc89.jpeg?fit=1140%2C570&ssl=1&resize=525%2C300 1.5x, https:\/\/i0.wp.com\/larevistadigital.com.ar\/blog\/wp-content\/uploads\/21b80301f781bef84033332733f40150f921dc89.jpeg?fit=1140%2C570&ssl=1&resize=700%2C400 2x, https:\/\/i0.wp.com\/larevistadigital.com.ar\/blog\/wp-content\/uploads\/21b80301f781bef84033332733f40150f921dc89.jpeg?fit=1140%2C570&ssl=1&resize=1050%2C600 3x"},"classes":[]},{"id":13729,"url":"https:\/\/larevistadigital.com.ar\/blog\/interviene-en-una-discusion-que-mantenia-su-hermana-con-la-pareja-y-lo-mataron-de-un-balazo\/","url_meta":{"origin":12165,"position":3},"title":"INTERVIENE EN UNA DISCUSI\u00d3N QUE MANTEN\u00cdA SU HERMANA CON LA PAREJA Y LO MATARON DE UN BALAZO","author":"Alejandro Sosa Ruda","date":"19 diciembre, 2019","format":false,"excerpt":"Sucedi\u00f3 el jueves a la tarde en una casa del barrio Parque Palermo. Familiares lo trasladaron de urgencia al Higa y el agresor se dio a la fuga. Un joven de 28 a\u00f1os muri\u00f3 esta tarde en el Hospital Interzonal General de agudos (Higa) luego de recibir un balazo durante\u2026","rel":"","context":"En \u00abPOLICIALES\u00bb","block_context":{"text":"POLICIALES","link":"https:\/\/larevistadigital.com.ar\/blog\/category\/policiales\/"},"img":{"alt_text":"","src":"https:\/\/i0.wp.com\/larevistadigital.com.ar\/blog\/wp-content\/uploads\/Guardia-Higa-0298.jpg?fit=790%2C444&ssl=1&resize=350%2C200","width":350,"height":200,"srcset":"https:\/\/i0.wp.com\/larevistadigital.com.ar\/blog\/wp-content\/uploads\/Guardia-Higa-0298.jpg?fit=790%2C444&ssl=1&resize=350%2C200 1x, https:\/\/i0.wp.com\/larevistadigital.com.ar\/blog\/wp-content\/uploads\/Guardia-Higa-0298.jpg?fit=790%2C444&ssl=1&resize=525%2C300 1.5x, https:\/\/i0.wp.com\/larevistadigital.com.ar\/blog\/wp-content\/uploads\/Guardia-Higa-0298.jpg?fit=790%2C444&ssl=1&resize=700%2C400 2x"},"classes":[]},{"id":37080,"url":"https:\/\/larevistadigital.com.ar\/blog\/cordoba-auto-choca-camion-de-residuos-un-recolector-herido\/","url_meta":{"origin":12165,"position":4},"title":"CORDOBA: AUTO CHOCA CAMI\u00d3N DE RESIDUOS: UN RECOLECTOR HERIDO","author":"Alejandro Sosa Ruda","date":"28 agosto, 2024","format":false,"excerpt":"Un recolector de residuos result\u00f3 herido luego de que un auto choc\u00f3 al cami\u00f3n 28 de Agosto de 2024 CORDOBA -\u00a0 El lamentable hecho sucedi\u00f3 en las \u00faltimas horas en el barrio Talleres Este, en la capital cordobesa, cuando un veh\u00edculo impact\u00f3 por detr\u00e1s al cami\u00f3n de residuos y provoc\u00f3\u2026","rel":"","context":"En \u00abPOLICIALES\u00bb","block_context":{"text":"POLICIALES","link":"https:\/\/larevistadigital.com.ar\/blog\/category\/policiales\/"},"img":{"alt_text":"","src":"https:\/\/i0.wp.com\/larevistadigital.com.ar\/blog\/wp-content\/uploads\/457212632_930817139083419_4240577781452038767_n.jpg?fit=1200%2C675&ssl=1&resize=350%2C200","width":350,"height":200,"srcset":"https:\/\/i0.wp.com\/larevistadigital.com.ar\/blog\/wp-content\/uploads\/457212632_930817139083419_4240577781452038767_n.jpg?fit=1200%2C675&ssl=1&resize=350%2C200 1x, https:\/\/i0.wp.com\/larevistadigital.com.ar\/blog\/wp-content\/uploads\/457212632_930817139083419_4240577781452038767_n.jpg?fit=1200%2C675&ssl=1&resize=525%2C300 1.5x, https:\/\/i0.wp.com\/larevistadigital.com.ar\/blog\/wp-content\/uploads\/457212632_930817139083419_4240577781452038767_n.jpg?fit=1200%2C675&ssl=1&resize=700%2C400 2x, https:\/\/i0.wp.com\/larevistadigital.com.ar\/blog\/wp-content\/uploads\/457212632_930817139083419_4240577781452038767_n.jpg?fit=1200%2C675&ssl=1&resize=1050%2C600 3x"},"classes":[]},{"id":13536,"url":"https:\/\/larevistadigital.com.ar\/blog\/macabro-encuentran-un-cuerpo-calcinado-dentro-de-una-camioneta-en-canuelas\/","url_meta":{"origin":12165,"position":5},"title":"MACABRO: ENCUENTRAN UN CUERPO CALCINADO DENTRO DE UNA CAMIONETA EN CA\u00d1UELAS","author":"Alejandro Sosa Ruda","date":"7 diciembre, 2019","format":false,"excerpt":"La Polic\u00eda investiga un homicidio tras la aparici\u00f3n este s\u00e1bado de un cuerpo totalmente calcinado adentro de una camioneta en la ciudad bonaerense de Ca\u00f1uelas\u200b, informaron fuentes de la fuerza. El hallazgo se produjo a las 8.20 en la calle Pedro Elizalde sin n\u00famero del barrio San Esteban, a unos\u2026","rel":"","context":"En \u00abINTERES GENERAL\u00bb","block_context":{"text":"INTERES GENERAL","link":"https:\/\/larevistadigital.com.ar\/blog\/category\/interes-general\/"},"img":{"alt_text":"","src":"https:\/\/i0.wp.com\/larevistadigital.com.ar\/blog\/wp-content\/uploads\/la-camioneta-una-kangoo-blanca___BJMDLTN9_640x361__1.jpg?fit=640%2C361&ssl=1&resize=350%2C200","width":350,"height":200,"srcset":"https:\/\/i0.wp.com\/larevistadigital.com.ar\/blog\/wp-content\/uploads\/la-camioneta-una-kangoo-blanca___BJMDLTN9_640x361__1.jpg?fit=640%2C361&ssl=1&resize=350%2C200 1x, https:\/\/i0.wp.com\/larevistadigital.com.ar\/blog\/wp-content\/uploads\/la-camioneta-una-kangoo-blanca___BJMDLTN9_640x361__1.jpg?fit=640%2C361&ssl=1&resize=525%2C300 1.5x"},"classes":[]}],"_links":{"self":[{"href":"https:\/\/larevistadigital.com.ar\/blog\/wp-json\/wp\/v2\/posts\/12165","targetHints":{"allow":["GET"]}}],"collection":[{"href":"https:\/\/larevistadigital.com.ar\/blog\/wp-json\/wp\/v2\/posts"}],"about":[{"href":"https:\/\/larevistadigital.com.ar\/blog\/wp-json\/wp\/v2\/types\/post"}],"author":[{"embeddable":true,"href":"https:\/\/larevistadigital.com.ar\/blog\/wp-json\/wp\/v2\/users\/3"}],"replies":[{"embeddable":true,"href":"https:\/\/larevistadigital.com.ar\/blog\/wp-json\/wp\/v2\/comments?post=12165"}],"version-history":[{"count":1,"href":"https:\/\/larevistadigital.com.ar\/blog\/wp-json\/wp\/v2\/posts\/12165\/revisions"}],"predecessor-version":[{"id":12167,"href":"https:\/\/larevistadigital.com.ar\/blog\/wp-json\/wp\/v2\/posts\/12165\/revisions\/12167"}],"wp:featuredmedia":[{"embeddable":true,"href":"https:\/\/larevistadigital.com.ar\/blog\/wp-json\/wp\/v2\/media\/12166"}],"wp:attachment":[{"href":"https:\/\/larevistadigital.com.ar\/blog\/wp-json\/wp\/v2\/media?parent=12165"}],"wp:term":[{"taxonomy":"category","embeddable":true,"href":"https:\/\/larevistadigital.com.ar\/blog\/wp-json\/wp\/v2\/categories?post=12165"},{"taxonomy":"post_tag","embeddable":true,"href":"https:\/\/larevistadigital.com.ar\/blog\/wp-json\/wp\/v2\/tags?post=12165"}],"curies":[{"name":"wp","href":"https:\/\/api.w.org\/{rel}","templated":true}]}}