{"id":12220,"date":"2019-09-21T04:55:02","date_gmt":"2019-09-21T04:55:02","guid":{"rendered":"https:\/\/larevistadigital.com.ar\/blog\/?p=12220"},"modified":"2019-09-21T04:55:02","modified_gmt":"2019-09-21T04:55:02","slug":"se-filmaba-haciendo-kitesurf-y-grabo-un-a-bola-de-fuego-en-el-cielo","status":"publish","type":"post","link":"https:\/\/larevistadigital.com.ar\/blog\/se-filmaba-haciendo-kitesurf-y-grabo-un-a-bola-de-fuego-en-el-cielo\/","title":{"rendered":"SE FILMABA HACIENDO \u00abKITESURF\u00bb Y GRAB\u00d3 UN A BOLA DE FUEGO EN EL CIELO"},"content":{"rendered":"<p>Un alem\u00e1n capt\u00f3 un meteorito que surcaba el cielo a sus espaldas mientras se grababa haciendo kitesurf en el Mar del Norte, situado entre las costas de Noruega y Dinamarca.<\/p>\n<p>En la filmaci\u00f3n, de pocos segundos de duraci\u00f3n, se observa c\u00f3mo\u00a0<strong>Dorian Ciese<\/strong>\u00a0desplaza por el agua mientras se filma a s\u00ed mismo.<\/p>\n<p>En un momento dado, la bola de fuego aparece en el cielo y desaparece en un instante, sin que el hombre se percate de lo sucedido.<\/p>\n<p><span class=\"embed-youtube\" style=\"text-align:center; display: block;\"><iframe loading=\"lazy\" class=\"youtube-player\" width=\"640\" height=\"360\" src=\"https:\/\/www.youtube.com\/embed\/EKSRXhAePQM?version=3&#038;rel=1&#038;showsearch=0&#038;showinfo=1&#038;iv_load_policy=1&#038;fs=1&#038;hl=es-ES&#038;autohide=2&#038;wmode=transparent\" allowfullscreen=\"true\" style=\"border:0;\" sandbox=\"allow-scripts allow-same-origin allow-popups allow-presentation allow-popups-to-escape-sandbox\"><\/iframe><\/span><\/p>\n<p>Desde la Sociedad Americana de Meteoritos\u00a0(AMS, por sus siglas en ingl\u00e9s)\u00a0califican\u00a0el video como \u00ab<em>bastante peculiar para este tipo de evento<\/em>\u00ab. La AMS indic\u00f3 que el fragmento celeste proven\u00eda del sudeste y termin\u00f3 su recorrido en el sur de Rens ( Dinamarca).<\/p>\n","protected":false},"excerpt":{"rendered":"<div class=\"mh-excerpt\"><p>Un alem\u00e1n capt\u00f3 un meteorito que surcaba el cielo a sus espaldas mientras se grababa haciendo kitesurf en el Mar del Norte, situado entre las costas de Noruega y Dinamarca. En la filmaci\u00f3n, de pocos <a class=\"mh-excerpt-more\" href=\"https:\/\/larevistadigital.com.ar\/blog\/se-filmaba-haciendo-kitesurf-y-grabo-un-a-bola-de-fuego-en-el-cielo\/\" title=\"SE FILMABA HACIENDO \u00abKITESURF\u00bb Y GRAB\u00d3 UN A BOLA DE FUEGO EN EL CIELO\">[Leer M\u00e1s]<\/a><\/p>\n<\/div>","protected":false},"author":3,"featured_media":12221,"comment_status":"open","ping_status":"open","sticky":false,"template":"","format":"standard","meta":{"_jetpack_memberships_contains_paid_content":false,"footnotes":"","jetpack_publicize_message":"","jetpack_publicize_feature_enabled":true,"jetpack_social_post_already_shared":true,"jetpack_social_options":{"image_generator_settings":{"template":"highway","default_image_id":0,"font":"","enabled":false},"version":2}},"categories":[11,45],"tags":[],"class_list":{"0":"post-12220","1":"post","2":"type-post","3":"status-publish","4":"format-standard","5":"has-post-thumbnail","7":"category-curiosas","8":"category-lo-vi-en-internet"},"jetpack_publicize_connections":[],"jetpack_featured_media_url":"https:\/\/i0.wp.com\/larevistadigital.com.ar\/blog\/wp-content\/uploads\/Screenshot_2-40.jpg?fit=1188%2C568&ssl=1","jetpack_sharing_enabled":true,"jetpack_shortlink":"https:\/\/wp.me\/p8qtrQ-3b6","jetpack-related-posts":[{"id":20951,"url":"https:\/\/larevistadigital.com.ar\/blog\/se-siguio-buscando-intensamente-a-victoria-la-joven-desaparecida-mientras-practicaba-kitesurf\/","url_meta":{"origin":12220,"position":0},"title":"SE SIGUI\u00d3 BUSCANDO INTENSAMENTE A VICTORIA, LA JOVEN DESAPARECIDA MIENTRAS PRACTICABA KITESURF","author":"Alejandro Sosa Ruda","date":"29 junio, 2021","format":false,"excerpt":"Las condiciones clim\u00e1ticas adversas no impidieron que se contin\u00fae con el operativo. Se ampli\u00f3 la zona de b\u00fasqueda. A pesar del fuerte temporal que azota a la Costa Atl\u00e1ntica, durante toda la jornada de hoy se continu\u00f3 con el operativo de b\u00fasqueda de Victoria Pardo, la joven de 30 a\u00f1os\u2026","rel":"","context":"En \u00abREGIONALES\u00bb","block_context":{"text":"REGIONALES","link":"https:\/\/larevistadigital.com.ar\/blog\/category\/regionales\/"},"img":{"alt_text":"","src":"https:\/\/i0.wp.com\/larevistadigital.com.ar\/blog\/wp-content\/uploads\/5045a33d8554ac633711b1a11adb6ff05cc4003e.jpg?fit=1140%2C767&ssl=1&resize=350%2C200","width":350,"height":200,"srcset":"https:\/\/i0.wp.com\/larevistadigital.com.ar\/blog\/wp-content\/uploads\/5045a33d8554ac633711b1a11adb6ff05cc4003e.jpg?fit=1140%2C767&ssl=1&resize=350%2C200 1x, https:\/\/i0.wp.com\/larevistadigital.com.ar\/blog\/wp-content\/uploads\/5045a33d8554ac633711b1a11adb6ff05cc4003e.jpg?fit=1140%2C767&ssl=1&resize=525%2C300 1.5x, https:\/\/i0.wp.com\/larevistadigital.com.ar\/blog\/wp-content\/uploads\/5045a33d8554ac633711b1a11adb6ff05cc4003e.jpg?fit=1140%2C767&ssl=1&resize=700%2C400 2x, https:\/\/i0.wp.com\/larevistadigital.com.ar\/blog\/wp-content\/uploads\/5045a33d8554ac633711b1a11adb6ff05cc4003e.jpg?fit=1140%2C767&ssl=1&resize=1050%2C600 3x"},"classes":[]},{"id":8608,"url":"https:\/\/larevistadigital.com.ar\/blog\/video-explosion-en-el-cielo-sacude-isla-del-oceano-indico\/","url_meta":{"origin":12220,"position":1},"title":"VIDEO. EXPLOSI\u00d3N EN EL CIELO, SACUDE ISLA DEL OC\u00c9ANO \u00cdNDICO","author":"Alejandro Sosa Ruda","date":"20 febrero, 2019","format":false,"excerpt":"Una bola de fuego, el sonido de una explosi\u00f3n y muchas preocupaciones en una isla del Oc\u00e9ano \u00cdndico. Las autoridades de Mayotte se inclinan hacia un meteorito que se estrell\u00f3 en el mar. Ya afectados por una serie de terremotos, los residentes de Mayotte contuvieron la respiraci\u00f3n en la noche\u2026","rel":"","context":"En \u00abCURIOSAS\u00bb","block_context":{"text":"CURIOSAS","link":"https:\/\/larevistadigital.com.ar\/blog\/category\/curiosas\/"},"img":{"alt_text":"","src":"https:\/\/i0.wp.com\/larevistadigital.com.ar\/blog\/wp-content\/uploads\/2019\/02\/una-bola-de-fuego-cae-en-el-oceano-indico-portada-768x432.jpg?fit=768%2C432&ssl=1&resize=350%2C200","width":350,"height":200,"srcset":"https:\/\/i0.wp.com\/larevistadigital.com.ar\/blog\/wp-content\/uploads\/2019\/02\/una-bola-de-fuego-cae-en-el-oceano-indico-portada-768x432.jpg?fit=768%2C432&ssl=1&resize=350%2C200 1x, https:\/\/i0.wp.com\/larevistadigital.com.ar\/blog\/wp-content\/uploads\/2019\/02\/una-bola-de-fuego-cae-en-el-oceano-indico-portada-768x432.jpg?fit=768%2C432&ssl=1&resize=525%2C300 1.5x, https:\/\/i0.wp.com\/larevistadigital.com.ar\/blog\/wp-content\/uploads\/2019\/02\/una-bola-de-fuego-cae-en-el-oceano-indico-portada-768x432.jpg?fit=768%2C432&ssl=1&resize=700%2C400 2x"},"classes":[]},{"id":14431,"url":"https:\/\/larevistadigital.com.ar\/blog\/escandalo-en-lezama-policia-filmo-a-una-menor-haciendole-sexo-oral-mientras-manejaba\/","url_meta":{"origin":12220,"position":2},"title":"ESC\u00c1NDALO EN LEZAMA: POLIC\u00cdA FILMO A UNA MENOR HACI\u00c9NDOLE SEXO ORAL MIENTRAS MANEJABA","author":"Alejandro Sosa Ruda","date":"29 enero, 2020","format":false,"excerpt":"El efectivo le mand\u00f3 el video a sus amigos y las im\u00e1genes se viralizaron. Un polic\u00eda de la localidad de Lezama film\u00f3 cuando una menor le practicaba sexo oral mientras manejaba el auto por la ruta. Tras el acto, el uniformado que se encuentra de licencia, le mand\u00f3 el video\u2026","rel":"","context":"En \u00abDESTACADAS\u00bb","block_context":{"text":"DESTACADAS","link":"https:\/\/larevistadigital.com.ar\/blog\/category\/destacadas\/"},"img":{"alt_text":"","src":"https:\/\/i0.wp.com\/larevistadigital.com.ar\/blog\/wp-content\/uploads\/1580340534347.jpg?fit=1200%2C674&ssl=1&resize=350%2C200","width":350,"height":200,"srcset":"https:\/\/i0.wp.com\/larevistadigital.com.ar\/blog\/wp-content\/uploads\/1580340534347.jpg?fit=1200%2C674&ssl=1&resize=350%2C200 1x, https:\/\/i0.wp.com\/larevistadigital.com.ar\/blog\/wp-content\/uploads\/1580340534347.jpg?fit=1200%2C674&ssl=1&resize=525%2C300 1.5x, https:\/\/i0.wp.com\/larevistadigital.com.ar\/blog\/wp-content\/uploads\/1580340534347.jpg?fit=1200%2C674&ssl=1&resize=700%2C400 2x, https:\/\/i0.wp.com\/larevistadigital.com.ar\/blog\/wp-content\/uploads\/1580340534347.jpg?fit=1200%2C674&ssl=1&resize=1050%2C600 3x"},"classes":[]},{"id":1424,"url":"https:\/\/larevistadigital.com.ar\/blog\/viaje-a-la-puerta-del-infierno-el-crater-que-siempre-arde\/","url_meta":{"origin":12220,"position":3},"title":"Viaje a la puerta del infierno: el cr\u00e1ter que siempre arde","author":"editor","date":"19 marzo, 2017","format":false,"excerpt":"El pozo de Darvaza, tambi\u00e9n conocido como \u201cPuerta del Infierno\u201d es uno de esos lugares que crees que son ciencia ficci\u00f3n, sin embargo, esta especie de cr\u00e1ter existe y se encuentra en pleno desierto de\u00a0Karakum, en Turkmenist\u00e1n. Solo por el nombre ya nos podemos hacer una idea de lo que\u2026","rel":"","context":"En \u00abTURISMO\u00bb","block_context":{"text":"TURISMO","link":"https:\/\/larevistadigital.com.ar\/blog\/category\/turismo\/"},"img":{"alt_text":"","src":"https:\/\/i0.wp.com\/larevistadigital.com.ar\/blog\/wp-content\/uploads\/2017\/03\/pozo-darvaza.jpg?fit=924%2C530&ssl=1&resize=350%2C200","width":350,"height":200,"srcset":"https:\/\/i0.wp.com\/larevistadigital.com.ar\/blog\/wp-content\/uploads\/2017\/03\/pozo-darvaza.jpg?fit=924%2C530&ssl=1&resize=350%2C200 1x, https:\/\/i0.wp.com\/larevistadigital.com.ar\/blog\/wp-content\/uploads\/2017\/03\/pozo-darvaza.jpg?fit=924%2C530&ssl=1&resize=525%2C300 1.5x, https:\/\/i0.wp.com\/larevistadigital.com.ar\/blog\/wp-content\/uploads\/2017\/03\/pozo-darvaza.jpg?fit=924%2C530&ssl=1&resize=700%2C400 2x"},"classes":[]},{"id":41642,"url":"https:\/\/larevistadigital.com.ar\/blog\/video-una-enigmatica-luz-ilumino-el-cielo-de-cordoba-y-otras-provincias\/","url_meta":{"origin":12220,"position":4},"title":"[VIDEO] Una enigm\u00e1tica luz ilumin\u00f3 el cielo de C\u00f3rdoba y otras provincias","author":"Alejandro Sosa Ruda","date":"24 septiembre, 2025","format":false,"excerpt":"Una misteriosa luz ilumin\u00f3 el cielo de\u00a0C\u00f3rdoba\u00a0y gener\u00f3 misterio en distintos puntos de la provincia, que fueron sorprendidos alrededor de las\u00a05.49, cuando apareci\u00f3 en el cielo. Tambi\u00e9n oyentes de\u00a0Cadena 3\u00a0de otras provincias, como\u00a0Santa Fe\u00a0y\u00a0Santiago del Estero, reportaron al mensajero de la radio haber sido testigos del fen\u00f3meno. Algunos vecinos dijeron\u2026","rel":"","context":"En \u00abINTERES GENERAL\u00bb","block_context":{"text":"INTERES GENERAL","link":"https:\/\/larevistadigital.com.ar\/blog\/category\/interes-general\/"},"img":{"alt_text":"","src":"https:\/\/i0.wp.com\/larevistadigital.com.ar\/blog\/wp-content\/uploads\/Captura-de-pantalla-2025-09-24-211421.jpg?fit=674%2C423&ssl=1&resize=350%2C200","width":350,"height":200,"srcset":"https:\/\/i0.wp.com\/larevistadigital.com.ar\/blog\/wp-content\/uploads\/Captura-de-pantalla-2025-09-24-211421.jpg?fit=674%2C423&ssl=1&resize=350%2C200 1x, https:\/\/i0.wp.com\/larevistadigital.com.ar\/blog\/wp-content\/uploads\/Captura-de-pantalla-2025-09-24-211421.jpg?fit=674%2C423&ssl=1&resize=525%2C300 1.5x"},"classes":[]},{"id":40157,"url":"https:\/\/larevistadigital.com.ar\/blog\/a-traves-de-sus-redes-donald-trump-anuncio-el-fin-de-la-guerra-entre-iran-e-israel\/","url_meta":{"origin":12220,"position":5},"title":"A trav\u00e9s de sus redes, Donald Trump anunci\u00f3 el fin de la guerra entre Iran e Israel","author":"Alejandro Sosa Ruda","date":"23 junio, 2025","format":false,"excerpt":"El presidente de Estados Unidos, Donald Trump, anunci\u00f3 este lunes a trav\u00e9s de la red social Truth un cese del fuego \u201ctotal y completo\u201d entre Israel e Ir\u00e1n, que se extender\u00e1 inicialmente por 12 horas. 23 denJunio de 2023 Seg\u00fan inform\u00f3 el propio mandatario, se trata de un principio de\u2026","rel":"","context":"En \u00abDESTACADAS\u00bb","block_context":{"text":"DESTACADAS","link":"https:\/\/larevistadigital.com.ar\/blog\/category\/destacadas\/"},"img":{"alt_text":"","src":"https:\/\/i0.wp.com\/larevistadigital.com.ar\/blog\/wp-content\/uploads\/Captura-de-pantalla-2025-06-23-200526.jpg?fit=1097%2C519&ssl=1&resize=350%2C200","width":350,"height":200,"srcset":"https:\/\/i0.wp.com\/larevistadigital.com.ar\/blog\/wp-content\/uploads\/Captura-de-pantalla-2025-06-23-200526.jpg?fit=1097%2C519&ssl=1&resize=350%2C200 1x, https:\/\/i0.wp.com\/larevistadigital.com.ar\/blog\/wp-content\/uploads\/Captura-de-pantalla-2025-06-23-200526.jpg?fit=1097%2C519&ssl=1&resize=525%2C300 1.5x, https:\/\/i0.wp.com\/larevistadigital.com.ar\/blog\/wp-content\/uploads\/Captura-de-pantalla-2025-06-23-200526.jpg?fit=1097%2C519&ssl=1&resize=700%2C400 2x, https:\/\/i0.wp.com\/larevistadigital.com.ar\/blog\/wp-content\/uploads\/Captura-de-pantalla-2025-06-23-200526.jpg?fit=1097%2C519&ssl=1&resize=1050%2C600 3x"},"classes":[]}],"_links":{"self":[{"href":"https:\/\/larevistadigital.com.ar\/blog\/wp-json\/wp\/v2\/posts\/12220","targetHints":{"allow":["GET"]}}],"collection":[{"href":"https:\/\/larevistadigital.com.ar\/blog\/wp-json\/wp\/v2\/posts"}],"about":[{"href":"https:\/\/larevistadigital.com.ar\/blog\/wp-json\/wp\/v2\/types\/post"}],"author":[{"embeddable":true,"href":"https:\/\/larevistadigital.com.ar\/blog\/wp-json\/wp\/v2\/users\/3"}],"replies":[{"embeddable":true,"href":"https:\/\/larevistadigital.com.ar\/blog\/wp-json\/wp\/v2\/comments?post=12220"}],"version-history":[{"count":1,"href":"https:\/\/larevistadigital.com.ar\/blog\/wp-json\/wp\/v2\/posts\/12220\/revisions"}],"predecessor-version":[{"id":12222,"href":"https:\/\/larevistadigital.com.ar\/blog\/wp-json\/wp\/v2\/posts\/12220\/revisions\/12222"}],"wp:featuredmedia":[{"embeddable":true,"href":"https:\/\/larevistadigital.com.ar\/blog\/wp-json\/wp\/v2\/media\/12221"}],"wp:attachment":[{"href":"https:\/\/larevistadigital.com.ar\/blog\/wp-json\/wp\/v2\/media?parent=12220"}],"wp:term":[{"taxonomy":"category","embeddable":true,"href":"https:\/\/larevistadigital.com.ar\/blog\/wp-json\/wp\/v2\/categories?post=12220"},{"taxonomy":"post_tag","embeddable":true,"href":"https:\/\/larevistadigital.com.ar\/blog\/wp-json\/wp\/v2\/tags?post=12220"}],"curies":[{"name":"wp","href":"https:\/\/api.w.org\/{rel}","templated":true}]}}