{"id":12293,"date":"2019-09-26T02:21:03","date_gmt":"2019-09-26T02:21:03","guid":{"rendered":"https:\/\/larevistadigital.com.ar\/blog\/?p=12293"},"modified":"2019-09-26T02:21:03","modified_gmt":"2019-09-26T02:21:03","slug":"la-justicia-restablecio-la-venta-de-pirotecnia-en-chascomus","status":"publish","type":"post","link":"https:\/\/larevistadigital.com.ar\/blog\/la-justicia-restablecio-la-venta-de-pirotecnia-en-chascomus\/","title":{"rendered":"LA JUSTICIA RESTABLECI\u00d3 LA VENTA DE PIROTECNIA EN CHASCOM\u00daS"},"content":{"rendered":"<h2>Se orden\u00f3 suspender la ordenanza que lo prohib\u00eda<\/h2>\n<p>La Justicia orden\u00f3 suspender la ordenanza que prohib\u00eda la pirotecnia en el municipio bonaerense de Chascom\u00fas, dando la raz\u00f3n a la demanda judicial iniciada por la C\u00e1mara Argentina de Empresas de Fuegos Artificiales. El fallo se suma a las sentencias que declararon inconstitucionales este tipo de normas en distintos puntos del pa\u00eds.<\/p>\n<blockquote>\n<h3>La sentencia sigue el camino trazado\u00a0<span class=\"text_exposed_show\">por la Corte Suprema de la Provincia de Buenos Aires, que declar\u00f3 inconstitucional la ordenanza de General Alvarado, la de San Juan, que hizo lo mismo con las normas de los municipios de Rivadavia y Santa Luc\u00eda, las medidas judiciales que anularon las prohibiciones en Quilmes y Magdalena, y por los municipios bonaerenses de Las Flores y Florencio Varela que derogaron sus prohibiciones.<\/span><\/h3>\n<\/blockquote>\n<div class=\"text_exposed_show\">\n<p>La Justicia orden\u00f3 <em><strong>\u201cla suspensi\u00f3n de los efectos de la ordenanza 5305\/2018 de la Municipalidad de Chascom\u00fas\u201d<\/strong><\/em>, advirti\u00f3 que <strong><em>\u201cno puede haber mayor inter\u00e9s p\u00fablico que el irrestricto respeto de las normas constitucionales, internacionales y legales\u201d<\/em><\/strong>, y destac\u00f3 que <strong><em>\u201cse satisface plenamente el inter\u00e9s p\u00fablico, cuando la misma Administraci\u00f3n se adecua y cumple acabadamente lo dispuesto en el bloque de legalidad que la rige, respetando los derechos que encuentran amparo en nuestras Constituciones Nacional y de la Provincia de Buenos Aires\u201d<\/em><\/strong>.<\/p>\n<p>Publicado en el cronista<\/p>\n<\/div>\n","protected":false},"excerpt":{"rendered":"<div class=\"mh-excerpt\"><p>Se orden\u00f3 suspender la ordenanza que lo prohib\u00eda La Justicia orden\u00f3 suspender la ordenanza que prohib\u00eda la pirotecnia en el municipio bonaerense de Chascom\u00fas, dando la raz\u00f3n a la demanda judicial iniciada por la C\u00e1mara <a class=\"mh-excerpt-more\" href=\"https:\/\/larevistadigital.com.ar\/blog\/la-justicia-restablecio-la-venta-de-pirotecnia-en-chascomus\/\" title=\"LA JUSTICIA RESTABLECI\u00d3 LA VENTA DE PIROTECNIA EN CHASCOM\u00daS\">[Leer M\u00e1s]<\/a><\/p>\n<\/div>","protected":false},"author":3,"featured_media":12294,"comment_status":"open","ping_status":"open","sticky":false,"template":"","format":"standard","meta":{"_jetpack_memberships_contains_paid_content":false,"footnotes":"","jetpack_publicize_message":"","jetpack_publicize_feature_enabled":true,"jetpack_social_post_already_shared":true,"jetpack_social_options":{"image_generator_settings":{"template":"highway","default_image_id":0,"font":"","enabled":false},"version":2}},"categories":[41],"tags":[],"class_list":{"0":"post-12293","1":"post","2":"type-post","3":"status-publish","4":"format-standard","5":"has-post-thumbnail","7":"category-destacadas"},"jetpack_publicize_connections":[],"jetpack_featured_media_url":"https:\/\/i0.wp.com\/larevistadigital.com.ar\/blog\/wp-content\/uploads\/fuegos_artificiales2.jpg?fit=1280%2C717&ssl=1","jetpack_sharing_enabled":true,"jetpack_shortlink":"https:\/\/wp.me\/p8qtrQ-3ch","jetpack-related-posts":[{"id":24481,"url":"https:\/\/larevistadigital.com.ar\/blog\/dolores-suspenden-la-ordenanza-que-prohibia-la-pirotecnia-en-el-distrito\/","url_meta":{"origin":12293,"position":0},"title":"DOLORES: SUSPENDEN LA ORDENANZA QUE PROHIB\u00cdA LA PIROTECNIA EN EL DISTRITO","author":"Alejandro Sosa Ruda","date":"11 marzo, 2022","format":false,"excerpt":"DOLORES -\u00a0 El Juzgado\u00a0en lo\u00a0Contencioso Administrativo\u00a0de\u00a0Dolores\u00a0suspendi\u00f3 la ordenanza que proh\u00edbe la pirotecnia en el distrito por oponerse al ejercicio de la actividad, lo que entrar\u00eda en colisi\u00f3n con la Constituci\u00f3n Nacional y leyes en vigencia. La resoluci\u00f3n firmada por el juez\u00a0Antonio Escobar\u00a0ordena \u201cla suspensi\u00f3n de los efectos de la ordenanza\u2026","rel":"","context":"En \u00abDOLORES\u00bb","block_context":{"text":"DOLORES","link":"https:\/\/larevistadigital.com.ar\/blog\/category\/dolores\/"},"img":{"alt_text":"","src":"https:\/\/i0.wp.com\/larevistadigital.com.ar\/blog\/wp-content\/uploads\/fuegos-artificiales.jpg?fit=885%2C443&ssl=1&resize=350%2C200","width":350,"height":200,"srcset":"https:\/\/i0.wp.com\/larevistadigital.com.ar\/blog\/wp-content\/uploads\/fuegos-artificiales.jpg?fit=885%2C443&ssl=1&resize=350%2C200 1x, https:\/\/i0.wp.com\/larevistadigital.com.ar\/blog\/wp-content\/uploads\/fuegos-artificiales.jpg?fit=885%2C443&ssl=1&resize=525%2C300 1.5x, https:\/\/i0.wp.com\/larevistadigital.com.ar\/blog\/wp-content\/uploads\/fuegos-artificiales.jpg?fit=885%2C443&ssl=1&resize=700%2C400 2x"},"classes":[]},{"id":4101,"url":"https:\/\/larevistadigital.com.ar\/blog\/chascomus-prohiben-desde-proximo-ano-uso-pirotecnia\/","url_meta":{"origin":12293,"position":1},"title":"CHASCOM\u00daS: PROHIBEN DESDE EL PR\u00d3XIMO A\u00d1O EL USO DE PIROTECNIA","author":"Alejandro Sosa Ruda","date":"2 diciembre, 2017","format":false,"excerpt":"Desde la p\u00e1gina oficial del Municipio de Chascom\u00fas, se publicita la promulgaci\u00f3n por parte del intendente municipal Javier Gast\u00f3n, de la ordenanza por la cual desde el a\u00f1o pr\u00f3ximo se proh\u00edbe el uso de pirotecnia en el distrito y las opiniones han comenzado a circular tanto a favor, como en\u2026","rel":"","context":"En \u00abDESTACADAS\u00bb","block_context":{"text":"DESTACADAS","link":"https:\/\/larevistadigital.com.ar\/blog\/category\/destacadas\/"},"img":{"alt_text":"","src":"https:\/\/i0.wp.com\/larevistadigital.com.ar\/blog\/wp-content\/uploads\/2017\/12\/prohibido-ser-feliz-che.jpg?fit=800%2C600&ssl=1&resize=350%2C200","width":350,"height":200,"srcset":"https:\/\/i0.wp.com\/larevistadigital.com.ar\/blog\/wp-content\/uploads\/2017\/12\/prohibido-ser-feliz-che.jpg?fit=800%2C600&ssl=1&resize=350%2C200 1x, https:\/\/i0.wp.com\/larevistadigital.com.ar\/blog\/wp-content\/uploads\/2017\/12\/prohibido-ser-feliz-che.jpg?fit=800%2C600&ssl=1&resize=525%2C300 1.5x, https:\/\/i0.wp.com\/larevistadigital.com.ar\/blog\/wp-content\/uploads\/2017\/12\/prohibido-ser-feliz-che.jpg?fit=800%2C600&ssl=1&resize=700%2C400 2x"},"classes":[]},{"id":13072,"url":"https:\/\/larevistadigital.com.ar\/blog\/cipriano-perez-del-cerro-hemos-regulado-las-condiciones-de-seguridad-para-el-almacenamiento-y-venta-de-fuegos-artificiales-en-chascomus\/","url_meta":{"origin":12293,"position":2},"title":"CIPRIANO P\u00c9REZ DEL CERRO: \u201cHEMOS REGULADO LAS CONDICIONES DE SEGURIDAD PARA EL ALMACENAMIENTO Y VENTA DE FUEGOS ARTIFICIALES EN CHASCOM\u00daS\u201d","author":"Alejandro Sosa Ruda","date":"6 noviembre, 2019","format":false,"excerpt":"Tras la suspensi\u00f3n por parte de la Justicia de los efectos de la Ordenanza N\u00ba 5305\/2018 que restring\u00eda la venta y el uso de pirotecnia en el Distrito, el gobierno municipal avanz\u00f3 con la reglamentaci\u00f3n que deben cumplimentar los comercios de venta de productos de fuegos artificiales a fin de\u2026","rel":"","context":"En \u00abCHASCOM\u00daS\u00bb","block_context":{"text":"CHASCOM\u00daS","link":"https:\/\/larevistadigital.com.ar\/blog\/category\/chascomus\/"},"img":{"alt_text":"","src":"","width":0,"height":0},"classes":[]},{"id":43001,"url":"https:\/\/larevistadigital.com.ar\/blog\/chascomus-reunion-para-garantizar-la-seguridad-en-las-fiestas-habilitadas-para-navidad-y-ano-nuevo-2\/","url_meta":{"origin":12293,"position":3},"title":"Chascom\u00fas: Reuni\u00f3n para garantizar la seguridad en las fiestas habilitadas para Navidad y A\u00f1o Nuevo","author":"Alejandro Sosa Ruda","date":"22 diciembre, 2025","format":false,"excerpt":"Funcionarios y responsables de los eventos acordaron criterios de trabajo. 22 de diciembre de 2025 CHASCOM\u00daS -\u00a0 \u00a0Con el fin de garantizar la seguridad de los concurrentes, la secretaria de Seguridad Ciudadana, Mariela Moscarella, mantuvo una reuni\u00f3n con los responsables de los eventos al aire libre habilitados para el 24\u2026","rel":"","context":"En \u00abCHASCOM\u00daS\u00bb","block_context":{"text":"CHASCOM\u00daS","link":"https:\/\/larevistadigital.com.ar\/blog\/category\/chascomus\/"},"img":{"alt_text":"","src":"https:\/\/i0.wp.com\/larevistadigital.com.ar\/blog\/wp-content\/uploads\/69497a0eb36e1.png?fit=668%2C445&ssl=1&resize=350%2C200","width":350,"height":200,"srcset":"https:\/\/i0.wp.com\/larevistadigital.com.ar\/blog\/wp-content\/uploads\/69497a0eb36e1.png?fit=668%2C445&ssl=1&resize=350%2C200 1x, https:\/\/i0.wp.com\/larevistadigital.com.ar\/blog\/wp-content\/uploads\/69497a0eb36e1.png?fit=668%2C445&ssl=1&resize=525%2C300 1.5x"},"classes":[]},{"id":43069,"url":"https:\/\/larevistadigital.com.ar\/blog\/chascomus-procedimientos-y-decomisos-por-venta-ilegal-de-pirotecnia\/","url_meta":{"origin":12293,"position":4},"title":"Chascom\u00fas: Procedimientos y decomisos por venta ilegal de pirotecnia","author":"Alejandro Sosa Ruda","date":"30 diciembre, 2025","format":false,"excerpt":"Se reforzaron los controles y se reiter\u00f3 la vigencia de la ordenanza que proh\u00edbe el uso de artefactos sonoros en todo el partido. 30 de diciembre de 2025 CHASCOM\u00daS -\u00a0 \u00a0 Personal municipal realiz\u00f3 distintos procedimientos vinculados con la presunta venta ilegal de pirotecnia, a partir de denuncias recibidas por\u2026","rel":"","context":"En \u00abCHASCOM\u00daS\u00bb","block_context":{"text":"CHASCOM\u00daS","link":"https:\/\/larevistadigital.com.ar\/blog\/category\/chascomus\/"},"img":{"alt_text":"","src":"https:\/\/i0.wp.com\/larevistadigital.com.ar\/blog\/wp-content\/uploads\/69541e6c51776.png?fit=668%2C445&ssl=1&resize=350%2C200","width":350,"height":200,"srcset":"https:\/\/i0.wp.com\/larevistadigital.com.ar\/blog\/wp-content\/uploads\/69541e6c51776.png?fit=668%2C445&ssl=1&resize=350%2C200 1x, https:\/\/i0.wp.com\/larevistadigital.com.ar\/blog\/wp-content\/uploads\/69541e6c51776.png?fit=668%2C445&ssl=1&resize=525%2C300 1.5x"},"classes":[]},{"id":7801,"url":"https:\/\/larevistadigital.com.ar\/blog\/chascomus-vecinos-del-boliche-garden-elevan-nota-repudiando-manifestaciones-del-secretario-de-gobierno\/","url_meta":{"origin":12293,"position":5},"title":"CHASCOM\u00daS: VECINOS DEL BOLICHE GARDEN ELEVAN NOTA REPUDIANDO MANIFESTACIONES DEL SECRETARIO DE GOBIERNO","author":"Alejandro Sosa Ruda","date":"19 enero, 2019","format":false,"excerpt":"Hace bastante tiempo que los vecinos que padecen la cercan\u00eda con el boliche bailable \"Garden\", han tratado por todos los medios de ser escuchados, elevando quejas, reclamos, mediciones de decibeles y han hablado con distintos dirigentes del gobierno local, sin encontrar respuesta alguna. Hoy, est\u00e1n indignados por dichos del Secretario\u2026","rel":"","context":"En \u00abDESTACADAS\u00bb","block_context":{"text":"DESTACADAS","link":"https:\/\/larevistadigital.com.ar\/blog\/category\/destacadas\/"},"img":{"alt_text":"","src":"https:\/\/i0.wp.com\/larevistadigital.com.ar\/blog\/wp-content\/uploads\/2019\/01\/2369442246950166_1.jpg?fit=1200%2C952&ssl=1&resize=350%2C200","width":350,"height":200,"srcset":"https:\/\/i0.wp.com\/larevistadigital.com.ar\/blog\/wp-content\/uploads\/2019\/01\/2369442246950166_1.jpg?fit=1200%2C952&ssl=1&resize=350%2C200 1x, https:\/\/i0.wp.com\/larevistadigital.com.ar\/blog\/wp-content\/uploads\/2019\/01\/2369442246950166_1.jpg?fit=1200%2C952&ssl=1&resize=525%2C300 1.5x, https:\/\/i0.wp.com\/larevistadigital.com.ar\/blog\/wp-content\/uploads\/2019\/01\/2369442246950166_1.jpg?fit=1200%2C952&ssl=1&resize=700%2C400 2x, https:\/\/i0.wp.com\/larevistadigital.com.ar\/blog\/wp-content\/uploads\/2019\/01\/2369442246950166_1.jpg?fit=1200%2C952&ssl=1&resize=1050%2C600 3x"},"classes":[]}],"_links":{"self":[{"href":"https:\/\/larevistadigital.com.ar\/blog\/wp-json\/wp\/v2\/posts\/12293","targetHints":{"allow":["GET"]}}],"collection":[{"href":"https:\/\/larevistadigital.com.ar\/blog\/wp-json\/wp\/v2\/posts"}],"about":[{"href":"https:\/\/larevistadigital.com.ar\/blog\/wp-json\/wp\/v2\/types\/post"}],"author":[{"embeddable":true,"href":"https:\/\/larevistadigital.com.ar\/blog\/wp-json\/wp\/v2\/users\/3"}],"replies":[{"embeddable":true,"href":"https:\/\/larevistadigital.com.ar\/blog\/wp-json\/wp\/v2\/comments?post=12293"}],"version-history":[{"count":1,"href":"https:\/\/larevistadigital.com.ar\/blog\/wp-json\/wp\/v2\/posts\/12293\/revisions"}],"predecessor-version":[{"id":12295,"href":"https:\/\/larevistadigital.com.ar\/blog\/wp-json\/wp\/v2\/posts\/12293\/revisions\/12295"}],"wp:featuredmedia":[{"embeddable":true,"href":"https:\/\/larevistadigital.com.ar\/blog\/wp-json\/wp\/v2\/media\/12294"}],"wp:attachment":[{"href":"https:\/\/larevistadigital.com.ar\/blog\/wp-json\/wp\/v2\/media?parent=12293"}],"wp:term":[{"taxonomy":"category","embeddable":true,"href":"https:\/\/larevistadigital.com.ar\/blog\/wp-json\/wp\/v2\/categories?post=12293"},{"taxonomy":"post_tag","embeddable":true,"href":"https:\/\/larevistadigital.com.ar\/blog\/wp-json\/wp\/v2\/tags?post=12293"}],"curies":[{"name":"wp","href":"https:\/\/api.w.org\/{rel}","templated":true}]}}