{"id":12296,"date":"2019-09-26T04:31:01","date_gmt":"2019-09-26T04:31:01","guid":{"rendered":"https:\/\/larevistadigital.com.ar\/blog\/?p=12296"},"modified":"2019-09-26T04:31:01","modified_gmt":"2019-09-26T04:31:01","slug":"dolores-folletos-indicaban-obras-de-gas-que-gestionaron-y-pagaron-los-vecinos-como-gestion-municipal","status":"publish","type":"post","link":"https:\/\/larevistadigital.com.ar\/blog\/dolores-folletos-indicaban-obras-de-gas-que-gestionaron-y-pagaron-los-vecinos-como-gestion-municipal\/","title":{"rendered":"DOLORES: FOLLETOS INDICABAN OBRAS DE GAS QUE GESTIONARON Y PAGARON LOS VECINOS, COMO GESTI\u00d3N MUNICIPAL"},"content":{"rendered":"<p>El sector en cuesti\u00f3n est\u00e1 ubicado en calles Mitre entre Pierini, Pillado, y parte sobre Ing. Quadri y Pellegrini. <strong>Griselda Pascua<\/strong> contact\u00f3 a la empresa en 2008, se form\u00f3 un consorcio con 25 frentistas y en unos meses la obra fue concluida. Sin embargo en los folletos de campa\u00f1a del oficialismo el sector figura como realizado por la actual gesti\u00f3n.<\/p>\n<blockquote>\n<h3>Griselda Pascua ha presentado al Municipio sus inquietudes acerca de rampas y elementos de accesibilidad que faltan en la ciudad. Tambi\u00e9n junto a vecinos de su barrio para que coloquen reductores de velocidad en la zona de calle Mitre y Ruta 63. La Gesti\u00f3n Municipal jam\u00e1s respondi\u00f3 a estos pedidos.<\/h3>\n<\/blockquote>\n<p>En este caso recibi\u00f3 uno de los folletos de campa\u00f1a de la actual Gesti\u00f3n y encontr\u00f3 que su barrio (comprendido entre calle Mitre entre Pierini, Pillado, y parte sobre Ing. Quadri y Pellegrini), figuraba como un sector donde la Gesti\u00f3n hab\u00eda realizado la obra de gas.<\/p>\n<div class=\"post-content-bd\">\n<figure id=\"attachment_12297\" aria-describedby=\"caption-attachment-12297\" style=\"width: 700px\" class=\"wp-caption aligncenter\"><img data-recalc-dims=\"1\" loading=\"lazy\" decoding=\"async\" class=\"wp-image-12297 size-full\" src=\"https:\/\/i0.wp.com\/larevistadigital.com.ar\/blog\/wp-content\/uploads\/Pascua1.jpg?resize=700%2C639&#038;ssl=1\" alt=\"\" width=\"700\" height=\"639\" srcset=\"https:\/\/i0.wp.com\/larevistadigital.com.ar\/blog\/wp-content\/uploads\/Pascua1.jpg?w=700&amp;ssl=1 700w, https:\/\/i0.wp.com\/larevistadigital.com.ar\/blog\/wp-content\/uploads\/Pascua1.jpg?resize=300%2C274&amp;ssl=1 300w\" sizes=\"auto, (max-width: 700px) 100vw, 700px\" \/><figcaption id=\"caption-attachment-12297\" class=\"wp-caption-text\"><strong>GRISELDA PASCUA<\/strong><\/figcaption><\/figure>\n<p><strong>\u00bfC\u00f3mo descubri\u00f3 este detalle?<\/strong><\/p>\n<p>Hace algunos d\u00edas recib\u00ed un folleto. Tengo siempre por costumbre cada vez que recibo un folleto leerlo, observarlo, fijarme de qu\u00e9 se trata. Este dice \u201cEn 12 a\u00f1os juntos hicimos m\u00e1s que en 200 a\u00f1os de historia\u201d. Me remito a la obra de gas que indica que ha hecho el municipio y descubro que este barrio figura como tal.<\/p>\n<p><strong>\u00bfC\u00f3mo se logr\u00f3 el gas en este barrio?<\/strong><\/p>\n<p>Tuve el placer de ser quien trajo en 2008 una empresa de Castelli que se reuni\u00f3 con los vecinos. Hablamos casa por casa junto a otra vecina, reunimos a 25 frentistas y se form\u00f3 un consorcio. Cada frentista pag\u00f3 de la manera que pudo, al contado, en cuotas, y hasta hubo personas que se les hizo en las cuotas que pod\u00edan ya que se les complicaba. Hoy todos est\u00e1n muy contentos. Y me siento feliz de que por haberse constituido ese consorcio, la gente de mi barrio tenga red de gas.<\/p>\n<p><strong>\u00bfCu\u00e1ndo comenzaron?<\/strong><\/p>\n<p>En marzo de 2008 comenzamos a pagarlo. Lo realiz\u00f3 una empresa privada que vino de Castelli. Sab\u00eda que trabajaban muy bien, los contact\u00e9, hicimos una reuni\u00f3n en casa de\u00a0 una vecina invitando a todos. Los vecinos preguntaron, se sacaron todas las dudas, y as\u00ed tuve la alegr\u00eda de que mi barrio contara con la red de gas. En unos meses la obra estuvo concluida.<\/p>\n<p><strong>\u00bfLe sorprendi\u00f3 que en el folleto figurara como obra de la Gesti\u00f3n Municipal?<\/strong><\/p>\n<p>Me llam\u00f3 la atenci\u00f3n, porque la Municipalidad no tuvo nada que ver en esta obra. El Intendente incluye en su folleto como obra de gas realizada por su Gesti\u00f3n, a mi barrio. No fue as\u00ed y voy a defender esto. No critico la obra de gas que pudo haber hecho esta gesti\u00f3n, al contrario, si se hizo me parece muy bien. Simplemente me gusta que las cosas sean claras, aut\u00e9nticas, transparentes. Que cuando se hacen, si nos equivocamos, se diga, se rectifique. Esta obra de gas se hizo por iniciativa de 25 frentistas, en una zona no muy poblada, de manera que la obra se extendi\u00f3 bastante.<\/p>\n<p><strong>\u00a0<\/strong><\/p>\n<p><strong>\u00bfHubo alg\u00fan otro detalle del folleto que llamara su atenci\u00f3n?<\/strong><\/p>\n<p>S\u00ed. Lo primero que leo en una de sus partes es \u201chacer una ciudad m\u00e1s inclusiva\u201d, hablando de los barrios. Al leer el t\u00e9rmino \u201cinclusivo\u201d me hubiese gustado, y hubiese sido un orgullo para m\u00ed y para mucha gente, que apareciera el croquis con las rampas y elementos de urbanizaci\u00f3n para personas con discapacidad marcados. Eso no est\u00e1. Y es una lucha que doy desde 2017, y que seguir\u00e9 dando. Lo m\u00edo no es pol\u00edtica ni campa\u00f1a. Soy una ciudadana com\u00fan que me preocupo de que en el Primer Pueblo Patrio, una ciudad que se supone que est\u00e1 de avanzada\u2026 haya elementos de urbanizaci\u00f3n para todos.<\/p>\n<p><a class=\"pop-img-bd\" href=\"https:\/\/i0.wp.com\/www.compromisodiario.com.ar\/wp-content\/uploads\/2019\/09\/Pascua2.jpg\"><img data-recalc-dims=\"1\" loading=\"lazy\" decoding=\"async\" class=\"alignnone size-full wp-image-60360\" src=\"https:\/\/i0.wp.com\/www.compromisodiario.com.ar\/wp-content\/uploads\/2019\/09\/Pascua2.jpg?resize=700%2C332\" alt=\"Pascua2\" width=\"700\" height=\"332\" \/><\/a><\/p>\n<p><strong>\u00bfFalta mucho en este sentido?<\/strong><\/p>\n<p>Ando en la calle y no hay casi elementos de urbanizaci\u00f3n: algunas rampas en instituciones. Pero a nivel Municipal no, y se necesitan. Sigo bregando por ello, por las rampas hechas como corresponde en las esquinas. Comenzando por el centro, el sector m\u00e1s transitado, y despu\u00e9s ir ampliando. No hay una obra que se pueda decir que es inclusiva en este sentido del que hablo. Tenemos un Polideportivo maravilloso que no cuenta tampoco con elementos de urbanizaci\u00f3n, y agrego tambi\u00e9n de que deber\u00eda haber empleados con alguna discapacidad, y que no est\u00e1n contemplados. Est\u00e1 muy bien hacer asfalto, colocar luces, pero desde mi humilde lugar, me hubiese gustado a esta altura, por lo menos haber visto una rampa como debiera ser.<\/p>\n<p><strong>\u00bfFueron respondidos sus reclamos?<\/strong><\/p>\n<p>En 2017 present\u00e9 una nota por Mesa de Entrada para ser recibida por el Intendente, para hablar sobre el tema de las rampas y la accesibilidad. Nunca me respondieron. Despu\u00e9s que se hizo la parte de calle Mitre, conectando Ruta 63 con el centro, a nosotros en el barrio nos qued\u00f3 el inconveniente del tr\u00e1nsito a gran velocidad. Porque al bajar de la ruta lo hacen a mucha velocidad. Present\u00e9 de inmediato la nota correspondiente en Mesa de Entrada de la Municipalidad para que colocaran reductores de velocidad. Jam\u00e1s tuvimos respuesta. Un vecino lo hizo por su cuenta, y tampoco le respondieron. No queremos que ocurra ning\u00fan accidente que puede prevenirse.<\/p>\n<p><strong>\u00bfQu\u00e9 an\u00e1lisis hace como ciudadana?<\/strong><\/p>\n<p>Que los ciudadanos tenemos que exigir, adem\u00e1s de obras, los balances, los n\u00fameros. Cuanto ingresa y egresa, presupuesto del Hospital, Acci\u00f3n Social, etc. Tenemos que saber los ciudadanos cu\u00e1nto dinero ingresa, en qu\u00e9 y c\u00f3mo se gasta. Si hay un super\u00e1vit, d\u00e9ficit, por qu\u00e9. Se supone que en un municipio hay profesionales para hacerlo y publicarlo. El Intendente de Castelli lo publica en el diario, inform\u00e1ndole al pueblo qu\u00e9 se hizo con el dinero que ingres\u00f3 y en qu\u00e9 se gast\u00f3. Y me parece b\u00e1rbaro. El dinero que viene de la propia gente de la ciudad, de provincia y de naci\u00f3n, es del pueblo. Tenemos que saber esos datos. No como sucedi\u00f3 en la conferencia de prensa que brind\u00f3 el Intendente con autoridades de Salud y la Cooperadora del Hospital. Una periodista le pregunt\u00f3 por el presupuesto del Hospital y le respondi\u00f3 que le preguntara a otro funcionario, que \u00e9l no iba a hacer pol\u00edtica. Y no es pol\u00edtica. \u00c9l tiene que responderle a su comunidad esa pregunta. Estamos perdiendo transparencia cada d\u00eda. Los ciudadanos tenemos que saber qu\u00e9 pasa en el municipio, y recibir una respuesta cuando preguntamos.<\/p>\n<p><strong>\u00bfQu\u00e9 le dir\u00eda a\u00a0 vecinos que atraviesan situaciones similares?<\/strong><\/p>\n<p>Que tenemos que acostumbrarnos a que el Estado somos nosotros, que podemos hablar, opinar, dialogar, consensuar con los dem\u00e1s, con las autoridades, con quien sea. Sin violentar ni agredir. Y se espera del otro lado la misma actitud, que sepa escuchar, responder bien, sin increpar ni amedrentar ni gritar. Sin violentar al otro por lo que est\u00e1 diciendo. Todos tenemos el derecho como ciudadanos de decir lo que nos gusta o no, m\u00e1s all\u00e1 de la ideolog\u00eda pol\u00edtica. Como ciudadanos tenemos que tener la responsabilidad de decir lo que no nos gusta. Y aprobar y felicitar si algo nos gusta.<\/p>\n<p>FUENTE:DIARIOCOMPROMISO<\/p>\n<\/div>\n<footer>\n<div class=\"cf\"><\/div>\n<\/footer>\n","protected":false},"excerpt":{"rendered":"<div class=\"mh-excerpt\"><p>El sector en cuesti\u00f3n est\u00e1 ubicado en calles Mitre entre Pierini, Pillado, y parte sobre Ing. Quadri y Pellegrini. Griselda Pascua contact\u00f3 a la empresa en 2008, se form\u00f3 un consorcio con 25 frentistas y <a class=\"mh-excerpt-more\" href=\"https:\/\/larevistadigital.com.ar\/blog\/dolores-folletos-indicaban-obras-de-gas-que-gestionaron-y-pagaron-los-vecinos-como-gestion-municipal\/\" title=\"DOLORES: FOLLETOS INDICABAN OBRAS DE GAS QUE GESTIONARON Y PAGARON LOS VECINOS, COMO GESTI\u00d3N MUNICIPAL\">[Leer M\u00e1s]<\/a><\/p>\n<\/div>","protected":false},"author":3,"featured_media":12298,"comment_status":"open","ping_status":"open","sticky":false,"template":"","format":"standard","meta":{"_jetpack_memberships_contains_paid_content":false,"footnotes":"","jetpack_publicize_message":"","jetpack_publicize_feature_enabled":true,"jetpack_social_post_already_shared":true,"jetpack_social_options":{"image_generator_settings":{"template":"highway","default_image_id":0,"font":"","enabled":false},"version":2}},"categories":[43,12,51],"tags":[],"class_list":{"0":"post-12296","1":"post","2":"type-post","3":"status-publish","4":"format-standard","5":"has-post-thumbnail","7":"category-dolores","8":"category-politica","9":"category-regionales"},"jetpack_publicize_connections":[],"jetpack_featured_media_url":"https:\/\/i0.wp.com\/larevistadigital.com.ar\/blog\/wp-content\/uploads\/PAscua-Tapa-660x330.jpg?fit=660%2C330&ssl=1","jetpack_sharing_enabled":true,"jetpack_shortlink":"https:\/\/wp.me\/p8qtrQ-3ck","jetpack-related-posts":[{"id":10164,"url":"https:\/\/larevistadigital.com.ar\/blog\/dolores-cambios-en-el-gabinete-municipal\/","url_meta":{"origin":12296,"position":0},"title":"DOLORES: CAMBIOS EN EL GABINETE MUNICIPAL","author":"Alejandro Sosa Ruda","date":"14 mayo, 2019","format":false,"excerpt":"El Intendente Camilo Etchevarren, inform\u00f3 que Mar\u00eda Susana Andera, tendr\u00e1 a su cargo la Jefatura de Gabinete y seguir\u00e1 bajo su \u00f3rbita la Secretar\u00eda de Cultura. Leandro Oldoni que se ven\u00eda desempe\u00f1ando como Jefe de Gabinete, pasar\u00e1 a ocupar la Secretar\u00eda de Gobierno. El Jefe Comunal al referirse a los\u2026","rel":"","context":"En \u00abDOLORES\u00bb","block_context":{"text":"DOLORES","link":"https:\/\/larevistadigital.com.ar\/blog\/category\/dolores\/"},"img":{"alt_text":"","src":"https:\/\/i0.wp.com\/larevistadigital.com.ar\/blog\/wp-content\/uploads\/2019\/05\/140801-INTENDENTE_06-18-2015.jpg?fit=800%2C600&ssl=1&resize=350%2C200","width":350,"height":200,"srcset":"https:\/\/i0.wp.com\/larevistadigital.com.ar\/blog\/wp-content\/uploads\/2019\/05\/140801-INTENDENTE_06-18-2015.jpg?fit=800%2C600&ssl=1&resize=350%2C200 1x, https:\/\/i0.wp.com\/larevistadigital.com.ar\/blog\/wp-content\/uploads\/2019\/05\/140801-INTENDENTE_06-18-2015.jpg?fit=800%2C600&ssl=1&resize=525%2C300 1.5x, https:\/\/i0.wp.com\/larevistadigital.com.ar\/blog\/wp-content\/uploads\/2019\/05\/140801-INTENDENTE_06-18-2015.jpg?fit=800%2C600&ssl=1&resize=700%2C400 2x"},"classes":[]},{"id":12679,"url":"https:\/\/larevistadigital.com.ar\/blog\/la-plata-sin-santout-se-desarrollo-el-debate-entre-los-candidatos-a-intendente\/","url_meta":{"origin":12296,"position":1},"title":"LA PLATA: SIN SANTOUT SE DESARROLL\u00d3 EL DEBATE ENTRE LOS CANDIDATOS A INTENDENTE","author":"Alejandro Sosa Ruda","date":"17 octubre, 2019","format":false,"excerpt":"El Jefe Municipal\u00a0Julio Garro (Juntos por el Cambio), Gabriel Crespi (Consenso Federal), Luana Simioni (FIT) y Marcelo Pe\u00f1a (NOS) debatieron este mi\u00e9rcoles en el Colegio de Abogados de la capital bonaerense, de cara a las elecciones Generales del 27 de octubre. No particip\u00f3 la candidata del Frente de Todos, Florencia\u2026","rel":"","context":"En \u00abPOLITICA\u00bb","block_context":{"text":"POLITICA","link":"https:\/\/larevistadigital.com.ar\/blog\/category\/politica\/"},"img":{"alt_text":"","src":"https:\/\/i0.wp.com\/larevistadigital.com.ar\/blog\/wp-content\/uploads\/1571271014743.jpeg?fit=1200%2C797&ssl=1&resize=350%2C200","width":350,"height":200,"srcset":"https:\/\/i0.wp.com\/larevistadigital.com.ar\/blog\/wp-content\/uploads\/1571271014743.jpeg?fit=1200%2C797&ssl=1&resize=350%2C200 1x, https:\/\/i0.wp.com\/larevistadigital.com.ar\/blog\/wp-content\/uploads\/1571271014743.jpeg?fit=1200%2C797&ssl=1&resize=525%2C300 1.5x, https:\/\/i0.wp.com\/larevistadigital.com.ar\/blog\/wp-content\/uploads\/1571271014743.jpeg?fit=1200%2C797&ssl=1&resize=700%2C400 2x, https:\/\/i0.wp.com\/larevistadigital.com.ar\/blog\/wp-content\/uploads\/1571271014743.jpeg?fit=1200%2C797&ssl=1&resize=1050%2C600 3x"},"classes":[]},{"id":5360,"url":"https:\/\/larevistadigital.com.ar\/blog\/se-firmara-un-convenio-con-el-ministerio-de-gobierno-para-fortalecer-la-gestion-municipal\/","url_meta":{"origin":12296,"position":2},"title":"SE FIRMAR\u00c1 UN CONVENIO CON EL MINISTERIO DE GOBIERNO PARA FORTALECER LA GESTI\u00d3N MUNICIPAL","author":"admin","date":"29 marzo, 2018","format":false,"excerpt":"El Secretario de Gobierno Cipriano P\u00e9rez del Cerro, mantuvo un encuentro con la Asociaci\u00f3n Civil RIL, para poner en pr\u00e1ctica un programa de fortalecimiento de gesti\u00f3n municipal, orientado a brindar herramientas de profesionalizaci\u00f3n a fin de mejorar el funcionamiento interno del municipio. \u201cLlevamos adelante este encuentro para profundizar una mayor\u2026","rel":"","context":"En \u00abPOLITICA\u00bb","block_context":{"text":"POLITICA","link":"https:\/\/larevistadigital.com.ar\/blog\/category\/politica\/"},"img":{"alt_text":"","src":"https:\/\/i0.wp.com\/larevistadigital.com.ar\/blog\/wp-content\/uploads\/2018\/03\/2018_03_26_10_44_13_3929749.jpg?fit=600%2C401&ssl=1&resize=350%2C200","width":350,"height":200,"srcset":"https:\/\/i0.wp.com\/larevistadigital.com.ar\/blog\/wp-content\/uploads\/2018\/03\/2018_03_26_10_44_13_3929749.jpg?fit=600%2C401&ssl=1&resize=350%2C200 1x, https:\/\/i0.wp.com\/larevistadigital.com.ar\/blog\/wp-content\/uploads\/2018\/03\/2018_03_26_10_44_13_3929749.jpg?fit=600%2C401&ssl=1&resize=525%2C300 1.5x"},"classes":[]},{"id":21816,"url":"https:\/\/larevistadigital.com.ar\/blog\/reunion-con-representantes-oficialistas-vecinos-muy-enojados-con-la-gestion-municipal-que-ademas-les-dijo-que-llamen-al-147-porque-son-un-estorbo\/","url_meta":{"origin":12296,"position":3},"title":"REUNI\u00d3N CON REPRESENTANTES OFICIALISTAS:  VECINOS MUY ENOJADOS CON LA GESTI\u00d3N MUNICIPAL, QUE ADEM\u00c1S LES DIJO QUE \u00abLLAMEN AL 147 PORQUE SON UN ESTORBO\u00bb","author":"Alejandro Sosa Ruda","date":"2 septiembre, 2021","format":false,"excerpt":"La situaci\u00f3n, deja la pregunta flotando: \u00bf\"Se termin\u00f3 el cr\u00e9dito del oficialismo con los vecinos en Chascom\u00fas\"? CHASCOM\u00daS - Los vecinos del Barrio \"La Liberata\", comenzaron una interesante serie de reuniones con los distintos pre candidatos para las pr\u00f3ximas PASO de septiembre, donde dialogan, escuchan ideas y plantean inquietudes y\u2026","rel":"","context":"En \u00abDESTACADAS\u00bb","block_context":{"text":"DESTACADAS","link":"https:\/\/larevistadigital.com.ar\/blog\/category\/destacadas\/"},"img":{"alt_text":"","src":"https:\/\/i0.wp.com\/larevistadigital.com.ar\/blog\/wp-content\/uploads\/estorbo.jpg?fit=1128%2C671&ssl=1&resize=350%2C200","width":350,"height":200,"srcset":"https:\/\/i0.wp.com\/larevistadigital.com.ar\/blog\/wp-content\/uploads\/estorbo.jpg?fit=1128%2C671&ssl=1&resize=350%2C200 1x, https:\/\/i0.wp.com\/larevistadigital.com.ar\/blog\/wp-content\/uploads\/estorbo.jpg?fit=1128%2C671&ssl=1&resize=525%2C300 1.5x, https:\/\/i0.wp.com\/larevistadigital.com.ar\/blog\/wp-content\/uploads\/estorbo.jpg?fit=1128%2C671&ssl=1&resize=700%2C400 2x, https:\/\/i0.wp.com\/larevistadigital.com.ar\/blog\/wp-content\/uploads\/estorbo.jpg?fit=1128%2C671&ssl=1&resize=1050%2C600 3x"},"classes":[]},{"id":38672,"url":"https:\/\/larevistadigital.com.ar\/blog\/dolores-exigen-que-todos-los-funcionarios-del-gabinete-municipal-esten-libres-de-deuda\/","url_meta":{"origin":12296,"position":4},"title":"Dolores: Exigen que todos los funcionarios del gabinete municipal est\u00e9n libres de deuda","author":"Alejandro Sosa Ruda","date":"13 febrero, 2025","format":false,"excerpt":"Todo se inicia con el pedido de la \"prescripci\u00f3n de deuda\" de la hermana del ex intendente Etchevarren, quien est\u00e1 en mora en m\u00e1s de 2 millones de pesos con el Municipio. 13 de Febrero de 2025 DOLORES -\u00a0 El intendente de Dolores, Juan Pablo Garc\u00eda, firm\u00f3 un decreto que\u2026","rel":"","context":"En \u00abPOLITICA\u00bb","block_context":{"text":"POLITICA","link":"https:\/\/larevistadigital.com.ar\/blog\/category\/politica\/"},"img":{"alt_text":"","src":"https:\/\/i0.wp.com\/larevistadigital.com.ar\/blog\/wp-content\/uploads\/DOLORES-INTENDENTE-GARCIA.jpeg?fit=1140%2C708&ssl=1&resize=350%2C200","width":350,"height":200,"srcset":"https:\/\/i0.wp.com\/larevistadigital.com.ar\/blog\/wp-content\/uploads\/DOLORES-INTENDENTE-GARCIA.jpeg?fit=1140%2C708&ssl=1&resize=350%2C200 1x, https:\/\/i0.wp.com\/larevistadigital.com.ar\/blog\/wp-content\/uploads\/DOLORES-INTENDENTE-GARCIA.jpeg?fit=1140%2C708&ssl=1&resize=525%2C300 1.5x, https:\/\/i0.wp.com\/larevistadigital.com.ar\/blog\/wp-content\/uploads\/DOLORES-INTENDENTE-GARCIA.jpeg?fit=1140%2C708&ssl=1&resize=700%2C400 2x, https:\/\/i0.wp.com\/larevistadigital.com.ar\/blog\/wp-content\/uploads\/DOLORES-INTENDENTE-GARCIA.jpeg?fit=1140%2C708&ssl=1&resize=1050%2C600 3x"},"classes":[]},{"id":17424,"url":"https:\/\/larevistadigital.com.ar\/blog\/lezama-el-viernes-quedara-inaugurada-la-obra-de-pavimentacion-de-calle-rivadavia\/","url_meta":{"origin":12296,"position":5},"title":"LEZAMA: EL VIERNES QUEDAR\u00c1 INAUGURADA LA OBRA DE PAVIMENTACI\u00d3N DE CALLE RIVADAVIA","author":"Alejandro Sosa Ruda","date":"4 noviembre, 2020","format":false,"excerpt":"Se trata de la Cuadra N\u00ba 48 realizada por la gesti\u00f3n municipal en los \u00faltimos cuatro a\u00f1os. Mientras est\u00e1 en ejecuci\u00f3n el pavimento de la calle Pe\u00f1aloza, y se cumplen los plazos de obra en Hern\u00e1ndez y Clara Laborde, el intendente municipal\u00a0Lalo Harispe\u00a0dejar\u00e1 inaugurada este viernes 6 de noviembre la\u2026","rel":"","context":"En \u00abLEZAMA\u00bb","block_context":{"text":"LEZAMA","link":"https:\/\/larevistadigital.com.ar\/blog\/category\/lezama\/"},"img":{"alt_text":"","src":"https:\/\/i0.wp.com\/larevistadigital.com.ar\/blog\/wp-content\/uploads\/123309214_1911684432357582_4498986109427593921_o.jpg?fit=960%2C642&ssl=1&resize=350%2C200","width":350,"height":200,"srcset":"https:\/\/i0.wp.com\/larevistadigital.com.ar\/blog\/wp-content\/uploads\/123309214_1911684432357582_4498986109427593921_o.jpg?fit=960%2C642&ssl=1&resize=350%2C200 1x, https:\/\/i0.wp.com\/larevistadigital.com.ar\/blog\/wp-content\/uploads\/123309214_1911684432357582_4498986109427593921_o.jpg?fit=960%2C642&ssl=1&resize=525%2C300 1.5x, https:\/\/i0.wp.com\/larevistadigital.com.ar\/blog\/wp-content\/uploads\/123309214_1911684432357582_4498986109427593921_o.jpg?fit=960%2C642&ssl=1&resize=700%2C400 2x"},"classes":[]}],"_links":{"self":[{"href":"https:\/\/larevistadigital.com.ar\/blog\/wp-json\/wp\/v2\/posts\/12296","targetHints":{"allow":["GET"]}}],"collection":[{"href":"https:\/\/larevistadigital.com.ar\/blog\/wp-json\/wp\/v2\/posts"}],"about":[{"href":"https:\/\/larevistadigital.com.ar\/blog\/wp-json\/wp\/v2\/types\/post"}],"author":[{"embeddable":true,"href":"https:\/\/larevistadigital.com.ar\/blog\/wp-json\/wp\/v2\/users\/3"}],"replies":[{"embeddable":true,"href":"https:\/\/larevistadigital.com.ar\/blog\/wp-json\/wp\/v2\/comments?post=12296"}],"version-history":[{"count":1,"href":"https:\/\/larevistadigital.com.ar\/blog\/wp-json\/wp\/v2\/posts\/12296\/revisions"}],"predecessor-version":[{"id":12299,"href":"https:\/\/larevistadigital.com.ar\/blog\/wp-json\/wp\/v2\/posts\/12296\/revisions\/12299"}],"wp:featuredmedia":[{"embeddable":true,"href":"https:\/\/larevistadigital.com.ar\/blog\/wp-json\/wp\/v2\/media\/12298"}],"wp:attachment":[{"href":"https:\/\/larevistadigital.com.ar\/blog\/wp-json\/wp\/v2\/media?parent=12296"}],"wp:term":[{"taxonomy":"category","embeddable":true,"href":"https:\/\/larevistadigital.com.ar\/blog\/wp-json\/wp\/v2\/categories?post=12296"},{"taxonomy":"post_tag","embeddable":true,"href":"https:\/\/larevistadigital.com.ar\/blog\/wp-json\/wp\/v2\/tags?post=12296"}],"curies":[{"name":"wp","href":"https:\/\/api.w.org\/{rel}","templated":true}]}}