{"id":12300,"date":"2019-09-26T05:13:15","date_gmt":"2019-09-26T05:13:15","guid":{"rendered":"https:\/\/larevistadigital.com.ar\/blog\/?p=12300"},"modified":"2019-09-26T05:13:15","modified_gmt":"2019-09-26T05:13:15","slug":"castelli-detienen-a-octogenario-por-abuso-y-corrupcion-de-menores","status":"publish","type":"post","link":"https:\/\/larevistadigital.com.ar\/blog\/castelli-detienen-a-octogenario-por-abuso-y-corrupcion-de-menores\/","title":{"rendered":"CASTELLI: DETIENEN A OCTOGENARIO POR ABUSO Y CORRUPCI\u00d3N DE MENORES"},"content":{"rendered":"<p>Un hombre de 83 a\u00f1os fue detenido la ciudad bonaerense de Castelli por efectivos de la comisar\u00eda local por imput\u00e1rsele el delito de Abuso sexual gravemente ultrajante en concurso real con corrupci\u00f3n de menores\u00bb<\/p>\n<p>Voceros policiales detallaron a castellidiario.com.ar que la denuncia hab\u00eda sido radicada hace un mes aproximadamente en sede de la Comisaria de la Mujer y la Familia de Castelli\u00a0donde comenz\u00f3 la etapa investigativa que culmin\u00f3 con la detenci\u00f3n del sujeto.<\/p>\n<p>&nbsp;<\/p>\n","protected":false},"excerpt":{"rendered":"<div class=\"mh-excerpt\"><p>Un hombre de 83 a\u00f1os fue detenido la ciudad bonaerense de Castelli por efectivos de la comisar\u00eda local por imput\u00e1rsele el delito de Abuso sexual gravemente ultrajante en concurso real con corrupci\u00f3n de menores\u00bb Voceros <a class=\"mh-excerpt-more\" href=\"https:\/\/larevistadigital.com.ar\/blog\/castelli-detienen-a-octogenario-por-abuso-y-corrupcion-de-menores\/\" title=\"CASTELLI: DETIENEN A OCTOGENARIO POR ABUSO Y CORRUPCI\u00d3N DE MENORES\">[Leer M\u00e1s]<\/a><\/p>\n<\/div>","protected":false},"author":3,"featured_media":10309,"comment_status":"open","ping_status":"open","sticky":false,"template":"","format":"standard","meta":{"_jetpack_memberships_contains_paid_content":false,"footnotes":"","jetpack_publicize_message":"","jetpack_publicize_feature_enabled":true,"jetpack_social_post_already_shared":true,"jetpack_social_options":{"image_generator_settings":{"template":"highway","default_image_id":0,"font":"","enabled":false},"version":2}},"categories":[4,51],"tags":[],"class_list":{"0":"post-12300","1":"post","2":"type-post","3":"status-publish","4":"format-standard","5":"has-post-thumbnail","7":"category-castelli","8":"category-regionales"},"jetpack_publicize_connections":[],"jetpack_featured_media_url":"https:\/\/i0.wp.com\/larevistadigital.com.ar\/blog\/wp-content\/uploads\/2019\/05\/esposado.jpg?fit=1280%2C798&ssl=1","jetpack_sharing_enabled":true,"jetpack_shortlink":"https:\/\/wp.me\/p8qtrQ-3co","jetpack-related-posts":[{"id":8560,"url":"https:\/\/larevistadigital.com.ar\/blog\/castelli-denuncian-abuso-sexual-a-menor\/","url_meta":{"origin":12300,"position":0},"title":"CASTELLI: DENUNCIAN ABUSO SEXUAL A MENOR","author":"Alejandro Sosa Ruda","date":"18 febrero, 2019","format":false,"excerpt":"Una mujer denunci\u00f3 abuso sexual de una menor de edad, confirm\u00f3 una fuente policial a castellidiario El hecho ocurri\u00f3 el jueves de la semana pasada cuando una ni\u00f1a recibi\u00f3 tocamientos por parte de la pareja de su madre luego de haber quedado a solas con el hombre, confiaron a este\u2026","rel":"","context":"En \u00abCASTELLI\u00bb","block_context":{"text":"CASTELLI","link":"https:\/\/larevistadigital.com.ar\/blog\/category\/castelli\/"},"img":{"alt_text":"","src":"https:\/\/i0.wp.com\/larevistadigital.com.ar\/blog\/wp-content\/uploads\/2019\/02\/5a16c73a587a3.jpeg?fit=1200%2C689&ssl=1&resize=350%2C200","width":350,"height":200,"srcset":"https:\/\/i0.wp.com\/larevistadigital.com.ar\/blog\/wp-content\/uploads\/2019\/02\/5a16c73a587a3.jpeg?fit=1200%2C689&ssl=1&resize=350%2C200 1x, https:\/\/i0.wp.com\/larevistadigital.com.ar\/blog\/wp-content\/uploads\/2019\/02\/5a16c73a587a3.jpeg?fit=1200%2C689&ssl=1&resize=525%2C300 1.5x, https:\/\/i0.wp.com\/larevistadigital.com.ar\/blog\/wp-content\/uploads\/2019\/02\/5a16c73a587a3.jpeg?fit=1200%2C689&ssl=1&resize=700%2C400 2x, https:\/\/i0.wp.com\/larevistadigital.com.ar\/blog\/wp-content\/uploads\/2019\/02\/5a16c73a587a3.jpeg?fit=1200%2C689&ssl=1&resize=1050%2C600 3x"},"classes":[]},{"id":6615,"url":"https:\/\/larevistadigital.com.ar\/blog\/castelli-detienen-a-joven-por-abuso-sexual-a-una-menor\/","url_meta":{"origin":12300,"position":1},"title":"CASTELLI: DETIENEN A JOVEN POR ABUSO SEXUAL A UNA MENOR","author":"Alejandro Sosa Ruda","date":"23 septiembre, 2018","format":false,"excerpt":"La polic\u00eda aprehendi\u00f3 en la ma\u00f1ana del domingo a un joven se\u00f1alado por ser el autor material de un abuso sexual a una menor en la ciudad de Castelli. Seg\u00fan reportaron a castellidiario el hecho se produjo en la madrugada de este s\u00e1bado, en el predio de un club donde\u2026","rel":"","context":"En \u00abCASTELLI\u00bb","block_context":{"text":"CASTELLI","link":"https:\/\/larevistadigital.com.ar\/blog\/category\/castelli\/"},"img":{"alt_text":"","src":"https:\/\/i0.wp.com\/larevistadigital.com.ar\/blog\/wp-content\/uploads\/2018\/09\/fiscalia-1.jpg?fit=800%2C395&ssl=1&resize=350%2C200","width":350,"height":200,"srcset":"https:\/\/i0.wp.com\/larevistadigital.com.ar\/blog\/wp-content\/uploads\/2018\/09\/fiscalia-1.jpg?fit=800%2C395&ssl=1&resize=350%2C200 1x, https:\/\/i0.wp.com\/larevistadigital.com.ar\/blog\/wp-content\/uploads\/2018\/09\/fiscalia-1.jpg?fit=800%2C395&ssl=1&resize=525%2C300 1.5x, https:\/\/i0.wp.com\/larevistadigital.com.ar\/blog\/wp-content\/uploads\/2018\/09\/fiscalia-1.jpg?fit=800%2C395&ssl=1&resize=700%2C400 2x"},"classes":[]},{"id":3687,"url":"https:\/\/larevistadigital.com.ar\/blog\/castelli-detuvieron-dos-personas-trata-menores\/","url_meta":{"origin":12300,"position":2},"title":"CASTELLI: DETUVIERON A DOS PERSONAS POR TRATA DE MENORES","author":"Alejandro Sosa Ruda","date":"3 noviembre, 2017","format":false,"excerpt":"La justicia determin\u00f3 que dos personas, una mujer y un hombre, ambos mayores de edad fueran detenidos por \u201ctrata de menores\u201d confi\u00f3 una fuente judicial de Dolores a Castellidiario. \u201cSon dos vecinos de Castelli los detenidos quienes, por los elementos recabados, est\u00e1n imputados del delito de trata de una menor\u2026","rel":"","context":"En \u00abCASTELLI\u00bb","block_context":{"text":"CASTELLI","link":"https:\/\/larevistadigital.com.ar\/blog\/category\/castelli\/"},"img":{"alt_text":"","src":"","width":0,"height":0},"classes":[]},{"id":13532,"url":"https:\/\/larevistadigital.com.ar\/blog\/atraparon-en-castelli-a-los-estafadores-buscados-en-la-zona\/","url_meta":{"origin":12300,"position":3},"title":"ATRAPARON EN CASTELLI A LOS ESTAFADORES BUSCADOS EN LA ZONA","author":"Alejandro Sosa Ruda","date":"7 diciembre, 2019","format":false,"excerpt":"En una operaci\u00f3n realizada por la autoridad policial, se pudo dar con los delincuentes que estafaron varios comercios de la zona, en Chascom\u00fas, Lezama, y se los ubic\u00f3 en Castelli, cuando estaban realizando una compra por valor de $11.000.- en un comercio c\u00e9ntrico, mientras que el otro integrante de este\u2026","rel":"","context":"En \u00abPOLICIALES\u00bb","block_context":{"text":"POLICIALES","link":"https:\/\/larevistadigital.com.ar\/blog\/category\/policiales\/"},"img":{"alt_text":"","src":"https:\/\/i0.wp.com\/larevistadigital.com.ar\/blog\/wp-content\/uploads\/WhatsApp-Image-2019-12-06-at-20.05.25.jpeg?fit=675%2C1200&ssl=1&resize=350%2C200","width":350,"height":200,"srcset":"https:\/\/i0.wp.com\/larevistadigital.com.ar\/blog\/wp-content\/uploads\/WhatsApp-Image-2019-12-06-at-20.05.25.jpeg?fit=675%2C1200&ssl=1&resize=350%2C200 1x, https:\/\/i0.wp.com\/larevistadigital.com.ar\/blog\/wp-content\/uploads\/WhatsApp-Image-2019-12-06-at-20.05.25.jpeg?fit=675%2C1200&ssl=1&resize=525%2C300 1.5x"},"classes":[]},{"id":10112,"url":"https:\/\/larevistadigital.com.ar\/blog\/castelli-en-las-redes-hablan-de-una-camioneta-que-persigue-mujeres\/","url_meta":{"origin":12300,"position":4},"title":"CASTELLI: EN LAS REDES HABLAN DE UNA CAMIONETA QUE PERSIGUE MUJERES","author":"Alejandro Sosa Ruda","date":"10 mayo, 2019","format":false,"excerpt":"Pese a las publicaciones que han aparecido en la red social Facebook acerca de un individuo que a bordo de una camioneta Traffic blanca, persigue y acosa a mujeres, aseguran que no existen denuncias al respecto. As\u00ed lo informaron desde la Comisaria local y ayudant\u00eda Fiscal. El titular de la\u2026","rel":"","context":"En \u00abCASTELLI\u00bb","block_context":{"text":"CASTELLI","link":"https:\/\/larevistadigital.com.ar\/blog\/category\/castelli\/"},"img":{"alt_text":"","src":"https:\/\/i0.wp.com\/larevistadigital.com.ar\/blog\/wp-content\/uploads\/2019\/05\/comisaria.jpg?fit=639%2C428&ssl=1&resize=350%2C200","width":350,"height":200,"srcset":"https:\/\/i0.wp.com\/larevistadigital.com.ar\/blog\/wp-content\/uploads\/2019\/05\/comisaria.jpg?fit=639%2C428&ssl=1&resize=350%2C200 1x, https:\/\/i0.wp.com\/larevistadigital.com.ar\/blog\/wp-content\/uploads\/2019\/05\/comisaria.jpg?fit=639%2C428&ssl=1&resize=525%2C300 1.5x"},"classes":[]},{"id":5832,"url":"https:\/\/larevistadigital.com.ar\/blog\/el-sub-comisario-diaz-asumio-al-frente-de-la-comisaria-de-la-mujer-y-la-familia\/","url_meta":{"origin":12300,"position":5},"title":"El Sub Comisario D\u00edaz asumi\u00f3 al frente de la Comisaria de la Mujer y la Familia","author":"admin","date":"22 junio, 2018","format":false,"excerpt":"El traspaso de mando se realiz\u00f3 en la ma\u00f1ana de este viernes. El Sub Comisario Juan Diaz reemplaz\u00f3 a Ines Telleria al frente de la Comisar\u00eda local de la Mujer y la Familia. Diaz, llega al cargo luego de su paso a como segunda autoridad en la Escuela de formaci\u00f3n\u2026","rel":"","context":"En \u00abCASTELLI\u00bb","block_context":{"text":"CASTELLI","link":"https:\/\/larevistadigital.com.ar\/blog\/category\/castelli\/"},"img":{"alt_text":"","src":"https:\/\/i0.wp.com\/larevistadigital.com.ar\/blog\/wp-content\/uploads\/2018\/06\/2-1-700x394.jpg?fit=700%2C394&ssl=1&resize=350%2C200","width":350,"height":200,"srcset":"https:\/\/i0.wp.com\/larevistadigital.com.ar\/blog\/wp-content\/uploads\/2018\/06\/2-1-700x394.jpg?fit=700%2C394&ssl=1&resize=350%2C200 1x, https:\/\/i0.wp.com\/larevistadigital.com.ar\/blog\/wp-content\/uploads\/2018\/06\/2-1-700x394.jpg?fit=700%2C394&ssl=1&resize=525%2C300 1.5x, https:\/\/i0.wp.com\/larevistadigital.com.ar\/blog\/wp-content\/uploads\/2018\/06\/2-1-700x394.jpg?fit=700%2C394&ssl=1&resize=700%2C400 2x"},"classes":[]}],"_links":{"self":[{"href":"https:\/\/larevistadigital.com.ar\/blog\/wp-json\/wp\/v2\/posts\/12300","targetHints":{"allow":["GET"]}}],"collection":[{"href":"https:\/\/larevistadigital.com.ar\/blog\/wp-json\/wp\/v2\/posts"}],"about":[{"href":"https:\/\/larevistadigital.com.ar\/blog\/wp-json\/wp\/v2\/types\/post"}],"author":[{"embeddable":true,"href":"https:\/\/larevistadigital.com.ar\/blog\/wp-json\/wp\/v2\/users\/3"}],"replies":[{"embeddable":true,"href":"https:\/\/larevistadigital.com.ar\/blog\/wp-json\/wp\/v2\/comments?post=12300"}],"version-history":[{"count":1,"href":"https:\/\/larevistadigital.com.ar\/blog\/wp-json\/wp\/v2\/posts\/12300\/revisions"}],"predecessor-version":[{"id":12301,"href":"https:\/\/larevistadigital.com.ar\/blog\/wp-json\/wp\/v2\/posts\/12300\/revisions\/12301"}],"wp:featuredmedia":[{"embeddable":true,"href":"https:\/\/larevistadigital.com.ar\/blog\/wp-json\/wp\/v2\/media\/10309"}],"wp:attachment":[{"href":"https:\/\/larevistadigital.com.ar\/blog\/wp-json\/wp\/v2\/media?parent=12300"}],"wp:term":[{"taxonomy":"category","embeddable":true,"href":"https:\/\/larevistadigital.com.ar\/blog\/wp-json\/wp\/v2\/categories?post=12300"},{"taxonomy":"post_tag","embeddable":true,"href":"https:\/\/larevistadigital.com.ar\/blog\/wp-json\/wp\/v2\/tags?post=12300"}],"curies":[{"name":"wp","href":"https:\/\/api.w.org\/{rel}","templated":true}]}}