{"id":12302,"date":"2019-09-26T05:21:39","date_gmt":"2019-09-26T05:21:39","guid":{"rendered":"https:\/\/larevistadigital.com.ar\/blog\/?p=12302"},"modified":"2019-09-26T05:21:39","modified_gmt":"2019-09-26T05:21:39","slug":"encuentran-a-profesora-de-ingles-ahorcada-junto-a-su-hijito-de-14-anos","status":"publish","type":"post","link":"https:\/\/larevistadigital.com.ar\/blog\/encuentran-a-profesora-de-ingles-ahorcada-junto-a-su-hijito-de-14-anos\/","title":{"rendered":"ENCUENTRAN A PROFESORA DE INGL\u00c9S AHORCADA JUNTO A SU HIJITO DE 14 A\u00d1OS"},"content":{"rendered":"<h2><em>La polic\u00eda ahora investiga si la mujer pudo haber matado primero al menor, para luego quitarse la vida.<\/em><\/h2>\n<p>Una profesora de ingl\u00e9s y su hijo de 14 a\u00f1os fueron encontrados ahorcados este mi\u00e9rcoles a la tarde en su casa\u00a0de la zona sur de Santiago del Estero, y\u00a0los investigadores sospechan que la mujer de 39 a\u00f1os pudo haber matado primero al adolescente, y que luego se quit\u00f3 la vida.<\/p>\n<p>Los cuerpos fueron encontrados ayer cerca de las 19.30 mientras colgaban\u00a0en el techo de una galer\u00eda del fondo de la vivienda, ubicada en el barrio\u00a0Juan D\u00edaz de Sol\u00eds. La informaci\u00f3n fue confirmada por una mujer que es familiar de los fallecidos, quien al encontrarse con la situaci\u00f3n dio aviso a la polic\u00eda para pedir ayuda.<\/p>\n<blockquote>\n<h3>La profesora de ingl\u00e9s fue identificada como\u00a0<b>Reina Rivero<\/b>, y su cuerpo apareci\u00f3 colgado al lado del de su hijo, un chico de 14 a\u00f1os que padec\u00eda de autismo.<\/h3>\n<\/blockquote>\n<p>En el lugar trabajaron peritos de la Polic\u00eda Cient\u00edfica, quienes trasladaron los cad\u00e1veres a la morgue.\u00a0Aunque hasta el momento los resultados de las pericias no se conocen, los investigadores sospechan que la profesora habr\u00eda matado a su hijo y que luego se quit\u00f3 la vida.<\/p>\n<p>Como primera medida, el fiscal a cargo de la causa,\u00a0<b>Angel Belluomin<\/b>i, orden\u00f3 secuestrar\u00a0las prendas de vestir, las cuerdas que hab\u00eda en la habitaci\u00f3n, y otros\u00a0elementos importantes para\u00a0la investigaci\u00f3n. Adem\u00e1s, se pidi\u00f3 buscar alguna carta o indicio que alguno de los fallecidos pudo haber dejado antes de colgarse, pero hasta el momento no se hall\u00f3 nada.<\/p>\n<blockquote>\n<h3>Aunque todav\u00eda investiga c\u00f3mo ocurrieron las cosas,\u00a0vecinos de Rivero indicaron que la mujer fallecida no pasaba por un buen momento,\u00a0ya que padec\u00eda problemas psicol\u00f3gicos. Adem\u00e1s,\u00a0allegados a la profesora contaron que tiempo atr\u00e1s la Justicia le quit\u00f3 la tenencia de su hijo luego de haber estado internada en el Hospital de Salud Mental\u00a0Diego Alcorta, aunque desde hac\u00eda un mes nuevamente viv\u00edan juntos.<\/h3>\n<\/blockquote>\n<p><strong><em>\u00abNo entiendo c\u00f3mo la Justicia le dio de nuevo al hijo sabiendo lo mal que estaba la mujer.\u00a0No se la ve\u00eda bien. Ten\u00eda la mirada perdida\u201d,<\/em><\/strong> relat\u00f3 un vecino\u00a0al canal local<em>\u00a0Noticiero 7<\/em>.<\/p>\n<p>A pesar de eso, hasta el momento\u00a0no se descarta\u00a0la hip\u00f3tesis de que se haya tratado de un doble homicidio, pese a que los investigadores a\u00fan no tienen a ning\u00fan sospechoso en la mira.<\/p>\n","protected":false},"excerpt":{"rendered":"<div class=\"mh-excerpt\"><p>La polic\u00eda ahora investiga si la mujer pudo haber matado primero al menor, para luego quitarse la vida. Una profesora de ingl\u00e9s y su hijo de 14 a\u00f1os fueron encontrados ahorcados este mi\u00e9rcoles a la <a class=\"mh-excerpt-more\" href=\"https:\/\/larevistadigital.com.ar\/blog\/encuentran-a-profesora-de-ingles-ahorcada-junto-a-su-hijito-de-14-anos\/\" title=\"ENCUENTRAN A PROFESORA DE INGL\u00c9S AHORCADA JUNTO A SU HIJITO DE 14 A\u00d1OS\">[Leer M\u00e1s]<\/a><\/p>\n<\/div>","protected":false},"author":3,"featured_media":12303,"comment_status":"open","ping_status":"open","sticky":false,"template":"","format":"standard","meta":{"_jetpack_memberships_contains_paid_content":false,"footnotes":"","jetpack_publicize_message":"","jetpack_publicize_feature_enabled":true,"jetpack_social_post_already_shared":true,"jetpack_social_options":{"image_generator_settings":{"template":"highway","default_image_id":0,"font":"","enabled":false},"version":2}},"categories":[50,44],"tags":[],"class_list":{"0":"post-12302","1":"post","2":"type-post","3":"status-publish","4":"format-standard","5":"has-post-thumbnail","7":"category-interes-general","8":"category-policiales"},"jetpack_publicize_connections":[],"jetpack_featured_media_url":"https:\/\/i0.wp.com\/larevistadigital.com.ar\/blog\/wp-content\/uploads\/vivienda.jpg?fit=1040%2C780&ssl=1","jetpack_sharing_enabled":true,"jetpack_shortlink":"https:\/\/wp.me\/p8qtrQ-3cq","jetpack-related-posts":[{"id":15015,"url":"https:\/\/larevistadigital.com.ar\/blog\/terrible-encuentran-enterrados-los-cuerpos-de-una-mujer-y-su-hijita-que-estaban-desaparecidas\/","url_meta":{"origin":12302,"position":0},"title":"\u00a1TERRIBLE! ENCUENTRAN ENTERRADOS LOS CUERPOS DE UNA MUJER Y SU HIJITA QUE ESTABAN DESAPARECIDAS","author":"Alejandro Sosa Ruda","date":"30 marzo, 2020","format":false,"excerpt":"Cristina Iglesias y su hija Ada estaban siendo buscadas desde el jueves. Los restos se hallaron en el fondo del domicilio en el que ambas viv\u00edan. El novio de la mujer fue detenido como principal sospechoso. Los cuerpos de\u00a0Cristina Iglesias\u00a0(40) y su hija Ada de 7 a\u00f1os, quienes estaba desaparecidas\u2026","rel":"","context":"En \u00abINTERES GENERAL\u00bb","block_context":{"text":"INTERES GENERAL","link":"https:\/\/larevistadigital.com.ar\/blog\/category\/interes-general\/"},"img":{"alt_text":"","src":"https:\/\/i0.wp.com\/larevistadigital.com.ar\/blog\/wp-content\/uploads\/Screenshot_1-108.jpg?fit=1200%2C589&ssl=1&resize=350%2C200","width":350,"height":200,"srcset":"https:\/\/i0.wp.com\/larevistadigital.com.ar\/blog\/wp-content\/uploads\/Screenshot_1-108.jpg?fit=1200%2C589&ssl=1&resize=350%2C200 1x, https:\/\/i0.wp.com\/larevistadigital.com.ar\/blog\/wp-content\/uploads\/Screenshot_1-108.jpg?fit=1200%2C589&ssl=1&resize=525%2C300 1.5x, https:\/\/i0.wp.com\/larevistadigital.com.ar\/blog\/wp-content\/uploads\/Screenshot_1-108.jpg?fit=1200%2C589&ssl=1&resize=700%2C400 2x, https:\/\/i0.wp.com\/larevistadigital.com.ar\/blog\/wp-content\/uploads\/Screenshot_1-108.jpg?fit=1200%2C589&ssl=1&resize=1050%2C600 3x"},"classes":[]},{"id":44194,"url":"https:\/\/larevistadigital.com.ar\/blog\/conmocion-hallan-muerta-a-una-familia-la-policia-sospecha-algo-terrible\/","url_meta":{"origin":12302,"position":1},"title":"Conmoci\u00f3n: Hallan muerta a una familia, La polic\u00eda sospecha algo terrible","author":"Alejandro Sosa Ruda","date":"27 febrero, 2026","format":false,"excerpt":"Un hombre, su pareja y el hijo de ambos, de 13 a\u00f1os, fueron encontrados sin vida en una vivienda de calle Carhu\u00e9 al 5400. La principal hip\u00f3tesis es un doble homicidio seguido de suicidio. 27 de febrero de 2026 CASEROS -\u00a0 \u00a0Un hombre, una mujer y su hijo de 13\u2026","rel":"","context":"En \u00abPOLICIALES\u00bb","block_context":{"text":"POLICIALES","link":"https:\/\/larevistadigital.com.ar\/blog\/category\/policiales\/"},"img":{"alt_text":"","src":"https:\/\/i0.wp.com\/larevistadigital.com.ar\/blog\/wp-content\/uploads\/Captura-de-pantalla-2026-02-27-205234.jpg?fit=805%2C419&ssl=1&resize=350%2C200","width":350,"height":200,"srcset":"https:\/\/i0.wp.com\/larevistadigital.com.ar\/blog\/wp-content\/uploads\/Captura-de-pantalla-2026-02-27-205234.jpg?fit=805%2C419&ssl=1&resize=350%2C200 1x, https:\/\/i0.wp.com\/larevistadigital.com.ar\/blog\/wp-content\/uploads\/Captura-de-pantalla-2026-02-27-205234.jpg?fit=805%2C419&ssl=1&resize=525%2C300 1.5x, https:\/\/i0.wp.com\/larevistadigital.com.ar\/blog\/wp-content\/uploads\/Captura-de-pantalla-2026-02-27-205234.jpg?fit=805%2C419&ssl=1&resize=700%2C400 2x"},"classes":[]},{"id":18370,"url":"https:\/\/larevistadigital.com.ar\/blog\/benito-juarez-muere-docente-atacada-por-jauria-de-perros\/","url_meta":{"origin":12302,"position":2},"title":"BENITO JUAREZ: MUERE DOCENTE ATACADA POR JAUR\u00cdA DE PERROS","author":"Alejandro Sosa Ruda","date":"28 diciembre, 2020","format":false,"excerpt":"La mujer de 58 a\u00f1os falleci\u00f3 como consecuencia de las heridas provocadas por los animales e intentan encontrar a los due\u00f1os. Una mujer muri\u00f3 tras ser atacada por una jaur\u00eda de perros en la localidad de\u00a0Benito Ju\u00e1rez, al sur de la provincia de Buenos Aires. La v\u00edctima, identificada como Sara\u2026","rel":"","context":"En \u00abINTERES GENERAL\u00bb","block_context":{"text":"INTERES GENERAL","link":"https:\/\/larevistadigital.com.ar\/blog\/category\/interes-general\/"},"img":{"alt_text":"","src":"https:\/\/i0.wp.com\/larevistadigital.com.ar\/blog\/wp-content\/uploads\/conmocion-benito-juarez-foto-lavozdetandil.jpg?fit=1140%2C640&ssl=1&resize=350%2C200","width":350,"height":200,"srcset":"https:\/\/i0.wp.com\/larevistadigital.com.ar\/blog\/wp-content\/uploads\/conmocion-benito-juarez-foto-lavozdetandil.jpg?fit=1140%2C640&ssl=1&resize=350%2C200 1x, https:\/\/i0.wp.com\/larevistadigital.com.ar\/blog\/wp-content\/uploads\/conmocion-benito-juarez-foto-lavozdetandil.jpg?fit=1140%2C640&ssl=1&resize=525%2C300 1.5x, https:\/\/i0.wp.com\/larevistadigital.com.ar\/blog\/wp-content\/uploads\/conmocion-benito-juarez-foto-lavozdetandil.jpg?fit=1140%2C640&ssl=1&resize=700%2C400 2x, https:\/\/i0.wp.com\/larevistadigital.com.ar\/blog\/wp-content\/uploads\/conmocion-benito-juarez-foto-lavozdetandil.jpg?fit=1140%2C640&ssl=1&resize=1050%2C600 3x"},"classes":[]},{"id":30740,"url":"https:\/\/larevistadigital.com.ar\/blog\/merlo-discutio-con-su-pareja-mato-al-hijo-de-ambos-y-se-ahorco\/","url_meta":{"origin":12302,"position":3},"title":"MERLO: DISCUTI\u00d3 CON SU PAREJA, MAT\u00d3 AL HIJO DE AMBOS Y SE AHORC\u00d3","author":"Alejandro Sosa Ruda","date":"28 marzo, 2023","format":false,"excerpt":"<img src=\"data:;base64,\" alt=\"\" aria-hidden=\"true\" \/> El hombre asesin\u00f3 a su hijo de dos balazos y se quit\u00f3 la vida. Su esposa denunci\u00f3 que sufr\u00eda violencia de g\u00e9nero. Los cad\u00e1veres fueron encontrados por la mujer en un departamento que ten\u00edan vac\u00edo para alquilar. 28 de marzo de 2023 MERLO -\u00a0 Un\u2026","rel":"","context":"En \u00abINTERES GENERAL\u00bb","block_context":{"text":"INTERES GENERAL","link":"https:\/\/larevistadigital.com.ar\/blog\/category\/interes-general\/"},"img":{"alt_text":"","src":"https:\/\/i0.wp.com\/larevistadigital.com.ar\/blog\/wp-content\/uploads\/20230327182458_patrullero2-1.jpg?fit=880%2C512&ssl=1&resize=350%2C200","width":350,"height":200,"srcset":"https:\/\/i0.wp.com\/larevistadigital.com.ar\/blog\/wp-content\/uploads\/20230327182458_patrullero2-1.jpg?fit=880%2C512&ssl=1&resize=350%2C200 1x, https:\/\/i0.wp.com\/larevistadigital.com.ar\/blog\/wp-content\/uploads\/20230327182458_patrullero2-1.jpg?fit=880%2C512&ssl=1&resize=525%2C300 1.5x, https:\/\/i0.wp.com\/larevistadigital.com.ar\/blog\/wp-content\/uploads\/20230327182458_patrullero2-1.jpg?fit=880%2C512&ssl=1&resize=700%2C400 2x"},"classes":[]},{"id":22037,"url":"https:\/\/larevistadigital.com.ar\/blog\/horror-confirman-que-un-bebe-de-18-meses-murio-por-golpes-con-un-palo\/","url_meta":{"origin":12302,"position":4},"title":"HORROR: CONFIRMAN QUE UN BEB\u00c9 DE 18 MESES MURI\u00d3 POR GOLPES CON UN PALO","author":"Alejandro Sosa Ruda","date":"18 septiembre, 2021","format":false,"excerpt":"El detenido tiene 24 a\u00f1os, qued\u00f3 imputado por \"homicidio\" y fue trasladado a la Unidad Penal 44 de Bat\u00e1n. Intent\u00f3 hacer pasar la gravedad del estado del beb\u00e9 por un simple atragantamiento. MAR DEL PLATA - Un hombre de 24 a\u00f1os fue detenido ayer acusado de haber matado a golpes\u2026","rel":"","context":"En \u00abPOLICIALES\u00bb","block_context":{"text":"POLICIALES","link":"https:\/\/larevistadigital.com.ar\/blog\/category\/policiales\/"},"img":{"alt_text":"","src":"https:\/\/i0.wp.com\/larevistadigital.com.ar\/blog\/wp-content\/uploads\/Captura-de-pantalla-2021-09-18-201804.jpg?fit=1007%2C668&ssl=1&resize=350%2C200","width":350,"height":200,"srcset":"https:\/\/i0.wp.com\/larevistadigital.com.ar\/blog\/wp-content\/uploads\/Captura-de-pantalla-2021-09-18-201804.jpg?fit=1007%2C668&ssl=1&resize=350%2C200 1x, https:\/\/i0.wp.com\/larevistadigital.com.ar\/blog\/wp-content\/uploads\/Captura-de-pantalla-2021-09-18-201804.jpg?fit=1007%2C668&ssl=1&resize=525%2C300 1.5x, https:\/\/i0.wp.com\/larevistadigital.com.ar\/blog\/wp-content\/uploads\/Captura-de-pantalla-2021-09-18-201804.jpg?fit=1007%2C668&ssl=1&resize=700%2C400 2x"},"classes":[]},{"id":12399,"url":"https:\/\/larevistadigital.com.ar\/blog\/horror-en-tucuman-intento-tirar-a-su-hijita-de-un-puente\/","url_meta":{"origin":12302,"position":5},"title":"HORROR EN TUCUM\u00c1N: INTENT\u00d3 TIRAR A SU HIJITA DE UN PUENTE","author":"Alejandro Sosa Ruda","date":"1 octubre, 2019","format":false,"excerpt":"Providencialmente, la polic\u00eda pasaba por ah\u00ed en ese mismo momento. Ella est\u00e1 detenida.\u00a0 La polic\u00eda detuvo a una mujer que amenazaba con tirar a su hija desde un puente, en la provincia de Tucum\u00e1n, Graciela Del Valle Delgado, de 39 a\u00f1os, que reside en el Barrio San Ram\u00f3n, fue sorprendida\u2026","rel":"","context":"En \u00abINTERES GENERAL\u00bb","block_context":{"text":"INTERES GENERAL","link":"https:\/\/larevistadigital.com.ar\/blog\/category\/interes-general\/"},"img":{"alt_text":"","src":"https:\/\/i0.wp.com\/larevistadigital.com.ar\/blog\/wp-content\/uploads\/descarga-2.jpg?fit=1200%2C675&ssl=1&resize=350%2C200","width":350,"height":200,"srcset":"https:\/\/i0.wp.com\/larevistadigital.com.ar\/blog\/wp-content\/uploads\/descarga-2.jpg?fit=1200%2C675&ssl=1&resize=350%2C200 1x, https:\/\/i0.wp.com\/larevistadigital.com.ar\/blog\/wp-content\/uploads\/descarga-2.jpg?fit=1200%2C675&ssl=1&resize=525%2C300 1.5x, https:\/\/i0.wp.com\/larevistadigital.com.ar\/blog\/wp-content\/uploads\/descarga-2.jpg?fit=1200%2C675&ssl=1&resize=700%2C400 2x, https:\/\/i0.wp.com\/larevistadigital.com.ar\/blog\/wp-content\/uploads\/descarga-2.jpg?fit=1200%2C675&ssl=1&resize=1050%2C600 3x"},"classes":[]}],"_links":{"self":[{"href":"https:\/\/larevistadigital.com.ar\/blog\/wp-json\/wp\/v2\/posts\/12302","targetHints":{"allow":["GET"]}}],"collection":[{"href":"https:\/\/larevistadigital.com.ar\/blog\/wp-json\/wp\/v2\/posts"}],"about":[{"href":"https:\/\/larevistadigital.com.ar\/blog\/wp-json\/wp\/v2\/types\/post"}],"author":[{"embeddable":true,"href":"https:\/\/larevistadigital.com.ar\/blog\/wp-json\/wp\/v2\/users\/3"}],"replies":[{"embeddable":true,"href":"https:\/\/larevistadigital.com.ar\/blog\/wp-json\/wp\/v2\/comments?post=12302"}],"version-history":[{"count":1,"href":"https:\/\/larevistadigital.com.ar\/blog\/wp-json\/wp\/v2\/posts\/12302\/revisions"}],"predecessor-version":[{"id":12304,"href":"https:\/\/larevistadigital.com.ar\/blog\/wp-json\/wp\/v2\/posts\/12302\/revisions\/12304"}],"wp:featuredmedia":[{"embeddable":true,"href":"https:\/\/larevistadigital.com.ar\/blog\/wp-json\/wp\/v2\/media\/12303"}],"wp:attachment":[{"href":"https:\/\/larevistadigital.com.ar\/blog\/wp-json\/wp\/v2\/media?parent=12302"}],"wp:term":[{"taxonomy":"category","embeddable":true,"href":"https:\/\/larevistadigital.com.ar\/blog\/wp-json\/wp\/v2\/categories?post=12302"},{"taxonomy":"post_tag","embeddable":true,"href":"https:\/\/larevistadigital.com.ar\/blog\/wp-json\/wp\/v2\/tags?post=12302"}],"curies":[{"name":"wp","href":"https:\/\/api.w.org\/{rel}","templated":true}]}}