{"id":12474,"date":"2019-10-06T14:43:25","date_gmt":"2019-10-06T14:43:25","guid":{"rendered":"https:\/\/larevistadigital.com.ar\/blog\/?p=12474"},"modified":"2019-10-06T15:17:41","modified_gmt":"2019-10-06T15:17:41","slug":"federico-pinedo-visito-chascomus-y-mantuvo-un-encuentro-con-santiago-dos-santos","status":"publish","type":"post","link":"https:\/\/larevistadigital.com.ar\/blog\/federico-pinedo-visito-chascomus-y-mantuvo-un-encuentro-con-santiago-dos-santos\/","title":{"rendered":"FEDERICO PINEDO VISIT\u00d3 CHASCOM\u00daS Y MANTUVO UN ENCUENTRO CON SANTIAGO DOS SANTOS"},"content":{"rendered":"<p>El pasado viernes visit\u00f3 Chascom\u00fas el Senador Nacional de Juntos por el Cambio <strong>Federico Pinedo<\/strong>, quien mantuvo un encuentro con el candidato a Intendente, <strong>Santiago Dos Santos<\/strong>, y con otros candidatos de la lista de concejales que encabeza <strong>Alejandro Bartoletti<\/strong> y de consejeros escolares que propone a<strong> Luc\u00eda Tejo<\/strong> en primer lugar.<\/p>\n<blockquote>\n<h3>Una vez en nuestra ciudad el legislador nacional visit\u00f3 la f\u00e1brica FADECYA y posteriormente dialog\u00f3 con distintos medios locales. Finalmente, cerr\u00f3 su estad\u00eda en Chascom\u00fas junto a <strong>Dos Santos<\/strong>, en una reuni\u00f3n que mantuvo con candidatos, concejales, consejeros escolares, dirigentes, militantes y adherentes, tomando contacto con los vecinos en Clas Eventos.<\/h3>\n<\/blockquote>\n<p>En este marco y tal como lo hab\u00eda hecho con los medios expres\u00f3 que <strong><em>\u201clos argentinos necesitamos que haya segunda vuelta. Si eso ocurre decidir\u00e1n una cosa u otra, pero eso es posible\u00bb.<\/em><\/strong><\/p>\n<p>Destac\u00f3 al respecto que <strong><em>\u201ces dif\u00edcil pero objetivamente posible, porque ya se demostr\u00f3 en Mendoza que en los comicios reales voto mucha gente que no lo hizo en las PASO, alcanz\u00e1ndose el 83% en la elecci\u00f3n de verdad y eso favoreci\u00f3 a Cambiemos.<\/em><\/strong><\/p>\n<p>Explic\u00f3 seguidamente que <strong><em>\u201cno es imposible que se reduzca el caudal de votos de Alberto Fern\u00e1ndez por debajo de la vara del 45% y es posible que aumente el de Juntos por el Cambio llegando a un ballotage\u201d<\/em><\/strong>.<\/p>\n<blockquote>\n<h3>Agreg\u00f3\u00a0 que <strong><em>\u201ctambi\u00e9n puede pasar que fiscalicemos mejor esta elecci\u00f3n que la otra, porque cuando no hay nada en competencia se fiscaliza peor. Y entonces tambi\u00e9n puede ser que haya una mejora por ah\u00ed\u201d<\/em><\/strong>. Manifest\u00f3 por otra parte, pero en el mismo sentido que<\/h3>\n<\/blockquote>\n<p>Sobre la situaci\u00f3n econ\u00f3mica reconoci\u00f3 que <strong><em>\u201cnos pas\u00f3 un tren por encima el a\u00f1o pasado, cuando a la Argentina se le cort\u00f3 el cr\u00e9dito en abril, de un d\u00eda para el otro\u201d<\/em><\/strong>, afirmando que <strong><em>\u201cno es parte de un plan econ\u00f3mico que se te corte el cr\u00e9dito de un d\u00eda para el otro cuando hay un plan de equilibrio de la econom\u00eda de cuatro o cinco a\u00f1os\u201d.<\/em><\/strong><\/p>\n<p>Indicando que desde ese momento se gener\u00f3 una tragedia econ\u00f3mica, que es el aumento del 100% del valor del d\u00f3lar y el 50% de la inflaci\u00f3n, que es una f\u00e1brica de pobreza tremenda. Pero nosotros estamos saliendo de esa situaci\u00f3n\u201d.<\/p>\n<p>Sobre el particular, record\u00f3 que <strong><em>\u201cen el 2017, la pobreza era 26% y en el 2018, era 34%, afirmando que la pobreza es como el espejo de la inflaci\u00f3n, de modo que si hacemos un plan de estabilizaci\u00f3n y cae brutalmente la inflaci\u00f3n, va a caer brutalmente la pobreza\u201d<\/em><\/strong>. Sobre las medidas para aliviar a la clase media, sostuvo que<strong><em> \u201cnosotros estamos bajando las cargas sociales desde el primer d\u00eda de gobierno, y bajamos el impuesto a las ganancias en 2016, lo seguimos bajando ahora a pesar de que lo fren\u00f3 la Corte por la oposici\u00f3n del peronismo.<\/em><\/strong><\/p>\n<blockquote>\n<h3>Precios Cuidados y Ahora 12 se est\u00e1n haciendo hace bastante y si bien no son soluciones de fondo, en una situaci\u00f3n cr\u00edtica son razonables, al igual que el control de cambio. El Presidente lo que est\u00e1 diciendo en estos d\u00edas es lo que siempre hizo: como dice la ley Pyme, que votamos, la de emprendedores, que votamos, la del conocimiento, que votamos y bajar impuestos y cargas sociales para generar empleo. Es la pol\u00edtica nuestra hace cuatro a\u00f1os y hemos votado cinco leyes en ese sentido\u201d. Hicimos lo que Macri dice que vamos a seguir haciendo, bajando impuestos y cargas sociales para que aumente el empleo. Argentina lo debe hacer, porque el kirchnerismo aument\u00f3 el gasto p\u00fablico del 23 del PIB al 40% del producto, casi el doble en una d\u00e9cada, y eso es absolutamente impagable.<\/h3>\n<\/blockquote>\n<p>Con respecto a Chascom\u00fas dijo que quien vota a <strong>Macri<\/strong> y a <strong>Vidal<\/strong> debe hacerlo por <strong>Santiago Dos Santos<\/strong> que representa las ideas de Juntos por el Cambio. Sobre la realidad local, resalt\u00f3 que junto con \u00e9l escuch\u00f3 quejas de vecinos porque hay mucho gasto municipal y altas tasas, cuando deber\u00eda existir austeridad para bajarlas y asegurar un ingreso acorde al empleado municipal. Sosteniendo que esas decisiones, adem\u00e1s, permitir\u00edan llevar adelante un plan para radicar empresas que den trabajo.<\/p>\n<p>Todo esto, agreg\u00f3 y siempre en el marco de mejorar la producci\u00f3n del distrito, que debe ser acompa\u00f1ada por capacitaciones educativas y ejecuciones de instalaciones adecuadas, poniendo por ejemplo, en el marco de los fondos que proveen la Naci\u00f3n y la Provincia, la ampliaci\u00f3n de la Escuela Industrial de nuestra ciudad. Finalmente, al mencionar la defensa a la educaci\u00f3n, record\u00f3 que es una de las banderas que siempre ha llevado adelante la UCR<\/p>\n<p>PUBLICADO POR EL FUERTE<\/p>\n","protected":false},"excerpt":{"rendered":"<div class=\"mh-excerpt\"><p>El pasado viernes visit\u00f3 Chascom\u00fas el Senador Nacional de Juntos por el Cambio Federico Pinedo, quien mantuvo un encuentro con el candidato a Intendente, Santiago Dos Santos, y con otros candidatos de la lista de <a class=\"mh-excerpt-more\" href=\"https:\/\/larevistadigital.com.ar\/blog\/federico-pinedo-visito-chascomus-y-mantuvo-un-encuentro-con-santiago-dos-santos\/\" title=\"FEDERICO PINEDO VISIT\u00d3 CHASCOM\u00daS Y MANTUVO UN ENCUENTRO CON SANTIAGO DOS SANTOS\">[Leer M\u00e1s]<\/a><\/p>\n<\/div>","protected":false},"author":3,"featured_media":12479,"comment_status":"open","ping_status":"open","sticky":false,"template":"","format":"standard","meta":{"_jetpack_memberships_contains_paid_content":false,"footnotes":"","jetpack_publicize_message":"","jetpack_publicize_feature_enabled":true,"jetpack_social_post_already_shared":true,"jetpack_social_options":{"image_generator_settings":{"template":"highway","default_image_id":0,"font":"","enabled":false},"version":2}},"categories":[50,12],"tags":[],"class_list":{"0":"post-12474","1":"post","2":"type-post","3":"status-publish","4":"format-standard","5":"has-post-thumbnail","7":"category-interes-general","8":"category-politica"},"jetpack_publicize_connections":[],"jetpack_featured_media_url":"https:\/\/i0.wp.com\/larevistadigital.com.ar\/blog\/wp-content\/uploads\/dosanto_06deoctubrede2019_elfuerte.jpg?fit=737%2C415&ssl=1","jetpack_sharing_enabled":true,"jetpack_shortlink":"https:\/\/wp.me\/p8qtrQ-3fc","jetpack-related-posts":[{"id":41098,"url":"https:\/\/larevistadigital.com.ar\/blog\/chascomus-se-llevo-a-cabo-el-primer-debate-de-candidatos-a-concejales-con-la-ausencia-de-santiago-dos-santos\/","url_meta":{"origin":12474,"position":0},"title":"Chascom\u00fas: Se llev\u00f3 a cabo el primer debate de candidatos a concejales, con la ausencia de Santiago Dos Santos","author":"Alejandro Sosa Ruda","date":"25 agosto, 2025","format":false,"excerpt":"Encuentro de \u201cMi primer voto\u201d con fuerte participaci\u00f3n juvenil. El primer candidato radical no fue de la partida. 25 de agosto de 2025 CHASCOM\u00daS -\u00a0 Este lunes por la ma\u00f1ana, el Teatro Municipal Brazzola fue escenario de un debate entre candidatos a concejales y consejeros escolares que competir\u00e1n en las\u2026","rel":"","context":"En \u00abCHASCOM\u00daS\u00bb","block_context":{"text":"CHASCOM\u00daS","link":"https:\/\/larevistadigital.com.ar\/blog\/category\/chascomus\/"},"img":{"alt_text":"","src":"https:\/\/i0.wp.com\/larevistadigital.com.ar\/blog\/wp-content\/uploads\/68ac9e4c99cbc.png?fit=668%2C445&ssl=1&resize=350%2C200","width":350,"height":200,"srcset":"https:\/\/i0.wp.com\/larevistadigital.com.ar\/blog\/wp-content\/uploads\/68ac9e4c99cbc.png?fit=668%2C445&ssl=1&resize=350%2C200 1x, https:\/\/i0.wp.com\/larevistadigital.com.ar\/blog\/wp-content\/uploads\/68ac9e4c99cbc.png?fit=668%2C445&ssl=1&resize=525%2C300 1.5x"},"classes":[]},{"id":12881,"url":"https:\/\/larevistadigital.com.ar\/blog\/javier-gaston-fue-reelecto-como-intendente-de-chascomus\/","url_meta":{"origin":12474,"position":1},"title":"JAVIER GAST\u00d3N FUE REELECTO COMO INTENDENTE DE CHASCOM\u00daS","author":"Alejandro Sosa Ruda","date":"28 octubre, 2019","format":false,"excerpt":"El Intendente de Chascom\u00fas, y candidato por el Frente de Todos, Javier Gast\u00f3n, gan\u00f3 la elecci\u00f3n por amplio margen como hab\u00eda ocurrido en las PASO de agosto pasado, y gobernar\u00e1 la ciudad por cuatro a\u00f1os m\u00e1s a partir de diciembre. Con un gran porcentaje de adhesi\u00f3n de los vecinos, el\u2026","rel":"","context":"En \u00abCHASCOM\u00daS\u00bb","block_context":{"text":"CHASCOM\u00daS","link":"https:\/\/larevistadigital.com.ar\/blog\/category\/chascomus\/"},"img":{"alt_text":"","src":"https:\/\/i0.wp.com\/larevistadigital.com.ar\/blog\/wp-content\/uploads\/Screenshot_1-55.jpg?fit=712%2C597&ssl=1&resize=350%2C200","width":350,"height":200,"srcset":"https:\/\/i0.wp.com\/larevistadigital.com.ar\/blog\/wp-content\/uploads\/Screenshot_1-55.jpg?fit=712%2C597&ssl=1&resize=350%2C200 1x, https:\/\/i0.wp.com\/larevistadigital.com.ar\/blog\/wp-content\/uploads\/Screenshot_1-55.jpg?fit=712%2C597&ssl=1&resize=525%2C300 1.5x, https:\/\/i0.wp.com\/larevistadigital.com.ar\/blog\/wp-content\/uploads\/Screenshot_1-55.jpg?fit=712%2C597&ssl=1&resize=700%2C400 2x"},"classes":[]},{"id":10702,"url":"https:\/\/larevistadigital.com.ar\/blog\/chascomus-la-lista-completa-que-conformo-el-doctor-osvaldo-battisacchi\/","url_meta":{"origin":12474,"position":2},"title":"CHASCOM\u00daS:  LA LISTA COMPLETA QUE CONFORM\u00d3 EL DOCTOR OSVALDO BATTISACCHI","author":"Alejandro Sosa Ruda","date":"22 junio, 2019","format":false,"excerpt":"Por el lado del m\u00e9dico Osvaldo Battisacchi, tambi\u00e9n accedimos a\u00a0 los nombres que conformar\u00e1n la lista que lo llevar\u00e1 a la cabeza como pre candidato a Intendente de Juntos por el Cambio. En este caso son Candidato a Intendente: Osvaldo Battisacchi CONCEJALES TITULARES 1\u00b0 concejal: Miguel Pericles Alfons\u00edn 2\u00b0 concejal:\u2026","rel":"","context":"En \u00abPOLITICA\u00bb","block_context":{"text":"POLITICA","link":"https:\/\/larevistadigital.com.ar\/blog\/category\/politica\/"},"img":{"alt_text":"","src":"https:\/\/i0.wp.com\/larevistadigital.com.ar\/blog\/wp-content\/uploads\/56178456_432186610870026_3803145960960294912_n.jpg?fit=682%2C682&ssl=1&resize=350%2C200","width":350,"height":200,"srcset":"https:\/\/i0.wp.com\/larevistadigital.com.ar\/blog\/wp-content\/uploads\/56178456_432186610870026_3803145960960294912_n.jpg?fit=682%2C682&ssl=1&resize=350%2C200 1x, https:\/\/i0.wp.com\/larevistadigital.com.ar\/blog\/wp-content\/uploads\/56178456_432186610870026_3803145960960294912_n.jpg?fit=682%2C682&ssl=1&resize=525%2C300 1.5x"},"classes":[]},{"id":2696,"url":"https:\/\/larevistadigital.com.ar\/blog\/chascomus-federico-pinedo-acompano-a-ramiro-ferrante-en-el-timbreo-de-cambiemos\/","url_meta":{"origin":12474,"position":3},"title":"CHASCOM\u00daS: FEDERICO PINEDO ACOMPA\u00d1\u00d3 A RAMIRO FERRANTE EN EL TIMBREO DE CAMBIEMOS","author":"Alejandro Sosa Ruda","date":"22 julio, 2017","format":false,"excerpt":"El Presidente provisional del Senado de la Naci\u00f3n, Federico Pinedo, acompa\u00f1\u00f3 al precandidato a Concejal por Cambiemos, Ramiro Ferrante durante el timbreo realizado en la ma\u00f1ana de hoy. Pinedo arrib\u00f3 a la ciudad a las 10 de la ma\u00f1ana y se dirigi\u00f3 al local de Cambiemos en la calle Belgrano\u2026","rel":"","context":"En \u00abCHASCOM\u00daS\u00bb","block_context":{"text":"CHASCOM\u00daS","link":"https:\/\/larevistadigital.com.ar\/blog\/category\/chascomus\/"},"img":{"alt_text":"","src":"https:\/\/i0.wp.com\/larevistadigital.com.ar\/blog\/wp-content\/uploads\/2017\/07\/WhatsApp-Image-2017-07-22-at-15.59.32.jpeg?fit=1032%2C581&ssl=1&resize=350%2C200","width":350,"height":200,"srcset":"https:\/\/i0.wp.com\/larevistadigital.com.ar\/blog\/wp-content\/uploads\/2017\/07\/WhatsApp-Image-2017-07-22-at-15.59.32.jpeg?fit=1032%2C581&ssl=1&resize=350%2C200 1x, https:\/\/i0.wp.com\/larevistadigital.com.ar\/blog\/wp-content\/uploads\/2017\/07\/WhatsApp-Image-2017-07-22-at-15.59.32.jpeg?fit=1032%2C581&ssl=1&resize=525%2C300 1.5x, https:\/\/i0.wp.com\/larevistadigital.com.ar\/blog\/wp-content\/uploads\/2017\/07\/WhatsApp-Image-2017-07-22-at-15.59.32.jpeg?fit=1032%2C581&ssl=1&resize=700%2C400 2x"},"classes":[]},{"id":40556,"url":"https:\/\/larevistadigital.com.ar\/blog\/chascomus-la-lista-de-los-cantidatos-de-chascomus-primero-que-participaran-con-el-nombre-de-alianza-potencia\/","url_meta":{"origin":12474,"position":4},"title":"Chascom\u00fas: La lista de los cantidatos de \u00abChascom\u00fas Primero\u00bb, que participar\u00e1n con el nombre de \u00abAlianza Potencia\u00bb","author":"Alejandro Sosa Ruda","date":"19 julio, 2025","format":false,"excerpt":"A continuaci\u00f3n, la lista de candidatos de la <\"Alianza Potencia\", que a continuaci\u00f3n detallamos: CONSEJALES TITULARES: CASALINS, Santiago IRIART, Mar\u00eda Eugenia PEIRANO, Leandro Tom\u00e1s ALFONS\u00cdN, Debora Mar\u00eda CASTRILL\u00d3N, Luciano FERN\u00c1NDEZ Martina RODRIGUEZ, Roberto Hern\u00e1n SEAL, Alejandra Elizabeth CONCEJALES SUPLENTES: FRANCO, Mario Daniel ENRIQUE, Cristina Alejandra HORNOS, Maximiliano Ricardo ETCHEPARE, Mar\u00eda\u2026","rel":"","context":"En \u00abCHASCOM\u00daS\u00bb","block_context":{"text":"CHASCOM\u00daS","link":"https:\/\/larevistadigital.com.ar\/blog\/category\/chascomus\/"},"img":{"alt_text":"","src":"https:\/\/i0.wp.com\/larevistadigital.com.ar\/blog\/wp-content\/uploads\/elecciones-urna-voto-g20180522-707903.jpg?fit=950%2C534&ssl=1&resize=350%2C200","width":350,"height":200,"srcset":"https:\/\/i0.wp.com\/larevistadigital.com.ar\/blog\/wp-content\/uploads\/elecciones-urna-voto-g20180522-707903.jpg?fit=950%2C534&ssl=1&resize=350%2C200 1x, https:\/\/i0.wp.com\/larevistadigital.com.ar\/blog\/wp-content\/uploads\/elecciones-urna-voto-g20180522-707903.jpg?fit=950%2C534&ssl=1&resize=525%2C300 1.5x, https:\/\/i0.wp.com\/larevistadigital.com.ar\/blog\/wp-content\/uploads\/elecciones-urna-voto-g20180522-707903.jpg?fit=950%2C534&ssl=1&resize=700%2C400 2x"},"classes":[]},{"id":32452,"url":"https:\/\/larevistadigital.com.ar\/blog\/seguridad-salud-y-trabajo-fueron-los-ejes-principales-en-la-presentacion-de-la-lista-10-de-juntos-por-el-cambio-que-encabeza-santiago-dos-santos\/","url_meta":{"origin":12474,"position":5},"title":"SEGURIDAD, SALUD Y TRABAJO FUERON LOS EJES PRINCIPALES EN LA PRESENTACION DE LA LISTA 10 DE JUNTOS POR EL CAMBIO QUE ENCABEZA SANTIAGO DOS SANTOS","author":"Alejandro Sosa Ruda","date":"16 julio, 2023","format":false,"excerpt":"Fue este s\u00e1bado 15 de julio en las instalaciones de Uni\u00f3n Deportiva 16 de julio de 2023 CHASCOM\u00daS -\u00a0 En el marco de la presentaci\u00f3n de los candidatos a concejales y consejeros escolares que lo acompa\u00f1an en la lista a nivel municipal de cara a las PASO, el precandidato a\u2026","rel":"","context":"En \u00abINTERES GENERAL\u00bb","block_context":{"text":"INTERES GENERAL","link":"https:\/\/larevistadigital.com.ar\/blog\/category\/interes-general\/"},"img":{"alt_text":"","src":"https:\/\/i0.wp.com\/larevistadigital.com.ar\/blog\/wp-content\/uploads\/WhatsApp-Image-2023-07-15-at-20.16.12.jpeg?fit=1200%2C900&ssl=1&resize=350%2C200","width":350,"height":200,"srcset":"https:\/\/i0.wp.com\/larevistadigital.com.ar\/blog\/wp-content\/uploads\/WhatsApp-Image-2023-07-15-at-20.16.12.jpeg?fit=1200%2C900&ssl=1&resize=350%2C200 1x, https:\/\/i0.wp.com\/larevistadigital.com.ar\/blog\/wp-content\/uploads\/WhatsApp-Image-2023-07-15-at-20.16.12.jpeg?fit=1200%2C900&ssl=1&resize=525%2C300 1.5x, https:\/\/i0.wp.com\/larevistadigital.com.ar\/blog\/wp-content\/uploads\/WhatsApp-Image-2023-07-15-at-20.16.12.jpeg?fit=1200%2C900&ssl=1&resize=700%2C400 2x, https:\/\/i0.wp.com\/larevistadigital.com.ar\/blog\/wp-content\/uploads\/WhatsApp-Image-2023-07-15-at-20.16.12.jpeg?fit=1200%2C900&ssl=1&resize=1050%2C600 3x"},"classes":[]}],"_links":{"self":[{"href":"https:\/\/larevistadigital.com.ar\/blog\/wp-json\/wp\/v2\/posts\/12474","targetHints":{"allow":["GET"]}}],"collection":[{"href":"https:\/\/larevistadigital.com.ar\/blog\/wp-json\/wp\/v2\/posts"}],"about":[{"href":"https:\/\/larevistadigital.com.ar\/blog\/wp-json\/wp\/v2\/types\/post"}],"author":[{"embeddable":true,"href":"https:\/\/larevistadigital.com.ar\/blog\/wp-json\/wp\/v2\/users\/3"}],"replies":[{"embeddable":true,"href":"https:\/\/larevistadigital.com.ar\/blog\/wp-json\/wp\/v2\/comments?post=12474"}],"version-history":[{"count":3,"href":"https:\/\/larevistadigital.com.ar\/blog\/wp-json\/wp\/v2\/posts\/12474\/revisions"}],"predecessor-version":[{"id":12477,"href":"https:\/\/larevistadigital.com.ar\/blog\/wp-json\/wp\/v2\/posts\/12474\/revisions\/12477"}],"wp:featuredmedia":[{"embeddable":true,"href":"https:\/\/larevistadigital.com.ar\/blog\/wp-json\/wp\/v2\/media\/12479"}],"wp:attachment":[{"href":"https:\/\/larevistadigital.com.ar\/blog\/wp-json\/wp\/v2\/media?parent=12474"}],"wp:term":[{"taxonomy":"category","embeddable":true,"href":"https:\/\/larevistadigital.com.ar\/blog\/wp-json\/wp\/v2\/categories?post=12474"},{"taxonomy":"post_tag","embeddable":true,"href":"https:\/\/larevistadigital.com.ar\/blog\/wp-json\/wp\/v2\/tags?post=12474"}],"curies":[{"name":"wp","href":"https:\/\/api.w.org\/{rel}","templated":true}]}}