{"id":12480,"date":"2019-10-06T15:15:18","date_gmt":"2019-10-06T15:15:18","guid":{"rendered":"https:\/\/larevistadigital.com.ar\/blog\/?p=12480"},"modified":"2019-10-06T15:15:18","modified_gmt":"2019-10-06T15:15:18","slug":"cronograma-de-inscripcion-en-las-escuelas-municipales-para-el-proximo-ciclo-lectivo","status":"publish","type":"post","link":"https:\/\/larevistadigital.com.ar\/blog\/cronograma-de-inscripcion-en-las-escuelas-municipales-para-el-proximo-ciclo-lectivo\/","title":{"rendered":"CRONOGRAMA DE INSCRIPCI\u00d3N EN LAS ESCUELAS MUNICIPALES PARA EL PR\u00d3XIMO CICLO LECTIVO"},"content":{"rendered":"<p>Desde la Direcci\u00f3n de Educaci\u00f3n se hace recordar el cronograma de las fechas para la inscripci\u00f3n en los distintos niveles educativos del Jard\u00edn Maternal y de Infantes, Escuelas Primarias N\u00ba 1, 2 Y 3; y Escuela Secundaria Municipal.<br \/>\nEste lunes 7 de octubre, se realizar\u00e1n las inscripciones para el Ciclo Lectivo 2020 con el siguiente cronograma de fecha para cada establecimiento educativo municipal.<\/p>\n<p><strong>JARD\u00cdN MATERNAL<\/strong><br \/>\n<strong>\u201cCLARISA AM\u00c9ZAGA\u201d.<\/strong><br \/>\nLos interesados pueden acercarse al establecimiento lunes, mi\u00e9rcoles y viernes de 9 a 12 y de 13 a 15hs<br \/>\n* 7 de octubre: Hijos de Ex Combatientes y Veteranos de Malvinas (seg\u00fan Ordenanza 3683\/07).<br \/>\n* 7 y 9 de octubre: Hermanos de ni\u00f1os\/as que conforman la matr\u00edcula actual de la instituci\u00f3n. Quedan comprendidas las situaciones de grupos convivientes originados en otras conformaciones o estructuras familiares, lo que deber\u00e1 ser fehacientemente acreditado.<br \/>\n* 11 y 16 de octubre: Ni\u00f1os\/as que residen en el Hogar Convivencial \u201cLa Casita\u201d.<br \/>\n* 18 y 21 de octubre: Hijos del personal docente titular y auxiliar de planta permanente de la instituci\u00f3n.<br \/>\n* 23 y 25 de octubre: Hermanos de las instituciones educativas municipales con articulaci\u00f3n pedag\u00f3gica de los diferentes niveles. Quedan comprendidas las situaciones de grupos convivientes originados en otras conformaciones o estructuras familiares, lo que deber\u00e1 ser fehacientemente acreditado.<br \/>\n* 28 y 30 de octubre: Hijos del personal no docente de planta permanente y docentes titulares del Municipio, debiendo acreditar en forma fehaciente esta situaci\u00f3n al momento de la inscripci\u00f3n.<br \/>\n* 1\u00b0 y 4 de noviembre : Hijos del personal de planta temporaria con m\u00e1s de dos (2) a\u00f1os de antig\u00fcedad y docentes provisionales del Municipio con m\u00e1s de dos (2) a\u00f1os de antig\u00fcedad, debiendo acreditar en forma fehaciente esta situaci\u00f3n al momento de la inscripci\u00f3n.<br \/>\n*6, 11, 13, 15 y 20 de noviembre: Dem\u00e1s aspirantes.<\/p>\n<p><em><strong>JARD\u00cdN DE INFANTES \u201cCLARISA AM\u00c9ZAGA\u201d<\/strong><\/em><br \/>\nLos interesados pueden acercarse al establecimiento lunes y mi\u00e9rcoles y viernes de 9 a 12hs y de 13 a 15hs, con la documentaci\u00f3n pertinente, seg\u00fan el siguiente cronograma:<br \/>\n* 7 de octubre: Hijos de Ex Combatientes y Veteranos de Malvinas (seg\u00fan Ordenanza 3683\/07).<\/p>\n<p>* 7 y 9 de octubre: Ni\u00f1os provenientes del Jard\u00edn Maternal.<br \/>\n* 11 y 16 de octubre: Hermanos de ni\u00f1os\/as que conforman la matr\u00edcula actual de la instituci\u00f3n.<br \/>\nDebe tenerse en cuenta que quedan comprendidas las situaciones de grupos convivientes originados en otras conformaciones o estructuras familiares, lo que deber\u00e1 ser fehacientemente acreditado.<br \/>\n* 18 y 21 de octubre: Ni\u00f1os\/as que residen en el Hogar Convivencial \u201cLa Casita\u201d.<br \/>\n* 23 y 25 de octubre: Hermanos de las instituciones educativas municipales con articulaci\u00f3n pedag\u00f3gica de los diferentes niveles. Quedan comprendidas las situaciones de grupos convivientes originados en otras conformaciones o estructuras familiares, lo que deber\u00e1 ser fehacientemente acreditado.<br \/>\n* 28 y 30 de octubre: Hijos del personal no docente de planta permanente y docentes titulares del Municipio, debiendo acreditar en forma fehaciente esta situaci\u00f3n al momento de la inscripci\u00f3n.<br \/>\n* 1\u00b0 y 4 de noviembre: Hijos del personal de planta temporaria con m\u00e1s de dos (2) a\u00f1os de antig\u00fcedad y docentes provisionales del Municipio con m\u00e1s de dos (2) a\u00f1os de antig\u00fcedad, debiendo acreditar en forma fehaciente esta situaci\u00f3n al momento de la inscripci\u00f3n.<br \/>\n* 6, 11, 13 y 15 y 20 de noviembre: Dem\u00e1s aspirantes.<br \/>\nESCUELAS PRIMARIAS N\u00b0 1, 2 Y 3<br \/>\nLos horarios de inscripci\u00f3n ser\u00e1n de lunes a viernes de 9 a 12hs en la escuela.<br \/>\n* 7 de octubre: Hijos de Ex Combatientes y Veteranos de Malvinas (seg\u00fan Ordenanza 3683\/07)<br \/>\n* 7 y 8 de octubre: Matr\u00edcula proveniente del Jard\u00edn Maternal y de Infantes \u201cClarisa Amezaga\u201d.<br \/>\n* 9 y 10 de octubre: Hermanos de ni\u00f1os\/as que conforman la matr\u00edcula actual de la instituci\u00f3n, es decir del mismo nivel. Quedan comprendidas las situaciones de grupos convivientes originados en otras conformaciones o estructuras familiares, lo que deber\u00e1 ser fehacientemente acreditado.<br \/>\n* 11 de octubre: Ni\u00f1os\/as que residen en el Hogar Convivencial \u201cLa Casita\u201d.<br \/>\n* 15 y 16 de octubre: Hijos del personal docente titular y auxiliar de planta permanente de la instituci\u00f3n.<br \/>\n* 17 y 18 de octubre: Hermanos de las instituciones educativas municipales con articulaci\u00f3n pedag\u00f3gica de los diferentes niveles. Quedan comprendidas las situaciones de grupos convivientes originados en otras conformaciones o estructuras familiares, lo que deber\u00e1 ser fehacientemente acreditado.<br \/>\n* 21 y 22 de octubre: Hijos del personal no docente de planta permanente y docentes titulares del Municipio, debiendo acreditar en forma fehaciente esta situaci\u00f3n al momento de la inscripci\u00f3n.<br \/>\n* 23 y 24 de octubre: Hijos del personal de planta temporaria con m\u00e1s de dos (2) a\u00f1os de antig\u00fcedad y docentes provisionales del Municipio con m\u00e1s de dos (2) a\u00f1os de antig\u00fcedad, debiendo acreditar en forma fehaciente esta situaci\u00f3n al momento de la inscripci\u00f3n.<br \/>\n* 25, 29, 30y 31 de octubre: Dem\u00e1s aspirantes.<br \/>\nCabe destacar que el lunes 28 no se realizar\u00e1n inscripciones en las escuelas municipales por ser sede electoral.<\/p>\n<p><strong><em>ESCUELA<\/em>\u00a0SECUNDARIA MUNICIPAL<\/strong><br \/>\nLa inscripci\u00f3n ser\u00e1 los lunes y mi\u00e9rcoles de 11 a 15:30hs; y los martes, jueves y viernes de 8 a 13hs en la escuela.<br \/>\n* 7 de octubre: Hijos de Ex Combatientes y Veteranos de Malvinas (seg\u00fan Ordenanza 3683\/07)<br \/>\n* 7 al 11 de octubre: Matr\u00edcula proveniente de las escuelas primarias municipales y hogares convivenciales.<br \/>\n* 15 y 16 de octubre: Hermanos de ni\u00f1os\/as que conforman la matr\u00edcula actual de la instituci\u00f3n, es decir del mismo nivel. Quedan comprendidas las situaciones de grupos convivientes originados en otras conformaciones o estructuras familiares, lo que deber\u00e1 ser fehacientemente acreditado.<br \/>\n* 17 de octubre: Hijos del personal docente titular y auxiliar de planta permanente de la instituci\u00f3n.<br \/>\n* 18 al 24 de octubre: Hermanos de alumnos que conforman la matr\u00edcula actual municipal. Quedan comprendidas las situaciones de grupos convivientes originados en otras conformaciones o estructuras familiares, lo que deber\u00e1 ser fehacientemente acreditado.<br \/>\n* 25, 29, 30 y 31 octubre y 1\u00b0 de noviembre: Hijos del personal no docente de planta permanente y docentes titulares del Municipio, debiendo acreditar en forma fehaciente esta situaci\u00f3n al momento de la inscripci\u00f3n.<br \/>\n* 4 al 6 de noviembre: Hijos del personal de planta temporaria con m\u00e1s de dos (2) a\u00f1os de antig\u00fcedad y docentes provisionales del Municipio con m\u00e1s de dos (2) a\u00f1os de antig\u00fcedad, debiendo acreditar en forma fehaciente esta situaci\u00f3n al momento de la inscripci\u00f3n.<br \/>\n* 7 al 12 de noviembre: Dem\u00e1s aspirantes.<\/p>\n<p>PUBLICADO EN EL FUERTE<\/p>\n","protected":false},"excerpt":{"rendered":"<div class=\"mh-excerpt\"><p>Desde la Direcci\u00f3n de Educaci\u00f3n se hace recordar el cronograma de las fechas para la inscripci\u00f3n en los distintos niveles educativos del Jard\u00edn Maternal y de Infantes, Escuelas Primarias N\u00ba 1, 2 Y 3; y <a class=\"mh-excerpt-more\" href=\"https:\/\/larevistadigital.com.ar\/blog\/cronograma-de-inscripcion-en-las-escuelas-municipales-para-el-proximo-ciclo-lectivo\/\" title=\"CRONOGRAMA DE INSCRIPCI\u00d3N EN LAS ESCUELAS MUNICIPALES PARA EL PR\u00d3XIMO CICLO LECTIVO\">[Leer M\u00e1s]<\/a><\/p>\n<\/div>","protected":false},"author":3,"featured_media":12481,"comment_status":"open","ping_status":"open","sticky":false,"template":"","format":"standard","meta":{"_jetpack_memberships_contains_paid_content":false,"footnotes":"","jetpack_publicize_message":"","jetpack_publicize_feature_enabled":true,"jetpack_social_post_already_shared":true,"jetpack_social_options":{"image_generator_settings":{"template":"highway","default_image_id":0,"font":"","enabled":false},"version":2}},"categories":[50],"tags":[],"class_list":{"0":"post-12480","1":"post","2":"type-post","3":"status-publish","4":"format-standard","5":"has-post-thumbnail","7":"category-interes-general"},"jetpack_publicize_connections":[],"jetpack_featured_media_url":"https:\/\/i0.wp.com\/larevistadigital.com.ar\/blog\/wp-content\/uploads\/municipal1_28deagostode2019_elfuerte.jpg?fit=737%2C415&ssl=1","jetpack_sharing_enabled":true,"jetpack_shortlink":"https:\/\/wp.me\/p8qtrQ-3fi","jetpack-related-posts":[{"id":37691,"url":"https:\/\/larevistadigital.com.ar\/blog\/inscripcion-a-las-escuelas-municipales-para-el-ciclo-lectivo-2025\/","url_meta":{"origin":12480,"position":0},"title":"Inscripci\u00f3n a las escuelas municipales para el ciclo lectivo 2025","author":"Alejandro Sosa Ruda","date":"31 octubre, 2024","format":false,"excerpt":"La Municipalidad de Chascom\u00fas da a conocer las fechas que, de acuerdo al calendario de actividades docentes 2024, se han establecido para la inscripci\u00f3n a las instituciones educativas municipales. A continuaci\u00f3n, brindamos el cronograma dispuesto a tal efecto: JARD\u00cdN MATERNAL Y DE INFANTES CLARISA AM\u00c9ZAGA - Del 11 al 15\u2026","rel":"","context":"En \u00abINTERES GENERAL\u00bb","block_context":{"text":"INTERES GENERAL","link":"https:\/\/larevistadigital.com.ar\/blog\/category\/interes-general\/"},"img":{"alt_text":"","src":"https:\/\/i0.wp.com\/larevistadigital.com.ar\/blog\/wp-content\/uploads\/6723bf209a6cb.png?fit=668%2C445&ssl=1&resize=350%2C200","width":350,"height":200,"srcset":"https:\/\/i0.wp.com\/larevistadigital.com.ar\/blog\/wp-content\/uploads\/6723bf209a6cb.png?fit=668%2C445&ssl=1&resize=350%2C200 1x, https:\/\/i0.wp.com\/larevistadigital.com.ar\/blog\/wp-content\/uploads\/6723bf209a6cb.png?fit=668%2C445&ssl=1&resize=525%2C300 1.5x"},"classes":[]},{"id":42271,"url":"https:\/\/larevistadigital.com.ar\/blog\/escuelas-municipales-abre-la-inscripcion-al-ciclo-lectivo-2026\/","url_meta":{"origin":12480,"position":1},"title":"Escuelas municipales: abre la inscripci\u00f3n al ciclo lectivo 2026","author":"Alejandro Sosa Ruda","date":"29 octubre, 2025","format":false,"excerpt":"Ser\u00e1 a partir del 10 de noviembre de acuerdo al calendario de la DGCYE Abren las inscripciones para las instituciones educativas de gesti\u00f3n municipal. El calendario de acuerdo a las disposiciones de la Direcci\u00f3n General de Cultura y Educaci\u00f3n de la Provincia de Buenos Aires comprende a todos los niveles\u2026","rel":"","context":"En \u00abCHASCOM\u00daS\u00bb","block_context":{"text":"CHASCOM\u00daS","link":"https:\/\/larevistadigital.com.ar\/blog\/category\/chascomus\/"},"img":{"alt_text":"","src":"https:\/\/i0.wp.com\/larevistadigital.com.ar\/blog\/wp-content\/uploads\/69023e14174bd.png?fit=668%2C445&ssl=1&resize=350%2C200","width":350,"height":200,"srcset":"https:\/\/i0.wp.com\/larevistadigital.com.ar\/blog\/wp-content\/uploads\/69023e14174bd.png?fit=668%2C445&ssl=1&resize=350%2C200 1x, https:\/\/i0.wp.com\/larevistadigital.com.ar\/blog\/wp-content\/uploads\/69023e14174bd.png?fit=668%2C445&ssl=1&resize=525%2C300 1.5x"},"classes":[]},{"id":44415,"url":"https:\/\/larevistadigital.com.ar\/blog\/chascomus-inicio-del-ciclo-lectivo-en-la-escuela-secundaria-municipal-eloisa-gonzalez-de-soler\/","url_meta":{"origin":12480,"position":2},"title":"Chascom\u00fas: Inicio del ciclo lectivo en la Escuela Secundaria Municipal \u201cElo\u00edsa Gonz\u00e1lez de Soler\u201d","author":"Alejandro Sosa Ruda","date":"9 marzo, 2026","format":false,"excerpt":"El intendente Javier Gast\u00f3n particip\u00f3 del acto realizado en el establecimiento del acceso norte. 09 de marzo2026 CHASCOM\u00daS -\u00a0 \u00a0Este lunes comenz\u00f3 el ciclo lectivo en la Escuela Secundaria Municipal \u201cElo\u00edsa Gonz\u00e1lez de Soler\u201d, ubicada en la intersecci\u00f3n de Juli\u00e1n Quintana y 25 de Mayo, en el acceso norte de\u2026","rel":"","context":"En \u00abCHASCOM\u00daS\u00bb","block_context":{"text":"CHASCOM\u00daS","link":"https:\/\/larevistadigital.com.ar\/blog\/category\/chascomus\/"},"img":{"alt_text":"","src":"https:\/\/i0.wp.com\/larevistadigital.com.ar\/blog\/wp-content\/uploads\/69af0a7cafd12.png?fit=668%2C445&ssl=1&resize=350%2C200","width":350,"height":200,"srcset":"https:\/\/i0.wp.com\/larevistadigital.com.ar\/blog\/wp-content\/uploads\/69af0a7cafd12.png?fit=668%2C445&ssl=1&resize=350%2C200 1x, https:\/\/i0.wp.com\/larevistadigital.com.ar\/blog\/wp-content\/uploads\/69af0a7cafd12.png?fit=668%2C445&ssl=1&resize=525%2C300 1.5x"},"classes":[]},{"id":43510,"url":"https:\/\/larevistadigital.com.ar\/blog\/cronograma-2026-confirmado-cuando-arrancan-las-clases-en-la-provincia-de-buenos-aires\/","url_meta":{"origin":12480,"position":3},"title":"Cronograma 2026 confirmado: cu\u00e1ndo arrancan las clases en la Provincia de Buenos Aires","author":"Alejandro Sosa Ruda","date":"20 enero, 2026","format":false,"excerpt":"Las clases arrancar\u00e1n en marzo y se confirm\u00f3 en qu\u00e9 fecha los niveles obligatorios tendr\u00e1n el receso invernal. El cronograma alcanza a todas las modalidades y prev\u00e9 190 d\u00edas de clases en el territorio bonaerense. 20 de enero de 2026 La\u00a0provincia de Buenos Aires\u00a0ya defini\u00f3 el\u00a0calendario escolar 2026, que establece\u2026","rel":"","context":"En \u00abINTERES GENERAL\u00bb","block_context":{"text":"INTERES GENERAL","link":"https:\/\/larevistadigital.com.ar\/blog\/category\/interes-general\/"},"img":{"alt_text":"","src":"https:\/\/i0.wp.com\/larevistadigital.com.ar\/blog\/wp-content\/uploads\/Captura-de-pantalla-2026-01-20-200900.jpg?fit=792%2C451&ssl=1&resize=350%2C200","width":350,"height":200,"srcset":"https:\/\/i0.wp.com\/larevistadigital.com.ar\/blog\/wp-content\/uploads\/Captura-de-pantalla-2026-01-20-200900.jpg?fit=792%2C451&ssl=1&resize=350%2C200 1x, https:\/\/i0.wp.com\/larevistadigital.com.ar\/blog\/wp-content\/uploads\/Captura-de-pantalla-2026-01-20-200900.jpg?fit=792%2C451&ssl=1&resize=525%2C300 1.5x, https:\/\/i0.wp.com\/larevistadigital.com.ar\/blog\/wp-content\/uploads\/Captura-de-pantalla-2026-01-20-200900.jpg?fit=792%2C451&ssl=1&resize=700%2C400 2x"},"classes":[]},{"id":43525,"url":"https:\/\/larevistadigital.com.ar\/blog\/chascomus-trabajos-en-el-edificio-del-jardin-maternal-y-de-infantes-clarisa-amezaga\/","url_meta":{"origin":12480,"position":4},"title":"Chascom\u00fas: Trabajos en el edificio del Jard\u00edn Maternal y de Infantes \u201cClarisa Am\u00e9zaga\u201d","author":"Alejandro Sosa Ruda","date":"21 enero, 2026","format":false,"excerpt":"Durante el receso escolar, la Municipalidad de Chascom\u00fas realiza las tareas de mantenimiento edilicio y puesta en valor de los establecimientos educativos municipales. 21 de enero de 2026 CHASCOM\u00daS -\u00a0 \u00a0Con el objetivo de garantizar que las instalaciones est\u00e9n en condiciones antes del inicio del ciclo lectivo, personal de la\u2026","rel":"","context":"En \u00abCHASCOM\u00daS\u00bb","block_context":{"text":"CHASCOM\u00daS","link":"https:\/\/larevistadigital.com.ar\/blog\/category\/chascomus\/"},"img":{"alt_text":"","src":"https:\/\/i0.wp.com\/larevistadigital.com.ar\/blog\/wp-content\/uploads\/6971087f24c55.png?fit=668%2C445&ssl=1&resize=350%2C200","width":350,"height":200,"srcset":"https:\/\/i0.wp.com\/larevistadigital.com.ar\/blog\/wp-content\/uploads\/6971087f24c55.png?fit=668%2C445&ssl=1&resize=350%2C200 1x, https:\/\/i0.wp.com\/larevistadigital.com.ar\/blog\/wp-content\/uploads\/6971087f24c55.png?fit=668%2C445&ssl=1&resize=525%2C300 1.5x"},"classes":[]},{"id":1060,"url":"https:\/\/larevistadigital.com.ar\/blog\/1060-2\/","url_meta":{"origin":12480,"position":5},"title":"Arnaldo Harispe, mantuvo una reuni\u00f3n con autoridades de los tres organismos de Educaci\u00f3n del distrito","author":"editor","date":"12 marzo, 2017","format":false,"excerpt":"El Intendente Municipal de Lezama, Arnaldo Harispe, mantuvo una reuni\u00f3n con autoridades de los tres organismos de Educaci\u00f3n del distrito, o sea, Jefatura Distrital, Consejo Escolar y Secretar\u00eda de Asuntos Docentes, a la que adem\u00e1s se sumaron directores y equipos de conducci\u00f3n de los establecimientos educativos. El Jefe\u00a0Comunal lezamense solicit\u00f3\u2026","rel":"","context":"En \u00abLEZAMA\u00bb","block_context":{"text":"LEZAMA","link":"https:\/\/larevistadigital.com.ar\/blog\/category\/lezama\/"},"img":{"alt_text":"","src":"https:\/\/i0.wp.com\/larevistadigital.com.ar\/blog\/wp-content\/uploads\/2017\/03\/arnaldo-harispe.jpg?fit=1011%2C534&ssl=1&resize=350%2C200","width":350,"height":200,"srcset":"https:\/\/i0.wp.com\/larevistadigital.com.ar\/blog\/wp-content\/uploads\/2017\/03\/arnaldo-harispe.jpg?fit=1011%2C534&ssl=1&resize=350%2C200 1x, https:\/\/i0.wp.com\/larevistadigital.com.ar\/blog\/wp-content\/uploads\/2017\/03\/arnaldo-harispe.jpg?fit=1011%2C534&ssl=1&resize=525%2C300 1.5x, https:\/\/i0.wp.com\/larevistadigital.com.ar\/blog\/wp-content\/uploads\/2017\/03\/arnaldo-harispe.jpg?fit=1011%2C534&ssl=1&resize=700%2C400 2x"},"classes":[]}],"_links":{"self":[{"href":"https:\/\/larevistadigital.com.ar\/blog\/wp-json\/wp\/v2\/posts\/12480","targetHints":{"allow":["GET"]}}],"collection":[{"href":"https:\/\/larevistadigital.com.ar\/blog\/wp-json\/wp\/v2\/posts"}],"about":[{"href":"https:\/\/larevistadigital.com.ar\/blog\/wp-json\/wp\/v2\/types\/post"}],"author":[{"embeddable":true,"href":"https:\/\/larevistadigital.com.ar\/blog\/wp-json\/wp\/v2\/users\/3"}],"replies":[{"embeddable":true,"href":"https:\/\/larevistadigital.com.ar\/blog\/wp-json\/wp\/v2\/comments?post=12480"}],"version-history":[{"count":1,"href":"https:\/\/larevistadigital.com.ar\/blog\/wp-json\/wp\/v2\/posts\/12480\/revisions"}],"predecessor-version":[{"id":12482,"href":"https:\/\/larevistadigital.com.ar\/blog\/wp-json\/wp\/v2\/posts\/12480\/revisions\/12482"}],"wp:featuredmedia":[{"embeddable":true,"href":"https:\/\/larevistadigital.com.ar\/blog\/wp-json\/wp\/v2\/media\/12481"}],"wp:attachment":[{"href":"https:\/\/larevistadigital.com.ar\/blog\/wp-json\/wp\/v2\/media?parent=12480"}],"wp:term":[{"taxonomy":"category","embeddable":true,"href":"https:\/\/larevistadigital.com.ar\/blog\/wp-json\/wp\/v2\/categories?post=12480"},{"taxonomy":"post_tag","embeddable":true,"href":"https:\/\/larevistadigital.com.ar\/blog\/wp-json\/wp\/v2\/tags?post=12480"}],"curies":[{"name":"wp","href":"https:\/\/api.w.org\/{rel}","templated":true}]}}